{"id":378728,"date":"2022-01-28T08:28:43","date_gmt":"2022-01-28T07:28:43","guid":{"rendered":"http:\/\/kapitalis.com\/tunisie\/?p=378728"},"modified":"2022-01-28T08:32:02","modified_gmt":"2022-01-28T07:32:02","slug":"shake-hands-with-the-devil-au-rwanda-le-diable-nest-pas-tunisien","status":"publish","type":"post","link":"https:\/\/kapitalis.com\/tunisie\/2022\/01\/28\/shake-hands-with-the-devil-au-rwanda-le-diable-nest-pas-tunisien\/","title":{"rendered":"\u00ab\u00a0Shake Hands with the Devil\u00a0\u00bb : au Rwanda, le diable n&rsquo;est pas Tunisien*"},"content":{"rendered":"\n<div class=\"wp-block-image\"><figure class=\"aligncenter size-full\"><img decoding=\"async\" src=\"http:\/\/kapitalis.com\/tunisie\/wp-content\/uploads\/2022\/01\/Casques-bleus-tunisiens-Romeo-Dallaire.jpg\" alt=\"\" class=\"wp-image-378729\"\/><figcaption><em>Partout o\u00f9 ils ont \u00e9t\u00e9 d\u00e9ploy\u00e9s, les casques bleus tunisiens n&rsquo;ont pas d\u00e9m\u00e9rit\u00e9. Le t\u00e9moignage du lieutenant-g\u00e9n\u00e9ral canadien Rom\u00e9o Dallaire en est la preuve. <\/em><\/figcaption><\/figure><\/div>\n\n\n\n<p><strong><em>Le Commandant Mohamed Ben Belgacem est cet officier qui, \u00e0 la t\u00eate du contingent tunisien de la force des Nations Unies pour le Rwanda, avait en 1994 assur\u00e9 une mission du maintien de la paix au Rwanda dans les difficiles conditions qui avaient conduit au d\u00e9clenchement de la guerre civile et des massacres interethniques dans ce pays.<\/em><\/strong><\/p>\n\n\n\n<p>Par <strong>Dr Mounir Hanablia<\/strong> *<\/p>\n\n\n\n<!--more-->\n\n\n\n<p>En d\u00e9pit des demandes r\u00e9p\u00e9t\u00e9es du Commandant en chef du contingent de l\u2019Onu, le lieutenant-g\u00e9n\u00e9ral canadien Rom\u00e9o Dallaire, le secr\u00e9taire g\u00e9n\u00e9ral de l\u2019\u00e9poque, l&rsquo;Egyptien Boutros-Boutros Ghali, et son responsable pour l&rsquo;Afrique, Kofi Annan, avaient r\u00e9duit l\u2019effectif des forces mises \u00e0 sa disposition, faute de moyens. Et avec le d\u00e9but des hostilit\u00e9s, plusieurs centaines de civils avaient trouv\u00e9 refuge dans les locaux de l\u2019h\u00f4pital Roi Fay\u00e7al de la capitale rwandaise Kigali, sous la protection du seul contingent tunisien, compos\u00e9 de soixante soldats.<\/p>\n\n\n\n<h2 class=\"wp-block-heading\">Le s\u00e9rieux et la discipline du contingent tunisien<\/h2>\n\n\n\n<p>Les soldats du Front patriotique rwandais (FPR), l\u2019une des parties en conflit, disposant d\u2019armement lourd, avaient encercl\u00e9 l\u2019h\u00f4pital, et exig\u00e9 d\u2019y p\u00e9n\u00e9trer. Les soldats tunisiens, arm\u00e9s de fusils et de pistolets, avaient r\u00e9pliqu\u00e9 qu\u2019ils avaient ordre de ne laisser passer personne, et qu\u2019ils s\u2019opposeraient \u00e0 quiconque tenterait de le faire.<\/p>\n\n\n\n<p>Finalement les Rwandais, bien plus nombreux et puissamment arm\u00e9s, avaient jug\u00e9 pr\u00e9f\u00e9rable de se retirer.<\/p>\n\n\n\n<p>Cet incident avait confirm\u00e9 le jugement du g\u00e9n\u00e9ral canadien, selon lequel il n\u2019avait pu r\u00e9ellement compter pendant sa pr\u00e9sence au Rwanda que sur le s\u00e9rieux et la discipline du contingent tunisien et de son commandant.<\/p>\n\n\n\n<p>En fait, la mission assign\u00e9e aux forces de l\u2019Onu avait \u00e9t\u00e9 \u00e0 l\u2019origine de maintenir la paix et de veiller \u00e0 la tenue des \u00e9lections pr\u00e9vues par les accords de Dar Es Salaam entre le gouvernement d\u2019une part, et le FPR de l\u2019autre. Ces accords avaient fait suite \u00e0 la br\u00e8ve guerre qui avait oppos\u00e9 les deux parties et qui avait \u00e9t\u00e9 interrompue avec la d\u00e9faite des forces gouvernementales soutenues par la France, face aux insurg\u00e9s anglophones venus d\u2019Ouganda, que d\u2019aucuns avaient accus\u00e9s d\u2019\u00eatre des unit\u00e9s de l\u2019arm\u00e9e r\u00e9guli\u00e8re ougandaise.<\/p>\n\n\n\n<p>A la veille des \u00e9lections, les hommes de Paul Kagame, un officier rwandais qui avait fait ses classes dans l\u2019arm\u00e9e ougandaise puis effectu\u00e9 un stage aux Etats-Unis \u00e0 fort Worth, avaient d\u00e9j\u00e0 conquis 30% du pays.<\/p>\n\n\n\n<h2 class=\"wp-block-heading\">La longue marche de Paul Kagame<\/h2>\n\n\n\n<p>De l\u2019avis de tous les sp\u00e9cialistes, le FPR poss\u00e9dait les moyens n\u00e9cessaires pour prendre le pouvoir, et cela signifiait bien qu\u2019il n\u2019avait nullement besoin de la tenue des \u00e9lections pr\u00e9vues pour r\u00e9aliser ses objectifs. C\u2019est dans ce contexte tendu que les pr\u00e9sidents du Rwanda et du Burundi perdirent la vie dans un accident d\u2019avion pr\u00e8s de Kigali, \u00e0 leur retour de Dar Es Salaam.<\/p>\n\n\n\n<p>Accident&nbsp;? Sabotage&nbsp;? tir de missile&nbsp;? La question demeure pr\u00e8s de 30 ann\u00e9es plus tard, toujours d\u00e9battue. La certitude demeure que cette mort initia ce que l\u2019on nommerait plus tard \u00e0 travers le monde le g\u00e9nocide Tutsi par les milices Hutues dites <em>interhamwe<\/em>, contr\u00f4l\u00e9es par la gendarmerie rwandaise, et enflamm\u00e9es par les discours haineux de la radio des Mille Collines. Elle marqua \u00e9galement le d\u00e9but de la conqu\u00eate militaire du pays et de la capitale par les hommes de Paul Kagame. Et celle-ci fut \u00e0 peine ralentie par la d\u00e9cision du pr\u00e9sident Fran\u00e7ois Mitterrand d\u2019envoyer des troupes a\u00e9roport\u00e9es dans le cadre de ce qu\u2019on appellerait Op\u00e9ration Turquoise, <em>\u00abpour des raisons humanitaires\u00bb<\/em>, afin de constituer une zone prot\u00e9g\u00e9e accueillant les civils. Mais accus\u00e9e par la presse anglo-saxonne de soutenir les g\u00e9nocidaires, la France allait rapidement rapatrier ses soldats.<\/p>\n\n\n\n<p>En fait, il \u00e9tait tr\u00e8s vite apparu aux Fran\u00e7ais que le FPR recevait une aide massive des Etats-Unis, et que rien ne pourrait changer le cours des \u00e9v\u00e9nements. Paul Kagame, le militaire dipl\u00f4m\u00e9 de Fort Worth, finit par prendre un pouvoir qu\u2019il conserve toujours trente ann\u00e9es plus tard, sans objection de ses protecteurs am\u00e9ricains. Et quiconque aujourd\u2019hui remet en cause la version des faits le pr\u00e9sentant comme le sauveur miraculeux du Rwanda et des Tutsis, et l\u2019homme de la r\u00e9conciliation, et enqu\u00eate sur des massacres contre les Hutus, se voit \u00e0 son tour accus\u00e9 de soutenir le g\u00e9nocide rwandais.<\/p>\n\n\n\n<p>L&rsquo;enqu\u00eate du Tribunal p\u00e9nal international se fit uniquement \u00e0 charge contre les officiels hutus de l&rsquo;ancien gouvernement rwandais, conform\u00e9ment aux souhaits de Washington, il faut bien le souligner. Il n&rsquo;int\u00e9ressait personne de savoir dans quelle mesure, des Hutus avaient \u00e9galement \u00e9t\u00e9 massacr\u00e9s.<\/p>\n\n\n\n<h2 class=\"wp-block-heading\">L&rsquo;honneur intact des casques bleus tunisiens <\/h2>\n\n\n\n<p>La r\u00e9cente reconnaissance par le pr\u00e9sident Macron de la responsabilit\u00e9 (morale) de son pays, dans le g\u00e9nocide des Tutsis, a certes consolid\u00e9 la position de son coll\u00e8gue rwandais. L\u2019Onu, ou la Belgique, qui avaient retir\u00e9 leurs soldats, n\u2019avaient pas eu ce courage, ou cette inconscience.<\/p>\n\n\n\n<p>Il n\u2019emp\u00eache, le livre du g\u00e9n\u00e9ral canadien Dallaire a bien \u00e9t\u00e9 \u00e9crit quelques ann\u00e9es apr\u00e8s les \u00e9v\u00e8nements, \u00e0 un moment o\u00f9 il commen\u00e7ait psychologiquement et moralement \u00e0 \u00e9merger des souvenirs des milliers de cadavres qu\u2019il avait crois\u00e9s au cours de ses p\u00e9r\u00e9grinations rwandaises, et du terrible sentiment de culpabilit\u00e9 qui l\u2019assaillait. Mais \u00e0 le lire, il semble bien qu&rsquo;il e\u00fbt l&rsquo;intuition que le diable avait \u00e9t\u00e9 tous ceux issus de toutes les parties, avec qui il avait \u00e9chang\u00e9 des poign\u00e9es de mains, y compris et surtout, les responsables de l\u2019Onu qui l\u2019avaient envoy\u00e9 accomplir une mission en le privant des moyens n\u00e9cessaires \u00e0 sa r\u00e9ussite.<\/p>\n\n\n\n<p>Dans ce sanglant m\u00e9li m\u00e9lo, l\u2019arm\u00e9e tunisienne, \u00e0 travers son modeste contingent, a, selon le propre t\u00e9moignage du g\u00e9n\u00e9ral canadien, gard\u00e9 son honneur intact. Il y a un&nbsp; grand&nbsp;sentiment&nbsp;de fiert\u00e9 \u00e0 le rappeler.<\/p>\n\n\n\n<p><em>* M\u00e9decin de libre pratique.<\/em><\/p>\n\n\n\n<p><strong><em>\u00abShake Hands with the Devil\u00bb, Rom\u00e9o Dallaire, \u00e9d. Random House Canada, septembre <\/em><\/strong>2003, 562 pages.<\/p>\n\n\n\n<h4 class=\"wp-block-heading\">Articles du m\u00eame auteur dans Kapitalis : <\/h4>\n\n\n\n<p><blockquote class=\"wp-embedded-content\" data-secret=\"nppYuF7gQm\"><a href=\"https:\/\/kapitalis.com\/tunisie\/2022\/01\/22\/georges-w-bush-mensonges-guerres-et-paix\/\">Georges W. Bush : mensonges, guerres et paix<\/a><\/blockquote><iframe loading=\"lazy\" class=\"wp-embedded-content\" sandbox=\"allow-scripts\" security=\"restricted\" style=\"position: absolute; clip: rect(1px, 1px, 1px, 1px);\" title=\"\u00ab\u00a0Georges W. Bush : mensonges, guerres et paix\u00a0\u00bb &#8212; Kapitalis\" src=\"https:\/\/kapitalis.com\/tunisie\/2022\/01\/22\/georges-w-bush-mensonges-guerres-et-paix\/embed\/#?secret=DmsfOv9be2#?secret=nppYuF7gQm\" data-secret=\"nppYuF7gQm\" width=\"600\" height=\"338\" frameborder=\"0\" marginwidth=\"0\" marginheight=\"0\" scrolling=\"no\"><\/iframe><\/p>\n\n\n\n<p><blockquote class=\"wp-embedded-content\" data-secret=\"Yfm2CkIPmr\"><a href=\"https:\/\/kapitalis.com\/tunisie\/2022\/01\/20\/tunisie-les-cliniques-entre-linteret-des-malades-et-les-privileges-des-actionnaires\/\">Tunisie : Les cliniques entre l&rsquo;int\u00e9r\u00eat des malades et les privil\u00e8ges des actionnaires<\/a><\/blockquote><iframe loading=\"lazy\" class=\"wp-embedded-content\" sandbox=\"allow-scripts\" security=\"restricted\" style=\"position: absolute; clip: rect(1px, 1px, 1px, 1px);\" title=\"\u00ab\u00a0Tunisie : Les cliniques entre l&rsquo;int\u00e9r\u00eat des malades et les privil\u00e8ges des actionnaires\u00a0\u00bb &#8212; Kapitalis\" src=\"https:\/\/kapitalis.com\/tunisie\/2022\/01\/20\/tunisie-les-cliniques-entre-linteret-des-malades-et-les-privileges-des-actionnaires\/embed\/#?secret=4kTcA1A2Qc#?secret=Yfm2CkIPmr\" data-secret=\"Yfm2CkIPmr\" width=\"600\" height=\"338\" frameborder=\"0\" marginwidth=\"0\" marginheight=\"0\" scrolling=\"no\"><\/iframe><\/p>\n\n\n\n<p><blockquote class=\"wp-embedded-content\" data-secret=\"3dhG1VdHmR\"><a href=\"https:\/\/kapitalis.com\/tunisie\/2022\/01\/17\/australie-no-vax-djokovic-reconduit-aux-frontieres\/\">Australie: No vax, Djokovic reconduit aux fronti\u00e8res<\/a><\/blockquote><iframe loading=\"lazy\" class=\"wp-embedded-content\" sandbox=\"allow-scripts\" security=\"restricted\" style=\"position: absolute; clip: rect(1px, 1px, 1px, 1px);\" title=\"\u00ab\u00a0Australie: No vax, Djokovic reconduit aux fronti\u00e8res\u00a0\u00bb &#8212; Kapitalis\" src=\"https:\/\/kapitalis.com\/tunisie\/2022\/01\/17\/australie-no-vax-djokovic-reconduit-aux-frontieres\/embed\/#?secret=k6jAfZTkoO#?secret=3dhG1VdHmR\" data-secret=\"3dhG1VdHmR\" width=\"600\" height=\"338\" frameborder=\"0\" marginwidth=\"0\" marginheight=\"0\" scrolling=\"no\"><\/iframe><\/p>\n","protected":false},"excerpt":{"rendered":"<p>Le Commandant Mohamed Ben Belgacem est cet officier qui, \u00e0 la t\u00eate du contingent tunisien de la force des Nations Unies pour le Rwanda, avait en 1994 assur\u00e9 une mission du maintien de la paix au Rwanda dans les difficiles conditions qui avaient conduit au d\u00e9clenchement de la guerre civile et des massacres interethniques dans&#8230;<\/p>\n","protected":false},"author":8,"featured_media":378729,"comment_status":"open","ping_status":"open","sticky":false,"template":"","format":"standard","meta":{"footnotes":""},"categories":[992,997,1000,2433],"tags":[96841,96837,96842,96840,96838,74918,96839,7724,62643],"class_list":["post-378728","post","type-post","status-publish","format-standard","has-post-thumbnail","hentry","category-a-la-une","category-politique","category-tribune","category-tunisie","tag-boutros-boutros-ghali","tag-contingent-tunisien","tag-front-patriotique-rwandais","tag-kofi-annan","tag-mohamed-ben-belgacem","tag-paul-kagame","tag-romeo-dallaire","tag-rwanda","tag-tunisie"],"yoast_head":"<!-- This site is optimized with the Yoast SEO plugin v26.6 - https:\/\/yoast.com\/wordpress\/plugins\/seo\/ -->\n<title>&quot;Shake Hands with the Devil&quot; : au Rwanda, le diable n&#039;est pas Tunisien* - Kapitalis<\/title>\n<meta name=\"robots\" content=\"index, follow, max-snippet:-1, max-image-preview:large, max-video-preview:-1\" \/>\n<link rel=\"canonical\" href=\"https:\/\/kapitalis.com\/tunisie\/2022\/01\/28\/shake-hands-with-the-devil-au-rwanda-le-diable-nest-pas-tunisien\/\" \/>\n<meta property=\"og:locale\" content=\"fr_FR\" \/>\n<meta property=\"og:type\" content=\"article\" \/>\n<meta property=\"og:title\" content=\"&quot;Shake Hands with the Devil&quot; : au Rwanda, le diable n&#039;est pas Tunisien* - Kapitalis\" \/>\n<meta property=\"og:description\" content=\"Le Commandant Mohamed Ben Belgacem est cet officier qui, \u00e0 la t\u00eate du contingent tunisien de la force des Nations Unies pour le Rwanda, avait en 1994 assur\u00e9 une mission du maintien de la paix au Rwanda dans les difficiles conditions qui avaient conduit au d\u00e9clenchement de la guerre civile et des massacres interethniques dans...\" \/>\n<meta property=\"og:url\" content=\"https:\/\/kapitalis.com\/tunisie\/2022\/01\/28\/shake-hands-with-the-devil-au-rwanda-le-diable-nest-pas-tunisien\/\" \/>\n<meta property=\"og:site_name\" content=\"Kapitalis\" \/>\n<meta property=\"article:publisher\" content=\"https:\/\/www.facebook.com\/KapitalisInfo\/\" \/>\n<meta property=\"article:published_time\" content=\"2022-01-28T07:28:43+00:00\" \/>\n<meta property=\"article:modified_time\" content=\"2022-01-28T07:32:02+00:00\" \/>\n<meta property=\"og:image\" content=\"https:\/\/kapitalis.com\/tunisie\/wp-content\/uploads\/2022\/05\/kapitalis-logo-fb.png\" \/>\n\t<meta property=\"og:image:width\" content=\"1200\" \/>\n\t<meta property=\"og:image:height\" content=\"630\" \/>\n\t<meta property=\"og:image:type\" content=\"image\/png\" \/>\n<meta name=\"author\" content=\"webmaster kapitalis\" \/>\n<meta name=\"twitter:card\" content=\"summary_large_image\" \/>\n<meta name=\"twitter:creator\" content=\"@KapitalisInfo\" \/>\n<meta name=\"twitter:site\" content=\"@KapitalisInfo\" \/>\n<meta name=\"twitter:label1\" content=\"\u00c9crit par\" \/>\n\t<meta name=\"twitter:data1\" content=\"webmaster kapitalis\" \/>\n\t<meta name=\"twitter:label2\" content=\"Dur\u00e9e de lecture estim\u00e9e\" \/>\n\t<meta name=\"twitter:data2\" content=\"6 minutes\" \/>\n<script type=\"application\/ld+json\" class=\"yoast-schema-graph\">{\"@context\":\"https:\/\/schema.org\",\"@graph\":[{\"@type\":\"Article\",\"@id\":\"https:\/\/kapitalis.com\/tunisie\/2022\/01\/28\/shake-hands-with-the-devil-au-rwanda-le-diable-nest-pas-tunisien\/#article\",\"isPartOf\":{\"@id\":\"https:\/\/kapitalis.com\/tunisie\/2022\/01\/28\/shake-hands-with-the-devil-au-rwanda-le-diable-nest-pas-tunisien\/\"},\"author\":{\"name\":\"webmaster kapitalis\",\"@id\":\"https:\/\/kapitalis.com\/tunisie\/#\/schema\/person\/d71f33a9ca44f7bad4698210b480c8e9\"},\"headline\":\"\u00ab\u00a0Shake Hands with the Devil\u00a0\u00bb : au Rwanda, le diable n&rsquo;est pas Tunisien*\",\"datePublished\":\"2022-01-28T07:28:43+00:00\",\"dateModified\":\"2022-01-28T07:32:02+00:00\",\"mainEntityOfPage\":{\"@id\":\"https:\/\/kapitalis.com\/tunisie\/2022\/01\/28\/shake-hands-with-the-devil-au-rwanda-le-diable-nest-pas-tunisien\/\"},\"wordCount\":1132,\"commentCount\":5,\"publisher\":{\"@id\":\"https:\/\/kapitalis.com\/tunisie\/#organization\"},\"image\":{\"@id\":\"https:\/\/kapitalis.com\/tunisie\/2022\/01\/28\/shake-hands-with-the-devil-au-rwanda-le-diable-nest-pas-tunisien\/#primaryimage\"},\"thumbnailUrl\":\"\",\"keywords\":[\"Boutros-Boutros Ghali\",\"contingent tunisien\",\"Front patriotique rwandais\",\"Kofi Annan\",\"Mohamed Ben Belgacem\",\"paul Kagam\u00e9\",\"Rom\u00e9o Dallaire\",\"Rwanda\",\"Tunisie\"],\"articleSection\":[\"A LA UNE\",\"POLITIQUE\",\"TRIBUNE\",\"Tunisie\"],\"inLanguage\":\"fr-FR\",\"potentialAction\":[{\"@type\":\"CommentAction\",\"name\":\"Comment\",\"target\":[\"https:\/\/kapitalis.com\/tunisie\/2022\/01\/28\/shake-hands-with-the-devil-au-rwanda-le-diable-nest-pas-tunisien\/#respond\"]}]},{\"@type\":\"WebPage\",\"@id\":\"https:\/\/kapitalis.com\/tunisie\/2022\/01\/28\/shake-hands-with-the-devil-au-rwanda-le-diable-nest-pas-tunisien\/\",\"url\":\"https:\/\/kapitalis.com\/tunisie\/2022\/01\/28\/shake-hands-with-the-devil-au-rwanda-le-diable-nest-pas-tunisien\/\",\"name\":\"\\\"Shake Hands with the Devil\\\" : au Rwanda, le diable n'est pas Tunisien* - Kapitalis\",\"isPartOf\":{\"@id\":\"https:\/\/kapitalis.com\/tunisie\/#website\"},\"primaryImageOfPage\":{\"@id\":\"https:\/\/kapitalis.com\/tunisie\/2022\/01\/28\/shake-hands-with-the-devil-au-rwanda-le-diable-nest-pas-tunisien\/#primaryimage\"},\"image\":{\"@id\":\"https:\/\/kapitalis.com\/tunisie\/2022\/01\/28\/shake-hands-with-the-devil-au-rwanda-le-diable-nest-pas-tunisien\/#primaryimage\"},\"thumbnailUrl\":\"\",\"datePublished\":\"2022-01-28T07:28:43+00:00\",\"dateModified\":\"2022-01-28T07:32:02+00:00\",\"breadcrumb\":{\"@id\":\"https:\/\/kapitalis.com\/tunisie\/2022\/01\/28\/shake-hands-with-the-devil-au-rwanda-le-diable-nest-pas-tunisien\/#breadcrumb\"},\"inLanguage\":\"fr-FR\",\"potentialAction\":[{\"@type\":\"ReadAction\",\"target\":[\"https:\/\/kapitalis.com\/tunisie\/2022\/01\/28\/shake-hands-with-the-devil-au-rwanda-le-diable-nest-pas-tunisien\/\"]}]},{\"@type\":\"ImageObject\",\"inLanguage\":\"fr-FR\",\"@id\":\"https:\/\/kapitalis.com\/tunisie\/2022\/01\/28\/shake-hands-with-the-devil-au-rwanda-le-diable-nest-pas-tunisien\/#primaryimage\",\"url\":\"\",\"contentUrl\":\"\"},{\"@type\":\"BreadcrumbList\",\"@id\":\"https:\/\/kapitalis.com\/tunisie\/2022\/01\/28\/shake-hands-with-the-devil-au-rwanda-le-diable-nest-pas-tunisien\/#breadcrumb\",\"itemListElement\":[{\"@type\":\"ListItem\",\"position\":1,\"name\":\"Accueil\",\"item\":\"https:\/\/kapitalis.com\/tunisie\/\"},{\"@type\":\"ListItem\",\"position\":2,\"name\":\"\u00ab\u00a0Shake Hands with the Devil\u00a0\u00bb : au Rwanda, le diable n&rsquo;est pas Tunisien*\"}]},{\"@type\":\"WebSite\",\"@id\":\"https:\/\/kapitalis.com\/tunisie\/#website\",\"url\":\"https:\/\/kapitalis.com\/tunisie\/\",\"name\":\"Kapitalis\",\"description\":\"L&#039;actualit\u00e9 en Tunisie et dans le monde\",\"publisher\":{\"@id\":\"https:\/\/kapitalis.com\/tunisie\/#organization\"},\"potentialAction\":[{\"@type\":\"SearchAction\",\"target\":{\"@type\":\"EntryPoint\",\"urlTemplate\":\"https:\/\/kapitalis.com\/tunisie\/?s={search_term_string}\"},\"query-input\":{\"@type\":\"PropertyValueSpecification\",\"valueRequired\":true,\"valueName\":\"search_term_string\"}}],\"inLanguage\":\"fr-FR\"},{\"@type\":\"Organization\",\"@id\":\"https:\/\/kapitalis.com\/tunisie\/#organization\",\"name\":\"Kapitalis\",\"url\":\"https:\/\/kapitalis.com\/tunisie\/\",\"logo\":{\"@type\":\"ImageObject\",\"inLanguage\":\"fr-FR\",\"@id\":\"https:\/\/kapitalis.com\/tunisie\/#\/schema\/logo\/image\/\",\"url\":\"https:\/\/kapitalis.com\/tunisie\/wp-content\/uploads\/2022\/05\/Kapitalis-big-size.png\",\"contentUrl\":\"https:\/\/kapitalis.com\/tunisie\/wp-content\/uploads\/2022\/05\/Kapitalis-big-size.png\",\"width\":5000,\"height\":1500,\"caption\":\"Kapitalis\"},\"image\":{\"@id\":\"https:\/\/kapitalis.com\/tunisie\/#\/schema\/logo\/image\/\"},\"sameAs\":[\"https:\/\/www.facebook.com\/KapitalisInfo\/\",\"https:\/\/x.com\/KapitalisInfo\",\"https:\/\/www.youtube.com\/channel\/UC-yDYrHyfFBWWZaOw3FPg9Q\"]},{\"@type\":\"Person\",\"@id\":\"https:\/\/kapitalis.com\/tunisie\/#\/schema\/person\/d71f33a9ca44f7bad4698210b480c8e9\",\"name\":\"webmaster kapitalis\",\"url\":\"https:\/\/kapitalis.com\/tunisie\/author\/webmaster-kapitalis\/\"}]}<\/script>\n<!-- \/ Yoast SEO plugin. -->","yoast_head_json":{"title":"\"Shake Hands with the Devil\" : au Rwanda, le diable n'est pas Tunisien* - Kapitalis","robots":{"index":"index","follow":"follow","max-snippet":"max-snippet:-1","max-image-preview":"max-image-preview:large","max-video-preview":"max-video-preview:-1"},"canonical":"https:\/\/kapitalis.com\/tunisie\/2022\/01\/28\/shake-hands-with-the-devil-au-rwanda-le-diable-nest-pas-tunisien\/","og_locale":"fr_FR","og_type":"article","og_title":"\"Shake Hands with the Devil\" : au Rwanda, le diable n'est pas Tunisien* - Kapitalis","og_description":"Le Commandant Mohamed Ben Belgacem est cet officier qui, \u00e0 la t\u00eate du contingent tunisien de la force des Nations Unies pour le Rwanda, avait en 1994 assur\u00e9 une mission du maintien de la paix au Rwanda dans les difficiles conditions qui avaient conduit au d\u00e9clenchement de la guerre civile et des massacres interethniques dans...","og_url":"https:\/\/kapitalis.com\/tunisie\/2022\/01\/28\/shake-hands-with-the-devil-au-rwanda-le-diable-nest-pas-tunisien\/","og_site_name":"Kapitalis","article_publisher":"https:\/\/www.facebook.com\/KapitalisInfo\/","article_published_time":"2022-01-28T07:28:43+00:00","article_modified_time":"2022-01-28T07:32:02+00:00","og_image":[{"width":1200,"height":630,"url":"https:\/\/kapitalis.com\/tunisie\/wp-content\/uploads\/2022\/05\/kapitalis-logo-fb.png","type":"image\/png"}],"author":"webmaster kapitalis","twitter_card":"summary_large_image","twitter_creator":"@KapitalisInfo","twitter_site":"@KapitalisInfo","twitter_misc":{"\u00c9crit par":"webmaster kapitalis","Dur\u00e9e de lecture estim\u00e9e":"6 minutes"},"schema":{"@context":"https:\/\/schema.org","@graph":[{"@type":"Article","@id":"https:\/\/kapitalis.com\/tunisie\/2022\/01\/28\/shake-hands-with-the-devil-au-rwanda-le-diable-nest-pas-tunisien\/#article","isPartOf":{"@id":"https:\/\/kapitalis.com\/tunisie\/2022\/01\/28\/shake-hands-with-the-devil-au-rwanda-le-diable-nest-pas-tunisien\/"},"author":{"name":"webmaster kapitalis","@id":"https:\/\/kapitalis.com\/tunisie\/#\/schema\/person\/d71f33a9ca44f7bad4698210b480c8e9"},"headline":"\u00ab\u00a0Shake Hands with the Devil\u00a0\u00bb : au Rwanda, le diable n&rsquo;est pas Tunisien*","datePublished":"2022-01-28T07:28:43+00:00","dateModified":"2022-01-28T07:32:02+00:00","mainEntityOfPage":{"@id":"https:\/\/kapitalis.com\/tunisie\/2022\/01\/28\/shake-hands-with-the-devil-au-rwanda-le-diable-nest-pas-tunisien\/"},"wordCount":1132,"commentCount":5,"publisher":{"@id":"https:\/\/kapitalis.com\/tunisie\/#organization"},"image":{"@id":"https:\/\/kapitalis.com\/tunisie\/2022\/01\/28\/shake-hands-with-the-devil-au-rwanda-le-diable-nest-pas-tunisien\/#primaryimage"},"thumbnailUrl":"","keywords":["Boutros-Boutros Ghali","contingent tunisien","Front patriotique rwandais","Kofi Annan","Mohamed Ben Belgacem","paul Kagam\u00e9","Rom\u00e9o Dallaire","Rwanda","Tunisie"],"articleSection":["A LA UNE","POLITIQUE","TRIBUNE","Tunisie"],"inLanguage":"fr-FR","potentialAction":[{"@type":"CommentAction","name":"Comment","target":["https:\/\/kapitalis.com\/tunisie\/2022\/01\/28\/shake-hands-with-the-devil-au-rwanda-le-diable-nest-pas-tunisien\/#respond"]}]},{"@type":"WebPage","@id":"https:\/\/kapitalis.com\/tunisie\/2022\/01\/28\/shake-hands-with-the-devil-au-rwanda-le-diable-nest-pas-tunisien\/","url":"https:\/\/kapitalis.com\/tunisie\/2022\/01\/28\/shake-hands-with-the-devil-au-rwanda-le-diable-nest-pas-tunisien\/","name":"\"Shake Hands with the Devil\" : au Rwanda, le diable n'est pas Tunisien* - Kapitalis","isPartOf":{"@id":"https:\/\/kapitalis.com\/tunisie\/#website"},"primaryImageOfPage":{"@id":"https:\/\/kapitalis.com\/tunisie\/2022\/01\/28\/shake-hands-with-the-devil-au-rwanda-le-diable-nest-pas-tunisien\/#primaryimage"},"image":{"@id":"https:\/\/kapitalis.com\/tunisie\/2022\/01\/28\/shake-hands-with-the-devil-au-rwanda-le-diable-nest-pas-tunisien\/#primaryimage"},"thumbnailUrl":"","datePublished":"2022-01-28T07:28:43+00:00","dateModified":"2022-01-28T07:32:02+00:00","breadcrumb":{"@id":"https:\/\/kapitalis.com\/tunisie\/2022\/01\/28\/shake-hands-with-the-devil-au-rwanda-le-diable-nest-pas-tunisien\/#breadcrumb"},"inLanguage":"fr-FR","potentialAction":[{"@type":"ReadAction","target":["https:\/\/kapitalis.com\/tunisie\/2022\/01\/28\/shake-hands-with-the-devil-au-rwanda-le-diable-nest-pas-tunisien\/"]}]},{"@type":"ImageObject","inLanguage":"fr-FR","@id":"https:\/\/kapitalis.com\/tunisie\/2022\/01\/28\/shake-hands-with-the-devil-au-rwanda-le-diable-nest-pas-tunisien\/#primaryimage","url":"","contentUrl":""},{"@type":"BreadcrumbList","@id":"https:\/\/kapitalis.com\/tunisie\/2022\/01\/28\/shake-hands-with-the-devil-au-rwanda-le-diable-nest-pas-tunisien\/#breadcrumb","itemListElement":[{"@type":"ListItem","position":1,"name":"Accueil","item":"https:\/\/kapitalis.com\/tunisie\/"},{"@type":"ListItem","position":2,"name":"\u00ab\u00a0Shake Hands with the Devil\u00a0\u00bb : au Rwanda, le diable n&rsquo;est pas Tunisien*"}]},{"@type":"WebSite","@id":"https:\/\/kapitalis.com\/tunisie\/#website","url":"https:\/\/kapitalis.com\/tunisie\/","name":"Kapitalis","description":"L&#039;actualit\u00e9 en Tunisie et dans le monde","publisher":{"@id":"https:\/\/kapitalis.com\/tunisie\/#organization"},"potentialAction":[{"@type":"SearchAction","target":{"@type":"EntryPoint","urlTemplate":"https:\/\/kapitalis.com\/tunisie\/?s={search_term_string}"},"query-input":{"@type":"PropertyValueSpecification","valueRequired":true,"valueName":"search_term_string"}}],"inLanguage":"fr-FR"},{"@type":"Organization","@id":"https:\/\/kapitalis.com\/tunisie\/#organization","name":"Kapitalis","url":"https:\/\/kapitalis.com\/tunisie\/","logo":{"@type":"ImageObject","inLanguage":"fr-FR","@id":"https:\/\/kapitalis.com\/tunisie\/#\/schema\/logo\/image\/","url":"https:\/\/kapitalis.com\/tunisie\/wp-content\/uploads\/2022\/05\/Kapitalis-big-size.png","contentUrl":"https:\/\/kapitalis.com\/tunisie\/wp-content\/uploads\/2022\/05\/Kapitalis-big-size.png","width":5000,"height":1500,"caption":"Kapitalis"},"image":{"@id":"https:\/\/kapitalis.com\/tunisie\/#\/schema\/logo\/image\/"},"sameAs":["https:\/\/www.facebook.com\/KapitalisInfo\/","https:\/\/x.com\/KapitalisInfo","https:\/\/www.youtube.com\/channel\/UC-yDYrHyfFBWWZaOw3FPg9Q"]},{"@type":"Person","@id":"https:\/\/kapitalis.com\/tunisie\/#\/schema\/person\/d71f33a9ca44f7bad4698210b480c8e9","name":"webmaster kapitalis","url":"https:\/\/kapitalis.com\/tunisie\/author\/webmaster-kapitalis\/"}]}},"_links":{"self":[{"href":"https:\/\/kapitalis.com\/tunisie\/wp-json\/wp\/v2\/posts\/378728","targetHints":{"allow":["GET"]}}],"collection":[{"href":"https:\/\/kapitalis.com\/tunisie\/wp-json\/wp\/v2\/posts"}],"about":[{"href":"https:\/\/kapitalis.com\/tunisie\/wp-json\/wp\/v2\/types\/post"}],"author":[{"embeddable":true,"href":"https:\/\/kapitalis.com\/tunisie\/wp-json\/wp\/v2\/users\/8"}],"replies":[{"embeddable":true,"href":"https:\/\/kapitalis.com\/tunisie\/wp-json\/wp\/v2\/comments?post=378728"}],"version-history":[{"count":0,"href":"https:\/\/kapitalis.com\/tunisie\/wp-json\/wp\/v2\/posts\/378728\/revisions"}],"wp:featuredmedia":[{"embeddable":true,"href":"https:\/\/kapitalis.com\/tunisie\/wp-json\/wp\/v2\/media\/378729"}],"wp:attachment":[{"href":"https:\/\/kapitalis.com\/tunisie\/wp-json\/wp\/v2\/media?parent=378728"}],"wp:term":[{"taxonomy":"category","embeddable":true,"href":"https:\/\/kapitalis.com\/tunisie\/wp-json\/wp\/v2\/categories?post=378728"},{"taxonomy":"post_tag","embeddable":true,"href":"https:\/\/kapitalis.com\/tunisie\/wp-json\/wp\/v2\/tags?post=378728"}],"curies":[{"name":"wp","href":"https:\/\/api.w.org\/{rel}","templated":true}]}}