{"id":378822,"date":"2022-01-29T08:48:50","date_gmt":"2022-01-29T07:48:50","guid":{"rendered":"http:\/\/kapitalis.com\/tunisie\/?p=378822"},"modified":"2022-01-29T08:51:46","modified_gmt":"2022-01-29T07:51:46","slug":"deces-de-lavocat-myopathe-mohamed-amine-ben-youssef","status":"publish","type":"post","link":"https:\/\/kapitalis.com\/tunisie\/2022\/01\/29\/deces-de-lavocat-myopathe-mohamed-amine-ben-youssef\/","title":{"rendered":"D\u00e9c\u00e8s de l&rsquo;avocat myopathe Mohamed Amine Ben Youssef"},"content":{"rendered":"\n<div class=\"wp-block-image\"><figure class=\"aligncenter size-full\"><img decoding=\"async\" src=\"http:\/\/kapitalis.com\/tunisie\/wp-content\/uploads\/2022\/01\/Mohamed-Amine-Ben-Youssef.jpg\" alt=\"\" class=\"wp-image-378823\"\/><\/figure><\/div>\n\n\n\n<p><strong><em>L&rsquo;avocat myopathe Mohamed Amine Ben Youssef est d\u00e9c\u00e9d\u00e9 ce matin, samedi 29 janvier 2022, \u00e0 Tunis, \u00e0 l&rsquo;\u00e2ge de quarante ans. Selon ses proches, il n&rsquo;\u00e9tait pas malade et travaillait normalement jusqu&rsquo;\u00e0 son brusque d\u00e9c\u00e8s. <\/em><\/strong><\/p>\n\n\n\n<!--more-->\n\n\n\n<p>Mohamed Amine Ben Youssef, dont la maladie a \u00e9t\u00e9 d\u00e9couverte d\u00e8s l&rsquo;\u00e2ge de 9 ans, a v\u00e9cu toute sa vie sur une chaise roulante. Lourdement handicap\u00e9 par la maladie (il n&rsquo;avait que 3 doigt), il a r\u00e9ussi \u00e0 faire de brillantes \u00e9tudes. Suivi par de grands professeurs de neurologie en France, il a su faire de son handicap un alli\u00e9 pr\u00e9cieux et a relev\u00e9 le d\u00e9fi de soutenir un doctorat en droit et de devenir avocat inscrit au barreau de Tunis.<\/p>\n\n\n\n<p>Mari\u00e9 depuis 3 ans, son cabinet \u00e9tait situ\u00e9 \u00e0 l&rsquo;Ariana et il suivait ses clients dans tous les tribunaux de Tunis, aid\u00e9 par des assistants. <\/p>\n\n\n\n<p>Plusieurs reportages t\u00e9l\u00e9vis\u00e9s, radiophoniques et de presse \u00e9crite ont \u00e9t\u00e9 consacr\u00e9s \u00e0 ce sacr\u00e9 battant souvent pr\u00e9sent\u00e9 comme un mod\u00e8le d&rsquo;abn\u00e9gation, de volont\u00e9 et de rage de vivre. <\/p>\n\n\n\n<p>Nous pr\u00e9sentons nos sinc\u00e8res condol\u00e9ances \u00e0 tous les membres de sa famille et \u00e0 la grande famille des avocats tunisiens, qui perdent un coll\u00e8gue vaillant, honn\u00eate et exemplaire sur les plans aussi bien humain que professionnel.  <\/p>\n\n\n\n<p class=\"has-text-align-right\"><strong>I. B. <\/strong><\/p>\n\n\n\n<p>  <\/p>\n","protected":false},"excerpt":{"rendered":"<p>L&rsquo;avocat myopathe Mohamed Amine Ben Youssef est d\u00e9c\u00e9d\u00e9 ce matin, samedi 29 janvier 2022, \u00e0 Tunis, \u00e0 l&rsquo;\u00e2ge de quarante ans. Selon ses proches, il n&rsquo;\u00e9tait pas malade et travaillait normalement jusqu&rsquo;\u00e0 son brusque d\u00e9c\u00e8s.<\/p>\n","protected":false},"author":8,"featured_media":378823,"comment_status":"open","ping_status":"open","sticky":false,"template":"","format":"standard","meta":{"footnotes":""},"categories":[998,2433],"tags":[96865,96866,62643],"class_list":["post-378822","post","type-post","status-publish","format-standard","has-post-thumbnail","hentry","category-societe","category-tunisie","tag-mohamed-amine-ben-youssef","tag-myopathie","tag-tunisie"],"yoast_head":"<!-- This site is optimized with the Yoast SEO plugin v26.6 - https:\/\/yoast.com\/wordpress\/plugins\/seo\/ -->\n<title>D\u00e9c\u00e8s de l&#039;avocat myopathe Mohamed Amine Ben Youssef - Kapitalis<\/title>\n<meta name=\"robots\" content=\"index, follow, max-snippet:-1, max-image-preview:large, max-video-preview:-1\" \/>\n<link rel=\"canonical\" href=\"https:\/\/kapitalis.com\/tunisie\/2022\/01\/29\/deces-de-lavocat-myopathe-mohamed-amine-ben-youssef\/\" \/>\n<meta property=\"og:locale\" content=\"fr_FR\" \/>\n<meta property=\"og:type\" content=\"article\" \/>\n<meta property=\"og:title\" content=\"D\u00e9c\u00e8s de l&#039;avocat myopathe Mohamed Amine Ben Youssef - Kapitalis\" \/>\n<meta property=\"og:description\" content=\"L&rsquo;avocat myopathe Mohamed Amine Ben Youssef est d\u00e9c\u00e9d\u00e9 ce matin, samedi 29 janvier 2022, \u00e0 Tunis, \u00e0 l&rsquo;\u00e2ge de quarante ans. Selon ses proches, il n&rsquo;\u00e9tait pas malade et travaillait normalement jusqu&rsquo;\u00e0 son brusque d\u00e9c\u00e8s.\" \/>\n<meta property=\"og:url\" content=\"https:\/\/kapitalis.com\/tunisie\/2022\/01\/29\/deces-de-lavocat-myopathe-mohamed-amine-ben-youssef\/\" \/>\n<meta property=\"og:site_name\" content=\"Kapitalis\" \/>\n<meta property=\"article:publisher\" content=\"https:\/\/www.facebook.com\/KapitalisInfo\/\" \/>\n<meta property=\"article:published_time\" content=\"2022-01-29T07:48:50+00:00\" \/>\n<meta property=\"article:modified_time\" content=\"2022-01-29T07:51:46+00:00\" \/>\n<meta property=\"og:image\" content=\"https:\/\/kapitalis.com\/tunisie\/wp-content\/uploads\/2022\/05\/kapitalis-logo-fb.png\" \/>\n\t<meta property=\"og:image:width\" content=\"1200\" \/>\n\t<meta property=\"og:image:height\" content=\"630\" \/>\n\t<meta property=\"og:image:type\" content=\"image\/png\" \/>\n<meta name=\"author\" content=\"webmaster kapitalis\" \/>\n<meta name=\"twitter:card\" content=\"summary_large_image\" \/>\n<meta name=\"twitter:creator\" content=\"@KapitalisInfo\" \/>\n<meta name=\"twitter:site\" content=\"@KapitalisInfo\" \/>\n<meta name=\"twitter:label1\" content=\"\u00c9crit par\" \/>\n\t<meta name=\"twitter:data1\" content=\"webmaster kapitalis\" \/>\n\t<meta name=\"twitter:label2\" content=\"Dur\u00e9e de lecture estim\u00e9e\" \/>\n\t<meta name=\"twitter:data2\" content=\"1 minute\" \/>\n<script type=\"application\/ld+json\" class=\"yoast-schema-graph\">{\"@context\":\"https:\/\/schema.org\",\"@graph\":[{\"@type\":\"Article\",\"@id\":\"https:\/\/kapitalis.com\/tunisie\/2022\/01\/29\/deces-de-lavocat-myopathe-mohamed-amine-ben-youssef\/#article\",\"isPartOf\":{\"@id\":\"https:\/\/kapitalis.com\/tunisie\/2022\/01\/29\/deces-de-lavocat-myopathe-mohamed-amine-ben-youssef\/\"},\"author\":{\"name\":\"webmaster kapitalis\",\"@id\":\"https:\/\/kapitalis.com\/tunisie\/#\/schema\/person\/d71f33a9ca44f7bad4698210b480c8e9\"},\"headline\":\"D\u00e9c\u00e8s de l&rsquo;avocat myopathe Mohamed Amine Ben Youssef\",\"datePublished\":\"2022-01-29T07:48:50+00:00\",\"dateModified\":\"2022-01-29T07:51:46+00:00\",\"mainEntityOfPage\":{\"@id\":\"https:\/\/kapitalis.com\/tunisie\/2022\/01\/29\/deces-de-lavocat-myopathe-mohamed-amine-ben-youssef\/\"},\"wordCount\":230,\"commentCount\":1,\"publisher\":{\"@id\":\"https:\/\/kapitalis.com\/tunisie\/#organization\"},\"image\":{\"@id\":\"https:\/\/kapitalis.com\/tunisie\/2022\/01\/29\/deces-de-lavocat-myopathe-mohamed-amine-ben-youssef\/#primaryimage\"},\"thumbnailUrl\":\"\",\"keywords\":[\"Mohamed Amine Ben Youssef\",\"myopathie\",\"Tunisie\"],\"articleSection\":[\"SOCIETE\",\"Tunisie\"],\"inLanguage\":\"fr-FR\",\"potentialAction\":[{\"@type\":\"CommentAction\",\"name\":\"Comment\",\"target\":[\"https:\/\/kapitalis.com\/tunisie\/2022\/01\/29\/deces-de-lavocat-myopathe-mohamed-amine-ben-youssef\/#respond\"]}]},{\"@type\":\"WebPage\",\"@id\":\"https:\/\/kapitalis.com\/tunisie\/2022\/01\/29\/deces-de-lavocat-myopathe-mohamed-amine-ben-youssef\/\",\"url\":\"https:\/\/kapitalis.com\/tunisie\/2022\/01\/29\/deces-de-lavocat-myopathe-mohamed-amine-ben-youssef\/\",\"name\":\"D\u00e9c\u00e8s de l'avocat myopathe Mohamed Amine Ben Youssef - Kapitalis\",\"isPartOf\":{\"@id\":\"https:\/\/kapitalis.com\/tunisie\/#website\"},\"primaryImageOfPage\":{\"@id\":\"https:\/\/kapitalis.com\/tunisie\/2022\/01\/29\/deces-de-lavocat-myopathe-mohamed-amine-ben-youssef\/#primaryimage\"},\"image\":{\"@id\":\"https:\/\/kapitalis.com\/tunisie\/2022\/01\/29\/deces-de-lavocat-myopathe-mohamed-amine-ben-youssef\/#primaryimage\"},\"thumbnailUrl\":\"\",\"datePublished\":\"2022-01-29T07:48:50+00:00\",\"dateModified\":\"2022-01-29T07:51:46+00:00\",\"breadcrumb\":{\"@id\":\"https:\/\/kapitalis.com\/tunisie\/2022\/01\/29\/deces-de-lavocat-myopathe-mohamed-amine-ben-youssef\/#breadcrumb\"},\"inLanguage\":\"fr-FR\",\"potentialAction\":[{\"@type\":\"ReadAction\",\"target\":[\"https:\/\/kapitalis.com\/tunisie\/2022\/01\/29\/deces-de-lavocat-myopathe-mohamed-amine-ben-youssef\/\"]}]},{\"@type\":\"ImageObject\",\"inLanguage\":\"fr-FR\",\"@id\":\"https:\/\/kapitalis.com\/tunisie\/2022\/01\/29\/deces-de-lavocat-myopathe-mohamed-amine-ben-youssef\/#primaryimage\",\"url\":\"\",\"contentUrl\":\"\"},{\"@type\":\"BreadcrumbList\",\"@id\":\"https:\/\/kapitalis.com\/tunisie\/2022\/01\/29\/deces-de-lavocat-myopathe-mohamed-amine-ben-youssef\/#breadcrumb\",\"itemListElement\":[{\"@type\":\"ListItem\",\"position\":1,\"name\":\"Accueil\",\"item\":\"https:\/\/kapitalis.com\/tunisie\/\"},{\"@type\":\"ListItem\",\"position\":2,\"name\":\"D\u00e9c\u00e8s de l&rsquo;avocat myopathe Mohamed Amine Ben Youssef\"}]},{\"@type\":\"WebSite\",\"@id\":\"https:\/\/kapitalis.com\/tunisie\/#website\",\"url\":\"https:\/\/kapitalis.com\/tunisie\/\",\"name\":\"Kapitalis\",\"description\":\"L&#039;actualit\u00e9 en Tunisie et dans le monde\",\"publisher\":{\"@id\":\"https:\/\/kapitalis.com\/tunisie\/#organization\"},\"potentialAction\":[{\"@type\":\"SearchAction\",\"target\":{\"@type\":\"EntryPoint\",\"urlTemplate\":\"https:\/\/kapitalis.com\/tunisie\/?s={search_term_string}\"},\"query-input\":{\"@type\":\"PropertyValueSpecification\",\"valueRequired\":true,\"valueName\":\"search_term_string\"}}],\"inLanguage\":\"fr-FR\"},{\"@type\":\"Organization\",\"@id\":\"https:\/\/kapitalis.com\/tunisie\/#organization\",\"name\":\"Kapitalis\",\"url\":\"https:\/\/kapitalis.com\/tunisie\/\",\"logo\":{\"@type\":\"ImageObject\",\"inLanguage\":\"fr-FR\",\"@id\":\"https:\/\/kapitalis.com\/tunisie\/#\/schema\/logo\/image\/\",\"url\":\"https:\/\/kapitalis.com\/tunisie\/wp-content\/uploads\/2022\/05\/Kapitalis-big-size.png\",\"contentUrl\":\"https:\/\/kapitalis.com\/tunisie\/wp-content\/uploads\/2022\/05\/Kapitalis-big-size.png\",\"width\":5000,\"height\":1500,\"caption\":\"Kapitalis\"},\"image\":{\"@id\":\"https:\/\/kapitalis.com\/tunisie\/#\/schema\/logo\/image\/\"},\"sameAs\":[\"https:\/\/www.facebook.com\/KapitalisInfo\/\",\"https:\/\/x.com\/KapitalisInfo\",\"https:\/\/www.youtube.com\/channel\/UC-yDYrHyfFBWWZaOw3FPg9Q\"]},{\"@type\":\"Person\",\"@id\":\"https:\/\/kapitalis.com\/tunisie\/#\/schema\/person\/d71f33a9ca44f7bad4698210b480c8e9\",\"name\":\"webmaster kapitalis\",\"url\":\"https:\/\/kapitalis.com\/tunisie\/author\/webmaster-kapitalis\/\"}]}<\/script>\n<!-- \/ Yoast SEO plugin. -->","yoast_head_json":{"title":"D\u00e9c\u00e8s de l'avocat myopathe Mohamed Amine Ben Youssef - Kapitalis","robots":{"index":"index","follow":"follow","max-snippet":"max-snippet:-1","max-image-preview":"max-image-preview:large","max-video-preview":"max-video-preview:-1"},"canonical":"https:\/\/kapitalis.com\/tunisie\/2022\/01\/29\/deces-de-lavocat-myopathe-mohamed-amine-ben-youssef\/","og_locale":"fr_FR","og_type":"article","og_title":"D\u00e9c\u00e8s de l'avocat myopathe Mohamed Amine Ben Youssef - Kapitalis","og_description":"L&rsquo;avocat myopathe Mohamed Amine Ben Youssef est d\u00e9c\u00e9d\u00e9 ce matin, samedi 29 janvier 2022, \u00e0 Tunis, \u00e0 l&rsquo;\u00e2ge de quarante ans. Selon ses proches, il n&rsquo;\u00e9tait pas malade et travaillait normalement jusqu&rsquo;\u00e0 son brusque d\u00e9c\u00e8s.","og_url":"https:\/\/kapitalis.com\/tunisie\/2022\/01\/29\/deces-de-lavocat-myopathe-mohamed-amine-ben-youssef\/","og_site_name":"Kapitalis","article_publisher":"https:\/\/www.facebook.com\/KapitalisInfo\/","article_published_time":"2022-01-29T07:48:50+00:00","article_modified_time":"2022-01-29T07:51:46+00:00","og_image":[{"width":1200,"height":630,"url":"https:\/\/kapitalis.com\/tunisie\/wp-content\/uploads\/2022\/05\/kapitalis-logo-fb.png","type":"image\/png"}],"author":"webmaster kapitalis","twitter_card":"summary_large_image","twitter_creator":"@KapitalisInfo","twitter_site":"@KapitalisInfo","twitter_misc":{"\u00c9crit par":"webmaster kapitalis","Dur\u00e9e de lecture estim\u00e9e":"1 minute"},"schema":{"@context":"https:\/\/schema.org","@graph":[{"@type":"Article","@id":"https:\/\/kapitalis.com\/tunisie\/2022\/01\/29\/deces-de-lavocat-myopathe-mohamed-amine-ben-youssef\/#article","isPartOf":{"@id":"https:\/\/kapitalis.com\/tunisie\/2022\/01\/29\/deces-de-lavocat-myopathe-mohamed-amine-ben-youssef\/"},"author":{"name":"webmaster kapitalis","@id":"https:\/\/kapitalis.com\/tunisie\/#\/schema\/person\/d71f33a9ca44f7bad4698210b480c8e9"},"headline":"D\u00e9c\u00e8s de l&rsquo;avocat myopathe Mohamed Amine Ben Youssef","datePublished":"2022-01-29T07:48:50+00:00","dateModified":"2022-01-29T07:51:46+00:00","mainEntityOfPage":{"@id":"https:\/\/kapitalis.com\/tunisie\/2022\/01\/29\/deces-de-lavocat-myopathe-mohamed-amine-ben-youssef\/"},"wordCount":230,"commentCount":1,"publisher":{"@id":"https:\/\/kapitalis.com\/tunisie\/#organization"},"image":{"@id":"https:\/\/kapitalis.com\/tunisie\/2022\/01\/29\/deces-de-lavocat-myopathe-mohamed-amine-ben-youssef\/#primaryimage"},"thumbnailUrl":"","keywords":["Mohamed Amine Ben Youssef","myopathie","Tunisie"],"articleSection":["SOCIETE","Tunisie"],"inLanguage":"fr-FR","potentialAction":[{"@type":"CommentAction","name":"Comment","target":["https:\/\/kapitalis.com\/tunisie\/2022\/01\/29\/deces-de-lavocat-myopathe-mohamed-amine-ben-youssef\/#respond"]}]},{"@type":"WebPage","@id":"https:\/\/kapitalis.com\/tunisie\/2022\/01\/29\/deces-de-lavocat-myopathe-mohamed-amine-ben-youssef\/","url":"https:\/\/kapitalis.com\/tunisie\/2022\/01\/29\/deces-de-lavocat-myopathe-mohamed-amine-ben-youssef\/","name":"D\u00e9c\u00e8s de l'avocat myopathe Mohamed Amine Ben Youssef - Kapitalis","isPartOf":{"@id":"https:\/\/kapitalis.com\/tunisie\/#website"},"primaryImageOfPage":{"@id":"https:\/\/kapitalis.com\/tunisie\/2022\/01\/29\/deces-de-lavocat-myopathe-mohamed-amine-ben-youssef\/#primaryimage"},"image":{"@id":"https:\/\/kapitalis.com\/tunisie\/2022\/01\/29\/deces-de-lavocat-myopathe-mohamed-amine-ben-youssef\/#primaryimage"},"thumbnailUrl":"","datePublished":"2022-01-29T07:48:50+00:00","dateModified":"2022-01-29T07:51:46+00:00","breadcrumb":{"@id":"https:\/\/kapitalis.com\/tunisie\/2022\/01\/29\/deces-de-lavocat-myopathe-mohamed-amine-ben-youssef\/#breadcrumb"},"inLanguage":"fr-FR","potentialAction":[{"@type":"ReadAction","target":["https:\/\/kapitalis.com\/tunisie\/2022\/01\/29\/deces-de-lavocat-myopathe-mohamed-amine-ben-youssef\/"]}]},{"@type":"ImageObject","inLanguage":"fr-FR","@id":"https:\/\/kapitalis.com\/tunisie\/2022\/01\/29\/deces-de-lavocat-myopathe-mohamed-amine-ben-youssef\/#primaryimage","url":"","contentUrl":""},{"@type":"BreadcrumbList","@id":"https:\/\/kapitalis.com\/tunisie\/2022\/01\/29\/deces-de-lavocat-myopathe-mohamed-amine-ben-youssef\/#breadcrumb","itemListElement":[{"@type":"ListItem","position":1,"name":"Accueil","item":"https:\/\/kapitalis.com\/tunisie\/"},{"@type":"ListItem","position":2,"name":"D\u00e9c\u00e8s de l&rsquo;avocat myopathe Mohamed Amine Ben Youssef"}]},{"@type":"WebSite","@id":"https:\/\/kapitalis.com\/tunisie\/#website","url":"https:\/\/kapitalis.com\/tunisie\/","name":"Kapitalis","description":"L&#039;actualit\u00e9 en Tunisie et dans le monde","publisher":{"@id":"https:\/\/kapitalis.com\/tunisie\/#organization"},"potentialAction":[{"@type":"SearchAction","target":{"@type":"EntryPoint","urlTemplate":"https:\/\/kapitalis.com\/tunisie\/?s={search_term_string}"},"query-input":{"@type":"PropertyValueSpecification","valueRequired":true,"valueName":"search_term_string"}}],"inLanguage":"fr-FR"},{"@type":"Organization","@id":"https:\/\/kapitalis.com\/tunisie\/#organization","name":"Kapitalis","url":"https:\/\/kapitalis.com\/tunisie\/","logo":{"@type":"ImageObject","inLanguage":"fr-FR","@id":"https:\/\/kapitalis.com\/tunisie\/#\/schema\/logo\/image\/","url":"https:\/\/kapitalis.com\/tunisie\/wp-content\/uploads\/2022\/05\/Kapitalis-big-size.png","contentUrl":"https:\/\/kapitalis.com\/tunisie\/wp-content\/uploads\/2022\/05\/Kapitalis-big-size.png","width":5000,"height":1500,"caption":"Kapitalis"},"image":{"@id":"https:\/\/kapitalis.com\/tunisie\/#\/schema\/logo\/image\/"},"sameAs":["https:\/\/www.facebook.com\/KapitalisInfo\/","https:\/\/x.com\/KapitalisInfo","https:\/\/www.youtube.com\/channel\/UC-yDYrHyfFBWWZaOw3FPg9Q"]},{"@type":"Person","@id":"https:\/\/kapitalis.com\/tunisie\/#\/schema\/person\/d71f33a9ca44f7bad4698210b480c8e9","name":"webmaster kapitalis","url":"https:\/\/kapitalis.com\/tunisie\/author\/webmaster-kapitalis\/"}]}},"_links":{"self":[{"href":"https:\/\/kapitalis.com\/tunisie\/wp-json\/wp\/v2\/posts\/378822","targetHints":{"allow":["GET"]}}],"collection":[{"href":"https:\/\/kapitalis.com\/tunisie\/wp-json\/wp\/v2\/posts"}],"about":[{"href":"https:\/\/kapitalis.com\/tunisie\/wp-json\/wp\/v2\/types\/post"}],"author":[{"embeddable":true,"href":"https:\/\/kapitalis.com\/tunisie\/wp-json\/wp\/v2\/users\/8"}],"replies":[{"embeddable":true,"href":"https:\/\/kapitalis.com\/tunisie\/wp-json\/wp\/v2\/comments?post=378822"}],"version-history":[{"count":0,"href":"https:\/\/kapitalis.com\/tunisie\/wp-json\/wp\/v2\/posts\/378822\/revisions"}],"wp:featuredmedia":[{"embeddable":true,"href":"https:\/\/kapitalis.com\/tunisie\/wp-json\/wp\/v2\/media\/378823"}],"wp:attachment":[{"href":"https:\/\/kapitalis.com\/tunisie\/wp-json\/wp\/v2\/media?parent=378822"}],"wp:term":[{"taxonomy":"category","embeddable":true,"href":"https:\/\/kapitalis.com\/tunisie\/wp-json\/wp\/v2\/categories?post=378822"},{"taxonomy":"post_tag","embeddable":true,"href":"https:\/\/kapitalis.com\/tunisie\/wp-json\/wp\/v2\/tags?post=378822"}],"curies":[{"name":"wp","href":"https:\/\/api.w.org\/{rel}","templated":true}]}}