{"id":378830,"date":"2022-01-29T09:59:55","date_gmt":"2022-01-29T08:59:55","guid":{"rendered":"http:\/\/kapitalis.com\/tunisie\/?p=378830"},"modified":"2022-01-29T10:02:56","modified_gmt":"2022-01-29T09:02:56","slug":"vient-de-paraitre-la-kahina-ouvrage-illustre-par-lartiste-tunisien-ilyes-messaoudi-en-hommage-a-la-reine-berbere-dihya","status":"publish","type":"post","link":"https:\/\/kapitalis.com\/tunisie\/2022\/01\/29\/vient-de-paraitre-la-kahina-ouvrage-illustre-par-lartiste-tunisien-ilyes-messaoudi-en-hommage-a-la-reine-berbere-dihya\/","title":{"rendered":"Vient de para\u00eetre : \u00ab La Kahina \u00bb, ouvrage illustr\u00e9 par l\u2019artiste tunisien Ilyes Messaoudi en hommage \u00e0 la reine berb\u00e8re Dihya"},"content":{"rendered":"\n<div class=\"wp-block-image\"><figure class=\"aligncenter size-full\"><img decoding=\"async\" src=\"http:\/\/kapitalis.com\/tunisie\/wp-content\/uploads\/2022\/01\/Untitled-2-10.jpg\" alt=\"\" class=\"wp-image-378831\"\/><\/figure><\/div>\n\n\n\n<p><em><strong>\u00ab\u00a0La Kahina\u00a0\u00bb, \u00e9crit par Aur\u00e9lien Simon et illustr\u00e9 par Ilyes Messaoudi vient de para\u00eetre chez Orients Editions. Il retrace la vie de la cheffe berb\u00e8re Dihya, une figure f\u00e9minine historique de l\u2019Afrique du Nord.<\/strong><\/em><\/p>\n\n\n\n<!--more-->\n\n\n\n<p>L\u2019artiste plasticien Ilyes Messaoudi pr\u00e9sente en ce moment et jusqu\u2019au 5 f\u00e9vrier sa derni\u00e8re exposition personnelle \u00ab&nbsp;La Kahina&nbsp;\u00bb \u00e0 la galerie Foreign Agent \u00e0 Lausanne en Suisse \u00e0 travers la quelle il rend hommage \u00e0 ses racines berb\u00e8res, \u00e0 sa grand-m\u00e8re et \u00e0 un personnage f\u00e9minin fort, la reine Dihya.<\/p>\n\n\n\n<p>L\u2019exposition qui regroupe une douzaine de peinture sous verre fait \u00e9cho au livre \u00e9ponyme \u00e9crit par Aur\u00e9lien Simon accompagn\u00e9 par les illustrations d\u2019Ilyes Messaoudi, paru ce mois chez Orients Editions, o\u00f9 il est question de retracer la vie incroyable de l\u2019une des figures f\u00e9minines berb\u00e8res les plus imminentes, \u00e0 savoir la reine Dihya, connue pour avoir combattu les Omeyyades lors de la conqu\u00eate musulmane du Maghreb au VIIe si\u00e8cle.<\/p>\n\n\n\n<p>\u00ab\u00a0<em>Dans un d\u00e9sir d&rsquo;authenticit\u00e9, Aur\u00e9lien Simon a bas\u00e9 son r\u00e9cit sur les th\u00e8ses d&rsquo;historiens de renom comme Gabriel Camps et Mohamed Talbi, et l&rsquo;artiste tunisien Ilyes Messaoudi l&rsquo;a illustr\u00e9 \u00e0 travers des tableaux emprunts de la culture de ses anc\u00eatres.<\/em>\u00a0\u00bb<\/p>\n\n\n\n<p class=\"has-text-align-right\"><strong>F.B<\/strong><\/p>\n","protected":false},"excerpt":{"rendered":"<p>\u00ab\u00a0La Kahina\u00a0\u00bb, \u00e9crit par Aur\u00e9lien Simon et illustr\u00e9 par Ilyes Messaoudi vient de para\u00eetre chez Orients Editions. Il retrace la vie de la cheffe berb\u00e8re Dihya, une figure f\u00e9minine historique de l\u2019Afrique du Nord.<\/p>\n","protected":false},"author":26,"featured_media":378831,"comment_status":"open","ping_status":"open","sticky":false,"template":"","format":"standard","meta":{"footnotes":""},"categories":[994,2433],"tags":[96871,96872,96868,96869,96870,62643],"class_list":["post-378830","post","type-post","status-publish","format-standard","has-post-thumbnail","hentry","category-culture","category-tunisie","tag-aurelien-simon","tag-illustrations","tag-ilyes-messaoudi","tag-la-kahina","tag-orients-editions","tag-tunisie"],"yoast_head":"<!-- This site is optimized with the Yoast SEO plugin v26.6 - https:\/\/yoast.com\/wordpress\/plugins\/seo\/ -->\n<title>Vient de para\u00eetre : \u00ab La Kahina \u00bb, ouvrage illustr\u00e9 par l\u2019artiste tunisien Ilyes Messaoudi en hommage \u00e0 la reine berb\u00e8re Dihya - Kapitalis<\/title>\n<meta name=\"robots\" content=\"index, follow, max-snippet:-1, max-image-preview:large, max-video-preview:-1\" \/>\n<link rel=\"canonical\" href=\"https:\/\/kapitalis.com\/tunisie\/2022\/01\/29\/vient-de-paraitre-la-kahina-ouvrage-illustre-par-lartiste-tunisien-ilyes-messaoudi-en-hommage-a-la-reine-berbere-dihya\/\" \/>\n<meta property=\"og:locale\" content=\"fr_FR\" \/>\n<meta property=\"og:type\" content=\"article\" \/>\n<meta property=\"og:title\" content=\"Vient de para\u00eetre : \u00ab La Kahina \u00bb, ouvrage illustr\u00e9 par l\u2019artiste tunisien Ilyes Messaoudi en hommage \u00e0 la reine berb\u00e8re Dihya - Kapitalis\" \/>\n<meta property=\"og:description\" content=\"\u00ab\u00a0La Kahina\u00a0\u00bb, \u00e9crit par Aur\u00e9lien Simon et illustr\u00e9 par Ilyes Messaoudi vient de para\u00eetre chez Orients Editions. Il retrace la vie de la cheffe berb\u00e8re Dihya, une figure f\u00e9minine historique de l\u2019Afrique du Nord.\" \/>\n<meta property=\"og:url\" content=\"https:\/\/kapitalis.com\/tunisie\/2022\/01\/29\/vient-de-paraitre-la-kahina-ouvrage-illustre-par-lartiste-tunisien-ilyes-messaoudi-en-hommage-a-la-reine-berbere-dihya\/\" \/>\n<meta property=\"og:site_name\" content=\"Kapitalis\" \/>\n<meta property=\"article:publisher\" content=\"https:\/\/www.facebook.com\/KapitalisInfo\/\" \/>\n<meta property=\"article:published_time\" content=\"2022-01-29T08:59:55+00:00\" \/>\n<meta property=\"article:modified_time\" content=\"2022-01-29T09:02:56+00:00\" \/>\n<meta property=\"og:image\" content=\"https:\/\/kapitalis.com\/tunisie\/wp-content\/uploads\/2022\/05\/kapitalis-logo-fb.png\" \/>\n\t<meta property=\"og:image:width\" content=\"1200\" \/>\n\t<meta property=\"og:image:height\" content=\"630\" \/>\n\t<meta property=\"og:image:type\" content=\"image\/png\" \/>\n<meta name=\"author\" content=\"Fawz BenAli\" \/>\n<meta name=\"twitter:card\" content=\"summary_large_image\" \/>\n<meta name=\"twitter:creator\" content=\"@KapitalisInfo\" \/>\n<meta name=\"twitter:site\" content=\"@KapitalisInfo\" \/>\n<meta name=\"twitter:label1\" content=\"\u00c9crit par\" \/>\n\t<meta name=\"twitter:data1\" content=\"Fawz BenAli\" \/>\n\t<meta name=\"twitter:label2\" content=\"Dur\u00e9e de lecture estim\u00e9e\" \/>\n\t<meta name=\"twitter:data2\" content=\"1 minute\" \/>\n<script type=\"application\/ld+json\" class=\"yoast-schema-graph\">{\"@context\":\"https:\/\/schema.org\",\"@graph\":[{\"@type\":\"Article\",\"@id\":\"https:\/\/kapitalis.com\/tunisie\/2022\/01\/29\/vient-de-paraitre-la-kahina-ouvrage-illustre-par-lartiste-tunisien-ilyes-messaoudi-en-hommage-a-la-reine-berbere-dihya\/#article\",\"isPartOf\":{\"@id\":\"https:\/\/kapitalis.com\/tunisie\/2022\/01\/29\/vient-de-paraitre-la-kahina-ouvrage-illustre-par-lartiste-tunisien-ilyes-messaoudi-en-hommage-a-la-reine-berbere-dihya\/\"},\"author\":{\"name\":\"Fawz BenAli\",\"@id\":\"https:\/\/kapitalis.com\/tunisie\/#\/schema\/person\/73a5ecc1f6ae540c6ed91342eadca948\"},\"headline\":\"Vient de para\u00eetre : \u00ab La Kahina \u00bb, ouvrage illustr\u00e9 par l\u2019artiste tunisien Ilyes Messaoudi en hommage \u00e0 la reine berb\u00e8re Dihya\",\"datePublished\":\"2022-01-29T08:59:55+00:00\",\"dateModified\":\"2022-01-29T09:02:56+00:00\",\"mainEntityOfPage\":{\"@id\":\"https:\/\/kapitalis.com\/tunisie\/2022\/01\/29\/vient-de-paraitre-la-kahina-ouvrage-illustre-par-lartiste-tunisien-ilyes-messaoudi-en-hommage-a-la-reine-berbere-dihya\/\"},\"wordCount\":235,\"commentCount\":2,\"publisher\":{\"@id\":\"https:\/\/kapitalis.com\/tunisie\/#organization\"},\"image\":{\"@id\":\"https:\/\/kapitalis.com\/tunisie\/2022\/01\/29\/vient-de-paraitre-la-kahina-ouvrage-illustre-par-lartiste-tunisien-ilyes-messaoudi-en-hommage-a-la-reine-berbere-dihya\/#primaryimage\"},\"thumbnailUrl\":\"\",\"keywords\":[\"Aur\u00e9lien Simon\",\"illustrations\",\"Ilyes Messaoudi\",\"La Kahina\",\"Orients Editions\",\"Tunisie\"],\"articleSection\":[\"CULTURE\",\"Tunisie\"],\"inLanguage\":\"fr-FR\",\"potentialAction\":[{\"@type\":\"CommentAction\",\"name\":\"Comment\",\"target\":[\"https:\/\/kapitalis.com\/tunisie\/2022\/01\/29\/vient-de-paraitre-la-kahina-ouvrage-illustre-par-lartiste-tunisien-ilyes-messaoudi-en-hommage-a-la-reine-berbere-dihya\/#respond\"]}]},{\"@type\":\"WebPage\",\"@id\":\"https:\/\/kapitalis.com\/tunisie\/2022\/01\/29\/vient-de-paraitre-la-kahina-ouvrage-illustre-par-lartiste-tunisien-ilyes-messaoudi-en-hommage-a-la-reine-berbere-dihya\/\",\"url\":\"https:\/\/kapitalis.com\/tunisie\/2022\/01\/29\/vient-de-paraitre-la-kahina-ouvrage-illustre-par-lartiste-tunisien-ilyes-messaoudi-en-hommage-a-la-reine-berbere-dihya\/\",\"name\":\"Vient de para\u00eetre : \u00ab La Kahina \u00bb, ouvrage illustr\u00e9 par l\u2019artiste tunisien Ilyes Messaoudi en hommage \u00e0 la reine berb\u00e8re Dihya - Kapitalis\",\"isPartOf\":{\"@id\":\"https:\/\/kapitalis.com\/tunisie\/#website\"},\"primaryImageOfPage\":{\"@id\":\"https:\/\/kapitalis.com\/tunisie\/2022\/01\/29\/vient-de-paraitre-la-kahina-ouvrage-illustre-par-lartiste-tunisien-ilyes-messaoudi-en-hommage-a-la-reine-berbere-dihya\/#primaryimage\"},\"image\":{\"@id\":\"https:\/\/kapitalis.com\/tunisie\/2022\/01\/29\/vient-de-paraitre-la-kahina-ouvrage-illustre-par-lartiste-tunisien-ilyes-messaoudi-en-hommage-a-la-reine-berbere-dihya\/#primaryimage\"},\"thumbnailUrl\":\"\",\"datePublished\":\"2022-01-29T08:59:55+00:00\",\"dateModified\":\"2022-01-29T09:02:56+00:00\",\"breadcrumb\":{\"@id\":\"https:\/\/kapitalis.com\/tunisie\/2022\/01\/29\/vient-de-paraitre-la-kahina-ouvrage-illustre-par-lartiste-tunisien-ilyes-messaoudi-en-hommage-a-la-reine-berbere-dihya\/#breadcrumb\"},\"inLanguage\":\"fr-FR\",\"potentialAction\":[{\"@type\":\"ReadAction\",\"target\":[\"https:\/\/kapitalis.com\/tunisie\/2022\/01\/29\/vient-de-paraitre-la-kahina-ouvrage-illustre-par-lartiste-tunisien-ilyes-messaoudi-en-hommage-a-la-reine-berbere-dihya\/\"]}]},{\"@type\":\"ImageObject\",\"inLanguage\":\"fr-FR\",\"@id\":\"https:\/\/kapitalis.com\/tunisie\/2022\/01\/29\/vient-de-paraitre-la-kahina-ouvrage-illustre-par-lartiste-tunisien-ilyes-messaoudi-en-hommage-a-la-reine-berbere-dihya\/#primaryimage\",\"url\":\"\",\"contentUrl\":\"\"},{\"@type\":\"BreadcrumbList\",\"@id\":\"https:\/\/kapitalis.com\/tunisie\/2022\/01\/29\/vient-de-paraitre-la-kahina-ouvrage-illustre-par-lartiste-tunisien-ilyes-messaoudi-en-hommage-a-la-reine-berbere-dihya\/#breadcrumb\",\"itemListElement\":[{\"@type\":\"ListItem\",\"position\":1,\"name\":\"Accueil\",\"item\":\"https:\/\/kapitalis.com\/tunisie\/\"},{\"@type\":\"ListItem\",\"position\":2,\"name\":\"Vient de para\u00eetre : \u00ab La Kahina \u00bb, ouvrage illustr\u00e9 par l\u2019artiste tunisien Ilyes Messaoudi en hommage \u00e0 la reine berb\u00e8re Dihya\"}]},{\"@type\":\"WebSite\",\"@id\":\"https:\/\/kapitalis.com\/tunisie\/#website\",\"url\":\"https:\/\/kapitalis.com\/tunisie\/\",\"name\":\"Kapitalis\",\"description\":\"L&#039;actualit\u00e9 en Tunisie et dans le monde\",\"publisher\":{\"@id\":\"https:\/\/kapitalis.com\/tunisie\/#organization\"},\"potentialAction\":[{\"@type\":\"SearchAction\",\"target\":{\"@type\":\"EntryPoint\",\"urlTemplate\":\"https:\/\/kapitalis.com\/tunisie\/?s={search_term_string}\"},\"query-input\":{\"@type\":\"PropertyValueSpecification\",\"valueRequired\":true,\"valueName\":\"search_term_string\"}}],\"inLanguage\":\"fr-FR\"},{\"@type\":\"Organization\",\"@id\":\"https:\/\/kapitalis.com\/tunisie\/#organization\",\"name\":\"Kapitalis\",\"url\":\"https:\/\/kapitalis.com\/tunisie\/\",\"logo\":{\"@type\":\"ImageObject\",\"inLanguage\":\"fr-FR\",\"@id\":\"https:\/\/kapitalis.com\/tunisie\/#\/schema\/logo\/image\/\",\"url\":\"https:\/\/kapitalis.com\/tunisie\/wp-content\/uploads\/2022\/05\/Kapitalis-big-size.png\",\"contentUrl\":\"https:\/\/kapitalis.com\/tunisie\/wp-content\/uploads\/2022\/05\/Kapitalis-big-size.png\",\"width\":5000,\"height\":1500,\"caption\":\"Kapitalis\"},\"image\":{\"@id\":\"https:\/\/kapitalis.com\/tunisie\/#\/schema\/logo\/image\/\"},\"sameAs\":[\"https:\/\/www.facebook.com\/KapitalisInfo\/\",\"https:\/\/x.com\/KapitalisInfo\",\"https:\/\/www.youtube.com\/channel\/UC-yDYrHyfFBWWZaOw3FPg9Q\"]},{\"@type\":\"Person\",\"@id\":\"https:\/\/kapitalis.com\/tunisie\/#\/schema\/person\/73a5ecc1f6ae540c6ed91342eadca948\",\"name\":\"Fawz BenAli\",\"url\":\"https:\/\/kapitalis.com\/tunisie\/author\/fawz\/\"}]}<\/script>\n<!-- \/ Yoast SEO plugin. -->","yoast_head_json":{"title":"Vient de para\u00eetre : \u00ab La Kahina \u00bb, ouvrage illustr\u00e9 par l\u2019artiste tunisien Ilyes Messaoudi en hommage \u00e0 la reine berb\u00e8re Dihya - Kapitalis","robots":{"index":"index","follow":"follow","max-snippet":"max-snippet:-1","max-image-preview":"max-image-preview:large","max-video-preview":"max-video-preview:-1"},"canonical":"https:\/\/kapitalis.com\/tunisie\/2022\/01\/29\/vient-de-paraitre-la-kahina-ouvrage-illustre-par-lartiste-tunisien-ilyes-messaoudi-en-hommage-a-la-reine-berbere-dihya\/","og_locale":"fr_FR","og_type":"article","og_title":"Vient de para\u00eetre : \u00ab La Kahina \u00bb, ouvrage illustr\u00e9 par l\u2019artiste tunisien Ilyes Messaoudi en hommage \u00e0 la reine berb\u00e8re Dihya - Kapitalis","og_description":"\u00ab\u00a0La Kahina\u00a0\u00bb, \u00e9crit par Aur\u00e9lien Simon et illustr\u00e9 par Ilyes Messaoudi vient de para\u00eetre chez Orients Editions. Il retrace la vie de la cheffe berb\u00e8re Dihya, une figure f\u00e9minine historique de l\u2019Afrique du Nord.","og_url":"https:\/\/kapitalis.com\/tunisie\/2022\/01\/29\/vient-de-paraitre-la-kahina-ouvrage-illustre-par-lartiste-tunisien-ilyes-messaoudi-en-hommage-a-la-reine-berbere-dihya\/","og_site_name":"Kapitalis","article_publisher":"https:\/\/www.facebook.com\/KapitalisInfo\/","article_published_time":"2022-01-29T08:59:55+00:00","article_modified_time":"2022-01-29T09:02:56+00:00","og_image":[{"width":1200,"height":630,"url":"https:\/\/kapitalis.com\/tunisie\/wp-content\/uploads\/2022\/05\/kapitalis-logo-fb.png","type":"image\/png"}],"author":"Fawz BenAli","twitter_card":"summary_large_image","twitter_creator":"@KapitalisInfo","twitter_site":"@KapitalisInfo","twitter_misc":{"\u00c9crit par":"Fawz BenAli","Dur\u00e9e de lecture estim\u00e9e":"1 minute"},"schema":{"@context":"https:\/\/schema.org","@graph":[{"@type":"Article","@id":"https:\/\/kapitalis.com\/tunisie\/2022\/01\/29\/vient-de-paraitre-la-kahina-ouvrage-illustre-par-lartiste-tunisien-ilyes-messaoudi-en-hommage-a-la-reine-berbere-dihya\/#article","isPartOf":{"@id":"https:\/\/kapitalis.com\/tunisie\/2022\/01\/29\/vient-de-paraitre-la-kahina-ouvrage-illustre-par-lartiste-tunisien-ilyes-messaoudi-en-hommage-a-la-reine-berbere-dihya\/"},"author":{"name":"Fawz BenAli","@id":"https:\/\/kapitalis.com\/tunisie\/#\/schema\/person\/73a5ecc1f6ae540c6ed91342eadca948"},"headline":"Vient de para\u00eetre : \u00ab La Kahina \u00bb, ouvrage illustr\u00e9 par l\u2019artiste tunisien Ilyes Messaoudi en hommage \u00e0 la reine berb\u00e8re Dihya","datePublished":"2022-01-29T08:59:55+00:00","dateModified":"2022-01-29T09:02:56+00:00","mainEntityOfPage":{"@id":"https:\/\/kapitalis.com\/tunisie\/2022\/01\/29\/vient-de-paraitre-la-kahina-ouvrage-illustre-par-lartiste-tunisien-ilyes-messaoudi-en-hommage-a-la-reine-berbere-dihya\/"},"wordCount":235,"commentCount":2,"publisher":{"@id":"https:\/\/kapitalis.com\/tunisie\/#organization"},"image":{"@id":"https:\/\/kapitalis.com\/tunisie\/2022\/01\/29\/vient-de-paraitre-la-kahina-ouvrage-illustre-par-lartiste-tunisien-ilyes-messaoudi-en-hommage-a-la-reine-berbere-dihya\/#primaryimage"},"thumbnailUrl":"","keywords":["Aur\u00e9lien Simon","illustrations","Ilyes Messaoudi","La Kahina","Orients Editions","Tunisie"],"articleSection":["CULTURE","Tunisie"],"inLanguage":"fr-FR","potentialAction":[{"@type":"CommentAction","name":"Comment","target":["https:\/\/kapitalis.com\/tunisie\/2022\/01\/29\/vient-de-paraitre-la-kahina-ouvrage-illustre-par-lartiste-tunisien-ilyes-messaoudi-en-hommage-a-la-reine-berbere-dihya\/#respond"]}]},{"@type":"WebPage","@id":"https:\/\/kapitalis.com\/tunisie\/2022\/01\/29\/vient-de-paraitre-la-kahina-ouvrage-illustre-par-lartiste-tunisien-ilyes-messaoudi-en-hommage-a-la-reine-berbere-dihya\/","url":"https:\/\/kapitalis.com\/tunisie\/2022\/01\/29\/vient-de-paraitre-la-kahina-ouvrage-illustre-par-lartiste-tunisien-ilyes-messaoudi-en-hommage-a-la-reine-berbere-dihya\/","name":"Vient de para\u00eetre : \u00ab La Kahina \u00bb, ouvrage illustr\u00e9 par l\u2019artiste tunisien Ilyes Messaoudi en hommage \u00e0 la reine berb\u00e8re Dihya - Kapitalis","isPartOf":{"@id":"https:\/\/kapitalis.com\/tunisie\/#website"},"primaryImageOfPage":{"@id":"https:\/\/kapitalis.com\/tunisie\/2022\/01\/29\/vient-de-paraitre-la-kahina-ouvrage-illustre-par-lartiste-tunisien-ilyes-messaoudi-en-hommage-a-la-reine-berbere-dihya\/#primaryimage"},"image":{"@id":"https:\/\/kapitalis.com\/tunisie\/2022\/01\/29\/vient-de-paraitre-la-kahina-ouvrage-illustre-par-lartiste-tunisien-ilyes-messaoudi-en-hommage-a-la-reine-berbere-dihya\/#primaryimage"},"thumbnailUrl":"","datePublished":"2022-01-29T08:59:55+00:00","dateModified":"2022-01-29T09:02:56+00:00","breadcrumb":{"@id":"https:\/\/kapitalis.com\/tunisie\/2022\/01\/29\/vient-de-paraitre-la-kahina-ouvrage-illustre-par-lartiste-tunisien-ilyes-messaoudi-en-hommage-a-la-reine-berbere-dihya\/#breadcrumb"},"inLanguage":"fr-FR","potentialAction":[{"@type":"ReadAction","target":["https:\/\/kapitalis.com\/tunisie\/2022\/01\/29\/vient-de-paraitre-la-kahina-ouvrage-illustre-par-lartiste-tunisien-ilyes-messaoudi-en-hommage-a-la-reine-berbere-dihya\/"]}]},{"@type":"ImageObject","inLanguage":"fr-FR","@id":"https:\/\/kapitalis.com\/tunisie\/2022\/01\/29\/vient-de-paraitre-la-kahina-ouvrage-illustre-par-lartiste-tunisien-ilyes-messaoudi-en-hommage-a-la-reine-berbere-dihya\/#primaryimage","url":"","contentUrl":""},{"@type":"BreadcrumbList","@id":"https:\/\/kapitalis.com\/tunisie\/2022\/01\/29\/vient-de-paraitre-la-kahina-ouvrage-illustre-par-lartiste-tunisien-ilyes-messaoudi-en-hommage-a-la-reine-berbere-dihya\/#breadcrumb","itemListElement":[{"@type":"ListItem","position":1,"name":"Accueil","item":"https:\/\/kapitalis.com\/tunisie\/"},{"@type":"ListItem","position":2,"name":"Vient de para\u00eetre : \u00ab La Kahina \u00bb, ouvrage illustr\u00e9 par l\u2019artiste tunisien Ilyes Messaoudi en hommage \u00e0 la reine berb\u00e8re Dihya"}]},{"@type":"WebSite","@id":"https:\/\/kapitalis.com\/tunisie\/#website","url":"https:\/\/kapitalis.com\/tunisie\/","name":"Kapitalis","description":"L&#039;actualit\u00e9 en Tunisie et dans le monde","publisher":{"@id":"https:\/\/kapitalis.com\/tunisie\/#organization"},"potentialAction":[{"@type":"SearchAction","target":{"@type":"EntryPoint","urlTemplate":"https:\/\/kapitalis.com\/tunisie\/?s={search_term_string}"},"query-input":{"@type":"PropertyValueSpecification","valueRequired":true,"valueName":"search_term_string"}}],"inLanguage":"fr-FR"},{"@type":"Organization","@id":"https:\/\/kapitalis.com\/tunisie\/#organization","name":"Kapitalis","url":"https:\/\/kapitalis.com\/tunisie\/","logo":{"@type":"ImageObject","inLanguage":"fr-FR","@id":"https:\/\/kapitalis.com\/tunisie\/#\/schema\/logo\/image\/","url":"https:\/\/kapitalis.com\/tunisie\/wp-content\/uploads\/2022\/05\/Kapitalis-big-size.png","contentUrl":"https:\/\/kapitalis.com\/tunisie\/wp-content\/uploads\/2022\/05\/Kapitalis-big-size.png","width":5000,"height":1500,"caption":"Kapitalis"},"image":{"@id":"https:\/\/kapitalis.com\/tunisie\/#\/schema\/logo\/image\/"},"sameAs":["https:\/\/www.facebook.com\/KapitalisInfo\/","https:\/\/x.com\/KapitalisInfo","https:\/\/www.youtube.com\/channel\/UC-yDYrHyfFBWWZaOw3FPg9Q"]},{"@type":"Person","@id":"https:\/\/kapitalis.com\/tunisie\/#\/schema\/person\/73a5ecc1f6ae540c6ed91342eadca948","name":"Fawz BenAli","url":"https:\/\/kapitalis.com\/tunisie\/author\/fawz\/"}]}},"_links":{"self":[{"href":"https:\/\/kapitalis.com\/tunisie\/wp-json\/wp\/v2\/posts\/378830","targetHints":{"allow":["GET"]}}],"collection":[{"href":"https:\/\/kapitalis.com\/tunisie\/wp-json\/wp\/v2\/posts"}],"about":[{"href":"https:\/\/kapitalis.com\/tunisie\/wp-json\/wp\/v2\/types\/post"}],"author":[{"embeddable":true,"href":"https:\/\/kapitalis.com\/tunisie\/wp-json\/wp\/v2\/users\/26"}],"replies":[{"embeddable":true,"href":"https:\/\/kapitalis.com\/tunisie\/wp-json\/wp\/v2\/comments?post=378830"}],"version-history":[{"count":0,"href":"https:\/\/kapitalis.com\/tunisie\/wp-json\/wp\/v2\/posts\/378830\/revisions"}],"wp:featuredmedia":[{"embeddable":true,"href":"https:\/\/kapitalis.com\/tunisie\/wp-json\/wp\/v2\/media\/378831"}],"wp:attachment":[{"href":"https:\/\/kapitalis.com\/tunisie\/wp-json\/wp\/v2\/media?parent=378830"}],"wp:term":[{"taxonomy":"category","embeddable":true,"href":"https:\/\/kapitalis.com\/tunisie\/wp-json\/wp\/v2\/categories?post=378830"},{"taxonomy":"post_tag","embeddable":true,"href":"https:\/\/kapitalis.com\/tunisie\/wp-json\/wp\/v2\/tags?post=378830"}],"curies":[{"name":"wp","href":"https:\/\/api.w.org\/{rel}","templated":true}]}}