{"id":378901,"date":"2022-01-29T23:01:37","date_gmt":"2022-01-29T22:01:37","guid":{"rendered":"http:\/\/kapitalis.com\/tunisie\/?p=378901"},"modified":"2022-01-29T23:04:45","modified_gmt":"2022-01-29T22:04:45","slug":"can-2022-fin-de-laventure-pour-la-tunisie-photos","status":"publish","type":"post","link":"https:\/\/kapitalis.com\/tunisie\/2022\/01\/29\/can-2022-fin-de-laventure-pour-la-tunisie-photos\/","title":{"rendered":"CAN 2022 : Fin de l\u2019aventure pour la Tunisie (Photos)"},"content":{"rendered":"\n<div class=\"wp-block-image\"><figure class=\"aligncenter size-full\"><img decoding=\"async\" src=\"http:\/\/kapitalis.com\/tunisie\/wp-content\/uploads\/2022\/01\/CAN-Tunisie-Kbaier.jpg\" alt=\"\" class=\"wp-image-378903\"\/><\/figure><\/div>\n\n\n\n<p><strong><em>La Tunisie s\u2019est inclin\u00e9e, ce samedi 29 janvier 2022, face au Burkina Faso en quarts de finale de la Coupe d&rsquo;Afrique des nations (CAN 2022)<\/em><\/strong>.<\/p>\n\n\n\n<!--more-->\n\n\n\n<p>Le Burkina Faso prive encore une fois la Tunisie du dernier carr\u00e9, comme en 1998 et 2017, les Etalons son parvenus \u00e0 s&rsquo;imposer contre les Aigles de Carthage en quart de finale de la CAN (1-0).<\/p>\n\n\n\n<p>Absente lors de la premi\u00e8re p\u00e9riode, la s\u00e9lection tunisienne a encaiss\u00e9 un but lors du temps additionnel, sign\u00e9 Dango Ouattara.<\/p>\n\n\n\n<figure class=\"wp-block-gallery columns-2 is-cropped wp-block-gallery-1 is-layout-flex wp-block-gallery-is-layout-flex\"><ul class=\"blocks-gallery-grid\"><li class=\"blocks-gallery-item\"><figure><img decoding=\"async\" src=\"http:\/\/kapitalis.com\/tunisie\/wp-content\/uploads\/2022\/01\/f4.jpg\" alt=\"\" data-id=\"378904\" data-full-url=\"http:\/\/kapitalis.com\/tunisie\/wp-content\/uploads\/2022\/01\/f4.jpg\" data-link=\"http:\/\/kapitalis.com\/tunisie\/?attachment_id=378904\" class=\"wp-image-378904\"\/><\/figure><\/li><li class=\"blocks-gallery-item\"><figure><img decoding=\"async\" src=\"http:\/\/kapitalis.com\/tunisie\/wp-content\/uploads\/2022\/01\/f3.jpg\" alt=\"\" data-id=\"378905\" data-full-url=\"http:\/\/kapitalis.com\/tunisie\/wp-content\/uploads\/2022\/01\/f3.jpg\" data-link=\"http:\/\/kapitalis.com\/tunisie\/?attachment_id=378905\" class=\"wp-image-378905\"\/><\/figure><\/li><li class=\"blocks-gallery-item\"><figure><img decoding=\"async\" src=\"http:\/\/kapitalis.com\/tunisie\/wp-content\/uploads\/2022\/01\/f2.jpg\" alt=\"\" data-id=\"378906\" data-full-url=\"http:\/\/kapitalis.com\/tunisie\/wp-content\/uploads\/2022\/01\/f2.jpg\" data-link=\"http:\/\/kapitalis.com\/tunisie\/?attachment_id=378906\" class=\"wp-image-378906\"\/><\/figure><\/li><li class=\"blocks-gallery-item\"><figure><img decoding=\"async\" src=\"http:\/\/kapitalis.com\/tunisie\/wp-content\/uploads\/2022\/01\/Msakni-Tunisie.jpg\" alt=\"\" data-id=\"378907\" data-full-url=\"http:\/\/kapitalis.com\/tunisie\/wp-content\/uploads\/2022\/01\/Msakni-Tunisie.jpg\" data-link=\"http:\/\/kapitalis.com\/tunisie\/?attachment_id=378907\" class=\"wp-image-378907\"\/><\/figure><\/li><\/ul><\/figure>\n\n\n\n<p>Les Tunisiens se sont remobilis\u00e9s lors de la deuxi\u00e8me p\u00e9riode, mais le Burkina Faso ne laissera rien passer, m\u00eame apr\u00e8s l&rsquo;expulsion de Dango Ouattara, auteur de l&rsquo;unique r\u00e9alisation de la rencontre, qui a \u00e9cop\u00e9 d&rsquo;un carton rouge pour un coup de coude.<\/p>\n\n\n\n<figure class=\"wp-block-gallery columns-2 is-cropped wp-block-gallery-2 is-layout-flex wp-block-gallery-is-layout-flex\"><ul class=\"blocks-gallery-grid\"><li class=\"blocks-gallery-item\"><figure><img decoding=\"async\" src=\"http:\/\/kapitalis.com\/tunisie\/wp-content\/uploads\/2022\/01\/f10.jpg\" alt=\"\" data-id=\"378908\" data-full-url=\"http:\/\/kapitalis.com\/tunisie\/wp-content\/uploads\/2022\/01\/f10.jpg\" data-link=\"http:\/\/kapitalis.com\/tunisie\/?attachment_id=378908\" class=\"wp-image-378908\"\/><\/figure><\/li><li class=\"blocks-gallery-item\"><figure><img decoding=\"async\" src=\"http:\/\/kapitalis.com\/tunisie\/wp-content\/uploads\/2022\/01\/f9.jpg\" alt=\"\" data-id=\"378909\" data-full-url=\"http:\/\/kapitalis.com\/tunisie\/wp-content\/uploads\/2022\/01\/f9.jpg\" data-link=\"http:\/\/kapitalis.com\/tunisie\/?attachment_id=378909\" class=\"wp-image-378909\"\/><\/figure><\/li><li class=\"blocks-gallery-item\"><figure><img decoding=\"async\" src=\"http:\/\/kapitalis.com\/tunisie\/wp-content\/uploads\/2022\/01\/f8.jpg\" alt=\"\" data-id=\"378910\" data-full-url=\"http:\/\/kapitalis.com\/tunisie\/wp-content\/uploads\/2022\/01\/f8.jpg\" data-link=\"http:\/\/kapitalis.com\/tunisie\/?attachment_id=378910\" class=\"wp-image-378910\"\/><\/figure><\/li><li class=\"blocks-gallery-item\"><figure><img decoding=\"async\" src=\"http:\/\/kapitalis.com\/tunisie\/wp-content\/uploads\/2022\/01\/f7.jpg\" alt=\"\" data-id=\"378911\" data-full-url=\"http:\/\/kapitalis.com\/tunisie\/wp-content\/uploads\/2022\/01\/f7.jpg\" data-link=\"http:\/\/kapitalis.com\/tunisie\/?attachment_id=378911\" class=\"wp-image-378911\"\/><\/figure><\/li><\/ul><\/figure>\n\n\n\n<p>Les Aigles de Carthage quittent ainsi la comp\u00e9tition au stade des quarts de finale alors que le Burkina s&rsquo;envole pour les demi-finales pour la quatri\u00e8me fois de son histoire.<\/p>\n\n\n\n<p class=\"has-text-align-right\"><strong>Y. N.<\/strong><\/p>\n","protected":false},"excerpt":{"rendered":"<p>La Tunisie s\u2019est inclin\u00e9e, ce samedi 29 janvier 2022, face au Burkina Faso en quarts de finale de la Coupe d&rsquo;Afrique des nations (CAN 2022).<\/p>\n","protected":false},"author":6,"featured_media":378903,"comment_status":"open","ping_status":"open","sticky":false,"template":"","format":"standard","meta":{"footnotes":""},"categories":[999,2433],"tags":[4195,76288,62643],"class_list":["post-378901","post","type-post","status-publish","format-standard","has-post-thumbnail","hentry","category-sport","category-tunisie","tag-aigles-de-carthage","tag-burkina-faso-2","tag-tunisie"],"yoast_head":"<!-- This site is optimized with the Yoast SEO plugin v26.6 - https:\/\/yoast.com\/wordpress\/plugins\/seo\/ -->\n<title>CAN 2022 : Fin de l\u2019aventure pour la Tunisie (Photos) - Kapitalis<\/title>\n<meta name=\"robots\" content=\"index, follow, max-snippet:-1, max-image-preview:large, max-video-preview:-1\" \/>\n<link rel=\"canonical\" href=\"https:\/\/kapitalis.com\/tunisie\/2022\/01\/29\/can-2022-fin-de-laventure-pour-la-tunisie-photos\/\" \/>\n<meta property=\"og:locale\" content=\"fr_FR\" \/>\n<meta property=\"og:type\" content=\"article\" \/>\n<meta property=\"og:title\" content=\"CAN 2022 : Fin de l\u2019aventure pour la Tunisie (Photos) - Kapitalis\" \/>\n<meta property=\"og:description\" content=\"La Tunisie s\u2019est inclin\u00e9e, ce samedi 29 janvier 2022, face au Burkina Faso en quarts de finale de la Coupe d&rsquo;Afrique des nations (CAN 2022).\" \/>\n<meta property=\"og:url\" content=\"https:\/\/kapitalis.com\/tunisie\/2022\/01\/29\/can-2022-fin-de-laventure-pour-la-tunisie-photos\/\" \/>\n<meta property=\"og:site_name\" content=\"Kapitalis\" \/>\n<meta property=\"article:publisher\" content=\"https:\/\/www.facebook.com\/KapitalisInfo\/\" \/>\n<meta property=\"article:published_time\" content=\"2022-01-29T22:01:37+00:00\" \/>\n<meta property=\"article:modified_time\" content=\"2022-01-29T22:04:45+00:00\" \/>\n<meta property=\"og:image\" content=\"https:\/\/kapitalis.com\/tunisie\/wp-content\/uploads\/2022\/05\/kapitalis-logo-fb.png\" \/>\n\t<meta property=\"og:image:width\" content=\"1200\" \/>\n\t<meta property=\"og:image:height\" content=\"630\" \/>\n\t<meta property=\"og:image:type\" content=\"image\/png\" \/>\n<meta name=\"author\" content=\"Yusra NY\" \/>\n<meta name=\"twitter:card\" content=\"summary_large_image\" \/>\n<meta name=\"twitter:creator\" content=\"@KapitalisInfo\" \/>\n<meta name=\"twitter:site\" content=\"@KapitalisInfo\" \/>\n<meta name=\"twitter:label1\" content=\"\u00c9crit par\" \/>\n\t<meta name=\"twitter:data1\" content=\"Yusra NY\" \/>\n\t<meta name=\"twitter:label2\" content=\"Dur\u00e9e de lecture estim\u00e9e\" \/>\n\t<meta name=\"twitter:data2\" content=\"1 minute\" \/>\n<script type=\"application\/ld+json\" class=\"yoast-schema-graph\">{\"@context\":\"https:\/\/schema.org\",\"@graph\":[{\"@type\":\"Article\",\"@id\":\"https:\/\/kapitalis.com\/tunisie\/2022\/01\/29\/can-2022-fin-de-laventure-pour-la-tunisie-photos\/#article\",\"isPartOf\":{\"@id\":\"https:\/\/kapitalis.com\/tunisie\/2022\/01\/29\/can-2022-fin-de-laventure-pour-la-tunisie-photos\/\"},\"author\":{\"name\":\"Yusra NY\",\"@id\":\"https:\/\/kapitalis.com\/tunisie\/#\/schema\/person\/74bbde0154d49d790a92aaeac5bc01d5\"},\"headline\":\"CAN 2022 : Fin de l\u2019aventure pour la Tunisie (Photos)\",\"datePublished\":\"2022-01-29T22:01:37+00:00\",\"dateModified\":\"2022-01-29T22:04:45+00:00\",\"mainEntityOfPage\":{\"@id\":\"https:\/\/kapitalis.com\/tunisie\/2022\/01\/29\/can-2022-fin-de-laventure-pour-la-tunisie-photos\/\"},\"wordCount\":170,\"commentCount\":1,\"publisher\":{\"@id\":\"https:\/\/kapitalis.com\/tunisie\/#organization\"},\"image\":{\"@id\":\"https:\/\/kapitalis.com\/tunisie\/2022\/01\/29\/can-2022-fin-de-laventure-pour-la-tunisie-photos\/#primaryimage\"},\"thumbnailUrl\":\"\",\"keywords\":[\"aigles de Carthage\",\"Burkina Faso\",\"Tunisie\"],\"articleSection\":[\"SPORT\",\"Tunisie\"],\"inLanguage\":\"fr-FR\",\"potentialAction\":[{\"@type\":\"CommentAction\",\"name\":\"Comment\",\"target\":[\"https:\/\/kapitalis.com\/tunisie\/2022\/01\/29\/can-2022-fin-de-laventure-pour-la-tunisie-photos\/#respond\"]}]},{\"@type\":\"WebPage\",\"@id\":\"https:\/\/kapitalis.com\/tunisie\/2022\/01\/29\/can-2022-fin-de-laventure-pour-la-tunisie-photos\/\",\"url\":\"https:\/\/kapitalis.com\/tunisie\/2022\/01\/29\/can-2022-fin-de-laventure-pour-la-tunisie-photos\/\",\"name\":\"CAN 2022 : Fin de l\u2019aventure pour la Tunisie (Photos) - Kapitalis\",\"isPartOf\":{\"@id\":\"https:\/\/kapitalis.com\/tunisie\/#website\"},\"primaryImageOfPage\":{\"@id\":\"https:\/\/kapitalis.com\/tunisie\/2022\/01\/29\/can-2022-fin-de-laventure-pour-la-tunisie-photos\/#primaryimage\"},\"image\":{\"@id\":\"https:\/\/kapitalis.com\/tunisie\/2022\/01\/29\/can-2022-fin-de-laventure-pour-la-tunisie-photos\/#primaryimage\"},\"thumbnailUrl\":\"\",\"datePublished\":\"2022-01-29T22:01:37+00:00\",\"dateModified\":\"2022-01-29T22:04:45+00:00\",\"breadcrumb\":{\"@id\":\"https:\/\/kapitalis.com\/tunisie\/2022\/01\/29\/can-2022-fin-de-laventure-pour-la-tunisie-photos\/#breadcrumb\"},\"inLanguage\":\"fr-FR\",\"potentialAction\":[{\"@type\":\"ReadAction\",\"target\":[\"https:\/\/kapitalis.com\/tunisie\/2022\/01\/29\/can-2022-fin-de-laventure-pour-la-tunisie-photos\/\"]}]},{\"@type\":\"ImageObject\",\"inLanguage\":\"fr-FR\",\"@id\":\"https:\/\/kapitalis.com\/tunisie\/2022\/01\/29\/can-2022-fin-de-laventure-pour-la-tunisie-photos\/#primaryimage\",\"url\":\"\",\"contentUrl\":\"\"},{\"@type\":\"BreadcrumbList\",\"@id\":\"https:\/\/kapitalis.com\/tunisie\/2022\/01\/29\/can-2022-fin-de-laventure-pour-la-tunisie-photos\/#breadcrumb\",\"itemListElement\":[{\"@type\":\"ListItem\",\"position\":1,\"name\":\"Accueil\",\"item\":\"https:\/\/kapitalis.com\/tunisie\/\"},{\"@type\":\"ListItem\",\"position\":2,\"name\":\"CAN 2022 : Fin de l\u2019aventure pour la Tunisie (Photos)\"}]},{\"@type\":\"WebSite\",\"@id\":\"https:\/\/kapitalis.com\/tunisie\/#website\",\"url\":\"https:\/\/kapitalis.com\/tunisie\/\",\"name\":\"Kapitalis\",\"description\":\"L&#039;actualit\u00e9 en Tunisie et dans le monde\",\"publisher\":{\"@id\":\"https:\/\/kapitalis.com\/tunisie\/#organization\"},\"potentialAction\":[{\"@type\":\"SearchAction\",\"target\":{\"@type\":\"EntryPoint\",\"urlTemplate\":\"https:\/\/kapitalis.com\/tunisie\/?s={search_term_string}\"},\"query-input\":{\"@type\":\"PropertyValueSpecification\",\"valueRequired\":true,\"valueName\":\"search_term_string\"}}],\"inLanguage\":\"fr-FR\"},{\"@type\":\"Organization\",\"@id\":\"https:\/\/kapitalis.com\/tunisie\/#organization\",\"name\":\"Kapitalis\",\"url\":\"https:\/\/kapitalis.com\/tunisie\/\",\"logo\":{\"@type\":\"ImageObject\",\"inLanguage\":\"fr-FR\",\"@id\":\"https:\/\/kapitalis.com\/tunisie\/#\/schema\/logo\/image\/\",\"url\":\"https:\/\/kapitalis.com\/tunisie\/wp-content\/uploads\/2022\/05\/Kapitalis-big-size.png\",\"contentUrl\":\"https:\/\/kapitalis.com\/tunisie\/wp-content\/uploads\/2022\/05\/Kapitalis-big-size.png\",\"width\":5000,\"height\":1500,\"caption\":\"Kapitalis\"},\"image\":{\"@id\":\"https:\/\/kapitalis.com\/tunisie\/#\/schema\/logo\/image\/\"},\"sameAs\":[\"https:\/\/www.facebook.com\/KapitalisInfo\/\",\"https:\/\/x.com\/KapitalisInfo\",\"https:\/\/www.youtube.com\/channel\/UC-yDYrHyfFBWWZaOw3FPg9Q\"]},{\"@type\":\"Person\",\"@id\":\"https:\/\/kapitalis.com\/tunisie\/#\/schema\/person\/74bbde0154d49d790a92aaeac5bc01d5\",\"name\":\"Yusra NY\",\"url\":\"https:\/\/kapitalis.com\/tunisie\/author\/yuza_adam\/\"}]}<\/script>\n<!-- \/ Yoast SEO plugin. -->","yoast_head_json":{"title":"CAN 2022 : Fin de l\u2019aventure pour la Tunisie (Photos) - Kapitalis","robots":{"index":"index","follow":"follow","max-snippet":"max-snippet:-1","max-image-preview":"max-image-preview:large","max-video-preview":"max-video-preview:-1"},"canonical":"https:\/\/kapitalis.com\/tunisie\/2022\/01\/29\/can-2022-fin-de-laventure-pour-la-tunisie-photos\/","og_locale":"fr_FR","og_type":"article","og_title":"CAN 2022 : Fin de l\u2019aventure pour la Tunisie (Photos) - Kapitalis","og_description":"La Tunisie s\u2019est inclin\u00e9e, ce samedi 29 janvier 2022, face au Burkina Faso en quarts de finale de la Coupe d&rsquo;Afrique des nations (CAN 2022).","og_url":"https:\/\/kapitalis.com\/tunisie\/2022\/01\/29\/can-2022-fin-de-laventure-pour-la-tunisie-photos\/","og_site_name":"Kapitalis","article_publisher":"https:\/\/www.facebook.com\/KapitalisInfo\/","article_published_time":"2022-01-29T22:01:37+00:00","article_modified_time":"2022-01-29T22:04:45+00:00","og_image":[{"width":1200,"height":630,"url":"https:\/\/kapitalis.com\/tunisie\/wp-content\/uploads\/2022\/05\/kapitalis-logo-fb.png","type":"image\/png"}],"author":"Yusra NY","twitter_card":"summary_large_image","twitter_creator":"@KapitalisInfo","twitter_site":"@KapitalisInfo","twitter_misc":{"\u00c9crit par":"Yusra NY","Dur\u00e9e de lecture estim\u00e9e":"1 minute"},"schema":{"@context":"https:\/\/schema.org","@graph":[{"@type":"Article","@id":"https:\/\/kapitalis.com\/tunisie\/2022\/01\/29\/can-2022-fin-de-laventure-pour-la-tunisie-photos\/#article","isPartOf":{"@id":"https:\/\/kapitalis.com\/tunisie\/2022\/01\/29\/can-2022-fin-de-laventure-pour-la-tunisie-photos\/"},"author":{"name":"Yusra NY","@id":"https:\/\/kapitalis.com\/tunisie\/#\/schema\/person\/74bbde0154d49d790a92aaeac5bc01d5"},"headline":"CAN 2022 : Fin de l\u2019aventure pour la Tunisie (Photos)","datePublished":"2022-01-29T22:01:37+00:00","dateModified":"2022-01-29T22:04:45+00:00","mainEntityOfPage":{"@id":"https:\/\/kapitalis.com\/tunisie\/2022\/01\/29\/can-2022-fin-de-laventure-pour-la-tunisie-photos\/"},"wordCount":170,"commentCount":1,"publisher":{"@id":"https:\/\/kapitalis.com\/tunisie\/#organization"},"image":{"@id":"https:\/\/kapitalis.com\/tunisie\/2022\/01\/29\/can-2022-fin-de-laventure-pour-la-tunisie-photos\/#primaryimage"},"thumbnailUrl":"","keywords":["aigles de Carthage","Burkina Faso","Tunisie"],"articleSection":["SPORT","Tunisie"],"inLanguage":"fr-FR","potentialAction":[{"@type":"CommentAction","name":"Comment","target":["https:\/\/kapitalis.com\/tunisie\/2022\/01\/29\/can-2022-fin-de-laventure-pour-la-tunisie-photos\/#respond"]}]},{"@type":"WebPage","@id":"https:\/\/kapitalis.com\/tunisie\/2022\/01\/29\/can-2022-fin-de-laventure-pour-la-tunisie-photos\/","url":"https:\/\/kapitalis.com\/tunisie\/2022\/01\/29\/can-2022-fin-de-laventure-pour-la-tunisie-photos\/","name":"CAN 2022 : Fin de l\u2019aventure pour la Tunisie (Photos) - Kapitalis","isPartOf":{"@id":"https:\/\/kapitalis.com\/tunisie\/#website"},"primaryImageOfPage":{"@id":"https:\/\/kapitalis.com\/tunisie\/2022\/01\/29\/can-2022-fin-de-laventure-pour-la-tunisie-photos\/#primaryimage"},"image":{"@id":"https:\/\/kapitalis.com\/tunisie\/2022\/01\/29\/can-2022-fin-de-laventure-pour-la-tunisie-photos\/#primaryimage"},"thumbnailUrl":"","datePublished":"2022-01-29T22:01:37+00:00","dateModified":"2022-01-29T22:04:45+00:00","breadcrumb":{"@id":"https:\/\/kapitalis.com\/tunisie\/2022\/01\/29\/can-2022-fin-de-laventure-pour-la-tunisie-photos\/#breadcrumb"},"inLanguage":"fr-FR","potentialAction":[{"@type":"ReadAction","target":["https:\/\/kapitalis.com\/tunisie\/2022\/01\/29\/can-2022-fin-de-laventure-pour-la-tunisie-photos\/"]}]},{"@type":"ImageObject","inLanguage":"fr-FR","@id":"https:\/\/kapitalis.com\/tunisie\/2022\/01\/29\/can-2022-fin-de-laventure-pour-la-tunisie-photos\/#primaryimage","url":"","contentUrl":""},{"@type":"BreadcrumbList","@id":"https:\/\/kapitalis.com\/tunisie\/2022\/01\/29\/can-2022-fin-de-laventure-pour-la-tunisie-photos\/#breadcrumb","itemListElement":[{"@type":"ListItem","position":1,"name":"Accueil","item":"https:\/\/kapitalis.com\/tunisie\/"},{"@type":"ListItem","position":2,"name":"CAN 2022 : Fin de l\u2019aventure pour la Tunisie (Photos)"}]},{"@type":"WebSite","@id":"https:\/\/kapitalis.com\/tunisie\/#website","url":"https:\/\/kapitalis.com\/tunisie\/","name":"Kapitalis","description":"L&#039;actualit\u00e9 en Tunisie et dans le monde","publisher":{"@id":"https:\/\/kapitalis.com\/tunisie\/#organization"},"potentialAction":[{"@type":"SearchAction","target":{"@type":"EntryPoint","urlTemplate":"https:\/\/kapitalis.com\/tunisie\/?s={search_term_string}"},"query-input":{"@type":"PropertyValueSpecification","valueRequired":true,"valueName":"search_term_string"}}],"inLanguage":"fr-FR"},{"@type":"Organization","@id":"https:\/\/kapitalis.com\/tunisie\/#organization","name":"Kapitalis","url":"https:\/\/kapitalis.com\/tunisie\/","logo":{"@type":"ImageObject","inLanguage":"fr-FR","@id":"https:\/\/kapitalis.com\/tunisie\/#\/schema\/logo\/image\/","url":"https:\/\/kapitalis.com\/tunisie\/wp-content\/uploads\/2022\/05\/Kapitalis-big-size.png","contentUrl":"https:\/\/kapitalis.com\/tunisie\/wp-content\/uploads\/2022\/05\/Kapitalis-big-size.png","width":5000,"height":1500,"caption":"Kapitalis"},"image":{"@id":"https:\/\/kapitalis.com\/tunisie\/#\/schema\/logo\/image\/"},"sameAs":["https:\/\/www.facebook.com\/KapitalisInfo\/","https:\/\/x.com\/KapitalisInfo","https:\/\/www.youtube.com\/channel\/UC-yDYrHyfFBWWZaOw3FPg9Q"]},{"@type":"Person","@id":"https:\/\/kapitalis.com\/tunisie\/#\/schema\/person\/74bbde0154d49d790a92aaeac5bc01d5","name":"Yusra NY","url":"https:\/\/kapitalis.com\/tunisie\/author\/yuza_adam\/"}]}},"_links":{"self":[{"href":"https:\/\/kapitalis.com\/tunisie\/wp-json\/wp\/v2\/posts\/378901","targetHints":{"allow":["GET"]}}],"collection":[{"href":"https:\/\/kapitalis.com\/tunisie\/wp-json\/wp\/v2\/posts"}],"about":[{"href":"https:\/\/kapitalis.com\/tunisie\/wp-json\/wp\/v2\/types\/post"}],"author":[{"embeddable":true,"href":"https:\/\/kapitalis.com\/tunisie\/wp-json\/wp\/v2\/users\/6"}],"replies":[{"embeddable":true,"href":"https:\/\/kapitalis.com\/tunisie\/wp-json\/wp\/v2\/comments?post=378901"}],"version-history":[{"count":0,"href":"https:\/\/kapitalis.com\/tunisie\/wp-json\/wp\/v2\/posts\/378901\/revisions"}],"wp:featuredmedia":[{"embeddable":true,"href":"https:\/\/kapitalis.com\/tunisie\/wp-json\/wp\/v2\/media\/378903"}],"wp:attachment":[{"href":"https:\/\/kapitalis.com\/tunisie\/wp-json\/wp\/v2\/media?parent=378901"}],"wp:term":[{"taxonomy":"category","embeddable":true,"href":"https:\/\/kapitalis.com\/tunisie\/wp-json\/wp\/v2\/categories?post=378901"},{"taxonomy":"post_tag","embeddable":true,"href":"https:\/\/kapitalis.com\/tunisie\/wp-json\/wp\/v2\/tags?post=378901"}],"curies":[{"name":"wp","href":"https:\/\/api.w.org\/{rel}","templated":true}]}}