{"id":379081,"date":"2022-01-31T19:23:21","date_gmt":"2022-01-31T18:23:21","guid":{"rendered":"http:\/\/kapitalis.com\/tunisie\/?p=379081"},"modified":"2022-01-31T19:26:06","modified_gmt":"2022-01-31T18:26:06","slug":"vents-forts-depassant-les-100-km-h-trois-gouvernorats-places-en-vigilance-orange","status":"publish","type":"post","link":"https:\/\/kapitalis.com\/tunisie\/2022\/01\/31\/vents-forts-depassant-les-100-km-h-trois-gouvernorats-places-en-vigilance-orange\/","title":{"rendered":"Vents forts d\u00e9passant les 100 km\/h : Trois gouvernorats plac\u00e9s en vigilance orange"},"content":{"rendered":"\n<div class=\"wp-block-image\"><figure class=\"aligncenter size-full\"><img decoding=\"async\" src=\"http:\/\/kapitalis.com\/tunisie\/wp-content\/uploads\/2022\/01\/Tunisie-vents-forts.jpg\" alt=\"\" class=\"wp-image-379084\"\/><\/figure><\/div>\n\n\n\n<p><strong><em>Dans une alerte m\u00e9t\u00e9o, publi\u00e9 ce lundi 31 janvier 2022, l&rsquo;Institut national de la m\u00e9t\u00e9orologie (INM) a indiqu\u00e9 que des vents forts, d\u00e9passant les 100 km\/h <strong><em>par endroits<\/em><\/strong>, sont attendus cette nuit. Trois gouvernorats ont \u00e9t\u00e9 plac\u00e9s en vigilance orange et 22 autres en jaune.<\/em><\/strong><\/p>\n\n\n\n<!--more-->\n\n\n\n<p>Cette mise \u00e0 jour a \u00e9t\u00e9 effectu\u00e9e par l&rsquo;INM, en raison des risques pouvant r\u00e9sulter de vents tr\u00e8s violents dont la vitesse peut d\u00e9passer temporairement 100 km\/h, indique l&rsquo;INM, sachant que seul le gouvernorat de Tatatouine a \u00e9t\u00e9 plac\u00e9 au niveau 1 (vert), o\u00f9 il n&rsquo;y a pas de vigilance particuli\u00e8re.<\/p>\n\n\n\n<p>La m\u00eame source a ajout\u00e9 que des pluies et des orages sont attendus dans le nord, au cours de cette nuit, alors que le centre et le sud du pays seront concern\u00e9s pas des passages nuageux.  <\/p>\n\n\n\n<p>Quant aux temp\u00e9ratures, l&rsquo;INM indique que les minimales varieront entre 9 et 14 degr\u00e9s et seront inf\u00e9rieures \u00e0 6\u00b0C sur les hauteurs.<\/p>\n\n\n\n<p class=\"has-text-align-right\"><strong>Y. N.<\/strong><\/p>\n","protected":false},"excerpt":{"rendered":"<p>Dans une alerte m\u00e9t\u00e9o, publi\u00e9 ce lundi 31 janvier 2022, l&rsquo;Institut national de la m\u00e9t\u00e9orologie (INM) a indiqu\u00e9 que des vents forts, d\u00e9passant les 100 km\/h par endroits, sont attendus cette nuit. Trois gouvernorats ont \u00e9t\u00e9 plac\u00e9s en vigilance orange et 22 autres en jaune.<\/p>\n","protected":false},"author":6,"featured_media":379084,"comment_status":"open","ping_status":"open","sticky":false,"template":"","format":"standard","meta":{"footnotes":""},"categories":[998,2433],"tags":[483,603,1664,62643,10254,96926],"class_list":["post-379081","post","type-post","status-publish","format-standard","has-post-thumbnail","hentry","category-societe","category-tunisie","tag-inm","tag-meteo","tag-pluies","tag-tunisie","tag-vents-forts","tag-vigilance-orange"],"yoast_head":"<!-- This site is optimized with the Yoast SEO plugin v26.6 - https:\/\/yoast.com\/wordpress\/plugins\/seo\/ -->\n<title>Vents forts d\u00e9passant les 100 km\/h : Trois gouvernorats plac\u00e9s en vigilance orange - Kapitalis<\/title>\n<meta name=\"robots\" content=\"index, follow, max-snippet:-1, max-image-preview:large, max-video-preview:-1\" \/>\n<link rel=\"canonical\" href=\"https:\/\/kapitalis.com\/tunisie\/2022\/01\/31\/vents-forts-depassant-les-100-km-h-trois-gouvernorats-places-en-vigilance-orange\/\" \/>\n<meta property=\"og:locale\" content=\"fr_FR\" \/>\n<meta property=\"og:type\" content=\"article\" \/>\n<meta property=\"og:title\" content=\"Vents forts d\u00e9passant les 100 km\/h : Trois gouvernorats plac\u00e9s en vigilance orange - Kapitalis\" \/>\n<meta property=\"og:description\" content=\"Dans une alerte m\u00e9t\u00e9o, publi\u00e9 ce lundi 31 janvier 2022, l&rsquo;Institut national de la m\u00e9t\u00e9orologie (INM) a indiqu\u00e9 que des vents forts, d\u00e9passant les 100 km\/h par endroits, sont attendus cette nuit. Trois gouvernorats ont \u00e9t\u00e9 plac\u00e9s en vigilance orange et 22 autres en jaune.\" \/>\n<meta property=\"og:url\" content=\"https:\/\/kapitalis.com\/tunisie\/2022\/01\/31\/vents-forts-depassant-les-100-km-h-trois-gouvernorats-places-en-vigilance-orange\/\" \/>\n<meta property=\"og:site_name\" content=\"Kapitalis\" \/>\n<meta property=\"article:publisher\" content=\"https:\/\/www.facebook.com\/KapitalisInfo\/\" \/>\n<meta property=\"article:published_time\" content=\"2022-01-31T18:23:21+00:00\" \/>\n<meta property=\"article:modified_time\" content=\"2022-01-31T18:26:06+00:00\" \/>\n<meta property=\"og:image\" content=\"https:\/\/kapitalis.com\/tunisie\/wp-content\/uploads\/2022\/05\/kapitalis-logo-fb.png\" \/>\n\t<meta property=\"og:image:width\" content=\"1200\" \/>\n\t<meta property=\"og:image:height\" content=\"630\" \/>\n\t<meta property=\"og:image:type\" content=\"image\/png\" \/>\n<meta name=\"author\" content=\"Yusra NY\" \/>\n<meta name=\"twitter:card\" content=\"summary_large_image\" \/>\n<meta name=\"twitter:creator\" content=\"@KapitalisInfo\" \/>\n<meta name=\"twitter:site\" content=\"@KapitalisInfo\" \/>\n<meta name=\"twitter:label1\" content=\"\u00c9crit par\" \/>\n\t<meta name=\"twitter:data1\" content=\"Yusra NY\" \/>\n\t<meta name=\"twitter:label2\" content=\"Dur\u00e9e de lecture estim\u00e9e\" \/>\n\t<meta name=\"twitter:data2\" content=\"1 minute\" \/>\n<script type=\"application\/ld+json\" class=\"yoast-schema-graph\">{\"@context\":\"https:\/\/schema.org\",\"@graph\":[{\"@type\":\"Article\",\"@id\":\"https:\/\/kapitalis.com\/tunisie\/2022\/01\/31\/vents-forts-depassant-les-100-km-h-trois-gouvernorats-places-en-vigilance-orange\/#article\",\"isPartOf\":{\"@id\":\"https:\/\/kapitalis.com\/tunisie\/2022\/01\/31\/vents-forts-depassant-les-100-km-h-trois-gouvernorats-places-en-vigilance-orange\/\"},\"author\":{\"name\":\"Yusra NY\",\"@id\":\"https:\/\/kapitalis.com\/tunisie\/#\/schema\/person\/74bbde0154d49d790a92aaeac5bc01d5\"},\"headline\":\"Vents forts d\u00e9passant les 100 km\/h : Trois gouvernorats plac\u00e9s en vigilance orange\",\"datePublished\":\"2022-01-31T18:23:21+00:00\",\"dateModified\":\"2022-01-31T18:26:06+00:00\",\"mainEntityOfPage\":{\"@id\":\"https:\/\/kapitalis.com\/tunisie\/2022\/01\/31\/vents-forts-depassant-les-100-km-h-trois-gouvernorats-places-en-vigilance-orange\/\"},\"wordCount\":178,\"commentCount\":1,\"publisher\":{\"@id\":\"https:\/\/kapitalis.com\/tunisie\/#organization\"},\"image\":{\"@id\":\"https:\/\/kapitalis.com\/tunisie\/2022\/01\/31\/vents-forts-depassant-les-100-km-h-trois-gouvernorats-places-en-vigilance-orange\/#primaryimage\"},\"thumbnailUrl\":\"\",\"keywords\":[\"INM\",\"m\u00e9t\u00e9o\",\"pluies\",\"Tunisie\",\"vents forts\",\"vigilance orange\"],\"articleSection\":[\"SOCIETE\",\"Tunisie\"],\"inLanguage\":\"fr-FR\",\"potentialAction\":[{\"@type\":\"CommentAction\",\"name\":\"Comment\",\"target\":[\"https:\/\/kapitalis.com\/tunisie\/2022\/01\/31\/vents-forts-depassant-les-100-km-h-trois-gouvernorats-places-en-vigilance-orange\/#respond\"]}]},{\"@type\":\"WebPage\",\"@id\":\"https:\/\/kapitalis.com\/tunisie\/2022\/01\/31\/vents-forts-depassant-les-100-km-h-trois-gouvernorats-places-en-vigilance-orange\/\",\"url\":\"https:\/\/kapitalis.com\/tunisie\/2022\/01\/31\/vents-forts-depassant-les-100-km-h-trois-gouvernorats-places-en-vigilance-orange\/\",\"name\":\"Vents forts d\u00e9passant les 100 km\/h : Trois gouvernorats plac\u00e9s en vigilance orange - Kapitalis\",\"isPartOf\":{\"@id\":\"https:\/\/kapitalis.com\/tunisie\/#website\"},\"primaryImageOfPage\":{\"@id\":\"https:\/\/kapitalis.com\/tunisie\/2022\/01\/31\/vents-forts-depassant-les-100-km-h-trois-gouvernorats-places-en-vigilance-orange\/#primaryimage\"},\"image\":{\"@id\":\"https:\/\/kapitalis.com\/tunisie\/2022\/01\/31\/vents-forts-depassant-les-100-km-h-trois-gouvernorats-places-en-vigilance-orange\/#primaryimage\"},\"thumbnailUrl\":\"\",\"datePublished\":\"2022-01-31T18:23:21+00:00\",\"dateModified\":\"2022-01-31T18:26:06+00:00\",\"breadcrumb\":{\"@id\":\"https:\/\/kapitalis.com\/tunisie\/2022\/01\/31\/vents-forts-depassant-les-100-km-h-trois-gouvernorats-places-en-vigilance-orange\/#breadcrumb\"},\"inLanguage\":\"fr-FR\",\"potentialAction\":[{\"@type\":\"ReadAction\",\"target\":[\"https:\/\/kapitalis.com\/tunisie\/2022\/01\/31\/vents-forts-depassant-les-100-km-h-trois-gouvernorats-places-en-vigilance-orange\/\"]}]},{\"@type\":\"ImageObject\",\"inLanguage\":\"fr-FR\",\"@id\":\"https:\/\/kapitalis.com\/tunisie\/2022\/01\/31\/vents-forts-depassant-les-100-km-h-trois-gouvernorats-places-en-vigilance-orange\/#primaryimage\",\"url\":\"\",\"contentUrl\":\"\"},{\"@type\":\"BreadcrumbList\",\"@id\":\"https:\/\/kapitalis.com\/tunisie\/2022\/01\/31\/vents-forts-depassant-les-100-km-h-trois-gouvernorats-places-en-vigilance-orange\/#breadcrumb\",\"itemListElement\":[{\"@type\":\"ListItem\",\"position\":1,\"name\":\"Accueil\",\"item\":\"https:\/\/kapitalis.com\/tunisie\/\"},{\"@type\":\"ListItem\",\"position\":2,\"name\":\"Vents forts d\u00e9passant les 100 km\/h : Trois gouvernorats plac\u00e9s en vigilance orange\"}]},{\"@type\":\"WebSite\",\"@id\":\"https:\/\/kapitalis.com\/tunisie\/#website\",\"url\":\"https:\/\/kapitalis.com\/tunisie\/\",\"name\":\"Kapitalis\",\"description\":\"L&#039;actualit\u00e9 en Tunisie et dans le monde\",\"publisher\":{\"@id\":\"https:\/\/kapitalis.com\/tunisie\/#organization\"},\"potentialAction\":[{\"@type\":\"SearchAction\",\"target\":{\"@type\":\"EntryPoint\",\"urlTemplate\":\"https:\/\/kapitalis.com\/tunisie\/?s={search_term_string}\"},\"query-input\":{\"@type\":\"PropertyValueSpecification\",\"valueRequired\":true,\"valueName\":\"search_term_string\"}}],\"inLanguage\":\"fr-FR\"},{\"@type\":\"Organization\",\"@id\":\"https:\/\/kapitalis.com\/tunisie\/#organization\",\"name\":\"Kapitalis\",\"url\":\"https:\/\/kapitalis.com\/tunisie\/\",\"logo\":{\"@type\":\"ImageObject\",\"inLanguage\":\"fr-FR\",\"@id\":\"https:\/\/kapitalis.com\/tunisie\/#\/schema\/logo\/image\/\",\"url\":\"https:\/\/kapitalis.com\/tunisie\/wp-content\/uploads\/2022\/05\/Kapitalis-big-size.png\",\"contentUrl\":\"https:\/\/kapitalis.com\/tunisie\/wp-content\/uploads\/2022\/05\/Kapitalis-big-size.png\",\"width\":5000,\"height\":1500,\"caption\":\"Kapitalis\"},\"image\":{\"@id\":\"https:\/\/kapitalis.com\/tunisie\/#\/schema\/logo\/image\/\"},\"sameAs\":[\"https:\/\/www.facebook.com\/KapitalisInfo\/\",\"https:\/\/x.com\/KapitalisInfo\",\"https:\/\/www.youtube.com\/channel\/UC-yDYrHyfFBWWZaOw3FPg9Q\"]},{\"@type\":\"Person\",\"@id\":\"https:\/\/kapitalis.com\/tunisie\/#\/schema\/person\/74bbde0154d49d790a92aaeac5bc01d5\",\"name\":\"Yusra NY\",\"url\":\"https:\/\/kapitalis.com\/tunisie\/author\/yuza_adam\/\"}]}<\/script>\n<!-- \/ Yoast SEO plugin. -->","yoast_head_json":{"title":"Vents forts d\u00e9passant les 100 km\/h : Trois gouvernorats plac\u00e9s en vigilance orange - Kapitalis","robots":{"index":"index","follow":"follow","max-snippet":"max-snippet:-1","max-image-preview":"max-image-preview:large","max-video-preview":"max-video-preview:-1"},"canonical":"https:\/\/kapitalis.com\/tunisie\/2022\/01\/31\/vents-forts-depassant-les-100-km-h-trois-gouvernorats-places-en-vigilance-orange\/","og_locale":"fr_FR","og_type":"article","og_title":"Vents forts d\u00e9passant les 100 km\/h : Trois gouvernorats plac\u00e9s en vigilance orange - Kapitalis","og_description":"Dans une alerte m\u00e9t\u00e9o, publi\u00e9 ce lundi 31 janvier 2022, l&rsquo;Institut national de la m\u00e9t\u00e9orologie (INM) a indiqu\u00e9 que des vents forts, d\u00e9passant les 100 km\/h par endroits, sont attendus cette nuit. Trois gouvernorats ont \u00e9t\u00e9 plac\u00e9s en vigilance orange et 22 autres en jaune.","og_url":"https:\/\/kapitalis.com\/tunisie\/2022\/01\/31\/vents-forts-depassant-les-100-km-h-trois-gouvernorats-places-en-vigilance-orange\/","og_site_name":"Kapitalis","article_publisher":"https:\/\/www.facebook.com\/KapitalisInfo\/","article_published_time":"2022-01-31T18:23:21+00:00","article_modified_time":"2022-01-31T18:26:06+00:00","og_image":[{"width":1200,"height":630,"url":"https:\/\/kapitalis.com\/tunisie\/wp-content\/uploads\/2022\/05\/kapitalis-logo-fb.png","type":"image\/png"}],"author":"Yusra NY","twitter_card":"summary_large_image","twitter_creator":"@KapitalisInfo","twitter_site":"@KapitalisInfo","twitter_misc":{"\u00c9crit par":"Yusra NY","Dur\u00e9e de lecture estim\u00e9e":"1 minute"},"schema":{"@context":"https:\/\/schema.org","@graph":[{"@type":"Article","@id":"https:\/\/kapitalis.com\/tunisie\/2022\/01\/31\/vents-forts-depassant-les-100-km-h-trois-gouvernorats-places-en-vigilance-orange\/#article","isPartOf":{"@id":"https:\/\/kapitalis.com\/tunisie\/2022\/01\/31\/vents-forts-depassant-les-100-km-h-trois-gouvernorats-places-en-vigilance-orange\/"},"author":{"name":"Yusra NY","@id":"https:\/\/kapitalis.com\/tunisie\/#\/schema\/person\/74bbde0154d49d790a92aaeac5bc01d5"},"headline":"Vents forts d\u00e9passant les 100 km\/h : Trois gouvernorats plac\u00e9s en vigilance orange","datePublished":"2022-01-31T18:23:21+00:00","dateModified":"2022-01-31T18:26:06+00:00","mainEntityOfPage":{"@id":"https:\/\/kapitalis.com\/tunisie\/2022\/01\/31\/vents-forts-depassant-les-100-km-h-trois-gouvernorats-places-en-vigilance-orange\/"},"wordCount":178,"commentCount":1,"publisher":{"@id":"https:\/\/kapitalis.com\/tunisie\/#organization"},"image":{"@id":"https:\/\/kapitalis.com\/tunisie\/2022\/01\/31\/vents-forts-depassant-les-100-km-h-trois-gouvernorats-places-en-vigilance-orange\/#primaryimage"},"thumbnailUrl":"","keywords":["INM","m\u00e9t\u00e9o","pluies","Tunisie","vents forts","vigilance orange"],"articleSection":["SOCIETE","Tunisie"],"inLanguage":"fr-FR","potentialAction":[{"@type":"CommentAction","name":"Comment","target":["https:\/\/kapitalis.com\/tunisie\/2022\/01\/31\/vents-forts-depassant-les-100-km-h-trois-gouvernorats-places-en-vigilance-orange\/#respond"]}]},{"@type":"WebPage","@id":"https:\/\/kapitalis.com\/tunisie\/2022\/01\/31\/vents-forts-depassant-les-100-km-h-trois-gouvernorats-places-en-vigilance-orange\/","url":"https:\/\/kapitalis.com\/tunisie\/2022\/01\/31\/vents-forts-depassant-les-100-km-h-trois-gouvernorats-places-en-vigilance-orange\/","name":"Vents forts d\u00e9passant les 100 km\/h : Trois gouvernorats plac\u00e9s en vigilance orange - Kapitalis","isPartOf":{"@id":"https:\/\/kapitalis.com\/tunisie\/#website"},"primaryImageOfPage":{"@id":"https:\/\/kapitalis.com\/tunisie\/2022\/01\/31\/vents-forts-depassant-les-100-km-h-trois-gouvernorats-places-en-vigilance-orange\/#primaryimage"},"image":{"@id":"https:\/\/kapitalis.com\/tunisie\/2022\/01\/31\/vents-forts-depassant-les-100-km-h-trois-gouvernorats-places-en-vigilance-orange\/#primaryimage"},"thumbnailUrl":"","datePublished":"2022-01-31T18:23:21+00:00","dateModified":"2022-01-31T18:26:06+00:00","breadcrumb":{"@id":"https:\/\/kapitalis.com\/tunisie\/2022\/01\/31\/vents-forts-depassant-les-100-km-h-trois-gouvernorats-places-en-vigilance-orange\/#breadcrumb"},"inLanguage":"fr-FR","potentialAction":[{"@type":"ReadAction","target":["https:\/\/kapitalis.com\/tunisie\/2022\/01\/31\/vents-forts-depassant-les-100-km-h-trois-gouvernorats-places-en-vigilance-orange\/"]}]},{"@type":"ImageObject","inLanguage":"fr-FR","@id":"https:\/\/kapitalis.com\/tunisie\/2022\/01\/31\/vents-forts-depassant-les-100-km-h-trois-gouvernorats-places-en-vigilance-orange\/#primaryimage","url":"","contentUrl":""},{"@type":"BreadcrumbList","@id":"https:\/\/kapitalis.com\/tunisie\/2022\/01\/31\/vents-forts-depassant-les-100-km-h-trois-gouvernorats-places-en-vigilance-orange\/#breadcrumb","itemListElement":[{"@type":"ListItem","position":1,"name":"Accueil","item":"https:\/\/kapitalis.com\/tunisie\/"},{"@type":"ListItem","position":2,"name":"Vents forts d\u00e9passant les 100 km\/h : Trois gouvernorats plac\u00e9s en vigilance orange"}]},{"@type":"WebSite","@id":"https:\/\/kapitalis.com\/tunisie\/#website","url":"https:\/\/kapitalis.com\/tunisie\/","name":"Kapitalis","description":"L&#039;actualit\u00e9 en Tunisie et dans le monde","publisher":{"@id":"https:\/\/kapitalis.com\/tunisie\/#organization"},"potentialAction":[{"@type":"SearchAction","target":{"@type":"EntryPoint","urlTemplate":"https:\/\/kapitalis.com\/tunisie\/?s={search_term_string}"},"query-input":{"@type":"PropertyValueSpecification","valueRequired":true,"valueName":"search_term_string"}}],"inLanguage":"fr-FR"},{"@type":"Organization","@id":"https:\/\/kapitalis.com\/tunisie\/#organization","name":"Kapitalis","url":"https:\/\/kapitalis.com\/tunisie\/","logo":{"@type":"ImageObject","inLanguage":"fr-FR","@id":"https:\/\/kapitalis.com\/tunisie\/#\/schema\/logo\/image\/","url":"https:\/\/kapitalis.com\/tunisie\/wp-content\/uploads\/2022\/05\/Kapitalis-big-size.png","contentUrl":"https:\/\/kapitalis.com\/tunisie\/wp-content\/uploads\/2022\/05\/Kapitalis-big-size.png","width":5000,"height":1500,"caption":"Kapitalis"},"image":{"@id":"https:\/\/kapitalis.com\/tunisie\/#\/schema\/logo\/image\/"},"sameAs":["https:\/\/www.facebook.com\/KapitalisInfo\/","https:\/\/x.com\/KapitalisInfo","https:\/\/www.youtube.com\/channel\/UC-yDYrHyfFBWWZaOw3FPg9Q"]},{"@type":"Person","@id":"https:\/\/kapitalis.com\/tunisie\/#\/schema\/person\/74bbde0154d49d790a92aaeac5bc01d5","name":"Yusra NY","url":"https:\/\/kapitalis.com\/tunisie\/author\/yuza_adam\/"}]}},"_links":{"self":[{"href":"https:\/\/kapitalis.com\/tunisie\/wp-json\/wp\/v2\/posts\/379081","targetHints":{"allow":["GET"]}}],"collection":[{"href":"https:\/\/kapitalis.com\/tunisie\/wp-json\/wp\/v2\/posts"}],"about":[{"href":"https:\/\/kapitalis.com\/tunisie\/wp-json\/wp\/v2\/types\/post"}],"author":[{"embeddable":true,"href":"https:\/\/kapitalis.com\/tunisie\/wp-json\/wp\/v2\/users\/6"}],"replies":[{"embeddable":true,"href":"https:\/\/kapitalis.com\/tunisie\/wp-json\/wp\/v2\/comments?post=379081"}],"version-history":[{"count":0,"href":"https:\/\/kapitalis.com\/tunisie\/wp-json\/wp\/v2\/posts\/379081\/revisions"}],"wp:featuredmedia":[{"embeddable":true,"href":"https:\/\/kapitalis.com\/tunisie\/wp-json\/wp\/v2\/media\/379084"}],"wp:attachment":[{"href":"https:\/\/kapitalis.com\/tunisie\/wp-json\/wp\/v2\/media?parent=379081"}],"wp:term":[{"taxonomy":"category","embeddable":true,"href":"https:\/\/kapitalis.com\/tunisie\/wp-json\/wp\/v2\/categories?post=379081"},{"taxonomy":"post_tag","embeddable":true,"href":"https:\/\/kapitalis.com\/tunisie\/wp-json\/wp\/v2\/tags?post=379081"}],"curies":[{"name":"wp","href":"https:\/\/api.w.org\/{rel}","templated":true}]}}