{"id":37915,"date":"2016-02-03T09:14:07","date_gmt":"2016-02-03T08:14:07","guid":{"rendered":"http:\/\/kapitalis.com\/tunisie\/?p=37915"},"modified":"2016-02-03T09:14:07","modified_gmt":"2016-02-03T08:14:07","slug":"ctfci-seminaire-sur-le-partenariat-public-prive","status":"publish","type":"post","link":"https:\/\/kapitalis.com\/tunisie\/2016\/02\/03\/ctfci-seminaire-sur-le-partenariat-public-prive\/","title":{"rendered":"CTFCI : S\u00e9minaire sur le partenariat public priv\u00e9"},"content":{"rendered":"<p><img loading=\"lazy\" decoding=\"async\" class=\"alignnone size-full wp-image-37916 aligncenter\" src=\"http:\/\/kapitalis.com\/tunisie\/wp-content\/uploads\/2016\/02\/Partenariat-public-prive.jpg\" alt=\"Partenariat-public-prive\" width=\"626\" height=\"380\" \/><\/p>\n<p><em><strong>Un s\u00e9minaire sur le th\u00e8me: \u00abPartenariat public priv\u00e9 : les apports et les limites\u00bb se tiendra le jeudi\u00a0 11 f\u00e9vrier\u00a0 2016 \u00e0 l\u2019h\u00f4tel Sheraton, \u00e0 Tunis.<\/strong><\/em><\/p>\n<p><!--more--><\/p>\n<p>Le s\u00e9minaire est organis\u00e9 par la Chambre tuniso-fran\u00e7aise de commerce et d\u2019industrie (CTFCI), en collaboration avec le cabinet fran\u00e7ais Finances et Conseil M\u00e9diterran\u00e9e.<\/p>\n<p>Apr\u00e8s l\u2019adoption le 13 novembre 2015, par l\u2019Assembl\u00e9e des repr\u00e9sentants du peuple (ARP) d\u2019un cadre r\u00e8glementaire r\u00e9gissant le partenariat public priv\u00e9, ce s\u00e9minaire r\u00e9unira des experts des rives nord et sud de la M\u00e9diterran\u00e9e pour aborder cette option strat\u00e9gique pour relancer le d\u00e9veloppement dans les r\u00e9gions d\u00e9favoris\u00e9es et les opportunit\u00e9s qu\u2019offre ce mode d\u2019investissement et les risques qu\u2019il comporte.<\/p>\n<p style=\"text-align: right;\"><strong>I. B.<\/strong><\/p>\n","protected":false},"excerpt":{"rendered":"<p>Un s\u00e9minaire sur le th\u00e8me: \u00abPartenariat public priv\u00e9 : les apports et les limites\u00bb se tiendra le jeudi\u00a0 11 f\u00e9vrier\u00a0 2016 \u00e0 l\u2019h\u00f4tel Sheraton, \u00e0 Tunis.<\/p>\n","protected":false},"author":8,"featured_media":37916,"comment_status":"open","ping_status":"open","sticky":false,"template":"","format":"standard","meta":{"footnotes":""},"categories":[995,2433],"tags":[8219,275,8251],"class_list":["post-37915","post","type-post","status-publish","format-standard","has-post-thumbnail","hentry","category-economie","category-tunisie","tag-ctfci","tag-developpement","tag-partenariat-public-prive"],"yoast_head":"<!-- This site is optimized with the Yoast SEO plugin v26.6 - https:\/\/yoast.com\/wordpress\/plugins\/seo\/ -->\n<title>CTFCI : S\u00e9minaire sur le partenariat public priv\u00e9 - Kapitalis<\/title>\n<meta name=\"robots\" content=\"index, follow, max-snippet:-1, max-image-preview:large, max-video-preview:-1\" \/>\n<link rel=\"canonical\" href=\"https:\/\/kapitalis.com\/tunisie\/2016\/02\/03\/ctfci-seminaire-sur-le-partenariat-public-prive\/\" \/>\n<meta property=\"og:locale\" content=\"fr_FR\" \/>\n<meta property=\"og:type\" content=\"article\" \/>\n<meta property=\"og:title\" content=\"CTFCI : S\u00e9minaire sur le partenariat public priv\u00e9 - Kapitalis\" \/>\n<meta property=\"og:description\" content=\"Un s\u00e9minaire sur le th\u00e8me: \u00abPartenariat public priv\u00e9 : les apports et les limites\u00bb se tiendra le jeudi\u00a0 11 f\u00e9vrier\u00a0 2016 \u00e0 l\u2019h\u00f4tel Sheraton, \u00e0 Tunis.\" \/>\n<meta property=\"og:url\" content=\"https:\/\/kapitalis.com\/tunisie\/2016\/02\/03\/ctfci-seminaire-sur-le-partenariat-public-prive\/\" \/>\n<meta property=\"og:site_name\" content=\"Kapitalis\" \/>\n<meta property=\"article:publisher\" content=\"https:\/\/www.facebook.com\/KapitalisInfo\/\" \/>\n<meta property=\"article:published_time\" content=\"2016-02-03T08:14:07+00:00\" \/>\n<meta property=\"og:image\" content=\"https:\/\/kapitalis.com\/tunisie\/wp-content\/uploads\/2022\/05\/kapitalis-logo-fb.png\" \/>\n\t<meta property=\"og:image:width\" content=\"1200\" \/>\n\t<meta property=\"og:image:height\" content=\"630\" \/>\n\t<meta property=\"og:image:type\" content=\"image\/png\" \/>\n<meta name=\"author\" content=\"webmaster kapitalis\" \/>\n<meta name=\"twitter:card\" content=\"summary_large_image\" \/>\n<meta name=\"twitter:creator\" content=\"@KapitalisInfo\" \/>\n<meta name=\"twitter:site\" content=\"@KapitalisInfo\" \/>\n<meta name=\"twitter:label1\" content=\"\u00c9crit par\" \/>\n\t<meta name=\"twitter:data1\" content=\"webmaster kapitalis\" \/>\n\t<meta name=\"twitter:label2\" content=\"Dur\u00e9e de lecture estim\u00e9e\" \/>\n\t<meta name=\"twitter:data2\" content=\"1 minute\" \/>\n<script type=\"application\/ld+json\" class=\"yoast-schema-graph\">{\"@context\":\"https:\/\/schema.org\",\"@graph\":[{\"@type\":\"Article\",\"@id\":\"https:\/\/kapitalis.com\/tunisie\/2016\/02\/03\/ctfci-seminaire-sur-le-partenariat-public-prive\/#article\",\"isPartOf\":{\"@id\":\"https:\/\/kapitalis.com\/tunisie\/2016\/02\/03\/ctfci-seminaire-sur-le-partenariat-public-prive\/\"},\"author\":{\"name\":\"webmaster kapitalis\",\"@id\":\"https:\/\/kapitalis.com\/tunisie\/#\/schema\/person\/d71f33a9ca44f7bad4698210b480c8e9\"},\"headline\":\"CTFCI : S\u00e9minaire sur le partenariat public priv\u00e9\",\"datePublished\":\"2016-02-03T08:14:07+00:00\",\"mainEntityOfPage\":{\"@id\":\"https:\/\/kapitalis.com\/tunisie\/2016\/02\/03\/ctfci-seminaire-sur-le-partenariat-public-prive\/\"},\"wordCount\":143,\"commentCount\":0,\"publisher\":{\"@id\":\"https:\/\/kapitalis.com\/tunisie\/#organization\"},\"image\":{\"@id\":\"https:\/\/kapitalis.com\/tunisie\/2016\/02\/03\/ctfci-seminaire-sur-le-partenariat-public-prive\/#primaryimage\"},\"thumbnailUrl\":\"\",\"keywords\":[\"CTFCI\",\"d\u00e9veloppement\",\"Partenariat public-priv\u00e9\"],\"articleSection\":[\"ECONOMIE\",\"Tunisie\"],\"inLanguage\":\"fr-FR\",\"potentialAction\":[{\"@type\":\"CommentAction\",\"name\":\"Comment\",\"target\":[\"https:\/\/kapitalis.com\/tunisie\/2016\/02\/03\/ctfci-seminaire-sur-le-partenariat-public-prive\/#respond\"]}]},{\"@type\":\"WebPage\",\"@id\":\"https:\/\/kapitalis.com\/tunisie\/2016\/02\/03\/ctfci-seminaire-sur-le-partenariat-public-prive\/\",\"url\":\"https:\/\/kapitalis.com\/tunisie\/2016\/02\/03\/ctfci-seminaire-sur-le-partenariat-public-prive\/\",\"name\":\"CTFCI : S\u00e9minaire sur le partenariat public priv\u00e9 - Kapitalis\",\"isPartOf\":{\"@id\":\"https:\/\/kapitalis.com\/tunisie\/#website\"},\"primaryImageOfPage\":{\"@id\":\"https:\/\/kapitalis.com\/tunisie\/2016\/02\/03\/ctfci-seminaire-sur-le-partenariat-public-prive\/#primaryimage\"},\"image\":{\"@id\":\"https:\/\/kapitalis.com\/tunisie\/2016\/02\/03\/ctfci-seminaire-sur-le-partenariat-public-prive\/#primaryimage\"},\"thumbnailUrl\":\"\",\"datePublished\":\"2016-02-03T08:14:07+00:00\",\"breadcrumb\":{\"@id\":\"https:\/\/kapitalis.com\/tunisie\/2016\/02\/03\/ctfci-seminaire-sur-le-partenariat-public-prive\/#breadcrumb\"},\"inLanguage\":\"fr-FR\",\"potentialAction\":[{\"@type\":\"ReadAction\",\"target\":[\"https:\/\/kapitalis.com\/tunisie\/2016\/02\/03\/ctfci-seminaire-sur-le-partenariat-public-prive\/\"]}]},{\"@type\":\"ImageObject\",\"inLanguage\":\"fr-FR\",\"@id\":\"https:\/\/kapitalis.com\/tunisie\/2016\/02\/03\/ctfci-seminaire-sur-le-partenariat-public-prive\/#primaryimage\",\"url\":\"\",\"contentUrl\":\"\"},{\"@type\":\"BreadcrumbList\",\"@id\":\"https:\/\/kapitalis.com\/tunisie\/2016\/02\/03\/ctfci-seminaire-sur-le-partenariat-public-prive\/#breadcrumb\",\"itemListElement\":[{\"@type\":\"ListItem\",\"position\":1,\"name\":\"Accueil\",\"item\":\"https:\/\/kapitalis.com\/tunisie\/\"},{\"@type\":\"ListItem\",\"position\":2,\"name\":\"CTFCI : S\u00e9minaire sur le partenariat public priv\u00e9\"}]},{\"@type\":\"WebSite\",\"@id\":\"https:\/\/kapitalis.com\/tunisie\/#website\",\"url\":\"https:\/\/kapitalis.com\/tunisie\/\",\"name\":\"Kapitalis\",\"description\":\"L&#039;actualit\u00e9 en Tunisie et dans le monde\",\"publisher\":{\"@id\":\"https:\/\/kapitalis.com\/tunisie\/#organization\"},\"potentialAction\":[{\"@type\":\"SearchAction\",\"target\":{\"@type\":\"EntryPoint\",\"urlTemplate\":\"https:\/\/kapitalis.com\/tunisie\/?s={search_term_string}\"},\"query-input\":{\"@type\":\"PropertyValueSpecification\",\"valueRequired\":true,\"valueName\":\"search_term_string\"}}],\"inLanguage\":\"fr-FR\"},{\"@type\":\"Organization\",\"@id\":\"https:\/\/kapitalis.com\/tunisie\/#organization\",\"name\":\"Kapitalis\",\"url\":\"https:\/\/kapitalis.com\/tunisie\/\",\"logo\":{\"@type\":\"ImageObject\",\"inLanguage\":\"fr-FR\",\"@id\":\"https:\/\/kapitalis.com\/tunisie\/#\/schema\/logo\/image\/\",\"url\":\"https:\/\/kapitalis.com\/tunisie\/wp-content\/uploads\/2022\/05\/Kapitalis-big-size.png\",\"contentUrl\":\"https:\/\/kapitalis.com\/tunisie\/wp-content\/uploads\/2022\/05\/Kapitalis-big-size.png\",\"width\":5000,\"height\":1500,\"caption\":\"Kapitalis\"},\"image\":{\"@id\":\"https:\/\/kapitalis.com\/tunisie\/#\/schema\/logo\/image\/\"},\"sameAs\":[\"https:\/\/www.facebook.com\/KapitalisInfo\/\",\"https:\/\/x.com\/KapitalisInfo\",\"https:\/\/www.youtube.com\/channel\/UC-yDYrHyfFBWWZaOw3FPg9Q\"]},{\"@type\":\"Person\",\"@id\":\"https:\/\/kapitalis.com\/tunisie\/#\/schema\/person\/d71f33a9ca44f7bad4698210b480c8e9\",\"name\":\"webmaster kapitalis\",\"url\":\"https:\/\/kapitalis.com\/tunisie\/author\/webmaster-kapitalis\/\"}]}<\/script>\n<!-- \/ Yoast SEO plugin. -->","yoast_head_json":{"title":"CTFCI : S\u00e9minaire sur le partenariat public priv\u00e9 - Kapitalis","robots":{"index":"index","follow":"follow","max-snippet":"max-snippet:-1","max-image-preview":"max-image-preview:large","max-video-preview":"max-video-preview:-1"},"canonical":"https:\/\/kapitalis.com\/tunisie\/2016\/02\/03\/ctfci-seminaire-sur-le-partenariat-public-prive\/","og_locale":"fr_FR","og_type":"article","og_title":"CTFCI : S\u00e9minaire sur le partenariat public priv\u00e9 - Kapitalis","og_description":"Un s\u00e9minaire sur le th\u00e8me: \u00abPartenariat public priv\u00e9 : les apports et les limites\u00bb se tiendra le jeudi\u00a0 11 f\u00e9vrier\u00a0 2016 \u00e0 l\u2019h\u00f4tel Sheraton, \u00e0 Tunis.","og_url":"https:\/\/kapitalis.com\/tunisie\/2016\/02\/03\/ctfci-seminaire-sur-le-partenariat-public-prive\/","og_site_name":"Kapitalis","article_publisher":"https:\/\/www.facebook.com\/KapitalisInfo\/","article_published_time":"2016-02-03T08:14:07+00:00","og_image":[{"width":1200,"height":630,"url":"https:\/\/kapitalis.com\/tunisie\/wp-content\/uploads\/2022\/05\/kapitalis-logo-fb.png","type":"image\/png"}],"author":"webmaster kapitalis","twitter_card":"summary_large_image","twitter_creator":"@KapitalisInfo","twitter_site":"@KapitalisInfo","twitter_misc":{"\u00c9crit par":"webmaster kapitalis","Dur\u00e9e de lecture estim\u00e9e":"1 minute"},"schema":{"@context":"https:\/\/schema.org","@graph":[{"@type":"Article","@id":"https:\/\/kapitalis.com\/tunisie\/2016\/02\/03\/ctfci-seminaire-sur-le-partenariat-public-prive\/#article","isPartOf":{"@id":"https:\/\/kapitalis.com\/tunisie\/2016\/02\/03\/ctfci-seminaire-sur-le-partenariat-public-prive\/"},"author":{"name":"webmaster kapitalis","@id":"https:\/\/kapitalis.com\/tunisie\/#\/schema\/person\/d71f33a9ca44f7bad4698210b480c8e9"},"headline":"CTFCI : S\u00e9minaire sur le partenariat public priv\u00e9","datePublished":"2016-02-03T08:14:07+00:00","mainEntityOfPage":{"@id":"https:\/\/kapitalis.com\/tunisie\/2016\/02\/03\/ctfci-seminaire-sur-le-partenariat-public-prive\/"},"wordCount":143,"commentCount":0,"publisher":{"@id":"https:\/\/kapitalis.com\/tunisie\/#organization"},"image":{"@id":"https:\/\/kapitalis.com\/tunisie\/2016\/02\/03\/ctfci-seminaire-sur-le-partenariat-public-prive\/#primaryimage"},"thumbnailUrl":"","keywords":["CTFCI","d\u00e9veloppement","Partenariat public-priv\u00e9"],"articleSection":["ECONOMIE","Tunisie"],"inLanguage":"fr-FR","potentialAction":[{"@type":"CommentAction","name":"Comment","target":["https:\/\/kapitalis.com\/tunisie\/2016\/02\/03\/ctfci-seminaire-sur-le-partenariat-public-prive\/#respond"]}]},{"@type":"WebPage","@id":"https:\/\/kapitalis.com\/tunisie\/2016\/02\/03\/ctfci-seminaire-sur-le-partenariat-public-prive\/","url":"https:\/\/kapitalis.com\/tunisie\/2016\/02\/03\/ctfci-seminaire-sur-le-partenariat-public-prive\/","name":"CTFCI : S\u00e9minaire sur le partenariat public priv\u00e9 - Kapitalis","isPartOf":{"@id":"https:\/\/kapitalis.com\/tunisie\/#website"},"primaryImageOfPage":{"@id":"https:\/\/kapitalis.com\/tunisie\/2016\/02\/03\/ctfci-seminaire-sur-le-partenariat-public-prive\/#primaryimage"},"image":{"@id":"https:\/\/kapitalis.com\/tunisie\/2016\/02\/03\/ctfci-seminaire-sur-le-partenariat-public-prive\/#primaryimage"},"thumbnailUrl":"","datePublished":"2016-02-03T08:14:07+00:00","breadcrumb":{"@id":"https:\/\/kapitalis.com\/tunisie\/2016\/02\/03\/ctfci-seminaire-sur-le-partenariat-public-prive\/#breadcrumb"},"inLanguage":"fr-FR","potentialAction":[{"@type":"ReadAction","target":["https:\/\/kapitalis.com\/tunisie\/2016\/02\/03\/ctfci-seminaire-sur-le-partenariat-public-prive\/"]}]},{"@type":"ImageObject","inLanguage":"fr-FR","@id":"https:\/\/kapitalis.com\/tunisie\/2016\/02\/03\/ctfci-seminaire-sur-le-partenariat-public-prive\/#primaryimage","url":"","contentUrl":""},{"@type":"BreadcrumbList","@id":"https:\/\/kapitalis.com\/tunisie\/2016\/02\/03\/ctfci-seminaire-sur-le-partenariat-public-prive\/#breadcrumb","itemListElement":[{"@type":"ListItem","position":1,"name":"Accueil","item":"https:\/\/kapitalis.com\/tunisie\/"},{"@type":"ListItem","position":2,"name":"CTFCI : S\u00e9minaire sur le partenariat public priv\u00e9"}]},{"@type":"WebSite","@id":"https:\/\/kapitalis.com\/tunisie\/#website","url":"https:\/\/kapitalis.com\/tunisie\/","name":"Kapitalis","description":"L&#039;actualit\u00e9 en Tunisie et dans le monde","publisher":{"@id":"https:\/\/kapitalis.com\/tunisie\/#organization"},"potentialAction":[{"@type":"SearchAction","target":{"@type":"EntryPoint","urlTemplate":"https:\/\/kapitalis.com\/tunisie\/?s={search_term_string}"},"query-input":{"@type":"PropertyValueSpecification","valueRequired":true,"valueName":"search_term_string"}}],"inLanguage":"fr-FR"},{"@type":"Organization","@id":"https:\/\/kapitalis.com\/tunisie\/#organization","name":"Kapitalis","url":"https:\/\/kapitalis.com\/tunisie\/","logo":{"@type":"ImageObject","inLanguage":"fr-FR","@id":"https:\/\/kapitalis.com\/tunisie\/#\/schema\/logo\/image\/","url":"https:\/\/kapitalis.com\/tunisie\/wp-content\/uploads\/2022\/05\/Kapitalis-big-size.png","contentUrl":"https:\/\/kapitalis.com\/tunisie\/wp-content\/uploads\/2022\/05\/Kapitalis-big-size.png","width":5000,"height":1500,"caption":"Kapitalis"},"image":{"@id":"https:\/\/kapitalis.com\/tunisie\/#\/schema\/logo\/image\/"},"sameAs":["https:\/\/www.facebook.com\/KapitalisInfo\/","https:\/\/x.com\/KapitalisInfo","https:\/\/www.youtube.com\/channel\/UC-yDYrHyfFBWWZaOw3FPg9Q"]},{"@type":"Person","@id":"https:\/\/kapitalis.com\/tunisie\/#\/schema\/person\/d71f33a9ca44f7bad4698210b480c8e9","name":"webmaster kapitalis","url":"https:\/\/kapitalis.com\/tunisie\/author\/webmaster-kapitalis\/"}]}},"_links":{"self":[{"href":"https:\/\/kapitalis.com\/tunisie\/wp-json\/wp\/v2\/posts\/37915","targetHints":{"allow":["GET"]}}],"collection":[{"href":"https:\/\/kapitalis.com\/tunisie\/wp-json\/wp\/v2\/posts"}],"about":[{"href":"https:\/\/kapitalis.com\/tunisie\/wp-json\/wp\/v2\/types\/post"}],"author":[{"embeddable":true,"href":"https:\/\/kapitalis.com\/tunisie\/wp-json\/wp\/v2\/users\/8"}],"replies":[{"embeddable":true,"href":"https:\/\/kapitalis.com\/tunisie\/wp-json\/wp\/v2\/comments?post=37915"}],"version-history":[{"count":0,"href":"https:\/\/kapitalis.com\/tunisie\/wp-json\/wp\/v2\/posts\/37915\/revisions"}],"wp:featuredmedia":[{"embeddable":true,"href":"https:\/\/kapitalis.com\/tunisie\/wp-json\/wp\/v2\/media\/37916"}],"wp:attachment":[{"href":"https:\/\/kapitalis.com\/tunisie\/wp-json\/wp\/v2\/media?parent=37915"}],"wp:term":[{"taxonomy":"category","embeddable":true,"href":"https:\/\/kapitalis.com\/tunisie\/wp-json\/wp\/v2\/categories?post=37915"},{"taxonomy":"post_tag","embeddable":true,"href":"https:\/\/kapitalis.com\/tunisie\/wp-json\/wp\/v2\/tags?post=37915"}],"curies":[{"name":"wp","href":"https:\/\/api.w.org\/{rel}","templated":true}]}}