{"id":379238,"date":"2022-02-01T18:06:38","date_gmt":"2022-02-01T17:06:38","guid":{"rendered":"http:\/\/kapitalis.com\/tunisie\/?p=379238"},"modified":"2022-02-02T15:50:02","modified_gmt":"2022-02-02T14:50:02","slug":"tunisie-yassine-jemaiel-nouveau-directeur-de-lagence-nationale-de-la-securite-informatique","status":"publish","type":"post","link":"https:\/\/kapitalis.com\/tunisie\/2022\/02\/01\/tunisie-yassine-jemaiel-nouveau-directeur-de-lagence-nationale-de-la-securite-informatique\/","title":{"rendered":"Tunisie : Yassine Jemaiel nouveau directeur de l\u2019Agence nationale de la s\u00e9curit\u00e9 informatique"},"content":{"rendered":"\n<div class=\"wp-block-image\"><figure class=\"aligncenter size-full\"><img decoding=\"async\" src=\"http:\/\/kapitalis.com\/tunisie\/wp-content\/uploads\/2022\/02\/Ansi-Yassine-Jmaiel.jpg\" alt=\"\" class=\"wp-image-379240\"\/><\/figure><\/div>\n\n\n\n<p><strong><em>Yassine Jemaiel a \u00e9t\u00e9 nomm\u00e9 ce mardi 1er f\u00e9vrier 2022, \u00e0 la t\u00eate de la de l&rsquo;Agence nationale de la s\u00e9curit\u00e9 informatique (Ansi), annonce minist\u00e8re des Technologies de la Communication.<\/em><\/strong><\/p>\n\n\n\n<!--more-->\n\n\n\n<p>Le nouveau Directeur g\u00e9n\u00e9ral de l&rsquo;Ansi, actuellement enseignant \u00e0 l\u2019Institut Sup\u00e9rieur des Etudes Technologiques en Communications de Tunis (ISET\u2019COM) est titulaire d&rsquo;un dipl\u00f4me national d&rsquo;ing\u00e9nieur, sp\u00e9cialit\u00e9 r\u00e9seaux d\u2019informatique et de t\u00e9l\u00e9communications qu&rsquo;il a d\u00e9croch\u00e9 \u00e0 l&rsquo;Institut national des sciences appliqu\u00e9es et de technologie, et d&rsquo;un doctorat en s\u00e9curit\u00e9 Informatique de l&rsquo;Ecole sup\u00e9rieure des communications de Tunis.<\/p>\n\n\n\n<div class=\"wp-block-image\"><figure class=\"aligncenter size-large\"><img decoding=\"async\" src=\"http:\/\/kapitalis.com\/tunisie\/wp-content\/uploads\/2022\/02\/ansi-483x1024.jpg\" alt=\"\" class=\"wp-image-379242\"\/><\/figure><\/div>\n\n\n\n<p><em>\u00abFort d&rsquo;une exp\u00e9rience professionnelle de plus de 20 ans, dans le domaine, Yassine Jemaiel a notamment occup\u00e9 le poste de directeur des \u00e9tudes et de stages \u00e0 l\u2019Institut sup\u00e9rieur des \u00e9tudes technologiques en communications de Tunis et a publi\u00e9 de nombreux articles dans des revues scientifiques internationales sp\u00e9cialis\u00e9es dans les domaines des technologies de la communication et de l&rsquo;information ainsi que dans la fili\u00e8re de la s\u00e9curit\u00e9\u00bb<\/em>, lit-on dans le communiqu\u00e9.<\/p>\n\n\n\n<p>Jemaiel succ\u00e8de ainsi \u00e0 Naoufel Frikha qui a occup\u00e9 le poste de DG de l&rsquo;Ansi depuis 2014, sachant que la c\u00e9r\u00e9monie de passation de pouvoirs, s&rsquo;est d\u00e9roul\u00e9e cette apr\u00e8s-midi, et dont les photos ont \u00e9t\u00e9 publi\u00e9es par l&rsquo;Ansi.<\/p>\n\n\n\n<p class=\"has-text-align-right\"><strong>Y. N.<\/strong><\/p>\n","protected":false},"excerpt":{"rendered":"<p>Yassine Jemaiel a \u00e9t\u00e9 nomm\u00e9 ce mardi 1er f\u00e9vrier 2022, \u00e0 la t\u00eate de la de l&rsquo;Agence nationale de la s\u00e9curit\u00e9 informatique (Ansi), annonce minist\u00e8re des Technologies de la Communication.<\/p>\n","protected":false},"author":6,"featured_media":379240,"comment_status":"open","ping_status":"open","sticky":false,"template":"","format":"standard","meta":{"footnotes":""},"categories":[998,2433],"tags":[31320,6315,1283,6661,62643,96969],"class_list":["post-379238","post","type-post","status-publish","format-standard","has-post-thumbnail","hentry","category-societe","category-tunisie","tag-ansi","tag-directeur-general","tag-nomination","tag-securite-informatique","tag-tunisie","tag-yassine-jemaiel"],"yoast_head":"<!-- This site is optimized with the Yoast SEO plugin v26.6 - https:\/\/yoast.com\/wordpress\/plugins\/seo\/ -->\n<title>Tunisie : Yassine Jemaiel nouveau directeur de l\u2019Agence nationale de la s\u00e9curit\u00e9 informatique - Kapitalis<\/title>\n<meta name=\"robots\" content=\"index, follow, max-snippet:-1, max-image-preview:large, max-video-preview:-1\" \/>\n<link rel=\"canonical\" href=\"https:\/\/kapitalis.com\/tunisie\/2022\/02\/01\/tunisie-yassine-jemaiel-nouveau-directeur-de-lagence-nationale-de-la-securite-informatique\/\" \/>\n<meta property=\"og:locale\" content=\"fr_FR\" \/>\n<meta property=\"og:type\" content=\"article\" \/>\n<meta property=\"og:title\" content=\"Tunisie : Yassine Jemaiel nouveau directeur de l\u2019Agence nationale de la s\u00e9curit\u00e9 informatique - Kapitalis\" \/>\n<meta property=\"og:description\" content=\"Yassine Jemaiel a \u00e9t\u00e9 nomm\u00e9 ce mardi 1er f\u00e9vrier 2022, \u00e0 la t\u00eate de la de l&rsquo;Agence nationale de la s\u00e9curit\u00e9 informatique (Ansi), annonce minist\u00e8re des Technologies de la Communication.\" \/>\n<meta property=\"og:url\" content=\"https:\/\/kapitalis.com\/tunisie\/2022\/02\/01\/tunisie-yassine-jemaiel-nouveau-directeur-de-lagence-nationale-de-la-securite-informatique\/\" \/>\n<meta property=\"og:site_name\" content=\"Kapitalis\" \/>\n<meta property=\"article:publisher\" content=\"https:\/\/www.facebook.com\/KapitalisInfo\/\" \/>\n<meta property=\"article:published_time\" content=\"2022-02-01T17:06:38+00:00\" \/>\n<meta property=\"article:modified_time\" content=\"2022-02-02T14:50:02+00:00\" \/>\n<meta property=\"og:image\" content=\"https:\/\/kapitalis.com\/tunisie\/wp-content\/uploads\/2022\/05\/kapitalis-logo-fb.png\" \/>\n\t<meta property=\"og:image:width\" content=\"1200\" \/>\n\t<meta property=\"og:image:height\" content=\"630\" \/>\n\t<meta property=\"og:image:type\" content=\"image\/png\" \/>\n<meta name=\"author\" content=\"Yusra NY\" \/>\n<meta name=\"twitter:card\" content=\"summary_large_image\" \/>\n<meta name=\"twitter:creator\" content=\"@KapitalisInfo\" \/>\n<meta name=\"twitter:site\" content=\"@KapitalisInfo\" \/>\n<meta name=\"twitter:label1\" content=\"\u00c9crit par\" \/>\n\t<meta name=\"twitter:data1\" content=\"Yusra NY\" \/>\n\t<meta name=\"twitter:label2\" content=\"Dur\u00e9e de lecture estim\u00e9e\" \/>\n\t<meta name=\"twitter:data2\" content=\"1 minute\" \/>\n<script type=\"application\/ld+json\" class=\"yoast-schema-graph\">{\"@context\":\"https:\/\/schema.org\",\"@graph\":[{\"@type\":\"Article\",\"@id\":\"https:\/\/kapitalis.com\/tunisie\/2022\/02\/01\/tunisie-yassine-jemaiel-nouveau-directeur-de-lagence-nationale-de-la-securite-informatique\/#article\",\"isPartOf\":{\"@id\":\"https:\/\/kapitalis.com\/tunisie\/2022\/02\/01\/tunisie-yassine-jemaiel-nouveau-directeur-de-lagence-nationale-de-la-securite-informatique\/\"},\"author\":{\"name\":\"Yusra NY\",\"@id\":\"https:\/\/kapitalis.com\/tunisie\/#\/schema\/person\/74bbde0154d49d790a92aaeac5bc01d5\"},\"headline\":\"Tunisie : Yassine Jemaiel nouveau directeur de l\u2019Agence nationale de la s\u00e9curit\u00e9 informatique\",\"datePublished\":\"2022-02-01T17:06:38+00:00\",\"dateModified\":\"2022-02-02T14:50:02+00:00\",\"mainEntityOfPage\":{\"@id\":\"https:\/\/kapitalis.com\/tunisie\/2022\/02\/01\/tunisie-yassine-jemaiel-nouveau-directeur-de-lagence-nationale-de-la-securite-informatique\/\"},\"wordCount\":237,\"commentCount\":0,\"publisher\":{\"@id\":\"https:\/\/kapitalis.com\/tunisie\/#organization\"},\"image\":{\"@id\":\"https:\/\/kapitalis.com\/tunisie\/2022\/02\/01\/tunisie-yassine-jemaiel-nouveau-directeur-de-lagence-nationale-de-la-securite-informatique\/#primaryimage\"},\"thumbnailUrl\":\"\",\"keywords\":[\"ANSI\",\"directeur g\u00e9n\u00e9ral\",\"nomination\",\"s\u00e9curit\u00e9 informatique\",\"Tunisie\",\"Yassine Jemaiel\"],\"articleSection\":[\"SOCIETE\",\"Tunisie\"],\"inLanguage\":\"fr-FR\",\"potentialAction\":[{\"@type\":\"CommentAction\",\"name\":\"Comment\",\"target\":[\"https:\/\/kapitalis.com\/tunisie\/2022\/02\/01\/tunisie-yassine-jemaiel-nouveau-directeur-de-lagence-nationale-de-la-securite-informatique\/#respond\"]}]},{\"@type\":\"WebPage\",\"@id\":\"https:\/\/kapitalis.com\/tunisie\/2022\/02\/01\/tunisie-yassine-jemaiel-nouveau-directeur-de-lagence-nationale-de-la-securite-informatique\/\",\"url\":\"https:\/\/kapitalis.com\/tunisie\/2022\/02\/01\/tunisie-yassine-jemaiel-nouveau-directeur-de-lagence-nationale-de-la-securite-informatique\/\",\"name\":\"Tunisie : Yassine Jemaiel nouveau directeur de l\u2019Agence nationale de la s\u00e9curit\u00e9 informatique - Kapitalis\",\"isPartOf\":{\"@id\":\"https:\/\/kapitalis.com\/tunisie\/#website\"},\"primaryImageOfPage\":{\"@id\":\"https:\/\/kapitalis.com\/tunisie\/2022\/02\/01\/tunisie-yassine-jemaiel-nouveau-directeur-de-lagence-nationale-de-la-securite-informatique\/#primaryimage\"},\"image\":{\"@id\":\"https:\/\/kapitalis.com\/tunisie\/2022\/02\/01\/tunisie-yassine-jemaiel-nouveau-directeur-de-lagence-nationale-de-la-securite-informatique\/#primaryimage\"},\"thumbnailUrl\":\"\",\"datePublished\":\"2022-02-01T17:06:38+00:00\",\"dateModified\":\"2022-02-02T14:50:02+00:00\",\"breadcrumb\":{\"@id\":\"https:\/\/kapitalis.com\/tunisie\/2022\/02\/01\/tunisie-yassine-jemaiel-nouveau-directeur-de-lagence-nationale-de-la-securite-informatique\/#breadcrumb\"},\"inLanguage\":\"fr-FR\",\"potentialAction\":[{\"@type\":\"ReadAction\",\"target\":[\"https:\/\/kapitalis.com\/tunisie\/2022\/02\/01\/tunisie-yassine-jemaiel-nouveau-directeur-de-lagence-nationale-de-la-securite-informatique\/\"]}]},{\"@type\":\"ImageObject\",\"inLanguage\":\"fr-FR\",\"@id\":\"https:\/\/kapitalis.com\/tunisie\/2022\/02\/01\/tunisie-yassine-jemaiel-nouveau-directeur-de-lagence-nationale-de-la-securite-informatique\/#primaryimage\",\"url\":\"\",\"contentUrl\":\"\"},{\"@type\":\"BreadcrumbList\",\"@id\":\"https:\/\/kapitalis.com\/tunisie\/2022\/02\/01\/tunisie-yassine-jemaiel-nouveau-directeur-de-lagence-nationale-de-la-securite-informatique\/#breadcrumb\",\"itemListElement\":[{\"@type\":\"ListItem\",\"position\":1,\"name\":\"Accueil\",\"item\":\"https:\/\/kapitalis.com\/tunisie\/\"},{\"@type\":\"ListItem\",\"position\":2,\"name\":\"Tunisie : Yassine Jemaiel nouveau directeur de l\u2019Agence nationale de la s\u00e9curit\u00e9 informatique\"}]},{\"@type\":\"WebSite\",\"@id\":\"https:\/\/kapitalis.com\/tunisie\/#website\",\"url\":\"https:\/\/kapitalis.com\/tunisie\/\",\"name\":\"Kapitalis\",\"description\":\"L&#039;actualit\u00e9 en Tunisie et dans le monde\",\"publisher\":{\"@id\":\"https:\/\/kapitalis.com\/tunisie\/#organization\"},\"potentialAction\":[{\"@type\":\"SearchAction\",\"target\":{\"@type\":\"EntryPoint\",\"urlTemplate\":\"https:\/\/kapitalis.com\/tunisie\/?s={search_term_string}\"},\"query-input\":{\"@type\":\"PropertyValueSpecification\",\"valueRequired\":true,\"valueName\":\"search_term_string\"}}],\"inLanguage\":\"fr-FR\"},{\"@type\":\"Organization\",\"@id\":\"https:\/\/kapitalis.com\/tunisie\/#organization\",\"name\":\"Kapitalis\",\"url\":\"https:\/\/kapitalis.com\/tunisie\/\",\"logo\":{\"@type\":\"ImageObject\",\"inLanguage\":\"fr-FR\",\"@id\":\"https:\/\/kapitalis.com\/tunisie\/#\/schema\/logo\/image\/\",\"url\":\"https:\/\/kapitalis.com\/tunisie\/wp-content\/uploads\/2022\/05\/Kapitalis-big-size.png\",\"contentUrl\":\"https:\/\/kapitalis.com\/tunisie\/wp-content\/uploads\/2022\/05\/Kapitalis-big-size.png\",\"width\":5000,\"height\":1500,\"caption\":\"Kapitalis\"},\"image\":{\"@id\":\"https:\/\/kapitalis.com\/tunisie\/#\/schema\/logo\/image\/\"},\"sameAs\":[\"https:\/\/www.facebook.com\/KapitalisInfo\/\",\"https:\/\/x.com\/KapitalisInfo\",\"https:\/\/www.youtube.com\/channel\/UC-yDYrHyfFBWWZaOw3FPg9Q\"]},{\"@type\":\"Person\",\"@id\":\"https:\/\/kapitalis.com\/tunisie\/#\/schema\/person\/74bbde0154d49d790a92aaeac5bc01d5\",\"name\":\"Yusra NY\",\"url\":\"https:\/\/kapitalis.com\/tunisie\/author\/yuza_adam\/\"}]}<\/script>\n<!-- \/ Yoast SEO plugin. -->","yoast_head_json":{"title":"Tunisie : Yassine Jemaiel nouveau directeur de l\u2019Agence nationale de la s\u00e9curit\u00e9 informatique - Kapitalis","robots":{"index":"index","follow":"follow","max-snippet":"max-snippet:-1","max-image-preview":"max-image-preview:large","max-video-preview":"max-video-preview:-1"},"canonical":"https:\/\/kapitalis.com\/tunisie\/2022\/02\/01\/tunisie-yassine-jemaiel-nouveau-directeur-de-lagence-nationale-de-la-securite-informatique\/","og_locale":"fr_FR","og_type":"article","og_title":"Tunisie : Yassine Jemaiel nouveau directeur de l\u2019Agence nationale de la s\u00e9curit\u00e9 informatique - Kapitalis","og_description":"Yassine Jemaiel a \u00e9t\u00e9 nomm\u00e9 ce mardi 1er f\u00e9vrier 2022, \u00e0 la t\u00eate de la de l&rsquo;Agence nationale de la s\u00e9curit\u00e9 informatique (Ansi), annonce minist\u00e8re des Technologies de la Communication.","og_url":"https:\/\/kapitalis.com\/tunisie\/2022\/02\/01\/tunisie-yassine-jemaiel-nouveau-directeur-de-lagence-nationale-de-la-securite-informatique\/","og_site_name":"Kapitalis","article_publisher":"https:\/\/www.facebook.com\/KapitalisInfo\/","article_published_time":"2022-02-01T17:06:38+00:00","article_modified_time":"2022-02-02T14:50:02+00:00","og_image":[{"width":1200,"height":630,"url":"https:\/\/kapitalis.com\/tunisie\/wp-content\/uploads\/2022\/05\/kapitalis-logo-fb.png","type":"image\/png"}],"author":"Yusra NY","twitter_card":"summary_large_image","twitter_creator":"@KapitalisInfo","twitter_site":"@KapitalisInfo","twitter_misc":{"\u00c9crit par":"Yusra NY","Dur\u00e9e de lecture estim\u00e9e":"1 minute"},"schema":{"@context":"https:\/\/schema.org","@graph":[{"@type":"Article","@id":"https:\/\/kapitalis.com\/tunisie\/2022\/02\/01\/tunisie-yassine-jemaiel-nouveau-directeur-de-lagence-nationale-de-la-securite-informatique\/#article","isPartOf":{"@id":"https:\/\/kapitalis.com\/tunisie\/2022\/02\/01\/tunisie-yassine-jemaiel-nouveau-directeur-de-lagence-nationale-de-la-securite-informatique\/"},"author":{"name":"Yusra NY","@id":"https:\/\/kapitalis.com\/tunisie\/#\/schema\/person\/74bbde0154d49d790a92aaeac5bc01d5"},"headline":"Tunisie : Yassine Jemaiel nouveau directeur de l\u2019Agence nationale de la s\u00e9curit\u00e9 informatique","datePublished":"2022-02-01T17:06:38+00:00","dateModified":"2022-02-02T14:50:02+00:00","mainEntityOfPage":{"@id":"https:\/\/kapitalis.com\/tunisie\/2022\/02\/01\/tunisie-yassine-jemaiel-nouveau-directeur-de-lagence-nationale-de-la-securite-informatique\/"},"wordCount":237,"commentCount":0,"publisher":{"@id":"https:\/\/kapitalis.com\/tunisie\/#organization"},"image":{"@id":"https:\/\/kapitalis.com\/tunisie\/2022\/02\/01\/tunisie-yassine-jemaiel-nouveau-directeur-de-lagence-nationale-de-la-securite-informatique\/#primaryimage"},"thumbnailUrl":"","keywords":["ANSI","directeur g\u00e9n\u00e9ral","nomination","s\u00e9curit\u00e9 informatique","Tunisie","Yassine Jemaiel"],"articleSection":["SOCIETE","Tunisie"],"inLanguage":"fr-FR","potentialAction":[{"@type":"CommentAction","name":"Comment","target":["https:\/\/kapitalis.com\/tunisie\/2022\/02\/01\/tunisie-yassine-jemaiel-nouveau-directeur-de-lagence-nationale-de-la-securite-informatique\/#respond"]}]},{"@type":"WebPage","@id":"https:\/\/kapitalis.com\/tunisie\/2022\/02\/01\/tunisie-yassine-jemaiel-nouveau-directeur-de-lagence-nationale-de-la-securite-informatique\/","url":"https:\/\/kapitalis.com\/tunisie\/2022\/02\/01\/tunisie-yassine-jemaiel-nouveau-directeur-de-lagence-nationale-de-la-securite-informatique\/","name":"Tunisie : Yassine Jemaiel nouveau directeur de l\u2019Agence nationale de la s\u00e9curit\u00e9 informatique - Kapitalis","isPartOf":{"@id":"https:\/\/kapitalis.com\/tunisie\/#website"},"primaryImageOfPage":{"@id":"https:\/\/kapitalis.com\/tunisie\/2022\/02\/01\/tunisie-yassine-jemaiel-nouveau-directeur-de-lagence-nationale-de-la-securite-informatique\/#primaryimage"},"image":{"@id":"https:\/\/kapitalis.com\/tunisie\/2022\/02\/01\/tunisie-yassine-jemaiel-nouveau-directeur-de-lagence-nationale-de-la-securite-informatique\/#primaryimage"},"thumbnailUrl":"","datePublished":"2022-02-01T17:06:38+00:00","dateModified":"2022-02-02T14:50:02+00:00","breadcrumb":{"@id":"https:\/\/kapitalis.com\/tunisie\/2022\/02\/01\/tunisie-yassine-jemaiel-nouveau-directeur-de-lagence-nationale-de-la-securite-informatique\/#breadcrumb"},"inLanguage":"fr-FR","potentialAction":[{"@type":"ReadAction","target":["https:\/\/kapitalis.com\/tunisie\/2022\/02\/01\/tunisie-yassine-jemaiel-nouveau-directeur-de-lagence-nationale-de-la-securite-informatique\/"]}]},{"@type":"ImageObject","inLanguage":"fr-FR","@id":"https:\/\/kapitalis.com\/tunisie\/2022\/02\/01\/tunisie-yassine-jemaiel-nouveau-directeur-de-lagence-nationale-de-la-securite-informatique\/#primaryimage","url":"","contentUrl":""},{"@type":"BreadcrumbList","@id":"https:\/\/kapitalis.com\/tunisie\/2022\/02\/01\/tunisie-yassine-jemaiel-nouveau-directeur-de-lagence-nationale-de-la-securite-informatique\/#breadcrumb","itemListElement":[{"@type":"ListItem","position":1,"name":"Accueil","item":"https:\/\/kapitalis.com\/tunisie\/"},{"@type":"ListItem","position":2,"name":"Tunisie : Yassine Jemaiel nouveau directeur de l\u2019Agence nationale de la s\u00e9curit\u00e9 informatique"}]},{"@type":"WebSite","@id":"https:\/\/kapitalis.com\/tunisie\/#website","url":"https:\/\/kapitalis.com\/tunisie\/","name":"Kapitalis","description":"L&#039;actualit\u00e9 en Tunisie et dans le monde","publisher":{"@id":"https:\/\/kapitalis.com\/tunisie\/#organization"},"potentialAction":[{"@type":"SearchAction","target":{"@type":"EntryPoint","urlTemplate":"https:\/\/kapitalis.com\/tunisie\/?s={search_term_string}"},"query-input":{"@type":"PropertyValueSpecification","valueRequired":true,"valueName":"search_term_string"}}],"inLanguage":"fr-FR"},{"@type":"Organization","@id":"https:\/\/kapitalis.com\/tunisie\/#organization","name":"Kapitalis","url":"https:\/\/kapitalis.com\/tunisie\/","logo":{"@type":"ImageObject","inLanguage":"fr-FR","@id":"https:\/\/kapitalis.com\/tunisie\/#\/schema\/logo\/image\/","url":"https:\/\/kapitalis.com\/tunisie\/wp-content\/uploads\/2022\/05\/Kapitalis-big-size.png","contentUrl":"https:\/\/kapitalis.com\/tunisie\/wp-content\/uploads\/2022\/05\/Kapitalis-big-size.png","width":5000,"height":1500,"caption":"Kapitalis"},"image":{"@id":"https:\/\/kapitalis.com\/tunisie\/#\/schema\/logo\/image\/"},"sameAs":["https:\/\/www.facebook.com\/KapitalisInfo\/","https:\/\/x.com\/KapitalisInfo","https:\/\/www.youtube.com\/channel\/UC-yDYrHyfFBWWZaOw3FPg9Q"]},{"@type":"Person","@id":"https:\/\/kapitalis.com\/tunisie\/#\/schema\/person\/74bbde0154d49d790a92aaeac5bc01d5","name":"Yusra NY","url":"https:\/\/kapitalis.com\/tunisie\/author\/yuza_adam\/"}]}},"_links":{"self":[{"href":"https:\/\/kapitalis.com\/tunisie\/wp-json\/wp\/v2\/posts\/379238","targetHints":{"allow":["GET"]}}],"collection":[{"href":"https:\/\/kapitalis.com\/tunisie\/wp-json\/wp\/v2\/posts"}],"about":[{"href":"https:\/\/kapitalis.com\/tunisie\/wp-json\/wp\/v2\/types\/post"}],"author":[{"embeddable":true,"href":"https:\/\/kapitalis.com\/tunisie\/wp-json\/wp\/v2\/users\/6"}],"replies":[{"embeddable":true,"href":"https:\/\/kapitalis.com\/tunisie\/wp-json\/wp\/v2\/comments?post=379238"}],"version-history":[{"count":0,"href":"https:\/\/kapitalis.com\/tunisie\/wp-json\/wp\/v2\/posts\/379238\/revisions"}],"wp:featuredmedia":[{"embeddable":true,"href":"https:\/\/kapitalis.com\/tunisie\/wp-json\/wp\/v2\/media\/379240"}],"wp:attachment":[{"href":"https:\/\/kapitalis.com\/tunisie\/wp-json\/wp\/v2\/media?parent=379238"}],"wp:term":[{"taxonomy":"category","embeddable":true,"href":"https:\/\/kapitalis.com\/tunisie\/wp-json\/wp\/v2\/categories?post=379238"},{"taxonomy":"post_tag","embeddable":true,"href":"https:\/\/kapitalis.com\/tunisie\/wp-json\/wp\/v2\/tags?post=379238"}],"curies":[{"name":"wp","href":"https:\/\/api.w.org\/{rel}","templated":true}]}}