{"id":379258,"date":"2022-02-01T20:22:24","date_gmt":"2022-02-01T19:22:24","guid":{"rendered":"http:\/\/kapitalis.com\/tunisie\/?p=379258"},"modified":"2022-02-01T20:25:30","modified_gmt":"2022-02-01T19:25:30","slug":"le-dossier-dinscription-de-djerba-sur-la-liste-du-patrimoine-mondial-depose-au-siege-de-lunesco","status":"publish","type":"post","link":"https:\/\/kapitalis.com\/tunisie\/2022\/02\/01\/le-dossier-dinscription-de-djerba-sur-la-liste-du-patrimoine-mondial-depose-au-siege-de-lunesco\/","title":{"rendered":"Le dossier d&rsquo;inscription de Djerba sur la liste du patrimoine mondial d\u00e9pos\u00e9 au si\u00e8ge de l&rsquo;Unesco"},"content":{"rendered":"\n<div class=\"wp-block-image\"><figure class=\"aligncenter size-full\"><img decoding=\"async\" src=\"http:\/\/kapitalis.com\/tunisie\/wp-content\/uploads\/2022\/02\/Untitled-4.jpg\" alt=\"\" class=\"wp-image-379261\"\/><\/figure><\/div>\n\n\n\n<p><em><strong>Le projet d\u2019inscription de l\u2019\u00eele de Djerba sur la liste du patrimoine mondial de l\u2019Unesco a officiellement \u00e9t\u00e9 d\u00e9pos\u00e9 aujourd\u2019hui, mardi 1<sup>er<\/sup> f\u00e9vrier, au si\u00e8ge de l\u2019Unesco \u00e0 Paris en pr\u00e9sence de son nouveau directeur Lazare Eloundou Assomo.<\/strong><\/em><\/p>\n\n\n\n<!--more-->\n\n\n\n<p>Le minist\u00e8re des Affaires culturelles vient d\u2019annoncer que l\u2019ambassadeur d\u00e9l\u00e9gu\u00e9 permanent de la Tunisie aupr\u00e8s de l\u2019Unesco Ghazi Gherairi et le directeur g\u00e9n\u00e9ral du Centre national du patrimoine Fawzi Mahfoudh \u00e9taient \u00e0 paris ce matin au si\u00e8ge de l\u2019Unesco pour remettre en main propre le dossier final du projet d\u2019inscription de l\u2019\u00eele de Djerba sur la liste du patrimoine mondial de l\u2019Unesco aupr\u00e8s de son nouveau directeur Lazare Eloundou Assomo.<\/p>\n\n\n\n<p>Lazare Eloundou Assomo est le premier africain \u00e0 devenir directeur du patrimoine mondial de l\u2019Unesco. Nomm\u00e9 en d\u00e9cembre 2021 \u00e0 la t\u00eate de l\u2019organisation, le nouveau directeur souhaite valoriser les tr\u00e9sors du continent africain et inscrire de nouveaux sites situ\u00e9s dans des pays africains sur la liste du patrimoine mondial de l\u2019Unesco.<\/p>\n\n\n\n<p class=\"has-text-align-right\"><strong>F.B<\/strong><\/p>\n","protected":false},"excerpt":{"rendered":"<p>Le projet d\u2019inscription de l\u2019\u00eele de Djerba sur la liste du patrimoine mondial de l\u2019Unesco a officiellement \u00e9t\u00e9 d\u00e9pos\u00e9 aujourd\u2019hui, mardi 1er f\u00e9vrier, au si\u00e8ge de l\u2019Unesco \u00e0 Paris en pr\u00e9sence de son nouveau directeur Lazare Eloundou Assomo.<\/p>\n","protected":false},"author":26,"featured_media":379261,"comment_status":"open","ping_status":"open","sticky":false,"template":"","format":"standard","meta":{"footnotes":""},"categories":[994,2433],"tags":[96972,284,30115,96973,70608,62643],"class_list":["post-379258","post","type-post","status-publish","format-standard","has-post-thumbnail","hentry","category-culture","category-tunisie","tag-centre-national-du-patrimoine","tag-djerba","tag-ghazi-ghrairi","tag-lazare-eloundou-assomo","tag-patrimoine-immateriel-de-unesco","tag-tunisie"],"yoast_head":"<!-- This site is optimized with the Yoast SEO plugin v26.6 - https:\/\/yoast.com\/wordpress\/plugins\/seo\/ -->\n<title>Le dossier d&#039;inscription de Djerba sur la liste du patrimoine mondial d\u00e9pos\u00e9 au si\u00e8ge de l&#039;Unesco - Kapitalis<\/title>\n<meta name=\"robots\" content=\"index, follow, max-snippet:-1, max-image-preview:large, max-video-preview:-1\" \/>\n<link rel=\"canonical\" href=\"https:\/\/kapitalis.com\/tunisie\/2022\/02\/01\/le-dossier-dinscription-de-djerba-sur-la-liste-du-patrimoine-mondial-depose-au-siege-de-lunesco\/\" \/>\n<meta property=\"og:locale\" content=\"fr_FR\" \/>\n<meta property=\"og:type\" content=\"article\" \/>\n<meta property=\"og:title\" content=\"Le dossier d&#039;inscription de Djerba sur la liste du patrimoine mondial d\u00e9pos\u00e9 au si\u00e8ge de l&#039;Unesco - Kapitalis\" \/>\n<meta property=\"og:description\" content=\"Le projet d\u2019inscription de l\u2019\u00eele de Djerba sur la liste du patrimoine mondial de l\u2019Unesco a officiellement \u00e9t\u00e9 d\u00e9pos\u00e9 aujourd\u2019hui, mardi 1er f\u00e9vrier, au si\u00e8ge de l\u2019Unesco \u00e0 Paris en pr\u00e9sence de son nouveau directeur Lazare Eloundou Assomo.\" \/>\n<meta property=\"og:url\" content=\"https:\/\/kapitalis.com\/tunisie\/2022\/02\/01\/le-dossier-dinscription-de-djerba-sur-la-liste-du-patrimoine-mondial-depose-au-siege-de-lunesco\/\" \/>\n<meta property=\"og:site_name\" content=\"Kapitalis\" \/>\n<meta property=\"article:publisher\" content=\"https:\/\/www.facebook.com\/KapitalisInfo\/\" \/>\n<meta property=\"article:published_time\" content=\"2022-02-01T19:22:24+00:00\" \/>\n<meta property=\"article:modified_time\" content=\"2022-02-01T19:25:30+00:00\" \/>\n<meta property=\"og:image\" content=\"https:\/\/kapitalis.com\/tunisie\/wp-content\/uploads\/2022\/05\/kapitalis-logo-fb.png\" \/>\n\t<meta property=\"og:image:width\" content=\"1200\" \/>\n\t<meta property=\"og:image:height\" content=\"630\" \/>\n\t<meta property=\"og:image:type\" content=\"image\/png\" \/>\n<meta name=\"author\" content=\"Fawz BenAli\" \/>\n<meta name=\"twitter:card\" content=\"summary_large_image\" \/>\n<meta name=\"twitter:creator\" content=\"@KapitalisInfo\" \/>\n<meta name=\"twitter:site\" content=\"@KapitalisInfo\" \/>\n<meta name=\"twitter:label1\" content=\"\u00c9crit par\" \/>\n\t<meta name=\"twitter:data1\" content=\"Fawz BenAli\" \/>\n\t<meta name=\"twitter:label2\" content=\"Dur\u00e9e de lecture estim\u00e9e\" \/>\n\t<meta name=\"twitter:data2\" content=\"1 minute\" \/>\n<script type=\"application\/ld+json\" class=\"yoast-schema-graph\">{\"@context\":\"https:\/\/schema.org\",\"@graph\":[{\"@type\":\"Article\",\"@id\":\"https:\/\/kapitalis.com\/tunisie\/2022\/02\/01\/le-dossier-dinscription-de-djerba-sur-la-liste-du-patrimoine-mondial-depose-au-siege-de-lunesco\/#article\",\"isPartOf\":{\"@id\":\"https:\/\/kapitalis.com\/tunisie\/2022\/02\/01\/le-dossier-dinscription-de-djerba-sur-la-liste-du-patrimoine-mondial-depose-au-siege-de-lunesco\/\"},\"author\":{\"name\":\"Fawz BenAli\",\"@id\":\"https:\/\/kapitalis.com\/tunisie\/#\/schema\/person\/73a5ecc1f6ae540c6ed91342eadca948\"},\"headline\":\"Le dossier d&rsquo;inscription de Djerba sur la liste du patrimoine mondial d\u00e9pos\u00e9 au si\u00e8ge de l&rsquo;Unesco\",\"datePublished\":\"2022-02-01T19:22:24+00:00\",\"dateModified\":\"2022-02-01T19:25:30+00:00\",\"mainEntityOfPage\":{\"@id\":\"https:\/\/kapitalis.com\/tunisie\/2022\/02\/01\/le-dossier-dinscription-de-djerba-sur-la-liste-du-patrimoine-mondial-depose-au-siege-de-lunesco\/\"},\"wordCount\":206,\"commentCount\":0,\"publisher\":{\"@id\":\"https:\/\/kapitalis.com\/tunisie\/#organization\"},\"image\":{\"@id\":\"https:\/\/kapitalis.com\/tunisie\/2022\/02\/01\/le-dossier-dinscription-de-djerba-sur-la-liste-du-patrimoine-mondial-depose-au-siege-de-lunesco\/#primaryimage\"},\"thumbnailUrl\":\"\",\"keywords\":[\"Centre national du patrimoine\",\"Djerba\",\"Ghazi Ghrairi\",\"Lazare Eloundou Assomo\",\"Patrimoine immat\u00e9riel de Unesco\",\"Tunisie\"],\"articleSection\":[\"CULTURE\",\"Tunisie\"],\"inLanguage\":\"fr-FR\",\"potentialAction\":[{\"@type\":\"CommentAction\",\"name\":\"Comment\",\"target\":[\"https:\/\/kapitalis.com\/tunisie\/2022\/02\/01\/le-dossier-dinscription-de-djerba-sur-la-liste-du-patrimoine-mondial-depose-au-siege-de-lunesco\/#respond\"]}]},{\"@type\":\"WebPage\",\"@id\":\"https:\/\/kapitalis.com\/tunisie\/2022\/02\/01\/le-dossier-dinscription-de-djerba-sur-la-liste-du-patrimoine-mondial-depose-au-siege-de-lunesco\/\",\"url\":\"https:\/\/kapitalis.com\/tunisie\/2022\/02\/01\/le-dossier-dinscription-de-djerba-sur-la-liste-du-patrimoine-mondial-depose-au-siege-de-lunesco\/\",\"name\":\"Le dossier d'inscription de Djerba sur la liste du patrimoine mondial d\u00e9pos\u00e9 au si\u00e8ge de l'Unesco - Kapitalis\",\"isPartOf\":{\"@id\":\"https:\/\/kapitalis.com\/tunisie\/#website\"},\"primaryImageOfPage\":{\"@id\":\"https:\/\/kapitalis.com\/tunisie\/2022\/02\/01\/le-dossier-dinscription-de-djerba-sur-la-liste-du-patrimoine-mondial-depose-au-siege-de-lunesco\/#primaryimage\"},\"image\":{\"@id\":\"https:\/\/kapitalis.com\/tunisie\/2022\/02\/01\/le-dossier-dinscription-de-djerba-sur-la-liste-du-patrimoine-mondial-depose-au-siege-de-lunesco\/#primaryimage\"},\"thumbnailUrl\":\"\",\"datePublished\":\"2022-02-01T19:22:24+00:00\",\"dateModified\":\"2022-02-01T19:25:30+00:00\",\"breadcrumb\":{\"@id\":\"https:\/\/kapitalis.com\/tunisie\/2022\/02\/01\/le-dossier-dinscription-de-djerba-sur-la-liste-du-patrimoine-mondial-depose-au-siege-de-lunesco\/#breadcrumb\"},\"inLanguage\":\"fr-FR\",\"potentialAction\":[{\"@type\":\"ReadAction\",\"target\":[\"https:\/\/kapitalis.com\/tunisie\/2022\/02\/01\/le-dossier-dinscription-de-djerba-sur-la-liste-du-patrimoine-mondial-depose-au-siege-de-lunesco\/\"]}]},{\"@type\":\"ImageObject\",\"inLanguage\":\"fr-FR\",\"@id\":\"https:\/\/kapitalis.com\/tunisie\/2022\/02\/01\/le-dossier-dinscription-de-djerba-sur-la-liste-du-patrimoine-mondial-depose-au-siege-de-lunesco\/#primaryimage\",\"url\":\"\",\"contentUrl\":\"\"},{\"@type\":\"BreadcrumbList\",\"@id\":\"https:\/\/kapitalis.com\/tunisie\/2022\/02\/01\/le-dossier-dinscription-de-djerba-sur-la-liste-du-patrimoine-mondial-depose-au-siege-de-lunesco\/#breadcrumb\",\"itemListElement\":[{\"@type\":\"ListItem\",\"position\":1,\"name\":\"Accueil\",\"item\":\"https:\/\/kapitalis.com\/tunisie\/\"},{\"@type\":\"ListItem\",\"position\":2,\"name\":\"Le dossier d&rsquo;inscription de Djerba sur la liste du patrimoine mondial d\u00e9pos\u00e9 au si\u00e8ge de l&rsquo;Unesco\"}]},{\"@type\":\"WebSite\",\"@id\":\"https:\/\/kapitalis.com\/tunisie\/#website\",\"url\":\"https:\/\/kapitalis.com\/tunisie\/\",\"name\":\"Kapitalis\",\"description\":\"L&#039;actualit\u00e9 en Tunisie et dans le monde\",\"publisher\":{\"@id\":\"https:\/\/kapitalis.com\/tunisie\/#organization\"},\"potentialAction\":[{\"@type\":\"SearchAction\",\"target\":{\"@type\":\"EntryPoint\",\"urlTemplate\":\"https:\/\/kapitalis.com\/tunisie\/?s={search_term_string}\"},\"query-input\":{\"@type\":\"PropertyValueSpecification\",\"valueRequired\":true,\"valueName\":\"search_term_string\"}}],\"inLanguage\":\"fr-FR\"},{\"@type\":\"Organization\",\"@id\":\"https:\/\/kapitalis.com\/tunisie\/#organization\",\"name\":\"Kapitalis\",\"url\":\"https:\/\/kapitalis.com\/tunisie\/\",\"logo\":{\"@type\":\"ImageObject\",\"inLanguage\":\"fr-FR\",\"@id\":\"https:\/\/kapitalis.com\/tunisie\/#\/schema\/logo\/image\/\",\"url\":\"https:\/\/kapitalis.com\/tunisie\/wp-content\/uploads\/2022\/05\/Kapitalis-big-size.png\",\"contentUrl\":\"https:\/\/kapitalis.com\/tunisie\/wp-content\/uploads\/2022\/05\/Kapitalis-big-size.png\",\"width\":5000,\"height\":1500,\"caption\":\"Kapitalis\"},\"image\":{\"@id\":\"https:\/\/kapitalis.com\/tunisie\/#\/schema\/logo\/image\/\"},\"sameAs\":[\"https:\/\/www.facebook.com\/KapitalisInfo\/\",\"https:\/\/x.com\/KapitalisInfo\",\"https:\/\/www.youtube.com\/channel\/UC-yDYrHyfFBWWZaOw3FPg9Q\"]},{\"@type\":\"Person\",\"@id\":\"https:\/\/kapitalis.com\/tunisie\/#\/schema\/person\/73a5ecc1f6ae540c6ed91342eadca948\",\"name\":\"Fawz BenAli\",\"url\":\"https:\/\/kapitalis.com\/tunisie\/author\/fawz\/\"}]}<\/script>\n<!-- \/ Yoast SEO plugin. -->","yoast_head_json":{"title":"Le dossier d'inscription de Djerba sur la liste du patrimoine mondial d\u00e9pos\u00e9 au si\u00e8ge de l'Unesco - Kapitalis","robots":{"index":"index","follow":"follow","max-snippet":"max-snippet:-1","max-image-preview":"max-image-preview:large","max-video-preview":"max-video-preview:-1"},"canonical":"https:\/\/kapitalis.com\/tunisie\/2022\/02\/01\/le-dossier-dinscription-de-djerba-sur-la-liste-du-patrimoine-mondial-depose-au-siege-de-lunesco\/","og_locale":"fr_FR","og_type":"article","og_title":"Le dossier d'inscription de Djerba sur la liste du patrimoine mondial d\u00e9pos\u00e9 au si\u00e8ge de l'Unesco - Kapitalis","og_description":"Le projet d\u2019inscription de l\u2019\u00eele de Djerba sur la liste du patrimoine mondial de l\u2019Unesco a officiellement \u00e9t\u00e9 d\u00e9pos\u00e9 aujourd\u2019hui, mardi 1er f\u00e9vrier, au si\u00e8ge de l\u2019Unesco \u00e0 Paris en pr\u00e9sence de son nouveau directeur Lazare Eloundou Assomo.","og_url":"https:\/\/kapitalis.com\/tunisie\/2022\/02\/01\/le-dossier-dinscription-de-djerba-sur-la-liste-du-patrimoine-mondial-depose-au-siege-de-lunesco\/","og_site_name":"Kapitalis","article_publisher":"https:\/\/www.facebook.com\/KapitalisInfo\/","article_published_time":"2022-02-01T19:22:24+00:00","article_modified_time":"2022-02-01T19:25:30+00:00","og_image":[{"width":1200,"height":630,"url":"https:\/\/kapitalis.com\/tunisie\/wp-content\/uploads\/2022\/05\/kapitalis-logo-fb.png","type":"image\/png"}],"author":"Fawz BenAli","twitter_card":"summary_large_image","twitter_creator":"@KapitalisInfo","twitter_site":"@KapitalisInfo","twitter_misc":{"\u00c9crit par":"Fawz BenAli","Dur\u00e9e de lecture estim\u00e9e":"1 minute"},"schema":{"@context":"https:\/\/schema.org","@graph":[{"@type":"Article","@id":"https:\/\/kapitalis.com\/tunisie\/2022\/02\/01\/le-dossier-dinscription-de-djerba-sur-la-liste-du-patrimoine-mondial-depose-au-siege-de-lunesco\/#article","isPartOf":{"@id":"https:\/\/kapitalis.com\/tunisie\/2022\/02\/01\/le-dossier-dinscription-de-djerba-sur-la-liste-du-patrimoine-mondial-depose-au-siege-de-lunesco\/"},"author":{"name":"Fawz BenAli","@id":"https:\/\/kapitalis.com\/tunisie\/#\/schema\/person\/73a5ecc1f6ae540c6ed91342eadca948"},"headline":"Le dossier d&rsquo;inscription de Djerba sur la liste du patrimoine mondial d\u00e9pos\u00e9 au si\u00e8ge de l&rsquo;Unesco","datePublished":"2022-02-01T19:22:24+00:00","dateModified":"2022-02-01T19:25:30+00:00","mainEntityOfPage":{"@id":"https:\/\/kapitalis.com\/tunisie\/2022\/02\/01\/le-dossier-dinscription-de-djerba-sur-la-liste-du-patrimoine-mondial-depose-au-siege-de-lunesco\/"},"wordCount":206,"commentCount":0,"publisher":{"@id":"https:\/\/kapitalis.com\/tunisie\/#organization"},"image":{"@id":"https:\/\/kapitalis.com\/tunisie\/2022\/02\/01\/le-dossier-dinscription-de-djerba-sur-la-liste-du-patrimoine-mondial-depose-au-siege-de-lunesco\/#primaryimage"},"thumbnailUrl":"","keywords":["Centre national du patrimoine","Djerba","Ghazi Ghrairi","Lazare Eloundou Assomo","Patrimoine immat\u00e9riel de Unesco","Tunisie"],"articleSection":["CULTURE","Tunisie"],"inLanguage":"fr-FR","potentialAction":[{"@type":"CommentAction","name":"Comment","target":["https:\/\/kapitalis.com\/tunisie\/2022\/02\/01\/le-dossier-dinscription-de-djerba-sur-la-liste-du-patrimoine-mondial-depose-au-siege-de-lunesco\/#respond"]}]},{"@type":"WebPage","@id":"https:\/\/kapitalis.com\/tunisie\/2022\/02\/01\/le-dossier-dinscription-de-djerba-sur-la-liste-du-patrimoine-mondial-depose-au-siege-de-lunesco\/","url":"https:\/\/kapitalis.com\/tunisie\/2022\/02\/01\/le-dossier-dinscription-de-djerba-sur-la-liste-du-patrimoine-mondial-depose-au-siege-de-lunesco\/","name":"Le dossier d'inscription de Djerba sur la liste du patrimoine mondial d\u00e9pos\u00e9 au si\u00e8ge de l'Unesco - Kapitalis","isPartOf":{"@id":"https:\/\/kapitalis.com\/tunisie\/#website"},"primaryImageOfPage":{"@id":"https:\/\/kapitalis.com\/tunisie\/2022\/02\/01\/le-dossier-dinscription-de-djerba-sur-la-liste-du-patrimoine-mondial-depose-au-siege-de-lunesco\/#primaryimage"},"image":{"@id":"https:\/\/kapitalis.com\/tunisie\/2022\/02\/01\/le-dossier-dinscription-de-djerba-sur-la-liste-du-patrimoine-mondial-depose-au-siege-de-lunesco\/#primaryimage"},"thumbnailUrl":"","datePublished":"2022-02-01T19:22:24+00:00","dateModified":"2022-02-01T19:25:30+00:00","breadcrumb":{"@id":"https:\/\/kapitalis.com\/tunisie\/2022\/02\/01\/le-dossier-dinscription-de-djerba-sur-la-liste-du-patrimoine-mondial-depose-au-siege-de-lunesco\/#breadcrumb"},"inLanguage":"fr-FR","potentialAction":[{"@type":"ReadAction","target":["https:\/\/kapitalis.com\/tunisie\/2022\/02\/01\/le-dossier-dinscription-de-djerba-sur-la-liste-du-patrimoine-mondial-depose-au-siege-de-lunesco\/"]}]},{"@type":"ImageObject","inLanguage":"fr-FR","@id":"https:\/\/kapitalis.com\/tunisie\/2022\/02\/01\/le-dossier-dinscription-de-djerba-sur-la-liste-du-patrimoine-mondial-depose-au-siege-de-lunesco\/#primaryimage","url":"","contentUrl":""},{"@type":"BreadcrumbList","@id":"https:\/\/kapitalis.com\/tunisie\/2022\/02\/01\/le-dossier-dinscription-de-djerba-sur-la-liste-du-patrimoine-mondial-depose-au-siege-de-lunesco\/#breadcrumb","itemListElement":[{"@type":"ListItem","position":1,"name":"Accueil","item":"https:\/\/kapitalis.com\/tunisie\/"},{"@type":"ListItem","position":2,"name":"Le dossier d&rsquo;inscription de Djerba sur la liste du patrimoine mondial d\u00e9pos\u00e9 au si\u00e8ge de l&rsquo;Unesco"}]},{"@type":"WebSite","@id":"https:\/\/kapitalis.com\/tunisie\/#website","url":"https:\/\/kapitalis.com\/tunisie\/","name":"Kapitalis","description":"L&#039;actualit\u00e9 en Tunisie et dans le monde","publisher":{"@id":"https:\/\/kapitalis.com\/tunisie\/#organization"},"potentialAction":[{"@type":"SearchAction","target":{"@type":"EntryPoint","urlTemplate":"https:\/\/kapitalis.com\/tunisie\/?s={search_term_string}"},"query-input":{"@type":"PropertyValueSpecification","valueRequired":true,"valueName":"search_term_string"}}],"inLanguage":"fr-FR"},{"@type":"Organization","@id":"https:\/\/kapitalis.com\/tunisie\/#organization","name":"Kapitalis","url":"https:\/\/kapitalis.com\/tunisie\/","logo":{"@type":"ImageObject","inLanguage":"fr-FR","@id":"https:\/\/kapitalis.com\/tunisie\/#\/schema\/logo\/image\/","url":"https:\/\/kapitalis.com\/tunisie\/wp-content\/uploads\/2022\/05\/Kapitalis-big-size.png","contentUrl":"https:\/\/kapitalis.com\/tunisie\/wp-content\/uploads\/2022\/05\/Kapitalis-big-size.png","width":5000,"height":1500,"caption":"Kapitalis"},"image":{"@id":"https:\/\/kapitalis.com\/tunisie\/#\/schema\/logo\/image\/"},"sameAs":["https:\/\/www.facebook.com\/KapitalisInfo\/","https:\/\/x.com\/KapitalisInfo","https:\/\/www.youtube.com\/channel\/UC-yDYrHyfFBWWZaOw3FPg9Q"]},{"@type":"Person","@id":"https:\/\/kapitalis.com\/tunisie\/#\/schema\/person\/73a5ecc1f6ae540c6ed91342eadca948","name":"Fawz BenAli","url":"https:\/\/kapitalis.com\/tunisie\/author\/fawz\/"}]}},"_links":{"self":[{"href":"https:\/\/kapitalis.com\/tunisie\/wp-json\/wp\/v2\/posts\/379258","targetHints":{"allow":["GET"]}}],"collection":[{"href":"https:\/\/kapitalis.com\/tunisie\/wp-json\/wp\/v2\/posts"}],"about":[{"href":"https:\/\/kapitalis.com\/tunisie\/wp-json\/wp\/v2\/types\/post"}],"author":[{"embeddable":true,"href":"https:\/\/kapitalis.com\/tunisie\/wp-json\/wp\/v2\/users\/26"}],"replies":[{"embeddable":true,"href":"https:\/\/kapitalis.com\/tunisie\/wp-json\/wp\/v2\/comments?post=379258"}],"version-history":[{"count":0,"href":"https:\/\/kapitalis.com\/tunisie\/wp-json\/wp\/v2\/posts\/379258\/revisions"}],"wp:featuredmedia":[{"embeddable":true,"href":"https:\/\/kapitalis.com\/tunisie\/wp-json\/wp\/v2\/media\/379261"}],"wp:attachment":[{"href":"https:\/\/kapitalis.com\/tunisie\/wp-json\/wp\/v2\/media?parent=379258"}],"wp:term":[{"taxonomy":"category","embeddable":true,"href":"https:\/\/kapitalis.com\/tunisie\/wp-json\/wp\/v2\/categories?post=379258"},{"taxonomy":"post_tag","embeddable":true,"href":"https:\/\/kapitalis.com\/tunisie\/wp-json\/wp\/v2\/tags?post=379258"}],"curies":[{"name":"wp","href":"https:\/\/api.w.org\/{rel}","templated":true}]}}