{"id":379466,"date":"2022-02-03T10:28:23","date_gmt":"2022-02-03T09:28:23","guid":{"rendered":"http:\/\/kapitalis.com\/tunisie\/?p=379466"},"modified":"2022-02-03T10:32:51","modified_gmt":"2022-02-03T09:32:51","slug":"union-des-editeurs-arabes-mohamed-saleh-maalej-elu-a-la-tete-de-la-commission-dinformation-et-des-relations-publiques","status":"publish","type":"post","link":"https:\/\/kapitalis.com\/tunisie\/2022\/02\/03\/union-des-editeurs-arabes-mohamed-saleh-maalej-elu-a-la-tete-de-la-commission-dinformation-et-des-relations-publiques\/","title":{"rendered":"Union des Editeurs arabes : Mohamed Saleh Maalej \u00e9lu \u00e0 la t\u00eate de la Commission d\u2019Information et des Relations publiques"},"content":{"rendered":"\n<div class=\"wp-block-image\"><figure class=\"aligncenter size-full\"><img decoding=\"async\" src=\"http:\/\/kapitalis.com\/tunisie\/wp-content\/uploads\/2022\/02\/2-1.jpg\" alt=\"\" class=\"wp-image-379471\"\/><\/figure><\/div>\n\n\n\n<p><em><strong>L\u2019\u00e9diteur tunisien Mohamed Saleh Maalej vient d\u2019\u00eatre nomm\u00e9 \u00e0 la t\u00eate de la Commission d\u2019Information et des Relations publiques de l\u2019Union des Editeurs arabes pour une dur\u00e9e de deux ans (2022 \u2013 2024).<\/strong><\/em><\/p>\n\n\n\n<!--more-->\n\n\n\n<p>23 \u00e9diteurs tunisiens \u00e9taient candidats pour les \u00e9lections qui se sont tenues en marge de la 53<sup>e<\/sup> \u00e9dition du Salon international du Livre du Caire qui se poursuit jusqu\u2019au 7 f\u00e9vrier.<\/p>\n\n\n\n<p>L\u2019\u00e9lection de Mohamed Maalej s\u2019est faite au terme des travaux de l\u2019Assembl\u00e9e g\u00e9n\u00e9rale ordinaire de l\u2019Union des Editeurs arabes, r\u00e9unie le lundi 31 janvier au Caire.<\/p>\n\n\n\n<p>Nomm\u00e9 auparavant \u00e0 la t\u00eate de l\u2019Union des Editeurs tunisiens (UET) et \u00e0 la t\u00eate de la Commission&nbsp; des Foires arabes et internationales, Mohamed Maalej pr\u00e9sidera d\u00e9sormais la Commission d\u2019Information et des Relations publiques jusqu\u2019\u00e0 l\u2019ann\u00e9e 2024.<\/p>\n\n\n\n<p>Cr\u00e9\u00e9e en 1962 sur d\u00e9cision de la Ligue des Etats arabes, l\u2019Union des Editeurs arabes est un organisme ind\u00e9pendant qui compte neuf commissions et une trentaine de membres parmi les \u00e9diteurs de la r\u00e9gion.<\/p>\n\n\n\n<p class=\"has-text-align-right\"><strong>F.B<\/strong><\/p>\n","protected":false},"excerpt":{"rendered":"<p>L\u2019\u00e9diteur tunisien Mohamed Saleh Maalej vient d\u2019\u00eatre nomm\u00e9 \u00e0 la t\u00eate de la Commission d\u2019Information et des Relations publiques de l\u2019Union des Editeurs arabes pour une dur\u00e9e de deux ans (2022 \u2013 2024).<\/p>\n","protected":false},"author":26,"featured_media":379471,"comment_status":"open","ping_status":"open","sticky":false,"template":"","format":"standard","meta":{"footnotes":""},"categories":[994,2433],"tags":[97002,62643,97003,15533],"class_list":["post-379466","post","type-post","status-publish","format-standard","has-post-thumbnail","hentry","category-culture","category-tunisie","tag-mohamed-saleh-maalej","tag-tunisie","tag-union-des-editeurs-arabes","tag-union-des-editeurs-tunisiens"],"yoast_head":"<!-- This site is optimized with the Yoast SEO plugin v26.6 - https:\/\/yoast.com\/wordpress\/plugins\/seo\/ -->\n<title>Union des Editeurs arabes : Mohamed Saleh Maalej \u00e9lu \u00e0 la t\u00eate de la Commission d\u2019Information et des Relations publiques - Kapitalis<\/title>\n<meta name=\"robots\" content=\"index, follow, max-snippet:-1, max-image-preview:large, max-video-preview:-1\" \/>\n<link rel=\"canonical\" href=\"https:\/\/kapitalis.com\/tunisie\/2022\/02\/03\/union-des-editeurs-arabes-mohamed-saleh-maalej-elu-a-la-tete-de-la-commission-dinformation-et-des-relations-publiques\/\" \/>\n<meta property=\"og:locale\" content=\"fr_FR\" \/>\n<meta property=\"og:type\" content=\"article\" \/>\n<meta property=\"og:title\" content=\"Union des Editeurs arabes : Mohamed Saleh Maalej \u00e9lu \u00e0 la t\u00eate de la Commission d\u2019Information et des Relations publiques - Kapitalis\" \/>\n<meta property=\"og:description\" content=\"L\u2019\u00e9diteur tunisien Mohamed Saleh Maalej vient d\u2019\u00eatre nomm\u00e9 \u00e0 la t\u00eate de la Commission d\u2019Information et des Relations publiques de l\u2019Union des Editeurs arabes pour une dur\u00e9e de deux ans (2022 \u2013 2024).\" \/>\n<meta property=\"og:url\" content=\"https:\/\/kapitalis.com\/tunisie\/2022\/02\/03\/union-des-editeurs-arabes-mohamed-saleh-maalej-elu-a-la-tete-de-la-commission-dinformation-et-des-relations-publiques\/\" \/>\n<meta property=\"og:site_name\" content=\"Kapitalis\" \/>\n<meta property=\"article:publisher\" content=\"https:\/\/www.facebook.com\/KapitalisInfo\/\" \/>\n<meta property=\"article:published_time\" content=\"2022-02-03T09:28:23+00:00\" \/>\n<meta property=\"article:modified_time\" content=\"2022-02-03T09:32:51+00:00\" \/>\n<meta property=\"og:image\" content=\"https:\/\/kapitalis.com\/tunisie\/wp-content\/uploads\/2022\/05\/kapitalis-logo-fb.png\" \/>\n\t<meta property=\"og:image:width\" content=\"1200\" \/>\n\t<meta property=\"og:image:height\" content=\"630\" \/>\n\t<meta property=\"og:image:type\" content=\"image\/png\" \/>\n<meta name=\"author\" content=\"Fawz BenAli\" \/>\n<meta name=\"twitter:card\" content=\"summary_large_image\" \/>\n<meta name=\"twitter:creator\" content=\"@KapitalisInfo\" \/>\n<meta name=\"twitter:site\" content=\"@KapitalisInfo\" \/>\n<meta name=\"twitter:label1\" content=\"\u00c9crit par\" \/>\n\t<meta name=\"twitter:data1\" content=\"Fawz BenAli\" \/>\n\t<meta name=\"twitter:label2\" content=\"Dur\u00e9e de lecture estim\u00e9e\" \/>\n\t<meta name=\"twitter:data2\" content=\"1 minute\" \/>\n<script type=\"application\/ld+json\" class=\"yoast-schema-graph\">{\"@context\":\"https:\/\/schema.org\",\"@graph\":[{\"@type\":\"Article\",\"@id\":\"https:\/\/kapitalis.com\/tunisie\/2022\/02\/03\/union-des-editeurs-arabes-mohamed-saleh-maalej-elu-a-la-tete-de-la-commission-dinformation-et-des-relations-publiques\/#article\",\"isPartOf\":{\"@id\":\"https:\/\/kapitalis.com\/tunisie\/2022\/02\/03\/union-des-editeurs-arabes-mohamed-saleh-maalej-elu-a-la-tete-de-la-commission-dinformation-et-des-relations-publiques\/\"},\"author\":{\"name\":\"Fawz BenAli\",\"@id\":\"https:\/\/kapitalis.com\/tunisie\/#\/schema\/person\/73a5ecc1f6ae540c6ed91342eadca948\"},\"headline\":\"Union des Editeurs arabes : Mohamed Saleh Maalej \u00e9lu \u00e0 la t\u00eate de la Commission d\u2019Information et des Relations publiques\",\"datePublished\":\"2022-02-03T09:28:23+00:00\",\"dateModified\":\"2022-02-03T09:32:51+00:00\",\"mainEntityOfPage\":{\"@id\":\"https:\/\/kapitalis.com\/tunisie\/2022\/02\/03\/union-des-editeurs-arabes-mohamed-saleh-maalej-elu-a-la-tete-de-la-commission-dinformation-et-des-relations-publiques\/\"},\"wordCount\":202,\"commentCount\":0,\"publisher\":{\"@id\":\"https:\/\/kapitalis.com\/tunisie\/#organization\"},\"image\":{\"@id\":\"https:\/\/kapitalis.com\/tunisie\/2022\/02\/03\/union-des-editeurs-arabes-mohamed-saleh-maalej-elu-a-la-tete-de-la-commission-dinformation-et-des-relations-publiques\/#primaryimage\"},\"thumbnailUrl\":\"\",\"keywords\":[\"Mohamed Saleh Maalej\",\"Tunisie\",\"Union des \u00e9diteurs arabes\",\"Union des \u00e9diteurs tunisiens\"],\"articleSection\":[\"CULTURE\",\"Tunisie\"],\"inLanguage\":\"fr-FR\",\"potentialAction\":[{\"@type\":\"CommentAction\",\"name\":\"Comment\",\"target\":[\"https:\/\/kapitalis.com\/tunisie\/2022\/02\/03\/union-des-editeurs-arabes-mohamed-saleh-maalej-elu-a-la-tete-de-la-commission-dinformation-et-des-relations-publiques\/#respond\"]}]},{\"@type\":\"WebPage\",\"@id\":\"https:\/\/kapitalis.com\/tunisie\/2022\/02\/03\/union-des-editeurs-arabes-mohamed-saleh-maalej-elu-a-la-tete-de-la-commission-dinformation-et-des-relations-publiques\/\",\"url\":\"https:\/\/kapitalis.com\/tunisie\/2022\/02\/03\/union-des-editeurs-arabes-mohamed-saleh-maalej-elu-a-la-tete-de-la-commission-dinformation-et-des-relations-publiques\/\",\"name\":\"Union des Editeurs arabes : Mohamed Saleh Maalej \u00e9lu \u00e0 la t\u00eate de la Commission d\u2019Information et des Relations publiques - Kapitalis\",\"isPartOf\":{\"@id\":\"https:\/\/kapitalis.com\/tunisie\/#website\"},\"primaryImageOfPage\":{\"@id\":\"https:\/\/kapitalis.com\/tunisie\/2022\/02\/03\/union-des-editeurs-arabes-mohamed-saleh-maalej-elu-a-la-tete-de-la-commission-dinformation-et-des-relations-publiques\/#primaryimage\"},\"image\":{\"@id\":\"https:\/\/kapitalis.com\/tunisie\/2022\/02\/03\/union-des-editeurs-arabes-mohamed-saleh-maalej-elu-a-la-tete-de-la-commission-dinformation-et-des-relations-publiques\/#primaryimage\"},\"thumbnailUrl\":\"\",\"datePublished\":\"2022-02-03T09:28:23+00:00\",\"dateModified\":\"2022-02-03T09:32:51+00:00\",\"breadcrumb\":{\"@id\":\"https:\/\/kapitalis.com\/tunisie\/2022\/02\/03\/union-des-editeurs-arabes-mohamed-saleh-maalej-elu-a-la-tete-de-la-commission-dinformation-et-des-relations-publiques\/#breadcrumb\"},\"inLanguage\":\"fr-FR\",\"potentialAction\":[{\"@type\":\"ReadAction\",\"target\":[\"https:\/\/kapitalis.com\/tunisie\/2022\/02\/03\/union-des-editeurs-arabes-mohamed-saleh-maalej-elu-a-la-tete-de-la-commission-dinformation-et-des-relations-publiques\/\"]}]},{\"@type\":\"ImageObject\",\"inLanguage\":\"fr-FR\",\"@id\":\"https:\/\/kapitalis.com\/tunisie\/2022\/02\/03\/union-des-editeurs-arabes-mohamed-saleh-maalej-elu-a-la-tete-de-la-commission-dinformation-et-des-relations-publiques\/#primaryimage\",\"url\":\"\",\"contentUrl\":\"\"},{\"@type\":\"BreadcrumbList\",\"@id\":\"https:\/\/kapitalis.com\/tunisie\/2022\/02\/03\/union-des-editeurs-arabes-mohamed-saleh-maalej-elu-a-la-tete-de-la-commission-dinformation-et-des-relations-publiques\/#breadcrumb\",\"itemListElement\":[{\"@type\":\"ListItem\",\"position\":1,\"name\":\"Accueil\",\"item\":\"https:\/\/kapitalis.com\/tunisie\/\"},{\"@type\":\"ListItem\",\"position\":2,\"name\":\"Union des Editeurs arabes : Mohamed Saleh Maalej \u00e9lu \u00e0 la t\u00eate de la Commission d\u2019Information et des Relations publiques\"}]},{\"@type\":\"WebSite\",\"@id\":\"https:\/\/kapitalis.com\/tunisie\/#website\",\"url\":\"https:\/\/kapitalis.com\/tunisie\/\",\"name\":\"Kapitalis\",\"description\":\"L&#039;actualit\u00e9 en Tunisie et dans le monde\",\"publisher\":{\"@id\":\"https:\/\/kapitalis.com\/tunisie\/#organization\"},\"potentialAction\":[{\"@type\":\"SearchAction\",\"target\":{\"@type\":\"EntryPoint\",\"urlTemplate\":\"https:\/\/kapitalis.com\/tunisie\/?s={search_term_string}\"},\"query-input\":{\"@type\":\"PropertyValueSpecification\",\"valueRequired\":true,\"valueName\":\"search_term_string\"}}],\"inLanguage\":\"fr-FR\"},{\"@type\":\"Organization\",\"@id\":\"https:\/\/kapitalis.com\/tunisie\/#organization\",\"name\":\"Kapitalis\",\"url\":\"https:\/\/kapitalis.com\/tunisie\/\",\"logo\":{\"@type\":\"ImageObject\",\"inLanguage\":\"fr-FR\",\"@id\":\"https:\/\/kapitalis.com\/tunisie\/#\/schema\/logo\/image\/\",\"url\":\"https:\/\/kapitalis.com\/tunisie\/wp-content\/uploads\/2022\/05\/Kapitalis-big-size.png\",\"contentUrl\":\"https:\/\/kapitalis.com\/tunisie\/wp-content\/uploads\/2022\/05\/Kapitalis-big-size.png\",\"width\":5000,\"height\":1500,\"caption\":\"Kapitalis\"},\"image\":{\"@id\":\"https:\/\/kapitalis.com\/tunisie\/#\/schema\/logo\/image\/\"},\"sameAs\":[\"https:\/\/www.facebook.com\/KapitalisInfo\/\",\"https:\/\/x.com\/KapitalisInfo\",\"https:\/\/www.youtube.com\/channel\/UC-yDYrHyfFBWWZaOw3FPg9Q\"]},{\"@type\":\"Person\",\"@id\":\"https:\/\/kapitalis.com\/tunisie\/#\/schema\/person\/73a5ecc1f6ae540c6ed91342eadca948\",\"name\":\"Fawz BenAli\",\"url\":\"https:\/\/kapitalis.com\/tunisie\/author\/fawz\/\"}]}<\/script>\n<!-- \/ Yoast SEO plugin. -->","yoast_head_json":{"title":"Union des Editeurs arabes : Mohamed Saleh Maalej \u00e9lu \u00e0 la t\u00eate de la Commission d\u2019Information et des Relations publiques - Kapitalis","robots":{"index":"index","follow":"follow","max-snippet":"max-snippet:-1","max-image-preview":"max-image-preview:large","max-video-preview":"max-video-preview:-1"},"canonical":"https:\/\/kapitalis.com\/tunisie\/2022\/02\/03\/union-des-editeurs-arabes-mohamed-saleh-maalej-elu-a-la-tete-de-la-commission-dinformation-et-des-relations-publiques\/","og_locale":"fr_FR","og_type":"article","og_title":"Union des Editeurs arabes : Mohamed Saleh Maalej \u00e9lu \u00e0 la t\u00eate de la Commission d\u2019Information et des Relations publiques - Kapitalis","og_description":"L\u2019\u00e9diteur tunisien Mohamed Saleh Maalej vient d\u2019\u00eatre nomm\u00e9 \u00e0 la t\u00eate de la Commission d\u2019Information et des Relations publiques de l\u2019Union des Editeurs arabes pour une dur\u00e9e de deux ans (2022 \u2013 2024).","og_url":"https:\/\/kapitalis.com\/tunisie\/2022\/02\/03\/union-des-editeurs-arabes-mohamed-saleh-maalej-elu-a-la-tete-de-la-commission-dinformation-et-des-relations-publiques\/","og_site_name":"Kapitalis","article_publisher":"https:\/\/www.facebook.com\/KapitalisInfo\/","article_published_time":"2022-02-03T09:28:23+00:00","article_modified_time":"2022-02-03T09:32:51+00:00","og_image":[{"width":1200,"height":630,"url":"https:\/\/kapitalis.com\/tunisie\/wp-content\/uploads\/2022\/05\/kapitalis-logo-fb.png","type":"image\/png"}],"author":"Fawz BenAli","twitter_card":"summary_large_image","twitter_creator":"@KapitalisInfo","twitter_site":"@KapitalisInfo","twitter_misc":{"\u00c9crit par":"Fawz BenAli","Dur\u00e9e de lecture estim\u00e9e":"1 minute"},"schema":{"@context":"https:\/\/schema.org","@graph":[{"@type":"Article","@id":"https:\/\/kapitalis.com\/tunisie\/2022\/02\/03\/union-des-editeurs-arabes-mohamed-saleh-maalej-elu-a-la-tete-de-la-commission-dinformation-et-des-relations-publiques\/#article","isPartOf":{"@id":"https:\/\/kapitalis.com\/tunisie\/2022\/02\/03\/union-des-editeurs-arabes-mohamed-saleh-maalej-elu-a-la-tete-de-la-commission-dinformation-et-des-relations-publiques\/"},"author":{"name":"Fawz BenAli","@id":"https:\/\/kapitalis.com\/tunisie\/#\/schema\/person\/73a5ecc1f6ae540c6ed91342eadca948"},"headline":"Union des Editeurs arabes : Mohamed Saleh Maalej \u00e9lu \u00e0 la t\u00eate de la Commission d\u2019Information et des Relations publiques","datePublished":"2022-02-03T09:28:23+00:00","dateModified":"2022-02-03T09:32:51+00:00","mainEntityOfPage":{"@id":"https:\/\/kapitalis.com\/tunisie\/2022\/02\/03\/union-des-editeurs-arabes-mohamed-saleh-maalej-elu-a-la-tete-de-la-commission-dinformation-et-des-relations-publiques\/"},"wordCount":202,"commentCount":0,"publisher":{"@id":"https:\/\/kapitalis.com\/tunisie\/#organization"},"image":{"@id":"https:\/\/kapitalis.com\/tunisie\/2022\/02\/03\/union-des-editeurs-arabes-mohamed-saleh-maalej-elu-a-la-tete-de-la-commission-dinformation-et-des-relations-publiques\/#primaryimage"},"thumbnailUrl":"","keywords":["Mohamed Saleh Maalej","Tunisie","Union des \u00e9diteurs arabes","Union des \u00e9diteurs tunisiens"],"articleSection":["CULTURE","Tunisie"],"inLanguage":"fr-FR","potentialAction":[{"@type":"CommentAction","name":"Comment","target":["https:\/\/kapitalis.com\/tunisie\/2022\/02\/03\/union-des-editeurs-arabes-mohamed-saleh-maalej-elu-a-la-tete-de-la-commission-dinformation-et-des-relations-publiques\/#respond"]}]},{"@type":"WebPage","@id":"https:\/\/kapitalis.com\/tunisie\/2022\/02\/03\/union-des-editeurs-arabes-mohamed-saleh-maalej-elu-a-la-tete-de-la-commission-dinformation-et-des-relations-publiques\/","url":"https:\/\/kapitalis.com\/tunisie\/2022\/02\/03\/union-des-editeurs-arabes-mohamed-saleh-maalej-elu-a-la-tete-de-la-commission-dinformation-et-des-relations-publiques\/","name":"Union des Editeurs arabes : Mohamed Saleh Maalej \u00e9lu \u00e0 la t\u00eate de la Commission d\u2019Information et des Relations publiques - Kapitalis","isPartOf":{"@id":"https:\/\/kapitalis.com\/tunisie\/#website"},"primaryImageOfPage":{"@id":"https:\/\/kapitalis.com\/tunisie\/2022\/02\/03\/union-des-editeurs-arabes-mohamed-saleh-maalej-elu-a-la-tete-de-la-commission-dinformation-et-des-relations-publiques\/#primaryimage"},"image":{"@id":"https:\/\/kapitalis.com\/tunisie\/2022\/02\/03\/union-des-editeurs-arabes-mohamed-saleh-maalej-elu-a-la-tete-de-la-commission-dinformation-et-des-relations-publiques\/#primaryimage"},"thumbnailUrl":"","datePublished":"2022-02-03T09:28:23+00:00","dateModified":"2022-02-03T09:32:51+00:00","breadcrumb":{"@id":"https:\/\/kapitalis.com\/tunisie\/2022\/02\/03\/union-des-editeurs-arabes-mohamed-saleh-maalej-elu-a-la-tete-de-la-commission-dinformation-et-des-relations-publiques\/#breadcrumb"},"inLanguage":"fr-FR","potentialAction":[{"@type":"ReadAction","target":["https:\/\/kapitalis.com\/tunisie\/2022\/02\/03\/union-des-editeurs-arabes-mohamed-saleh-maalej-elu-a-la-tete-de-la-commission-dinformation-et-des-relations-publiques\/"]}]},{"@type":"ImageObject","inLanguage":"fr-FR","@id":"https:\/\/kapitalis.com\/tunisie\/2022\/02\/03\/union-des-editeurs-arabes-mohamed-saleh-maalej-elu-a-la-tete-de-la-commission-dinformation-et-des-relations-publiques\/#primaryimage","url":"","contentUrl":""},{"@type":"BreadcrumbList","@id":"https:\/\/kapitalis.com\/tunisie\/2022\/02\/03\/union-des-editeurs-arabes-mohamed-saleh-maalej-elu-a-la-tete-de-la-commission-dinformation-et-des-relations-publiques\/#breadcrumb","itemListElement":[{"@type":"ListItem","position":1,"name":"Accueil","item":"https:\/\/kapitalis.com\/tunisie\/"},{"@type":"ListItem","position":2,"name":"Union des Editeurs arabes : Mohamed Saleh Maalej \u00e9lu \u00e0 la t\u00eate de la Commission d\u2019Information et des Relations publiques"}]},{"@type":"WebSite","@id":"https:\/\/kapitalis.com\/tunisie\/#website","url":"https:\/\/kapitalis.com\/tunisie\/","name":"Kapitalis","description":"L&#039;actualit\u00e9 en Tunisie et dans le monde","publisher":{"@id":"https:\/\/kapitalis.com\/tunisie\/#organization"},"potentialAction":[{"@type":"SearchAction","target":{"@type":"EntryPoint","urlTemplate":"https:\/\/kapitalis.com\/tunisie\/?s={search_term_string}"},"query-input":{"@type":"PropertyValueSpecification","valueRequired":true,"valueName":"search_term_string"}}],"inLanguage":"fr-FR"},{"@type":"Organization","@id":"https:\/\/kapitalis.com\/tunisie\/#organization","name":"Kapitalis","url":"https:\/\/kapitalis.com\/tunisie\/","logo":{"@type":"ImageObject","inLanguage":"fr-FR","@id":"https:\/\/kapitalis.com\/tunisie\/#\/schema\/logo\/image\/","url":"https:\/\/kapitalis.com\/tunisie\/wp-content\/uploads\/2022\/05\/Kapitalis-big-size.png","contentUrl":"https:\/\/kapitalis.com\/tunisie\/wp-content\/uploads\/2022\/05\/Kapitalis-big-size.png","width":5000,"height":1500,"caption":"Kapitalis"},"image":{"@id":"https:\/\/kapitalis.com\/tunisie\/#\/schema\/logo\/image\/"},"sameAs":["https:\/\/www.facebook.com\/KapitalisInfo\/","https:\/\/x.com\/KapitalisInfo","https:\/\/www.youtube.com\/channel\/UC-yDYrHyfFBWWZaOw3FPg9Q"]},{"@type":"Person","@id":"https:\/\/kapitalis.com\/tunisie\/#\/schema\/person\/73a5ecc1f6ae540c6ed91342eadca948","name":"Fawz BenAli","url":"https:\/\/kapitalis.com\/tunisie\/author\/fawz\/"}]}},"_links":{"self":[{"href":"https:\/\/kapitalis.com\/tunisie\/wp-json\/wp\/v2\/posts\/379466","targetHints":{"allow":["GET"]}}],"collection":[{"href":"https:\/\/kapitalis.com\/tunisie\/wp-json\/wp\/v2\/posts"}],"about":[{"href":"https:\/\/kapitalis.com\/tunisie\/wp-json\/wp\/v2\/types\/post"}],"author":[{"embeddable":true,"href":"https:\/\/kapitalis.com\/tunisie\/wp-json\/wp\/v2\/users\/26"}],"replies":[{"embeddable":true,"href":"https:\/\/kapitalis.com\/tunisie\/wp-json\/wp\/v2\/comments?post=379466"}],"version-history":[{"count":0,"href":"https:\/\/kapitalis.com\/tunisie\/wp-json\/wp\/v2\/posts\/379466\/revisions"}],"wp:featuredmedia":[{"embeddable":true,"href":"https:\/\/kapitalis.com\/tunisie\/wp-json\/wp\/v2\/media\/379471"}],"wp:attachment":[{"href":"https:\/\/kapitalis.com\/tunisie\/wp-json\/wp\/v2\/media?parent=379466"}],"wp:term":[{"taxonomy":"category","embeddable":true,"href":"https:\/\/kapitalis.com\/tunisie\/wp-json\/wp\/v2\/categories?post=379466"},{"taxonomy":"post_tag","embeddable":true,"href":"https:\/\/kapitalis.com\/tunisie\/wp-json\/wp\/v2\/tags?post=379466"}],"curies":[{"name":"wp","href":"https:\/\/api.w.org\/{rel}","templated":true}]}}