{"id":379508,"date":"2022-02-03T13:38:26","date_gmt":"2022-02-03T12:38:26","guid":{"rendered":"http:\/\/kapitalis.com\/tunisie\/?p=379508"},"modified":"2022-02-03T13:42:23","modified_gmt":"2022-02-03T12:42:23","slug":"tunisie-la-banque-centrale-confirme-une-reprise-timide-en-2022","status":"publish","type":"post","link":"https:\/\/kapitalis.com\/tunisie\/2022\/02\/03\/tunisie-la-banque-centrale-confirme-une-reprise-timide-en-2022\/","title":{"rendered":"Tunisie : La banque centrale confirme une reprise timide en 2022"},"content":{"rendered":"\n<div class=\"wp-block-image\"><figure class=\"aligncenter size-full\"><img decoding=\"async\" src=\"http:\/\/kapitalis.com\/tunisie\/wp-content\/uploads\/2022\/01\/Economie-tunisienne-croissance.jpg\" alt=\"\" class=\"wp-image-378989\"\/><\/figure><\/div>\n\n\n\n<p><strong><em>Le conseil d&rsquo;administration de la Banque centrale de Tunisie (BCT) a affirm\u00e9, dans un communiqu\u00e9 publi\u00e9 jeudi 3 f\u00e9vrier 20212, qu&rsquo;il reste attentif quant \u00e0 l&rsquo;\u00e9volution des prix, au cours de la p\u00e9riode \u00e0 venir et qu&rsquo;il usera de tous les moyens \u00e0 sa disposition pour contrer toute d\u00e9rive de l&rsquo;inflation.<\/em><\/strong><\/p>\n\n\n\n<!--more-->\n\n\n\n<p>Le conseil a not\u00e9 que conform\u00e9ment aux pr\u00e9c\u00e9dentes pr\u00e9visions, l&rsquo;inflation a poursuivi sa tendance haussi\u00e8re en 2021, pour cl\u00f4turer l&rsquo;ann\u00e9e \u00e0 6,6%, contre 6,4%, en novembre 2021 et 4,9%, une ann\u00e9e auparavant.<\/p>\n\n\n\n<h2 class=\"wp-block-heading\">Les pressions inflationnistes restent importantes<\/h2>\n\n\n\n<p>La persistance des pressions inflationnistes a \u00e9t\u00e9, \u00e9galement, perceptible au niveau des principaux indicateurs de l&rsquo;inflation sous-jacente; \u00e0 savoir<em> \u00abl&rsquo;inflation hors produits alimentaires frais et prix administr\u00e9s\u00bb<\/em> et <em>\u00abl&rsquo;inflation hors alimentation et \u00e9nergie\u00bb<\/em> qui se sont maintenues sur des paliers relativement \u00e9lev\u00e9s, de 6,1% et 6,4% respectivement, contre 5% et 5,9% une ann\u00e9e auparavant.<\/p>\n\n\n\n<p>Le conseil pr\u00e9voit que la progression des prix \u00e0 la consommation enregistr\u00e9e vers la fin de 2021 se poursuivra plus longtemps que ce qui avait \u00e9t\u00e9 pr\u00e9vu pr\u00e9c\u00e9demment.<\/p>\n\n\n\n<p>Les pressions inflationnistes au niveau des principales composantes des prix resteraient particuli\u00e8rement importantes et risquent de porter l&rsquo;inflation \u00e0 des niveaux relativement \u00e9lev\u00e9s \u00e0 moyen terme, en relation avec l&rsquo;envol\u00e9e des prix internationaux, notamment des produits import\u00e9s, l&rsquo;orientation vers la ma\u00eetrise des d\u00e9penses de subvention ainsi que l&rsquo;impact engendr\u00e9 par le stress hydrique.<\/p>\n\n\n\n<h2 class=\"wp-block-heading\">Reprise mod\u00e9r\u00e9e de l&rsquo;activit\u00e9 \u00e9conomique<\/h2>\n\n\n\n<p>Le conseil a relev\u00e9 une reprise relativement mod\u00e9r\u00e9e de l&rsquo;activit\u00e9 \u00e9conomique qui \u00e9voluerait au voisinage de 2,9% pour toute l&rsquo;ann\u00e9e 2021, avec des perspectives de reprise timides pour l&rsquo;ann\u00e9e 2022.<\/p>\n\n\n\n<p>Du c\u00f4t\u00e9 du secteur ext\u00e9rieur, et en d\u00e9pit du creusement du solde commercial en relation avec la reprise de l&rsquo;activit\u00e9, le d\u00e9ficit des op\u00e9rations courantes s&rsquo;est \u00e9tabli \u00e0 6,3% du PIB pour toute l&rsquo;ann\u00e9e 2021, contre 6,1% une ann\u00e9e auparavant et ce, gr\u00e2ce \u00e0 la bonne tenue des revenus de travail qui ont culmin\u00e9 \u00e0 8.600 MD.<\/p>\n\n\n\n<p>Par ailleurs, le niveau des r\u00e9serves de change a fait preuve d&rsquo;une certaine r\u00e9silience en s&rsquo;\u00e9levant \u00e0 23.313 MD ou 133 jours d&rsquo;importation au terme de l&rsquo;ann\u00e9e 2021.<\/p>\n\n\n\n<p>Le conseil a examin\u00e9 les \u00e9volutions \u00e9conomiques et financi\u00e8res et a d\u00e9cid\u00e9 de maintenir le taux directeur de la BCT inchang\u00e9 \u00e0 6,25%.<\/p>\n\n\n\n<p><strong><em>Communiqu\u00e9.<\/em><\/strong><\/p>\n","protected":false},"excerpt":{"rendered":"<p>Le conseil d&rsquo;administration de la Banque centrale de Tunisie (BCT) a affirm\u00e9, dans un communiqu\u00e9 publi\u00e9 jeudi 3 f\u00e9vrier 20212, qu&rsquo;il reste attentif quant \u00e0 l&rsquo;\u00e9volution des prix, au cours de la p\u00e9riode \u00e0 venir et qu&rsquo;il usera de tous les moyens \u00e0 sa disposition pour contrer toute d\u00e9rive de l&rsquo;inflation.<\/p>\n","protected":false},"author":8,"featured_media":0,"comment_status":"open","ping_status":"open","sticky":false,"template":"","format":"standard","meta":{"footnotes":""},"categories":[995,2433],"tags":[8938,4750,86767,19839,97021],"class_list":["post-379508","post","type-post","status-publish","format-standard","hentry","category-economie","category-tunisie","tag-banque-centrale-de-tunisie","tag-croissance-economique","tag-pressions-inflationnistes","tag-reserves-de-change","tag-solde-commercial"],"yoast_head":"<!-- This site is optimized with the Yoast SEO plugin v26.6 - https:\/\/yoast.com\/wordpress\/plugins\/seo\/ -->\n<title>Tunisie : La banque centrale confirme une reprise timide en 2022 - Kapitalis<\/title>\n<meta name=\"robots\" content=\"index, follow, max-snippet:-1, max-image-preview:large, max-video-preview:-1\" \/>\n<link rel=\"canonical\" href=\"https:\/\/kapitalis.com\/tunisie\/2022\/02\/03\/tunisie-la-banque-centrale-confirme-une-reprise-timide-en-2022\/\" \/>\n<meta property=\"og:locale\" content=\"fr_FR\" \/>\n<meta property=\"og:type\" content=\"article\" \/>\n<meta property=\"og:title\" content=\"Tunisie : La banque centrale confirme une reprise timide en 2022 - Kapitalis\" \/>\n<meta property=\"og:description\" content=\"Le conseil d&rsquo;administration de la Banque centrale de Tunisie (BCT) a affirm\u00e9, dans un communiqu\u00e9 publi\u00e9 jeudi 3 f\u00e9vrier 20212, qu&rsquo;il reste attentif quant \u00e0 l&rsquo;\u00e9volution des prix, au cours de la p\u00e9riode \u00e0 venir et qu&rsquo;il usera de tous les moyens \u00e0 sa disposition pour contrer toute d\u00e9rive de l&rsquo;inflation.\" \/>\n<meta property=\"og:url\" content=\"https:\/\/kapitalis.com\/tunisie\/2022\/02\/03\/tunisie-la-banque-centrale-confirme-une-reprise-timide-en-2022\/\" \/>\n<meta property=\"og:site_name\" content=\"Kapitalis\" \/>\n<meta property=\"article:publisher\" content=\"https:\/\/www.facebook.com\/KapitalisInfo\/\" \/>\n<meta property=\"article:published_time\" content=\"2022-02-03T12:38:26+00:00\" \/>\n<meta property=\"article:modified_time\" content=\"2022-02-03T12:42:23+00:00\" \/>\n<meta property=\"og:image\" content=\"http:\/\/kapitalis.com\/tunisie\/wp-content\/uploads\/2022\/01\/Economie-tunisienne-croissance.jpg\" \/>\n<meta name=\"author\" content=\"webmaster kapitalis\" \/>\n<meta name=\"twitter:card\" content=\"summary_large_image\" \/>\n<meta name=\"twitter:creator\" content=\"@KapitalisInfo\" \/>\n<meta name=\"twitter:site\" content=\"@KapitalisInfo\" \/>\n<meta name=\"twitter:label1\" content=\"\u00c9crit par\" \/>\n\t<meta name=\"twitter:data1\" content=\"webmaster kapitalis\" \/>\n\t<meta name=\"twitter:label2\" content=\"Dur\u00e9e de lecture estim\u00e9e\" \/>\n\t<meta name=\"twitter:data2\" content=\"2 minutes\" \/>\n<script type=\"application\/ld+json\" class=\"yoast-schema-graph\">{\"@context\":\"https:\/\/schema.org\",\"@graph\":[{\"@type\":\"Article\",\"@id\":\"https:\/\/kapitalis.com\/tunisie\/2022\/02\/03\/tunisie-la-banque-centrale-confirme-une-reprise-timide-en-2022\/#article\",\"isPartOf\":{\"@id\":\"https:\/\/kapitalis.com\/tunisie\/2022\/02\/03\/tunisie-la-banque-centrale-confirme-une-reprise-timide-en-2022\/\"},\"author\":{\"name\":\"webmaster kapitalis\",\"@id\":\"https:\/\/kapitalis.com\/tunisie\/#\/schema\/person\/d71f33a9ca44f7bad4698210b480c8e9\"},\"headline\":\"Tunisie : La banque centrale confirme une reprise timide en 2022\",\"datePublished\":\"2022-02-03T12:38:26+00:00\",\"dateModified\":\"2022-02-03T12:42:23+00:00\",\"mainEntityOfPage\":{\"@id\":\"https:\/\/kapitalis.com\/tunisie\/2022\/02\/03\/tunisie-la-banque-centrale-confirme-une-reprise-timide-en-2022\/\"},\"wordCount\":386,\"commentCount\":0,\"publisher\":{\"@id\":\"https:\/\/kapitalis.com\/tunisie\/#organization\"},\"image\":{\"@id\":\"https:\/\/kapitalis.com\/tunisie\/2022\/02\/03\/tunisie-la-banque-centrale-confirme-une-reprise-timide-en-2022\/#primaryimage\"},\"thumbnailUrl\":\"http:\/\/kapitalis.com\/tunisie\/wp-content\/uploads\/2022\/01\/Economie-tunisienne-croissance.jpg\",\"keywords\":[\"Banque centrale de Tunisie\",\"croissance \u00e9conomique\",\"pressions inflationnistes\",\"r\u00e9serves de change\",\"solde commercial\"],\"articleSection\":[\"ECONOMIE\",\"Tunisie\"],\"inLanguage\":\"fr-FR\",\"potentialAction\":[{\"@type\":\"CommentAction\",\"name\":\"Comment\",\"target\":[\"https:\/\/kapitalis.com\/tunisie\/2022\/02\/03\/tunisie-la-banque-centrale-confirme-une-reprise-timide-en-2022\/#respond\"]}]},{\"@type\":\"WebPage\",\"@id\":\"https:\/\/kapitalis.com\/tunisie\/2022\/02\/03\/tunisie-la-banque-centrale-confirme-une-reprise-timide-en-2022\/\",\"url\":\"https:\/\/kapitalis.com\/tunisie\/2022\/02\/03\/tunisie-la-banque-centrale-confirme-une-reprise-timide-en-2022\/\",\"name\":\"Tunisie : La banque centrale confirme une reprise timide en 2022 - Kapitalis\",\"isPartOf\":{\"@id\":\"https:\/\/kapitalis.com\/tunisie\/#website\"},\"primaryImageOfPage\":{\"@id\":\"https:\/\/kapitalis.com\/tunisie\/2022\/02\/03\/tunisie-la-banque-centrale-confirme-une-reprise-timide-en-2022\/#primaryimage\"},\"image\":{\"@id\":\"https:\/\/kapitalis.com\/tunisie\/2022\/02\/03\/tunisie-la-banque-centrale-confirme-une-reprise-timide-en-2022\/#primaryimage\"},\"thumbnailUrl\":\"http:\/\/kapitalis.com\/tunisie\/wp-content\/uploads\/2022\/01\/Economie-tunisienne-croissance.jpg\",\"datePublished\":\"2022-02-03T12:38:26+00:00\",\"dateModified\":\"2022-02-03T12:42:23+00:00\",\"breadcrumb\":{\"@id\":\"https:\/\/kapitalis.com\/tunisie\/2022\/02\/03\/tunisie-la-banque-centrale-confirme-une-reprise-timide-en-2022\/#breadcrumb\"},\"inLanguage\":\"fr-FR\",\"potentialAction\":[{\"@type\":\"ReadAction\",\"target\":[\"https:\/\/kapitalis.com\/tunisie\/2022\/02\/03\/tunisie-la-banque-centrale-confirme-une-reprise-timide-en-2022\/\"]}]},{\"@type\":\"ImageObject\",\"inLanguage\":\"fr-FR\",\"@id\":\"https:\/\/kapitalis.com\/tunisie\/2022\/02\/03\/tunisie-la-banque-centrale-confirme-une-reprise-timide-en-2022\/#primaryimage\",\"url\":\"\",\"contentUrl\":\"\"},{\"@type\":\"BreadcrumbList\",\"@id\":\"https:\/\/kapitalis.com\/tunisie\/2022\/02\/03\/tunisie-la-banque-centrale-confirme-une-reprise-timide-en-2022\/#breadcrumb\",\"itemListElement\":[{\"@type\":\"ListItem\",\"position\":1,\"name\":\"Accueil\",\"item\":\"https:\/\/kapitalis.com\/tunisie\/\"},{\"@type\":\"ListItem\",\"position\":2,\"name\":\"Tunisie : La banque centrale confirme une reprise timide en 2022\"}]},{\"@type\":\"WebSite\",\"@id\":\"https:\/\/kapitalis.com\/tunisie\/#website\",\"url\":\"https:\/\/kapitalis.com\/tunisie\/\",\"name\":\"Kapitalis\",\"description\":\"L&#039;actualit\u00e9 en Tunisie et dans le monde\",\"publisher\":{\"@id\":\"https:\/\/kapitalis.com\/tunisie\/#organization\"},\"potentialAction\":[{\"@type\":\"SearchAction\",\"target\":{\"@type\":\"EntryPoint\",\"urlTemplate\":\"https:\/\/kapitalis.com\/tunisie\/?s={search_term_string}\"},\"query-input\":{\"@type\":\"PropertyValueSpecification\",\"valueRequired\":true,\"valueName\":\"search_term_string\"}}],\"inLanguage\":\"fr-FR\"},{\"@type\":\"Organization\",\"@id\":\"https:\/\/kapitalis.com\/tunisie\/#organization\",\"name\":\"Kapitalis\",\"url\":\"https:\/\/kapitalis.com\/tunisie\/\",\"logo\":{\"@type\":\"ImageObject\",\"inLanguage\":\"fr-FR\",\"@id\":\"https:\/\/kapitalis.com\/tunisie\/#\/schema\/logo\/image\/\",\"url\":\"https:\/\/kapitalis.com\/tunisie\/wp-content\/uploads\/2022\/05\/Kapitalis-big-size.png\",\"contentUrl\":\"https:\/\/kapitalis.com\/tunisie\/wp-content\/uploads\/2022\/05\/Kapitalis-big-size.png\",\"width\":5000,\"height\":1500,\"caption\":\"Kapitalis\"},\"image\":{\"@id\":\"https:\/\/kapitalis.com\/tunisie\/#\/schema\/logo\/image\/\"},\"sameAs\":[\"https:\/\/www.facebook.com\/KapitalisInfo\/\",\"https:\/\/x.com\/KapitalisInfo\",\"https:\/\/www.youtube.com\/channel\/UC-yDYrHyfFBWWZaOw3FPg9Q\"]},{\"@type\":\"Person\",\"@id\":\"https:\/\/kapitalis.com\/tunisie\/#\/schema\/person\/d71f33a9ca44f7bad4698210b480c8e9\",\"name\":\"webmaster kapitalis\",\"url\":\"https:\/\/kapitalis.com\/tunisie\/author\/webmaster-kapitalis\/\"}]}<\/script>\n<!-- \/ Yoast SEO plugin. -->","yoast_head_json":{"title":"Tunisie : La banque centrale confirme une reprise timide en 2022 - Kapitalis","robots":{"index":"index","follow":"follow","max-snippet":"max-snippet:-1","max-image-preview":"max-image-preview:large","max-video-preview":"max-video-preview:-1"},"canonical":"https:\/\/kapitalis.com\/tunisie\/2022\/02\/03\/tunisie-la-banque-centrale-confirme-une-reprise-timide-en-2022\/","og_locale":"fr_FR","og_type":"article","og_title":"Tunisie : La banque centrale confirme une reprise timide en 2022 - Kapitalis","og_description":"Le conseil d&rsquo;administration de la Banque centrale de Tunisie (BCT) a affirm\u00e9, dans un communiqu\u00e9 publi\u00e9 jeudi 3 f\u00e9vrier 20212, qu&rsquo;il reste attentif quant \u00e0 l&rsquo;\u00e9volution des prix, au cours de la p\u00e9riode \u00e0 venir et qu&rsquo;il usera de tous les moyens \u00e0 sa disposition pour contrer toute d\u00e9rive de l&rsquo;inflation.","og_url":"https:\/\/kapitalis.com\/tunisie\/2022\/02\/03\/tunisie-la-banque-centrale-confirme-une-reprise-timide-en-2022\/","og_site_name":"Kapitalis","article_publisher":"https:\/\/www.facebook.com\/KapitalisInfo\/","article_published_time":"2022-02-03T12:38:26+00:00","article_modified_time":"2022-02-03T12:42:23+00:00","og_image":[{"url":"http:\/\/kapitalis.com\/tunisie\/wp-content\/uploads\/2022\/01\/Economie-tunisienne-croissance.jpg","type":"","width":"","height":""}],"author":"webmaster kapitalis","twitter_card":"summary_large_image","twitter_creator":"@KapitalisInfo","twitter_site":"@KapitalisInfo","twitter_misc":{"\u00c9crit par":"webmaster kapitalis","Dur\u00e9e de lecture estim\u00e9e":"2 minutes"},"schema":{"@context":"https:\/\/schema.org","@graph":[{"@type":"Article","@id":"https:\/\/kapitalis.com\/tunisie\/2022\/02\/03\/tunisie-la-banque-centrale-confirme-une-reprise-timide-en-2022\/#article","isPartOf":{"@id":"https:\/\/kapitalis.com\/tunisie\/2022\/02\/03\/tunisie-la-banque-centrale-confirme-une-reprise-timide-en-2022\/"},"author":{"name":"webmaster kapitalis","@id":"https:\/\/kapitalis.com\/tunisie\/#\/schema\/person\/d71f33a9ca44f7bad4698210b480c8e9"},"headline":"Tunisie : La banque centrale confirme une reprise timide en 2022","datePublished":"2022-02-03T12:38:26+00:00","dateModified":"2022-02-03T12:42:23+00:00","mainEntityOfPage":{"@id":"https:\/\/kapitalis.com\/tunisie\/2022\/02\/03\/tunisie-la-banque-centrale-confirme-une-reprise-timide-en-2022\/"},"wordCount":386,"commentCount":0,"publisher":{"@id":"https:\/\/kapitalis.com\/tunisie\/#organization"},"image":{"@id":"https:\/\/kapitalis.com\/tunisie\/2022\/02\/03\/tunisie-la-banque-centrale-confirme-une-reprise-timide-en-2022\/#primaryimage"},"thumbnailUrl":"http:\/\/kapitalis.com\/tunisie\/wp-content\/uploads\/2022\/01\/Economie-tunisienne-croissance.jpg","keywords":["Banque centrale de Tunisie","croissance \u00e9conomique","pressions inflationnistes","r\u00e9serves de change","solde commercial"],"articleSection":["ECONOMIE","Tunisie"],"inLanguage":"fr-FR","potentialAction":[{"@type":"CommentAction","name":"Comment","target":["https:\/\/kapitalis.com\/tunisie\/2022\/02\/03\/tunisie-la-banque-centrale-confirme-une-reprise-timide-en-2022\/#respond"]}]},{"@type":"WebPage","@id":"https:\/\/kapitalis.com\/tunisie\/2022\/02\/03\/tunisie-la-banque-centrale-confirme-une-reprise-timide-en-2022\/","url":"https:\/\/kapitalis.com\/tunisie\/2022\/02\/03\/tunisie-la-banque-centrale-confirme-une-reprise-timide-en-2022\/","name":"Tunisie : La banque centrale confirme une reprise timide en 2022 - Kapitalis","isPartOf":{"@id":"https:\/\/kapitalis.com\/tunisie\/#website"},"primaryImageOfPage":{"@id":"https:\/\/kapitalis.com\/tunisie\/2022\/02\/03\/tunisie-la-banque-centrale-confirme-une-reprise-timide-en-2022\/#primaryimage"},"image":{"@id":"https:\/\/kapitalis.com\/tunisie\/2022\/02\/03\/tunisie-la-banque-centrale-confirme-une-reprise-timide-en-2022\/#primaryimage"},"thumbnailUrl":"http:\/\/kapitalis.com\/tunisie\/wp-content\/uploads\/2022\/01\/Economie-tunisienne-croissance.jpg","datePublished":"2022-02-03T12:38:26+00:00","dateModified":"2022-02-03T12:42:23+00:00","breadcrumb":{"@id":"https:\/\/kapitalis.com\/tunisie\/2022\/02\/03\/tunisie-la-banque-centrale-confirme-une-reprise-timide-en-2022\/#breadcrumb"},"inLanguage":"fr-FR","potentialAction":[{"@type":"ReadAction","target":["https:\/\/kapitalis.com\/tunisie\/2022\/02\/03\/tunisie-la-banque-centrale-confirme-une-reprise-timide-en-2022\/"]}]},{"@type":"ImageObject","inLanguage":"fr-FR","@id":"https:\/\/kapitalis.com\/tunisie\/2022\/02\/03\/tunisie-la-banque-centrale-confirme-une-reprise-timide-en-2022\/#primaryimage","url":"","contentUrl":""},{"@type":"BreadcrumbList","@id":"https:\/\/kapitalis.com\/tunisie\/2022\/02\/03\/tunisie-la-banque-centrale-confirme-une-reprise-timide-en-2022\/#breadcrumb","itemListElement":[{"@type":"ListItem","position":1,"name":"Accueil","item":"https:\/\/kapitalis.com\/tunisie\/"},{"@type":"ListItem","position":2,"name":"Tunisie : La banque centrale confirme une reprise timide en 2022"}]},{"@type":"WebSite","@id":"https:\/\/kapitalis.com\/tunisie\/#website","url":"https:\/\/kapitalis.com\/tunisie\/","name":"Kapitalis","description":"L&#039;actualit\u00e9 en Tunisie et dans le monde","publisher":{"@id":"https:\/\/kapitalis.com\/tunisie\/#organization"},"potentialAction":[{"@type":"SearchAction","target":{"@type":"EntryPoint","urlTemplate":"https:\/\/kapitalis.com\/tunisie\/?s={search_term_string}"},"query-input":{"@type":"PropertyValueSpecification","valueRequired":true,"valueName":"search_term_string"}}],"inLanguage":"fr-FR"},{"@type":"Organization","@id":"https:\/\/kapitalis.com\/tunisie\/#organization","name":"Kapitalis","url":"https:\/\/kapitalis.com\/tunisie\/","logo":{"@type":"ImageObject","inLanguage":"fr-FR","@id":"https:\/\/kapitalis.com\/tunisie\/#\/schema\/logo\/image\/","url":"https:\/\/kapitalis.com\/tunisie\/wp-content\/uploads\/2022\/05\/Kapitalis-big-size.png","contentUrl":"https:\/\/kapitalis.com\/tunisie\/wp-content\/uploads\/2022\/05\/Kapitalis-big-size.png","width":5000,"height":1500,"caption":"Kapitalis"},"image":{"@id":"https:\/\/kapitalis.com\/tunisie\/#\/schema\/logo\/image\/"},"sameAs":["https:\/\/www.facebook.com\/KapitalisInfo\/","https:\/\/x.com\/KapitalisInfo","https:\/\/www.youtube.com\/channel\/UC-yDYrHyfFBWWZaOw3FPg9Q"]},{"@type":"Person","@id":"https:\/\/kapitalis.com\/tunisie\/#\/schema\/person\/d71f33a9ca44f7bad4698210b480c8e9","name":"webmaster kapitalis","url":"https:\/\/kapitalis.com\/tunisie\/author\/webmaster-kapitalis\/"}]}},"_links":{"self":[{"href":"https:\/\/kapitalis.com\/tunisie\/wp-json\/wp\/v2\/posts\/379508","targetHints":{"allow":["GET"]}}],"collection":[{"href":"https:\/\/kapitalis.com\/tunisie\/wp-json\/wp\/v2\/posts"}],"about":[{"href":"https:\/\/kapitalis.com\/tunisie\/wp-json\/wp\/v2\/types\/post"}],"author":[{"embeddable":true,"href":"https:\/\/kapitalis.com\/tunisie\/wp-json\/wp\/v2\/users\/8"}],"replies":[{"embeddable":true,"href":"https:\/\/kapitalis.com\/tunisie\/wp-json\/wp\/v2\/comments?post=379508"}],"version-history":[{"count":0,"href":"https:\/\/kapitalis.com\/tunisie\/wp-json\/wp\/v2\/posts\/379508\/revisions"}],"wp:attachment":[{"href":"https:\/\/kapitalis.com\/tunisie\/wp-json\/wp\/v2\/media?parent=379508"}],"wp:term":[{"taxonomy":"category","embeddable":true,"href":"https:\/\/kapitalis.com\/tunisie\/wp-json\/wp\/v2\/categories?post=379508"},{"taxonomy":"post_tag","embeddable":true,"href":"https:\/\/kapitalis.com\/tunisie\/wp-json\/wp\/v2\/tags?post=379508"}],"curies":[{"name":"wp","href":"https:\/\/api.w.org\/{rel}","templated":true}]}}