{"id":379891,"date":"2022-02-07T12:03:42","date_gmt":"2022-02-07T11:03:42","guid":{"rendered":"http:\/\/kapitalis.com\/tunisie\/?p=379891"},"modified":"2022-02-07T12:06:02","modified_gmt":"2022-02-07T11:06:02","slug":"la-diaspora-lautre-visage-de-la-tunisie-un-film-sur-les-mobilisations-de-la-diaspora-tunisienne-en-france","status":"publish","type":"post","link":"https:\/\/kapitalis.com\/tunisie\/2022\/02\/07\/la-diaspora-lautre-visage-de-la-tunisie-un-film-sur-les-mobilisations-de-la-diaspora-tunisienne-en-france\/","title":{"rendered":"\u00ab La diaspora, l\u2019autre visage de la Tunisie \u00bb : Un film sur les mobilisations de la diaspora tunisienne en France"},"content":{"rendered":"\n<div class=\"wp-block-image\"><figure class=\"aligncenter size-full\"><img decoding=\"async\" src=\"http:\/\/kapitalis.com\/tunisie\/wp-content\/uploads\/2022\/02\/Untitled-6.jpg\" alt=\"\" class=\"wp-image-379902\"\/><\/figure><\/div>\n\n\n\n<p><em><strong>L\u2019Institut Fran\u00e7ais de Tunisie (IFT) accueille le jeudi 10 f\u00e9vrier la projection du film \u00ab&nbsp;La diaspora, l\u2019autre visage de la Tunisie&nbsp;\u00bb en pr\u00e9sence de sa r\u00e9alisatrice Barbara Arsenault. Un documentaire qui revient sur 60 ans de mobilisations de la diaspora tunisienne en France.<\/strong><\/em><\/p>\n\n\n\n<!--more-->\n\n\n\n<p>La r\u00e9alisatrice, reporter et journaliste fran\u00e7aise Barbara Arsenault sera \u00e0 Tunis jeudi prochain pour une rencontre avec le public tunisien \u00e0 l\u2019Institut Fran\u00e7ais de Tunisie \u00e0 l\u2019occasion de la projection de son film documentaire \u00ab&nbsp;La diaspora, l\u2019autre visage de la Tunisie&nbsp;\u00bb.<\/p>\n\n\n\n<p>R\u00e9alis\u00e9 dans le cadre du projet \u00ab\u00a0Gestion locale des migrations\u00a0\u00bb, ce documentaire a \u00e9t\u00e9 financ\u00e9 par l\u2019Union europ\u00e9enne (UE) et mis en \u0153uvre par le consortium AFD-Grdr-Mercy Corps. En une trentaine de minutes, \u00ab\u00a0La diaspora, l\u2019autre visage de la Tunisie\u00a0\u00bb revient sur une soixantaine d\u2019ann\u00e9es de l\u2019Histoire de la Tunisie durant lesquelles la diaspora s\u2019est mobilis\u00e9e en France pour diff\u00e9rentes causes sociales et politiques.<\/p>\n\n\n\n<p>\u00ab&nbsp;<em>De la lutte pour les droits des travailleurs immigr\u00e9s en France, en passant par la r\u00e9sistance aux r\u00e9gimes autocratiques en Tunisie puis \u00e0 la R\u00e9volution de 2011 et enfin \u00e0 la mobilisation pour lutter contre la pand\u00e9mie, cette diaspora a fait preuve d\u2019un engagement fort, \u00e0 la fois sur son terrain d\u2019accueil et dans son pays d\u2019origine.<\/em>&nbsp;\u00bb<\/p>\n\n\n\n<p>La r\u00e9alisatrice Barbara Arsenault sera pr\u00e9sente \u00e0 projection pour d\u00e9battre de son film avec le public tunisien.<\/p>\n\n\n\n<p class=\"has-text-align-right\"><strong>F.B<\/strong><\/p>\n","protected":false},"excerpt":{"rendered":"<p>L\u2019Institut Fran\u00e7ais de Tunisie (IFT) accueille le jeudi 10 f\u00e9vrier la projection du film \u00ab&nbsp;La diaspora, l\u2019autre visage de la Tunisie&nbsp;\u00bb en pr\u00e9sence de sa r\u00e9alisatrice Barbara Arsenault. Un documentaire qui revient sur 60 ans de mobilisations de la diaspora tunisienne en France.<\/p>\n","protected":false},"author":26,"featured_media":379902,"comment_status":"open","ping_status":"open","sticky":false,"template":"","format":"standard","meta":{"footnotes":""},"categories":[994,998,2433],"tags":[97112,39140,395,462,62643],"class_list":["post-379891","post","type-post","status-publish","format-standard","has-post-thumbnail","hentry","category-culture","category-societe","category-tunisie","tag-barbara-arsenault","tag-diaspora-tunisienne","tag-france","tag-ift","tag-tunisie"],"yoast_head":"<!-- This site is optimized with the Yoast SEO plugin v26.6 - https:\/\/yoast.com\/wordpress\/plugins\/seo\/ -->\n<title>\u00ab La diaspora, l\u2019autre visage de la Tunisie \u00bb : Un film sur les mobilisations de la diaspora tunisienne en France - Kapitalis<\/title>\n<meta name=\"robots\" content=\"index, follow, max-snippet:-1, max-image-preview:large, max-video-preview:-1\" \/>\n<link rel=\"canonical\" href=\"https:\/\/kapitalis.com\/tunisie\/2022\/02\/07\/la-diaspora-lautre-visage-de-la-tunisie-un-film-sur-les-mobilisations-de-la-diaspora-tunisienne-en-france\/\" \/>\n<meta property=\"og:locale\" content=\"fr_FR\" \/>\n<meta property=\"og:type\" content=\"article\" \/>\n<meta property=\"og:title\" content=\"\u00ab La diaspora, l\u2019autre visage de la Tunisie \u00bb : Un film sur les mobilisations de la diaspora tunisienne en France - Kapitalis\" \/>\n<meta property=\"og:description\" content=\"L\u2019Institut Fran\u00e7ais de Tunisie (IFT) accueille le jeudi 10 f\u00e9vrier la projection du film \u00ab&nbsp;La diaspora, l\u2019autre visage de la Tunisie&nbsp;\u00bb en pr\u00e9sence de sa r\u00e9alisatrice Barbara Arsenault. Un documentaire qui revient sur 60 ans de mobilisations de la diaspora tunisienne en France.\" \/>\n<meta property=\"og:url\" content=\"https:\/\/kapitalis.com\/tunisie\/2022\/02\/07\/la-diaspora-lautre-visage-de-la-tunisie-un-film-sur-les-mobilisations-de-la-diaspora-tunisienne-en-france\/\" \/>\n<meta property=\"og:site_name\" content=\"Kapitalis\" \/>\n<meta property=\"article:publisher\" content=\"https:\/\/www.facebook.com\/KapitalisInfo\/\" \/>\n<meta property=\"article:published_time\" content=\"2022-02-07T11:03:42+00:00\" \/>\n<meta property=\"article:modified_time\" content=\"2022-02-07T11:06:02+00:00\" \/>\n<meta property=\"og:image\" content=\"https:\/\/kapitalis.com\/tunisie\/wp-content\/uploads\/2022\/05\/kapitalis-logo-fb.png\" \/>\n\t<meta property=\"og:image:width\" content=\"1200\" \/>\n\t<meta property=\"og:image:height\" content=\"630\" \/>\n\t<meta property=\"og:image:type\" content=\"image\/png\" \/>\n<meta name=\"author\" content=\"Fawz BenAli\" \/>\n<meta name=\"twitter:card\" content=\"summary_large_image\" \/>\n<meta name=\"twitter:creator\" content=\"@KapitalisInfo\" \/>\n<meta name=\"twitter:site\" content=\"@KapitalisInfo\" \/>\n<meta name=\"twitter:label1\" content=\"\u00c9crit par\" \/>\n\t<meta name=\"twitter:data1\" content=\"Fawz BenAli\" \/>\n\t<meta name=\"twitter:label2\" content=\"Dur\u00e9e de lecture estim\u00e9e\" \/>\n\t<meta name=\"twitter:data2\" content=\"1 minute\" \/>\n<script type=\"application\/ld+json\" class=\"yoast-schema-graph\">{\"@context\":\"https:\/\/schema.org\",\"@graph\":[{\"@type\":\"Article\",\"@id\":\"https:\/\/kapitalis.com\/tunisie\/2022\/02\/07\/la-diaspora-lautre-visage-de-la-tunisie-un-film-sur-les-mobilisations-de-la-diaspora-tunisienne-en-france\/#article\",\"isPartOf\":{\"@id\":\"https:\/\/kapitalis.com\/tunisie\/2022\/02\/07\/la-diaspora-lautre-visage-de-la-tunisie-un-film-sur-les-mobilisations-de-la-diaspora-tunisienne-en-france\/\"},\"author\":{\"name\":\"Fawz BenAli\",\"@id\":\"https:\/\/kapitalis.com\/tunisie\/#\/schema\/person\/73a5ecc1f6ae540c6ed91342eadca948\"},\"headline\":\"\u00ab La diaspora, l\u2019autre visage de la Tunisie \u00bb : Un film sur les mobilisations de la diaspora tunisienne en France\",\"datePublished\":\"2022-02-07T11:03:42+00:00\",\"dateModified\":\"2022-02-07T11:06:02+00:00\",\"mainEntityOfPage\":{\"@id\":\"https:\/\/kapitalis.com\/tunisie\/2022\/02\/07\/la-diaspora-lautre-visage-de-la-tunisie-un-film-sur-les-mobilisations-de-la-diaspora-tunisienne-en-france\/\"},\"wordCount\":272,\"commentCount\":1,\"publisher\":{\"@id\":\"https:\/\/kapitalis.com\/tunisie\/#organization\"},\"image\":{\"@id\":\"https:\/\/kapitalis.com\/tunisie\/2022\/02\/07\/la-diaspora-lautre-visage-de-la-tunisie-un-film-sur-les-mobilisations-de-la-diaspora-tunisienne-en-france\/#primaryimage\"},\"thumbnailUrl\":\"\",\"keywords\":[\"Barbara Arsenault\",\"diaspora tunisienne\",\"France\",\"IFT\",\"Tunisie\"],\"articleSection\":[\"CULTURE\",\"SOCIETE\",\"Tunisie\"],\"inLanguage\":\"fr-FR\",\"potentialAction\":[{\"@type\":\"CommentAction\",\"name\":\"Comment\",\"target\":[\"https:\/\/kapitalis.com\/tunisie\/2022\/02\/07\/la-diaspora-lautre-visage-de-la-tunisie-un-film-sur-les-mobilisations-de-la-diaspora-tunisienne-en-france\/#respond\"]}]},{\"@type\":\"WebPage\",\"@id\":\"https:\/\/kapitalis.com\/tunisie\/2022\/02\/07\/la-diaspora-lautre-visage-de-la-tunisie-un-film-sur-les-mobilisations-de-la-diaspora-tunisienne-en-france\/\",\"url\":\"https:\/\/kapitalis.com\/tunisie\/2022\/02\/07\/la-diaspora-lautre-visage-de-la-tunisie-un-film-sur-les-mobilisations-de-la-diaspora-tunisienne-en-france\/\",\"name\":\"\u00ab La diaspora, l\u2019autre visage de la Tunisie \u00bb : Un film sur les mobilisations de la diaspora tunisienne en France - Kapitalis\",\"isPartOf\":{\"@id\":\"https:\/\/kapitalis.com\/tunisie\/#website\"},\"primaryImageOfPage\":{\"@id\":\"https:\/\/kapitalis.com\/tunisie\/2022\/02\/07\/la-diaspora-lautre-visage-de-la-tunisie-un-film-sur-les-mobilisations-de-la-diaspora-tunisienne-en-france\/#primaryimage\"},\"image\":{\"@id\":\"https:\/\/kapitalis.com\/tunisie\/2022\/02\/07\/la-diaspora-lautre-visage-de-la-tunisie-un-film-sur-les-mobilisations-de-la-diaspora-tunisienne-en-france\/#primaryimage\"},\"thumbnailUrl\":\"\",\"datePublished\":\"2022-02-07T11:03:42+00:00\",\"dateModified\":\"2022-02-07T11:06:02+00:00\",\"breadcrumb\":{\"@id\":\"https:\/\/kapitalis.com\/tunisie\/2022\/02\/07\/la-diaspora-lautre-visage-de-la-tunisie-un-film-sur-les-mobilisations-de-la-diaspora-tunisienne-en-france\/#breadcrumb\"},\"inLanguage\":\"fr-FR\",\"potentialAction\":[{\"@type\":\"ReadAction\",\"target\":[\"https:\/\/kapitalis.com\/tunisie\/2022\/02\/07\/la-diaspora-lautre-visage-de-la-tunisie-un-film-sur-les-mobilisations-de-la-diaspora-tunisienne-en-france\/\"]}]},{\"@type\":\"ImageObject\",\"inLanguage\":\"fr-FR\",\"@id\":\"https:\/\/kapitalis.com\/tunisie\/2022\/02\/07\/la-diaspora-lautre-visage-de-la-tunisie-un-film-sur-les-mobilisations-de-la-diaspora-tunisienne-en-france\/#primaryimage\",\"url\":\"\",\"contentUrl\":\"\"},{\"@type\":\"BreadcrumbList\",\"@id\":\"https:\/\/kapitalis.com\/tunisie\/2022\/02\/07\/la-diaspora-lautre-visage-de-la-tunisie-un-film-sur-les-mobilisations-de-la-diaspora-tunisienne-en-france\/#breadcrumb\",\"itemListElement\":[{\"@type\":\"ListItem\",\"position\":1,\"name\":\"Accueil\",\"item\":\"https:\/\/kapitalis.com\/tunisie\/\"},{\"@type\":\"ListItem\",\"position\":2,\"name\":\"\u00ab La diaspora, l\u2019autre visage de la Tunisie \u00bb : Un film sur les mobilisations de la diaspora tunisienne en France\"}]},{\"@type\":\"WebSite\",\"@id\":\"https:\/\/kapitalis.com\/tunisie\/#website\",\"url\":\"https:\/\/kapitalis.com\/tunisie\/\",\"name\":\"Kapitalis\",\"description\":\"L&#039;actualit\u00e9 en Tunisie et dans le monde\",\"publisher\":{\"@id\":\"https:\/\/kapitalis.com\/tunisie\/#organization\"},\"potentialAction\":[{\"@type\":\"SearchAction\",\"target\":{\"@type\":\"EntryPoint\",\"urlTemplate\":\"https:\/\/kapitalis.com\/tunisie\/?s={search_term_string}\"},\"query-input\":{\"@type\":\"PropertyValueSpecification\",\"valueRequired\":true,\"valueName\":\"search_term_string\"}}],\"inLanguage\":\"fr-FR\"},{\"@type\":\"Organization\",\"@id\":\"https:\/\/kapitalis.com\/tunisie\/#organization\",\"name\":\"Kapitalis\",\"url\":\"https:\/\/kapitalis.com\/tunisie\/\",\"logo\":{\"@type\":\"ImageObject\",\"inLanguage\":\"fr-FR\",\"@id\":\"https:\/\/kapitalis.com\/tunisie\/#\/schema\/logo\/image\/\",\"url\":\"https:\/\/kapitalis.com\/tunisie\/wp-content\/uploads\/2022\/05\/Kapitalis-big-size.png\",\"contentUrl\":\"https:\/\/kapitalis.com\/tunisie\/wp-content\/uploads\/2022\/05\/Kapitalis-big-size.png\",\"width\":5000,\"height\":1500,\"caption\":\"Kapitalis\"},\"image\":{\"@id\":\"https:\/\/kapitalis.com\/tunisie\/#\/schema\/logo\/image\/\"},\"sameAs\":[\"https:\/\/www.facebook.com\/KapitalisInfo\/\",\"https:\/\/x.com\/KapitalisInfo\",\"https:\/\/www.youtube.com\/channel\/UC-yDYrHyfFBWWZaOw3FPg9Q\"]},{\"@type\":\"Person\",\"@id\":\"https:\/\/kapitalis.com\/tunisie\/#\/schema\/person\/73a5ecc1f6ae540c6ed91342eadca948\",\"name\":\"Fawz BenAli\",\"url\":\"https:\/\/kapitalis.com\/tunisie\/author\/fawz\/\"}]}<\/script>\n<!-- \/ Yoast SEO plugin. -->","yoast_head_json":{"title":"\u00ab La diaspora, l\u2019autre visage de la Tunisie \u00bb : Un film sur les mobilisations de la diaspora tunisienne en France - Kapitalis","robots":{"index":"index","follow":"follow","max-snippet":"max-snippet:-1","max-image-preview":"max-image-preview:large","max-video-preview":"max-video-preview:-1"},"canonical":"https:\/\/kapitalis.com\/tunisie\/2022\/02\/07\/la-diaspora-lautre-visage-de-la-tunisie-un-film-sur-les-mobilisations-de-la-diaspora-tunisienne-en-france\/","og_locale":"fr_FR","og_type":"article","og_title":"\u00ab La diaspora, l\u2019autre visage de la Tunisie \u00bb : Un film sur les mobilisations de la diaspora tunisienne en France - Kapitalis","og_description":"L\u2019Institut Fran\u00e7ais de Tunisie (IFT) accueille le jeudi 10 f\u00e9vrier la projection du film \u00ab&nbsp;La diaspora, l\u2019autre visage de la Tunisie&nbsp;\u00bb en pr\u00e9sence de sa r\u00e9alisatrice Barbara Arsenault. Un documentaire qui revient sur 60 ans de mobilisations de la diaspora tunisienne en France.","og_url":"https:\/\/kapitalis.com\/tunisie\/2022\/02\/07\/la-diaspora-lautre-visage-de-la-tunisie-un-film-sur-les-mobilisations-de-la-diaspora-tunisienne-en-france\/","og_site_name":"Kapitalis","article_publisher":"https:\/\/www.facebook.com\/KapitalisInfo\/","article_published_time":"2022-02-07T11:03:42+00:00","article_modified_time":"2022-02-07T11:06:02+00:00","og_image":[{"width":1200,"height":630,"url":"https:\/\/kapitalis.com\/tunisie\/wp-content\/uploads\/2022\/05\/kapitalis-logo-fb.png","type":"image\/png"}],"author":"Fawz BenAli","twitter_card":"summary_large_image","twitter_creator":"@KapitalisInfo","twitter_site":"@KapitalisInfo","twitter_misc":{"\u00c9crit par":"Fawz BenAli","Dur\u00e9e de lecture estim\u00e9e":"1 minute"},"schema":{"@context":"https:\/\/schema.org","@graph":[{"@type":"Article","@id":"https:\/\/kapitalis.com\/tunisie\/2022\/02\/07\/la-diaspora-lautre-visage-de-la-tunisie-un-film-sur-les-mobilisations-de-la-diaspora-tunisienne-en-france\/#article","isPartOf":{"@id":"https:\/\/kapitalis.com\/tunisie\/2022\/02\/07\/la-diaspora-lautre-visage-de-la-tunisie-un-film-sur-les-mobilisations-de-la-diaspora-tunisienne-en-france\/"},"author":{"name":"Fawz BenAli","@id":"https:\/\/kapitalis.com\/tunisie\/#\/schema\/person\/73a5ecc1f6ae540c6ed91342eadca948"},"headline":"\u00ab La diaspora, l\u2019autre visage de la Tunisie \u00bb : Un film sur les mobilisations de la diaspora tunisienne en France","datePublished":"2022-02-07T11:03:42+00:00","dateModified":"2022-02-07T11:06:02+00:00","mainEntityOfPage":{"@id":"https:\/\/kapitalis.com\/tunisie\/2022\/02\/07\/la-diaspora-lautre-visage-de-la-tunisie-un-film-sur-les-mobilisations-de-la-diaspora-tunisienne-en-france\/"},"wordCount":272,"commentCount":1,"publisher":{"@id":"https:\/\/kapitalis.com\/tunisie\/#organization"},"image":{"@id":"https:\/\/kapitalis.com\/tunisie\/2022\/02\/07\/la-diaspora-lautre-visage-de-la-tunisie-un-film-sur-les-mobilisations-de-la-diaspora-tunisienne-en-france\/#primaryimage"},"thumbnailUrl":"","keywords":["Barbara Arsenault","diaspora tunisienne","France","IFT","Tunisie"],"articleSection":["CULTURE","SOCIETE","Tunisie"],"inLanguage":"fr-FR","potentialAction":[{"@type":"CommentAction","name":"Comment","target":["https:\/\/kapitalis.com\/tunisie\/2022\/02\/07\/la-diaspora-lautre-visage-de-la-tunisie-un-film-sur-les-mobilisations-de-la-diaspora-tunisienne-en-france\/#respond"]}]},{"@type":"WebPage","@id":"https:\/\/kapitalis.com\/tunisie\/2022\/02\/07\/la-diaspora-lautre-visage-de-la-tunisie-un-film-sur-les-mobilisations-de-la-diaspora-tunisienne-en-france\/","url":"https:\/\/kapitalis.com\/tunisie\/2022\/02\/07\/la-diaspora-lautre-visage-de-la-tunisie-un-film-sur-les-mobilisations-de-la-diaspora-tunisienne-en-france\/","name":"\u00ab La diaspora, l\u2019autre visage de la Tunisie \u00bb : Un film sur les mobilisations de la diaspora tunisienne en France - Kapitalis","isPartOf":{"@id":"https:\/\/kapitalis.com\/tunisie\/#website"},"primaryImageOfPage":{"@id":"https:\/\/kapitalis.com\/tunisie\/2022\/02\/07\/la-diaspora-lautre-visage-de-la-tunisie-un-film-sur-les-mobilisations-de-la-diaspora-tunisienne-en-france\/#primaryimage"},"image":{"@id":"https:\/\/kapitalis.com\/tunisie\/2022\/02\/07\/la-diaspora-lautre-visage-de-la-tunisie-un-film-sur-les-mobilisations-de-la-diaspora-tunisienne-en-france\/#primaryimage"},"thumbnailUrl":"","datePublished":"2022-02-07T11:03:42+00:00","dateModified":"2022-02-07T11:06:02+00:00","breadcrumb":{"@id":"https:\/\/kapitalis.com\/tunisie\/2022\/02\/07\/la-diaspora-lautre-visage-de-la-tunisie-un-film-sur-les-mobilisations-de-la-diaspora-tunisienne-en-france\/#breadcrumb"},"inLanguage":"fr-FR","potentialAction":[{"@type":"ReadAction","target":["https:\/\/kapitalis.com\/tunisie\/2022\/02\/07\/la-diaspora-lautre-visage-de-la-tunisie-un-film-sur-les-mobilisations-de-la-diaspora-tunisienne-en-france\/"]}]},{"@type":"ImageObject","inLanguage":"fr-FR","@id":"https:\/\/kapitalis.com\/tunisie\/2022\/02\/07\/la-diaspora-lautre-visage-de-la-tunisie-un-film-sur-les-mobilisations-de-la-diaspora-tunisienne-en-france\/#primaryimage","url":"","contentUrl":""},{"@type":"BreadcrumbList","@id":"https:\/\/kapitalis.com\/tunisie\/2022\/02\/07\/la-diaspora-lautre-visage-de-la-tunisie-un-film-sur-les-mobilisations-de-la-diaspora-tunisienne-en-france\/#breadcrumb","itemListElement":[{"@type":"ListItem","position":1,"name":"Accueil","item":"https:\/\/kapitalis.com\/tunisie\/"},{"@type":"ListItem","position":2,"name":"\u00ab La diaspora, l\u2019autre visage de la Tunisie \u00bb : Un film sur les mobilisations de la diaspora tunisienne en France"}]},{"@type":"WebSite","@id":"https:\/\/kapitalis.com\/tunisie\/#website","url":"https:\/\/kapitalis.com\/tunisie\/","name":"Kapitalis","description":"L&#039;actualit\u00e9 en Tunisie et dans le monde","publisher":{"@id":"https:\/\/kapitalis.com\/tunisie\/#organization"},"potentialAction":[{"@type":"SearchAction","target":{"@type":"EntryPoint","urlTemplate":"https:\/\/kapitalis.com\/tunisie\/?s={search_term_string}"},"query-input":{"@type":"PropertyValueSpecification","valueRequired":true,"valueName":"search_term_string"}}],"inLanguage":"fr-FR"},{"@type":"Organization","@id":"https:\/\/kapitalis.com\/tunisie\/#organization","name":"Kapitalis","url":"https:\/\/kapitalis.com\/tunisie\/","logo":{"@type":"ImageObject","inLanguage":"fr-FR","@id":"https:\/\/kapitalis.com\/tunisie\/#\/schema\/logo\/image\/","url":"https:\/\/kapitalis.com\/tunisie\/wp-content\/uploads\/2022\/05\/Kapitalis-big-size.png","contentUrl":"https:\/\/kapitalis.com\/tunisie\/wp-content\/uploads\/2022\/05\/Kapitalis-big-size.png","width":5000,"height":1500,"caption":"Kapitalis"},"image":{"@id":"https:\/\/kapitalis.com\/tunisie\/#\/schema\/logo\/image\/"},"sameAs":["https:\/\/www.facebook.com\/KapitalisInfo\/","https:\/\/x.com\/KapitalisInfo","https:\/\/www.youtube.com\/channel\/UC-yDYrHyfFBWWZaOw3FPg9Q"]},{"@type":"Person","@id":"https:\/\/kapitalis.com\/tunisie\/#\/schema\/person\/73a5ecc1f6ae540c6ed91342eadca948","name":"Fawz BenAli","url":"https:\/\/kapitalis.com\/tunisie\/author\/fawz\/"}]}},"_links":{"self":[{"href":"https:\/\/kapitalis.com\/tunisie\/wp-json\/wp\/v2\/posts\/379891","targetHints":{"allow":["GET"]}}],"collection":[{"href":"https:\/\/kapitalis.com\/tunisie\/wp-json\/wp\/v2\/posts"}],"about":[{"href":"https:\/\/kapitalis.com\/tunisie\/wp-json\/wp\/v2\/types\/post"}],"author":[{"embeddable":true,"href":"https:\/\/kapitalis.com\/tunisie\/wp-json\/wp\/v2\/users\/26"}],"replies":[{"embeddable":true,"href":"https:\/\/kapitalis.com\/tunisie\/wp-json\/wp\/v2\/comments?post=379891"}],"version-history":[{"count":0,"href":"https:\/\/kapitalis.com\/tunisie\/wp-json\/wp\/v2\/posts\/379891\/revisions"}],"wp:featuredmedia":[{"embeddable":true,"href":"https:\/\/kapitalis.com\/tunisie\/wp-json\/wp\/v2\/media\/379902"}],"wp:attachment":[{"href":"https:\/\/kapitalis.com\/tunisie\/wp-json\/wp\/v2\/media?parent=379891"}],"wp:term":[{"taxonomy":"category","embeddable":true,"href":"https:\/\/kapitalis.com\/tunisie\/wp-json\/wp\/v2\/categories?post=379891"},{"taxonomy":"post_tag","embeddable":true,"href":"https:\/\/kapitalis.com\/tunisie\/wp-json\/wp\/v2\/tags?post=379891"}],"curies":[{"name":"wp","href":"https:\/\/api.w.org\/{rel}","templated":true}]}}