{"id":379905,"date":"2022-02-07T12:46:44","date_gmt":"2022-02-07T11:46:44","guid":{"rendered":"http:\/\/kapitalis.com\/tunisie\/?p=379905"},"modified":"2022-02-07T12:46:48","modified_gmt":"2022-02-07T11:46:48","slug":"tunisie-ali-ben-mansour-denonce-la-fermeture-du-siege-du-csm-suite-a-un-discours-nocturne","status":"publish","type":"post","link":"https:\/\/kapitalis.com\/tunisie\/2022\/02\/07\/tunisie-ali-ben-mansour-denonce-la-fermeture-du-siege-du-csm-suite-a-un-discours-nocturne\/","title":{"rendered":"Tunisie : Ali Ben Mansour d\u00e9nonce la fermeture du si\u00e8ge du CSM suite \u00e0 \u00abun discours nocturne\u00bb"},"content":{"rendered":"\n<div class=\"wp-block-image\"><figure class=\"aligncenter size-full\"><img decoding=\"async\" src=\"http:\/\/kapitalis.com\/tunisie\/wp-content\/uploads\/2022\/02\/CSM-ferme.jpg\" alt=\"\" class=\"wp-image-379896\"\/><\/figure><\/div>\n\n\n\n<p><em><strong>Le membre du Conseil sup\u00e9rieur de la magistrature (CSM), Ali Be Mansour, a consid\u00e9r\u00e9 que le 7 f\u00e9vrier 2022 restera \u00abune journ\u00e9e noire dans l\u2019histoire de la Tunisie\u00bb, \u00e9tant marqu\u00e9e par la fermeture (par les forces de l&rsquo;ordre) du si\u00e8ge du Conseil, et ce, suite \u00e0 un \u00abdiscours nocturne\u00bb du pr\u00e9sident de la r\u00e9publique, Ka\u00efs Sa\u00efed, sans m\u00eame que la d\u00e9cision qu&rsquo;il a annonc\u00e9e n&rsquo;ait \u00e9t\u00e9 \u00e9crite.<\/strong><\/em><\/p>\n\n\n\n<!--more-->\n\n\n\n<p>Dans une d\u00e9claration accord\u00e9e \u00e0 Mosa\u00efque FM, il a ajout\u00e9 que cela a repr\u00e9sent\u00e9 une atteinte au pouvoir judiciaire et \u00e0 plusieurs g\u00e9n\u00e9rations de militantisme<\/p>\n\n\n\n<p>M. Ben Mansour a, par ailleurs, affirm\u00e9 que les autres membres du Conseil vont rallier le si\u00e8ge du CSM dans quelques heures, certainement pour protester contre sa fermeture.<\/p>\n\n\n\n<p>Rappelons que dans la nuit s\u00e9parant le samedi et le dimanche derniers, le chef de l&rsquo;Etat a indiqu\u00e9, depuis le si\u00e8ge du minist\u00e8re de l&rsquo;Int\u00e9rieur, que le CSM peut se consid\u00e9rer comme <a href=\"http:\/\/kapitalis.com\/tunisie\/2022\/02\/06\/saied-le-conseil-de-la-magistrature-peut-se-considerer-comme-faisant-partie-du-passe\/\"><strong>faisant partie du pass\u00e9<\/strong><\/a>. Ce matin le si\u00e8ge du Conseil a \u00e9t\u00e9 <a href=\"http:\/\/kapitalis.com\/tunisie\/2022\/02\/07\/tunisie-le-siege-du-csm-encercle-par-des-policiers-et-interdit-dacces\/\"><strong>ferm\u00e9, cadenass\u00e9 et encercl\u00e9 par des policiers<\/strong><\/a>. Toutefois, selon Brahim Bouderbala, b\u00e2tonnier des avocats, cela <a href=\"http:\/\/kapitalis.com\/tunisie\/2022\/02\/07\/tunisie-brahim-bouderbala-soutient-kais-saied-et-affirme-que-le-csm-na-pas-ete-dissous\/\"><strong>ne signifie pas qu&rsquo;il a \u00e9t\u00e9 dissous<\/strong><\/a>.<\/p>\n\n\n\n<p class=\"has-text-align-right\"><strong>C. B. Y.<\/strong><\/p>\n\n\n\n<p><blockquote class=\"wp-embedded-content\" data-secret=\"3KrD22wnto\"><a href=\"https:\/\/kapitalis.com\/tunisie\/2022\/02\/06\/saied-le-conseil-de-la-magistrature-peut-se-considerer-comme-faisant-partie-du-passe\/\">Sa\u00efed : \u00abLe Conseil de la magistrature peut se consid\u00e9rer comme faisant partie du pass\u00e9\u00bb<\/a><\/blockquote><iframe loading=\"lazy\" class=\"wp-embedded-content\" sandbox=\"allow-scripts\" security=\"restricted\" style=\"position: absolute; clip: rect(1px, 1px, 1px, 1px);\" title=\"\u00ab\u00a0Sa\u00efed : \u00abLe Conseil de la magistrature peut se consid\u00e9rer comme faisant partie du pass\u00e9\u00bb\u00a0\u00bb &#8212; Kapitalis\" src=\"https:\/\/kapitalis.com\/tunisie\/2022\/02\/06\/saied-le-conseil-de-la-magistrature-peut-se-considerer-comme-faisant-partie-du-passe\/embed\/#?secret=Wz0MqaMWNw#?secret=3KrD22wnto\" data-secret=\"3KrD22wnto\" width=\"600\" height=\"338\" frameborder=\"0\" marginwidth=\"0\" marginheight=\"0\" scrolling=\"no\"><\/iframe><\/p>\n\n\n\n<p><blockquote class=\"wp-embedded-content\" data-secret=\"Oi5aYqJT2f\"><a href=\"https:\/\/kapitalis.com\/tunisie\/2022\/02\/07\/tunisie-le-siege-du-csm-encercle-par-des-policiers-et-interdit-dacces\/\">Tunisie : Le si\u00e8ge du CSM encercl\u00e9 par des policiers et interdit d&rsquo;acc\u00e8s<\/a><\/blockquote><iframe loading=\"lazy\" class=\"wp-embedded-content\" sandbox=\"allow-scripts\" security=\"restricted\" style=\"position: absolute; clip: rect(1px, 1px, 1px, 1px);\" title=\"\u00ab\u00a0Tunisie : Le si\u00e8ge du CSM encercl\u00e9 par des policiers et interdit d&rsquo;acc\u00e8s\u00a0\u00bb &#8212; Kapitalis\" src=\"https:\/\/kapitalis.com\/tunisie\/2022\/02\/07\/tunisie-le-siege-du-csm-encercle-par-des-policiers-et-interdit-dacces\/embed\/#?secret=TbHFVltzFj#?secret=Oi5aYqJT2f\" data-secret=\"Oi5aYqJT2f\" width=\"600\" height=\"338\" frameborder=\"0\" marginwidth=\"0\" marginheight=\"0\" scrolling=\"no\"><\/iframe><\/p>\n\n\n\n<p><blockquote class=\"wp-embedded-content\" data-secret=\"aA6DJNqzlx\"><a href=\"https:\/\/kapitalis.com\/tunisie\/2022\/02\/07\/tunisie-brahim-bouderbala-soutient-kais-saied-et-affirme-que-le-csm-na-pas-ete-dissous\/\">Tunisie : Brahim Bouderbala soutient Ka\u00efs Sa\u00efed et affirme que le CSM n&rsquo;a pas \u00e9t\u00e9 dissous<\/a><\/blockquote><iframe loading=\"lazy\" class=\"wp-embedded-content\" sandbox=\"allow-scripts\" security=\"restricted\" style=\"position: absolute; clip: rect(1px, 1px, 1px, 1px);\" title=\"\u00ab\u00a0Tunisie : Brahim Bouderbala soutient Ka\u00efs Sa\u00efed et affirme que le CSM n&rsquo;a pas \u00e9t\u00e9 dissous\u00a0\u00bb &#8212; Kapitalis\" src=\"https:\/\/kapitalis.com\/tunisie\/2022\/02\/07\/tunisie-brahim-bouderbala-soutient-kais-saied-et-affirme-que-le-csm-na-pas-ete-dissous\/embed\/#?secret=KQ3IgwMnUg#?secret=aA6DJNqzlx\" data-secret=\"aA6DJNqzlx\" width=\"600\" height=\"338\" frameborder=\"0\" marginwidth=\"0\" marginheight=\"0\" scrolling=\"no\"><\/iframe><\/p>\n","protected":false},"excerpt":{"rendered":"<p>Le membre du Conseil sup\u00e9rieur de la magistrature (CSM), Ali Be Mansour, a consid\u00e9r\u00e9 que le 7 f\u00e9vrier 2022 restera \u00abune journ\u00e9e noire dans l\u2019histoire de la Tunisie\u00bb, \u00e9tant marqu\u00e9e par la fermeture (par les forces de l&rsquo;ordre) du si\u00e8ge du Conseil, et ce, suite \u00e0 un \u00abdiscours nocturne\u00bb du pr\u00e9sident de la r\u00e9publique, Ka\u00efs&#8230;<\/p>\n","protected":false},"author":24,"featured_media":0,"comment_status":"open","ping_status":"open","sticky":false,"template":"","format":"standard","meta":{"footnotes":""},"categories":[997,2433],"tags":[97113,81457,251,76012],"class_list":["post-379905","post","type-post","status-publish","format-standard","hentry","category-politique","category-tunisie","tag-ali-ben-mansour","tag-brahim-bouderbala","tag-csm","tag-kais-saied-2"],"yoast_head":"<!-- This site is optimized with the Yoast SEO plugin v26.6 - https:\/\/yoast.com\/wordpress\/plugins\/seo\/ -->\n<title>Tunisie : Ali Ben Mansour d\u00e9nonce la fermeture du si\u00e8ge du CSM suite \u00e0 \u00abun discours nocturne\u00bb - Kapitalis<\/title>\n<meta name=\"robots\" content=\"index, follow, max-snippet:-1, max-image-preview:large, max-video-preview:-1\" \/>\n<link rel=\"canonical\" href=\"https:\/\/kapitalis.com\/tunisie\/2022\/02\/07\/tunisie-ali-ben-mansour-denonce-la-fermeture-du-siege-du-csm-suite-a-un-discours-nocturne\/\" \/>\n<meta property=\"og:locale\" content=\"fr_FR\" \/>\n<meta property=\"og:type\" content=\"article\" \/>\n<meta property=\"og:title\" content=\"Tunisie : Ali Ben Mansour d\u00e9nonce la fermeture du si\u00e8ge du CSM suite \u00e0 \u00abun discours nocturne\u00bb - Kapitalis\" \/>\n<meta property=\"og:description\" content=\"Le membre du Conseil sup\u00e9rieur de la magistrature (CSM), Ali Be Mansour, a consid\u00e9r\u00e9 que le 7 f\u00e9vrier 2022 restera \u00abune journ\u00e9e noire dans l\u2019histoire de la Tunisie\u00bb, \u00e9tant marqu\u00e9e par la fermeture (par les forces de l&rsquo;ordre) du si\u00e8ge du Conseil, et ce, suite \u00e0 un \u00abdiscours nocturne\u00bb du pr\u00e9sident de la r\u00e9publique, Ka\u00efs...\" \/>\n<meta property=\"og:url\" content=\"https:\/\/kapitalis.com\/tunisie\/2022\/02\/07\/tunisie-ali-ben-mansour-denonce-la-fermeture-du-siege-du-csm-suite-a-un-discours-nocturne\/\" \/>\n<meta property=\"og:site_name\" content=\"Kapitalis\" \/>\n<meta property=\"article:publisher\" content=\"https:\/\/www.facebook.com\/KapitalisInfo\/\" \/>\n<meta property=\"article:published_time\" content=\"2022-02-07T11:46:44+00:00\" \/>\n<meta property=\"article:modified_time\" content=\"2022-02-07T11:46:48+00:00\" \/>\n<meta property=\"og:image\" content=\"http:\/\/kapitalis.com\/tunisie\/wp-content\/uploads\/2022\/02\/CSM-ferme.jpg\" \/>\n<meta name=\"author\" content=\"Cherif Benyounes\" \/>\n<meta name=\"twitter:card\" content=\"summary_large_image\" \/>\n<meta name=\"twitter:creator\" content=\"@KapitalisInfo\" \/>\n<meta name=\"twitter:site\" content=\"@KapitalisInfo\" \/>\n<meta name=\"twitter:label1\" content=\"\u00c9crit par\" \/>\n\t<meta name=\"twitter:data1\" content=\"Cherif Benyounes\" \/>\n\t<meta name=\"twitter:label2\" content=\"Dur\u00e9e de lecture estim\u00e9e\" \/>\n\t<meta name=\"twitter:data2\" content=\"1 minute\" \/>\n<script type=\"application\/ld+json\" class=\"yoast-schema-graph\">{\"@context\":\"https:\/\/schema.org\",\"@graph\":[{\"@type\":\"Article\",\"@id\":\"https:\/\/kapitalis.com\/tunisie\/2022\/02\/07\/tunisie-ali-ben-mansour-denonce-la-fermeture-du-siege-du-csm-suite-a-un-discours-nocturne\/#article\",\"isPartOf\":{\"@id\":\"https:\/\/kapitalis.com\/tunisie\/2022\/02\/07\/tunisie-ali-ben-mansour-denonce-la-fermeture-du-siege-du-csm-suite-a-un-discours-nocturne\/\"},\"author\":{\"name\":\"Cherif Benyounes\",\"@id\":\"https:\/\/kapitalis.com\/tunisie\/#\/schema\/person\/b35b8d631961131107263178aeb8019e\"},\"headline\":\"Tunisie : Ali Ben Mansour d\u00e9nonce la fermeture du si\u00e8ge du CSM suite \u00e0 \u00abun discours nocturne\u00bb\",\"datePublished\":\"2022-02-07T11:46:44+00:00\",\"dateModified\":\"2022-02-07T11:46:48+00:00\",\"mainEntityOfPage\":{\"@id\":\"https:\/\/kapitalis.com\/tunisie\/2022\/02\/07\/tunisie-ali-ben-mansour-denonce-la-fermeture-du-siege-du-csm-suite-a-un-discours-nocturne\/\"},\"wordCount\":244,\"commentCount\":0,\"publisher\":{\"@id\":\"https:\/\/kapitalis.com\/tunisie\/#organization\"},\"image\":{\"@id\":\"https:\/\/kapitalis.com\/tunisie\/2022\/02\/07\/tunisie-ali-ben-mansour-denonce-la-fermeture-du-siege-du-csm-suite-a-un-discours-nocturne\/#primaryimage\"},\"thumbnailUrl\":\"http:\/\/kapitalis.com\/tunisie\/wp-content\/uploads\/2022\/02\/CSM-ferme.jpg\",\"keywords\":[\"Ali Ben Mansour\",\"Brahim Bouderbala\",\"CSM\",\"Ka\u00efs Sa\u00efed\"],\"articleSection\":[\"POLITIQUE\",\"Tunisie\"],\"inLanguage\":\"fr-FR\",\"potentialAction\":[{\"@type\":\"CommentAction\",\"name\":\"Comment\",\"target\":[\"https:\/\/kapitalis.com\/tunisie\/2022\/02\/07\/tunisie-ali-ben-mansour-denonce-la-fermeture-du-siege-du-csm-suite-a-un-discours-nocturne\/#respond\"]}]},{\"@type\":\"WebPage\",\"@id\":\"https:\/\/kapitalis.com\/tunisie\/2022\/02\/07\/tunisie-ali-ben-mansour-denonce-la-fermeture-du-siege-du-csm-suite-a-un-discours-nocturne\/\",\"url\":\"https:\/\/kapitalis.com\/tunisie\/2022\/02\/07\/tunisie-ali-ben-mansour-denonce-la-fermeture-du-siege-du-csm-suite-a-un-discours-nocturne\/\",\"name\":\"Tunisie : Ali Ben Mansour d\u00e9nonce la fermeture du si\u00e8ge du CSM suite \u00e0 \u00abun discours nocturne\u00bb - Kapitalis\",\"isPartOf\":{\"@id\":\"https:\/\/kapitalis.com\/tunisie\/#website\"},\"primaryImageOfPage\":{\"@id\":\"https:\/\/kapitalis.com\/tunisie\/2022\/02\/07\/tunisie-ali-ben-mansour-denonce-la-fermeture-du-siege-du-csm-suite-a-un-discours-nocturne\/#primaryimage\"},\"image\":{\"@id\":\"https:\/\/kapitalis.com\/tunisie\/2022\/02\/07\/tunisie-ali-ben-mansour-denonce-la-fermeture-du-siege-du-csm-suite-a-un-discours-nocturne\/#primaryimage\"},\"thumbnailUrl\":\"http:\/\/kapitalis.com\/tunisie\/wp-content\/uploads\/2022\/02\/CSM-ferme.jpg\",\"datePublished\":\"2022-02-07T11:46:44+00:00\",\"dateModified\":\"2022-02-07T11:46:48+00:00\",\"breadcrumb\":{\"@id\":\"https:\/\/kapitalis.com\/tunisie\/2022\/02\/07\/tunisie-ali-ben-mansour-denonce-la-fermeture-du-siege-du-csm-suite-a-un-discours-nocturne\/#breadcrumb\"},\"inLanguage\":\"fr-FR\",\"potentialAction\":[{\"@type\":\"ReadAction\",\"target\":[\"https:\/\/kapitalis.com\/tunisie\/2022\/02\/07\/tunisie-ali-ben-mansour-denonce-la-fermeture-du-siege-du-csm-suite-a-un-discours-nocturne\/\"]}]},{\"@type\":\"ImageObject\",\"inLanguage\":\"fr-FR\",\"@id\":\"https:\/\/kapitalis.com\/tunisie\/2022\/02\/07\/tunisie-ali-ben-mansour-denonce-la-fermeture-du-siege-du-csm-suite-a-un-discours-nocturne\/#primaryimage\",\"url\":\"\",\"contentUrl\":\"\"},{\"@type\":\"BreadcrumbList\",\"@id\":\"https:\/\/kapitalis.com\/tunisie\/2022\/02\/07\/tunisie-ali-ben-mansour-denonce-la-fermeture-du-siege-du-csm-suite-a-un-discours-nocturne\/#breadcrumb\",\"itemListElement\":[{\"@type\":\"ListItem\",\"position\":1,\"name\":\"Accueil\",\"item\":\"https:\/\/kapitalis.com\/tunisie\/\"},{\"@type\":\"ListItem\",\"position\":2,\"name\":\"Tunisie : Ali Ben Mansour d\u00e9nonce la fermeture du si\u00e8ge du CSM suite \u00e0 \u00abun discours nocturne\u00bb\"}]},{\"@type\":\"WebSite\",\"@id\":\"https:\/\/kapitalis.com\/tunisie\/#website\",\"url\":\"https:\/\/kapitalis.com\/tunisie\/\",\"name\":\"Kapitalis\",\"description\":\"L&#039;actualit\u00e9 en Tunisie et dans le monde\",\"publisher\":{\"@id\":\"https:\/\/kapitalis.com\/tunisie\/#organization\"},\"potentialAction\":[{\"@type\":\"SearchAction\",\"target\":{\"@type\":\"EntryPoint\",\"urlTemplate\":\"https:\/\/kapitalis.com\/tunisie\/?s={search_term_string}\"},\"query-input\":{\"@type\":\"PropertyValueSpecification\",\"valueRequired\":true,\"valueName\":\"search_term_string\"}}],\"inLanguage\":\"fr-FR\"},{\"@type\":\"Organization\",\"@id\":\"https:\/\/kapitalis.com\/tunisie\/#organization\",\"name\":\"Kapitalis\",\"url\":\"https:\/\/kapitalis.com\/tunisie\/\",\"logo\":{\"@type\":\"ImageObject\",\"inLanguage\":\"fr-FR\",\"@id\":\"https:\/\/kapitalis.com\/tunisie\/#\/schema\/logo\/image\/\",\"url\":\"https:\/\/kapitalis.com\/tunisie\/wp-content\/uploads\/2022\/05\/Kapitalis-big-size.png\",\"contentUrl\":\"https:\/\/kapitalis.com\/tunisie\/wp-content\/uploads\/2022\/05\/Kapitalis-big-size.png\",\"width\":5000,\"height\":1500,\"caption\":\"Kapitalis\"},\"image\":{\"@id\":\"https:\/\/kapitalis.com\/tunisie\/#\/schema\/logo\/image\/\"},\"sameAs\":[\"https:\/\/www.facebook.com\/KapitalisInfo\/\",\"https:\/\/x.com\/KapitalisInfo\",\"https:\/\/www.youtube.com\/channel\/UC-yDYrHyfFBWWZaOw3FPg9Q\"]},{\"@type\":\"Person\",\"@id\":\"https:\/\/kapitalis.com\/tunisie\/#\/schema\/person\/b35b8d631961131107263178aeb8019e\",\"name\":\"Cherif Benyounes\",\"url\":\"https:\/\/kapitalis.com\/tunisie\/author\/cherif\/\"}]}<\/script>\n<!-- \/ Yoast SEO plugin. -->","yoast_head_json":{"title":"Tunisie : Ali Ben Mansour d\u00e9nonce la fermeture du si\u00e8ge du CSM suite \u00e0 \u00abun discours nocturne\u00bb - Kapitalis","robots":{"index":"index","follow":"follow","max-snippet":"max-snippet:-1","max-image-preview":"max-image-preview:large","max-video-preview":"max-video-preview:-1"},"canonical":"https:\/\/kapitalis.com\/tunisie\/2022\/02\/07\/tunisie-ali-ben-mansour-denonce-la-fermeture-du-siege-du-csm-suite-a-un-discours-nocturne\/","og_locale":"fr_FR","og_type":"article","og_title":"Tunisie : Ali Ben Mansour d\u00e9nonce la fermeture du si\u00e8ge du CSM suite \u00e0 \u00abun discours nocturne\u00bb - Kapitalis","og_description":"Le membre du Conseil sup\u00e9rieur de la magistrature (CSM), Ali Be Mansour, a consid\u00e9r\u00e9 que le 7 f\u00e9vrier 2022 restera \u00abune journ\u00e9e noire dans l\u2019histoire de la Tunisie\u00bb, \u00e9tant marqu\u00e9e par la fermeture (par les forces de l&rsquo;ordre) du si\u00e8ge du Conseil, et ce, suite \u00e0 un \u00abdiscours nocturne\u00bb du pr\u00e9sident de la r\u00e9publique, Ka\u00efs...","og_url":"https:\/\/kapitalis.com\/tunisie\/2022\/02\/07\/tunisie-ali-ben-mansour-denonce-la-fermeture-du-siege-du-csm-suite-a-un-discours-nocturne\/","og_site_name":"Kapitalis","article_publisher":"https:\/\/www.facebook.com\/KapitalisInfo\/","article_published_time":"2022-02-07T11:46:44+00:00","article_modified_time":"2022-02-07T11:46:48+00:00","og_image":[{"url":"http:\/\/kapitalis.com\/tunisie\/wp-content\/uploads\/2022\/02\/CSM-ferme.jpg","type":"","width":"","height":""}],"author":"Cherif Benyounes","twitter_card":"summary_large_image","twitter_creator":"@KapitalisInfo","twitter_site":"@KapitalisInfo","twitter_misc":{"\u00c9crit par":"Cherif Benyounes","Dur\u00e9e de lecture estim\u00e9e":"1 minute"},"schema":{"@context":"https:\/\/schema.org","@graph":[{"@type":"Article","@id":"https:\/\/kapitalis.com\/tunisie\/2022\/02\/07\/tunisie-ali-ben-mansour-denonce-la-fermeture-du-siege-du-csm-suite-a-un-discours-nocturne\/#article","isPartOf":{"@id":"https:\/\/kapitalis.com\/tunisie\/2022\/02\/07\/tunisie-ali-ben-mansour-denonce-la-fermeture-du-siege-du-csm-suite-a-un-discours-nocturne\/"},"author":{"name":"Cherif Benyounes","@id":"https:\/\/kapitalis.com\/tunisie\/#\/schema\/person\/b35b8d631961131107263178aeb8019e"},"headline":"Tunisie : Ali Ben Mansour d\u00e9nonce la fermeture du si\u00e8ge du CSM suite \u00e0 \u00abun discours nocturne\u00bb","datePublished":"2022-02-07T11:46:44+00:00","dateModified":"2022-02-07T11:46:48+00:00","mainEntityOfPage":{"@id":"https:\/\/kapitalis.com\/tunisie\/2022\/02\/07\/tunisie-ali-ben-mansour-denonce-la-fermeture-du-siege-du-csm-suite-a-un-discours-nocturne\/"},"wordCount":244,"commentCount":0,"publisher":{"@id":"https:\/\/kapitalis.com\/tunisie\/#organization"},"image":{"@id":"https:\/\/kapitalis.com\/tunisie\/2022\/02\/07\/tunisie-ali-ben-mansour-denonce-la-fermeture-du-siege-du-csm-suite-a-un-discours-nocturne\/#primaryimage"},"thumbnailUrl":"http:\/\/kapitalis.com\/tunisie\/wp-content\/uploads\/2022\/02\/CSM-ferme.jpg","keywords":["Ali Ben Mansour","Brahim Bouderbala","CSM","Ka\u00efs Sa\u00efed"],"articleSection":["POLITIQUE","Tunisie"],"inLanguage":"fr-FR","potentialAction":[{"@type":"CommentAction","name":"Comment","target":["https:\/\/kapitalis.com\/tunisie\/2022\/02\/07\/tunisie-ali-ben-mansour-denonce-la-fermeture-du-siege-du-csm-suite-a-un-discours-nocturne\/#respond"]}]},{"@type":"WebPage","@id":"https:\/\/kapitalis.com\/tunisie\/2022\/02\/07\/tunisie-ali-ben-mansour-denonce-la-fermeture-du-siege-du-csm-suite-a-un-discours-nocturne\/","url":"https:\/\/kapitalis.com\/tunisie\/2022\/02\/07\/tunisie-ali-ben-mansour-denonce-la-fermeture-du-siege-du-csm-suite-a-un-discours-nocturne\/","name":"Tunisie : Ali Ben Mansour d\u00e9nonce la fermeture du si\u00e8ge du CSM suite \u00e0 \u00abun discours nocturne\u00bb - Kapitalis","isPartOf":{"@id":"https:\/\/kapitalis.com\/tunisie\/#website"},"primaryImageOfPage":{"@id":"https:\/\/kapitalis.com\/tunisie\/2022\/02\/07\/tunisie-ali-ben-mansour-denonce-la-fermeture-du-siege-du-csm-suite-a-un-discours-nocturne\/#primaryimage"},"image":{"@id":"https:\/\/kapitalis.com\/tunisie\/2022\/02\/07\/tunisie-ali-ben-mansour-denonce-la-fermeture-du-siege-du-csm-suite-a-un-discours-nocturne\/#primaryimage"},"thumbnailUrl":"http:\/\/kapitalis.com\/tunisie\/wp-content\/uploads\/2022\/02\/CSM-ferme.jpg","datePublished":"2022-02-07T11:46:44+00:00","dateModified":"2022-02-07T11:46:48+00:00","breadcrumb":{"@id":"https:\/\/kapitalis.com\/tunisie\/2022\/02\/07\/tunisie-ali-ben-mansour-denonce-la-fermeture-du-siege-du-csm-suite-a-un-discours-nocturne\/#breadcrumb"},"inLanguage":"fr-FR","potentialAction":[{"@type":"ReadAction","target":["https:\/\/kapitalis.com\/tunisie\/2022\/02\/07\/tunisie-ali-ben-mansour-denonce-la-fermeture-du-siege-du-csm-suite-a-un-discours-nocturne\/"]}]},{"@type":"ImageObject","inLanguage":"fr-FR","@id":"https:\/\/kapitalis.com\/tunisie\/2022\/02\/07\/tunisie-ali-ben-mansour-denonce-la-fermeture-du-siege-du-csm-suite-a-un-discours-nocturne\/#primaryimage","url":"","contentUrl":""},{"@type":"BreadcrumbList","@id":"https:\/\/kapitalis.com\/tunisie\/2022\/02\/07\/tunisie-ali-ben-mansour-denonce-la-fermeture-du-siege-du-csm-suite-a-un-discours-nocturne\/#breadcrumb","itemListElement":[{"@type":"ListItem","position":1,"name":"Accueil","item":"https:\/\/kapitalis.com\/tunisie\/"},{"@type":"ListItem","position":2,"name":"Tunisie : Ali Ben Mansour d\u00e9nonce la fermeture du si\u00e8ge du CSM suite \u00e0 \u00abun discours nocturne\u00bb"}]},{"@type":"WebSite","@id":"https:\/\/kapitalis.com\/tunisie\/#website","url":"https:\/\/kapitalis.com\/tunisie\/","name":"Kapitalis","description":"L&#039;actualit\u00e9 en Tunisie et dans le monde","publisher":{"@id":"https:\/\/kapitalis.com\/tunisie\/#organization"},"potentialAction":[{"@type":"SearchAction","target":{"@type":"EntryPoint","urlTemplate":"https:\/\/kapitalis.com\/tunisie\/?s={search_term_string}"},"query-input":{"@type":"PropertyValueSpecification","valueRequired":true,"valueName":"search_term_string"}}],"inLanguage":"fr-FR"},{"@type":"Organization","@id":"https:\/\/kapitalis.com\/tunisie\/#organization","name":"Kapitalis","url":"https:\/\/kapitalis.com\/tunisie\/","logo":{"@type":"ImageObject","inLanguage":"fr-FR","@id":"https:\/\/kapitalis.com\/tunisie\/#\/schema\/logo\/image\/","url":"https:\/\/kapitalis.com\/tunisie\/wp-content\/uploads\/2022\/05\/Kapitalis-big-size.png","contentUrl":"https:\/\/kapitalis.com\/tunisie\/wp-content\/uploads\/2022\/05\/Kapitalis-big-size.png","width":5000,"height":1500,"caption":"Kapitalis"},"image":{"@id":"https:\/\/kapitalis.com\/tunisie\/#\/schema\/logo\/image\/"},"sameAs":["https:\/\/www.facebook.com\/KapitalisInfo\/","https:\/\/x.com\/KapitalisInfo","https:\/\/www.youtube.com\/channel\/UC-yDYrHyfFBWWZaOw3FPg9Q"]},{"@type":"Person","@id":"https:\/\/kapitalis.com\/tunisie\/#\/schema\/person\/b35b8d631961131107263178aeb8019e","name":"Cherif Benyounes","url":"https:\/\/kapitalis.com\/tunisie\/author\/cherif\/"}]}},"_links":{"self":[{"href":"https:\/\/kapitalis.com\/tunisie\/wp-json\/wp\/v2\/posts\/379905","targetHints":{"allow":["GET"]}}],"collection":[{"href":"https:\/\/kapitalis.com\/tunisie\/wp-json\/wp\/v2\/posts"}],"about":[{"href":"https:\/\/kapitalis.com\/tunisie\/wp-json\/wp\/v2\/types\/post"}],"author":[{"embeddable":true,"href":"https:\/\/kapitalis.com\/tunisie\/wp-json\/wp\/v2\/users\/24"}],"replies":[{"embeddable":true,"href":"https:\/\/kapitalis.com\/tunisie\/wp-json\/wp\/v2\/comments?post=379905"}],"version-history":[{"count":0,"href":"https:\/\/kapitalis.com\/tunisie\/wp-json\/wp\/v2\/posts\/379905\/revisions"}],"wp:attachment":[{"href":"https:\/\/kapitalis.com\/tunisie\/wp-json\/wp\/v2\/media?parent=379905"}],"wp:term":[{"taxonomy":"category","embeddable":true,"href":"https:\/\/kapitalis.com\/tunisie\/wp-json\/wp\/v2\/categories?post=379905"},{"taxonomy":"post_tag","embeddable":true,"href":"https:\/\/kapitalis.com\/tunisie\/wp-json\/wp\/v2\/tags?post=379905"}],"curies":[{"name":"wp","href":"https:\/\/api.w.org\/{rel}","templated":true}]}}