{"id":379931,"date":"2022-02-07T16:27:08","date_gmt":"2022-02-07T15:27:08","guid":{"rendered":"http:\/\/kapitalis.com\/tunisie\/?p=379931"},"modified":"2022-02-07T16:29:45","modified_gmt":"2022-02-07T15:29:45","slug":"deces-de-lartiste-plasticien-taieb-belhaj-ahmed","status":"publish","type":"post","link":"https:\/\/kapitalis.com\/tunisie\/2022\/02\/07\/deces-de-lartiste-plasticien-taieb-belhaj-ahmed\/","title":{"rendered":"D\u00e9c\u00e8s de l&rsquo;artiste plasticien Taieb Belhaj Ahmed"},"content":{"rendered":"\n<div class=\"wp-block-image\"><figure class=\"aligncenter size-full\"><img decoding=\"async\" src=\"http:\/\/kapitalis.com\/tunisie\/wp-content\/uploads\/2022\/02\/Untitled-1-3.jpg\" alt=\"\" class=\"wp-image-379937\"\/><\/figure><\/div>\n\n\n\n<p class=\"has-text-align-left\"><strong><em>Le minist\u00e8re des Affaires culturelles vient d\u2019annoncer le d\u00e9c\u00e8s de l\u2019artiste plasticien Ta\u00efeb Belhaj Ahmed, ce matin, lundi 7 f\u00e9vrier 2022, \u00e0 l\u2019\u00e2ge de 73 ans.<\/em><\/strong><\/p>\n\n\n\n<!--more-->\n\n\n\n<p>Peintre, sculpteur et collectionneur, Taieb Belhaj Ahmed s\u2019est \u00e9teint aujourd\u2019hui \u00e0 l\u2019\u00e2ge de 73 ans. L\u2019artiste \u00e9tait notamment connu pour avoir fond\u00e9 l\u2019espace \u00ab&nbsp;Dar Aam Taieb&nbsp;\u00bb \u00e0 Sousse en 2005 o\u00f9 l\u2019on peut d\u00e9couvrir une collection in\u00e9dite d\u2019objets et d\u2019\u0153uvres d\u2019art.<\/p>\n\n\n\n<p>Ta\u00efeb Belhaj Ahmed \u00e9tait autodidacte, il s\u2019\u00e9tait passionn\u00e9 autant pour l\u2019art contemporain, que pour la peinture, la sculpture et la gravure sur la pierre, sur le marbre, sur le bois et sur le fer.<\/p>\n\n\n\n<p>Le minist\u00e8re des Affaires culturelles a d\u00e9plor\u00e9 le d\u00e9c\u00e8s de l\u2019artiste et a pr\u00e9sent\u00e9 ses condol\u00e9ances \u00e0 la famille et aux proches du d\u00e9funt, ainsi qu\u2019\u00e0 toute la famille artistique tunisienne.<\/p>\n\n\n\n<p class=\"has-text-align-right\"><strong>F.B<\/strong><\/p>\n","protected":false},"excerpt":{"rendered":"<p>Le minist\u00e8re des Affaires culturelles vient d\u2019annoncer le d\u00e9c\u00e8s de l\u2019artiste plasticien Ta\u00efeb Belhaj Ahmed, ce matin, lundi 7 f\u00e9vrier 2022, \u00e0 l\u2019\u00e2ge de 73 ans.<\/p>\n","protected":false},"author":26,"featured_media":379937,"comment_status":"open","ping_status":"open","sticky":false,"template":"","format":"standard","meta":{"footnotes":""},"categories":[994,2433],"tags":[22033,64263,97116,62643],"class_list":["post-379931","post","type-post","status-publish","format-standard","has-post-thumbnail","hentry","category-culture","category-tunisie","tag-arts-plastiques","tag-deces","tag-taieb-belhaj-ahmed","tag-tunisie"],"yoast_head":"<!-- This site is optimized with the Yoast SEO plugin v26.6 - https:\/\/yoast.com\/wordpress\/plugins\/seo\/ -->\n<title>D\u00e9c\u00e8s de l&#039;artiste plasticien Taieb Belhaj Ahmed - Kapitalis<\/title>\n<meta name=\"robots\" content=\"index, follow, max-snippet:-1, max-image-preview:large, max-video-preview:-1\" \/>\n<link rel=\"canonical\" href=\"https:\/\/kapitalis.com\/tunisie\/2022\/02\/07\/deces-de-lartiste-plasticien-taieb-belhaj-ahmed\/\" \/>\n<meta property=\"og:locale\" content=\"fr_FR\" \/>\n<meta property=\"og:type\" content=\"article\" \/>\n<meta property=\"og:title\" content=\"D\u00e9c\u00e8s de l&#039;artiste plasticien Taieb Belhaj Ahmed - Kapitalis\" \/>\n<meta property=\"og:description\" content=\"Le minist\u00e8re des Affaires culturelles vient d\u2019annoncer le d\u00e9c\u00e8s de l\u2019artiste plasticien Ta\u00efeb Belhaj Ahmed, ce matin, lundi 7 f\u00e9vrier 2022, \u00e0 l\u2019\u00e2ge de 73 ans.\" \/>\n<meta property=\"og:url\" content=\"https:\/\/kapitalis.com\/tunisie\/2022\/02\/07\/deces-de-lartiste-plasticien-taieb-belhaj-ahmed\/\" \/>\n<meta property=\"og:site_name\" content=\"Kapitalis\" \/>\n<meta property=\"article:publisher\" content=\"https:\/\/www.facebook.com\/KapitalisInfo\/\" \/>\n<meta property=\"article:published_time\" content=\"2022-02-07T15:27:08+00:00\" \/>\n<meta property=\"article:modified_time\" content=\"2022-02-07T15:29:45+00:00\" \/>\n<meta property=\"og:image\" content=\"https:\/\/kapitalis.com\/tunisie\/wp-content\/uploads\/2022\/05\/kapitalis-logo-fb.png\" \/>\n\t<meta property=\"og:image:width\" content=\"1200\" \/>\n\t<meta property=\"og:image:height\" content=\"630\" \/>\n\t<meta property=\"og:image:type\" content=\"image\/png\" \/>\n<meta name=\"author\" content=\"Fawz BenAli\" \/>\n<meta name=\"twitter:card\" content=\"summary_large_image\" \/>\n<meta name=\"twitter:creator\" content=\"@KapitalisInfo\" \/>\n<meta name=\"twitter:site\" content=\"@KapitalisInfo\" \/>\n<meta name=\"twitter:label1\" content=\"\u00c9crit par\" \/>\n\t<meta name=\"twitter:data1\" content=\"Fawz BenAli\" \/>\n\t<meta name=\"twitter:label2\" content=\"Dur\u00e9e de lecture estim\u00e9e\" \/>\n\t<meta name=\"twitter:data2\" content=\"1 minute\" \/>\n<script type=\"application\/ld+json\" class=\"yoast-schema-graph\">{\"@context\":\"https:\/\/schema.org\",\"@graph\":[{\"@type\":\"Article\",\"@id\":\"https:\/\/kapitalis.com\/tunisie\/2022\/02\/07\/deces-de-lartiste-plasticien-taieb-belhaj-ahmed\/#article\",\"isPartOf\":{\"@id\":\"https:\/\/kapitalis.com\/tunisie\/2022\/02\/07\/deces-de-lartiste-plasticien-taieb-belhaj-ahmed\/\"},\"author\":{\"name\":\"Fawz BenAli\",\"@id\":\"https:\/\/kapitalis.com\/tunisie\/#\/schema\/person\/73a5ecc1f6ae540c6ed91342eadca948\"},\"headline\":\"D\u00e9c\u00e8s de l&rsquo;artiste plasticien Taieb Belhaj Ahmed\",\"datePublished\":\"2022-02-07T15:27:08+00:00\",\"dateModified\":\"2022-02-07T15:29:45+00:00\",\"mainEntityOfPage\":{\"@id\":\"https:\/\/kapitalis.com\/tunisie\/2022\/02\/07\/deces-de-lartiste-plasticien-taieb-belhaj-ahmed\/\"},\"wordCount\":166,\"commentCount\":0,\"publisher\":{\"@id\":\"https:\/\/kapitalis.com\/tunisie\/#organization\"},\"image\":{\"@id\":\"https:\/\/kapitalis.com\/tunisie\/2022\/02\/07\/deces-de-lartiste-plasticien-taieb-belhaj-ahmed\/#primaryimage\"},\"thumbnailUrl\":\"\",\"keywords\":[\"arts plastiques\",\"d\u00e9c\u00e8s\",\"Taieb Belhaj Ahmed\",\"Tunisie\"],\"articleSection\":[\"CULTURE\",\"Tunisie\"],\"inLanguage\":\"fr-FR\",\"potentialAction\":[{\"@type\":\"CommentAction\",\"name\":\"Comment\",\"target\":[\"https:\/\/kapitalis.com\/tunisie\/2022\/02\/07\/deces-de-lartiste-plasticien-taieb-belhaj-ahmed\/#respond\"]}]},{\"@type\":\"WebPage\",\"@id\":\"https:\/\/kapitalis.com\/tunisie\/2022\/02\/07\/deces-de-lartiste-plasticien-taieb-belhaj-ahmed\/\",\"url\":\"https:\/\/kapitalis.com\/tunisie\/2022\/02\/07\/deces-de-lartiste-plasticien-taieb-belhaj-ahmed\/\",\"name\":\"D\u00e9c\u00e8s de l'artiste plasticien Taieb Belhaj Ahmed - Kapitalis\",\"isPartOf\":{\"@id\":\"https:\/\/kapitalis.com\/tunisie\/#website\"},\"primaryImageOfPage\":{\"@id\":\"https:\/\/kapitalis.com\/tunisie\/2022\/02\/07\/deces-de-lartiste-plasticien-taieb-belhaj-ahmed\/#primaryimage\"},\"image\":{\"@id\":\"https:\/\/kapitalis.com\/tunisie\/2022\/02\/07\/deces-de-lartiste-plasticien-taieb-belhaj-ahmed\/#primaryimage\"},\"thumbnailUrl\":\"\",\"datePublished\":\"2022-02-07T15:27:08+00:00\",\"dateModified\":\"2022-02-07T15:29:45+00:00\",\"breadcrumb\":{\"@id\":\"https:\/\/kapitalis.com\/tunisie\/2022\/02\/07\/deces-de-lartiste-plasticien-taieb-belhaj-ahmed\/#breadcrumb\"},\"inLanguage\":\"fr-FR\",\"potentialAction\":[{\"@type\":\"ReadAction\",\"target\":[\"https:\/\/kapitalis.com\/tunisie\/2022\/02\/07\/deces-de-lartiste-plasticien-taieb-belhaj-ahmed\/\"]}]},{\"@type\":\"ImageObject\",\"inLanguage\":\"fr-FR\",\"@id\":\"https:\/\/kapitalis.com\/tunisie\/2022\/02\/07\/deces-de-lartiste-plasticien-taieb-belhaj-ahmed\/#primaryimage\",\"url\":\"\",\"contentUrl\":\"\"},{\"@type\":\"BreadcrumbList\",\"@id\":\"https:\/\/kapitalis.com\/tunisie\/2022\/02\/07\/deces-de-lartiste-plasticien-taieb-belhaj-ahmed\/#breadcrumb\",\"itemListElement\":[{\"@type\":\"ListItem\",\"position\":1,\"name\":\"Accueil\",\"item\":\"https:\/\/kapitalis.com\/tunisie\/\"},{\"@type\":\"ListItem\",\"position\":2,\"name\":\"D\u00e9c\u00e8s de l&rsquo;artiste plasticien Taieb Belhaj Ahmed\"}]},{\"@type\":\"WebSite\",\"@id\":\"https:\/\/kapitalis.com\/tunisie\/#website\",\"url\":\"https:\/\/kapitalis.com\/tunisie\/\",\"name\":\"Kapitalis\",\"description\":\"L&#039;actualit\u00e9 en Tunisie et dans le monde\",\"publisher\":{\"@id\":\"https:\/\/kapitalis.com\/tunisie\/#organization\"},\"potentialAction\":[{\"@type\":\"SearchAction\",\"target\":{\"@type\":\"EntryPoint\",\"urlTemplate\":\"https:\/\/kapitalis.com\/tunisie\/?s={search_term_string}\"},\"query-input\":{\"@type\":\"PropertyValueSpecification\",\"valueRequired\":true,\"valueName\":\"search_term_string\"}}],\"inLanguage\":\"fr-FR\"},{\"@type\":\"Organization\",\"@id\":\"https:\/\/kapitalis.com\/tunisie\/#organization\",\"name\":\"Kapitalis\",\"url\":\"https:\/\/kapitalis.com\/tunisie\/\",\"logo\":{\"@type\":\"ImageObject\",\"inLanguage\":\"fr-FR\",\"@id\":\"https:\/\/kapitalis.com\/tunisie\/#\/schema\/logo\/image\/\",\"url\":\"https:\/\/kapitalis.com\/tunisie\/wp-content\/uploads\/2022\/05\/Kapitalis-big-size.png\",\"contentUrl\":\"https:\/\/kapitalis.com\/tunisie\/wp-content\/uploads\/2022\/05\/Kapitalis-big-size.png\",\"width\":5000,\"height\":1500,\"caption\":\"Kapitalis\"},\"image\":{\"@id\":\"https:\/\/kapitalis.com\/tunisie\/#\/schema\/logo\/image\/\"},\"sameAs\":[\"https:\/\/www.facebook.com\/KapitalisInfo\/\",\"https:\/\/x.com\/KapitalisInfo\",\"https:\/\/www.youtube.com\/channel\/UC-yDYrHyfFBWWZaOw3FPg9Q\"]},{\"@type\":\"Person\",\"@id\":\"https:\/\/kapitalis.com\/tunisie\/#\/schema\/person\/73a5ecc1f6ae540c6ed91342eadca948\",\"name\":\"Fawz BenAli\",\"url\":\"https:\/\/kapitalis.com\/tunisie\/author\/fawz\/\"}]}<\/script>\n<!-- \/ Yoast SEO plugin. -->","yoast_head_json":{"title":"D\u00e9c\u00e8s de l'artiste plasticien Taieb Belhaj Ahmed - Kapitalis","robots":{"index":"index","follow":"follow","max-snippet":"max-snippet:-1","max-image-preview":"max-image-preview:large","max-video-preview":"max-video-preview:-1"},"canonical":"https:\/\/kapitalis.com\/tunisie\/2022\/02\/07\/deces-de-lartiste-plasticien-taieb-belhaj-ahmed\/","og_locale":"fr_FR","og_type":"article","og_title":"D\u00e9c\u00e8s de l'artiste plasticien Taieb Belhaj Ahmed - Kapitalis","og_description":"Le minist\u00e8re des Affaires culturelles vient d\u2019annoncer le d\u00e9c\u00e8s de l\u2019artiste plasticien Ta\u00efeb Belhaj Ahmed, ce matin, lundi 7 f\u00e9vrier 2022, \u00e0 l\u2019\u00e2ge de 73 ans.","og_url":"https:\/\/kapitalis.com\/tunisie\/2022\/02\/07\/deces-de-lartiste-plasticien-taieb-belhaj-ahmed\/","og_site_name":"Kapitalis","article_publisher":"https:\/\/www.facebook.com\/KapitalisInfo\/","article_published_time":"2022-02-07T15:27:08+00:00","article_modified_time":"2022-02-07T15:29:45+00:00","og_image":[{"width":1200,"height":630,"url":"https:\/\/kapitalis.com\/tunisie\/wp-content\/uploads\/2022\/05\/kapitalis-logo-fb.png","type":"image\/png"}],"author":"Fawz BenAli","twitter_card":"summary_large_image","twitter_creator":"@KapitalisInfo","twitter_site":"@KapitalisInfo","twitter_misc":{"\u00c9crit par":"Fawz BenAli","Dur\u00e9e de lecture estim\u00e9e":"1 minute"},"schema":{"@context":"https:\/\/schema.org","@graph":[{"@type":"Article","@id":"https:\/\/kapitalis.com\/tunisie\/2022\/02\/07\/deces-de-lartiste-plasticien-taieb-belhaj-ahmed\/#article","isPartOf":{"@id":"https:\/\/kapitalis.com\/tunisie\/2022\/02\/07\/deces-de-lartiste-plasticien-taieb-belhaj-ahmed\/"},"author":{"name":"Fawz BenAli","@id":"https:\/\/kapitalis.com\/tunisie\/#\/schema\/person\/73a5ecc1f6ae540c6ed91342eadca948"},"headline":"D\u00e9c\u00e8s de l&rsquo;artiste plasticien Taieb Belhaj Ahmed","datePublished":"2022-02-07T15:27:08+00:00","dateModified":"2022-02-07T15:29:45+00:00","mainEntityOfPage":{"@id":"https:\/\/kapitalis.com\/tunisie\/2022\/02\/07\/deces-de-lartiste-plasticien-taieb-belhaj-ahmed\/"},"wordCount":166,"commentCount":0,"publisher":{"@id":"https:\/\/kapitalis.com\/tunisie\/#organization"},"image":{"@id":"https:\/\/kapitalis.com\/tunisie\/2022\/02\/07\/deces-de-lartiste-plasticien-taieb-belhaj-ahmed\/#primaryimage"},"thumbnailUrl":"","keywords":["arts plastiques","d\u00e9c\u00e8s","Taieb Belhaj Ahmed","Tunisie"],"articleSection":["CULTURE","Tunisie"],"inLanguage":"fr-FR","potentialAction":[{"@type":"CommentAction","name":"Comment","target":["https:\/\/kapitalis.com\/tunisie\/2022\/02\/07\/deces-de-lartiste-plasticien-taieb-belhaj-ahmed\/#respond"]}]},{"@type":"WebPage","@id":"https:\/\/kapitalis.com\/tunisie\/2022\/02\/07\/deces-de-lartiste-plasticien-taieb-belhaj-ahmed\/","url":"https:\/\/kapitalis.com\/tunisie\/2022\/02\/07\/deces-de-lartiste-plasticien-taieb-belhaj-ahmed\/","name":"D\u00e9c\u00e8s de l'artiste plasticien Taieb Belhaj Ahmed - Kapitalis","isPartOf":{"@id":"https:\/\/kapitalis.com\/tunisie\/#website"},"primaryImageOfPage":{"@id":"https:\/\/kapitalis.com\/tunisie\/2022\/02\/07\/deces-de-lartiste-plasticien-taieb-belhaj-ahmed\/#primaryimage"},"image":{"@id":"https:\/\/kapitalis.com\/tunisie\/2022\/02\/07\/deces-de-lartiste-plasticien-taieb-belhaj-ahmed\/#primaryimage"},"thumbnailUrl":"","datePublished":"2022-02-07T15:27:08+00:00","dateModified":"2022-02-07T15:29:45+00:00","breadcrumb":{"@id":"https:\/\/kapitalis.com\/tunisie\/2022\/02\/07\/deces-de-lartiste-plasticien-taieb-belhaj-ahmed\/#breadcrumb"},"inLanguage":"fr-FR","potentialAction":[{"@type":"ReadAction","target":["https:\/\/kapitalis.com\/tunisie\/2022\/02\/07\/deces-de-lartiste-plasticien-taieb-belhaj-ahmed\/"]}]},{"@type":"ImageObject","inLanguage":"fr-FR","@id":"https:\/\/kapitalis.com\/tunisie\/2022\/02\/07\/deces-de-lartiste-plasticien-taieb-belhaj-ahmed\/#primaryimage","url":"","contentUrl":""},{"@type":"BreadcrumbList","@id":"https:\/\/kapitalis.com\/tunisie\/2022\/02\/07\/deces-de-lartiste-plasticien-taieb-belhaj-ahmed\/#breadcrumb","itemListElement":[{"@type":"ListItem","position":1,"name":"Accueil","item":"https:\/\/kapitalis.com\/tunisie\/"},{"@type":"ListItem","position":2,"name":"D\u00e9c\u00e8s de l&rsquo;artiste plasticien Taieb Belhaj Ahmed"}]},{"@type":"WebSite","@id":"https:\/\/kapitalis.com\/tunisie\/#website","url":"https:\/\/kapitalis.com\/tunisie\/","name":"Kapitalis","description":"L&#039;actualit\u00e9 en Tunisie et dans le monde","publisher":{"@id":"https:\/\/kapitalis.com\/tunisie\/#organization"},"potentialAction":[{"@type":"SearchAction","target":{"@type":"EntryPoint","urlTemplate":"https:\/\/kapitalis.com\/tunisie\/?s={search_term_string}"},"query-input":{"@type":"PropertyValueSpecification","valueRequired":true,"valueName":"search_term_string"}}],"inLanguage":"fr-FR"},{"@type":"Organization","@id":"https:\/\/kapitalis.com\/tunisie\/#organization","name":"Kapitalis","url":"https:\/\/kapitalis.com\/tunisie\/","logo":{"@type":"ImageObject","inLanguage":"fr-FR","@id":"https:\/\/kapitalis.com\/tunisie\/#\/schema\/logo\/image\/","url":"https:\/\/kapitalis.com\/tunisie\/wp-content\/uploads\/2022\/05\/Kapitalis-big-size.png","contentUrl":"https:\/\/kapitalis.com\/tunisie\/wp-content\/uploads\/2022\/05\/Kapitalis-big-size.png","width":5000,"height":1500,"caption":"Kapitalis"},"image":{"@id":"https:\/\/kapitalis.com\/tunisie\/#\/schema\/logo\/image\/"},"sameAs":["https:\/\/www.facebook.com\/KapitalisInfo\/","https:\/\/x.com\/KapitalisInfo","https:\/\/www.youtube.com\/channel\/UC-yDYrHyfFBWWZaOw3FPg9Q"]},{"@type":"Person","@id":"https:\/\/kapitalis.com\/tunisie\/#\/schema\/person\/73a5ecc1f6ae540c6ed91342eadca948","name":"Fawz BenAli","url":"https:\/\/kapitalis.com\/tunisie\/author\/fawz\/"}]}},"_links":{"self":[{"href":"https:\/\/kapitalis.com\/tunisie\/wp-json\/wp\/v2\/posts\/379931","targetHints":{"allow":["GET"]}}],"collection":[{"href":"https:\/\/kapitalis.com\/tunisie\/wp-json\/wp\/v2\/posts"}],"about":[{"href":"https:\/\/kapitalis.com\/tunisie\/wp-json\/wp\/v2\/types\/post"}],"author":[{"embeddable":true,"href":"https:\/\/kapitalis.com\/tunisie\/wp-json\/wp\/v2\/users\/26"}],"replies":[{"embeddable":true,"href":"https:\/\/kapitalis.com\/tunisie\/wp-json\/wp\/v2\/comments?post=379931"}],"version-history":[{"count":0,"href":"https:\/\/kapitalis.com\/tunisie\/wp-json\/wp\/v2\/posts\/379931\/revisions"}],"wp:featuredmedia":[{"embeddable":true,"href":"https:\/\/kapitalis.com\/tunisie\/wp-json\/wp\/v2\/media\/379937"}],"wp:attachment":[{"href":"https:\/\/kapitalis.com\/tunisie\/wp-json\/wp\/v2\/media?parent=379931"}],"wp:term":[{"taxonomy":"category","embeddable":true,"href":"https:\/\/kapitalis.com\/tunisie\/wp-json\/wp\/v2\/categories?post=379931"},{"taxonomy":"post_tag","embeddable":true,"href":"https:\/\/kapitalis.com\/tunisie\/wp-json\/wp\/v2\/tags?post=379931"}],"curies":[{"name":"wp","href":"https:\/\/api.w.org\/{rel}","templated":true}]}}