{"id":380014,"date":"2022-02-08T09:49:54","date_gmt":"2022-02-08T08:49:54","guid":{"rendered":"http:\/\/kapitalis.com\/tunisie\/?p=380014"},"modified":"2022-02-08T09:51:32","modified_gmt":"2022-02-08T08:51:32","slug":"brahim-bouderbala-nous-revendiquons-un-changement-de-la-composition-du-csm","status":"publish","type":"post","link":"https:\/\/kapitalis.com\/tunisie\/2022\/02\/08\/brahim-bouderbala-nous-revendiquons-un-changement-de-la-composition-du-csm\/","title":{"rendered":"Brahim Bouderbala : \u00abNous revendiquons un changement de la composition du CSM\u00bb"},"content":{"rendered":"\n<div class=\"wp-block-image\"><figure class=\"aligncenter size-full\"><img decoding=\"async\" src=\"http:\/\/kapitalis.com\/tunisie\/wp-content\/uploads\/2022\/01\/brahim-bouderbala.jpg\" alt=\"\" class=\"wp-image-375915\"\/><\/figure><\/div>\n\n\n\n<p><strong><em>Le pr\u00e9sident de l\u2019Ordre national des avocats de Tunisie (Onat), Brahim\u00a0Bouderbala, encha\u00eene les d\u00e9clarations m\u00e9diatiques en ce d\u00e9but de semaine, pour commenter la fermeture du si\u00e8ge du Conseil sup\u00e9rieur de la magistrature (CSM). Apr\u00e8s avoir exprim\u00e9 son soutien envers le pr\u00e9sident de la r\u00e9publique, Ka\u00efs Sa\u00efed, il a indiqu\u00e9, ce mardi 8 f\u00e9vrier 2022, que l&rsquo;Onat revendique un changement de la composition du CSM, et pas sa suppression.<\/em><\/strong><\/p>\n\n\n\n<!--more-->\n\n\n\n<p>Intervenu sur Shems FM, l&rsquo;avocat a expliqu\u00e9 qu&rsquo;autour de la composition actuelle du Conseil sup\u00e9rieur de la magistrature, il existe des tiraillements, du moins entre l&rsquo;Association des magistrats tunisiens (AMT) et le Syndicat des magistrats tunisiens\u00a0(SMT).<\/p>\n\n\n\n<p>Brahim Bouderbala a, dans le m\u00eame ordre d&rsquo;id\u00e9es, soulign\u00e9 que son organisation demande le choix de personnes qui se pr\u00e9occupent de prot\u00e9ger l&rsquo;institution judiciaire et qui prennent les bonnes d\u00e9cisions aux bons moments, sans se soucier des \u00e9lections et des int\u00e9r\u00eats \u00e9troits, assurant qu&rsquo;actuellement, il existe des influences et des pouvoirs partisans au sein du CSM.<\/p>\n\n\n\n<p>Le b\u00e2tonnier des avocats a, par ailleurs, continu\u00e9 \u00e0 d\u00e9fendre Ka\u00efs Sa\u00efed, en s&rsquo;attaquant \u00e0 ses opposants, notamment, en les accusant de vouloir le diaboliser.<\/p>\n\n\n\n<p>Concernant la plainte d\u00e9pos\u00e9e par Mohamed Abbou contre le chef de l&rsquo;Etat, suite \u00e0 la fermeture du si\u00e8ge du CSM, Bouderbala a estim\u00e9 que cet acte a \u00e9t\u00e9 simplement motiv\u00e9 par les ambitions politiques du fondateur du Courant d\u00e9mocrate.<\/p>\n\n\n\n<p class=\"has-text-align-right\"><strong>C. B. Y.<\/strong><\/p>\n","protected":false},"excerpt":{"rendered":"<p>Le pr\u00e9sident de l\u2019Ordre national des avocats de Tunisie (Onat), Brahim\u00a0Bouderbala, encha\u00eene les d\u00e9clarations m\u00e9diatiques en ce d\u00e9but de semaine, pour commenter la fermeture du si\u00e8ge du Conseil sup\u00e9rieur de la magistrature (CSM). Apr\u00e8s avoir exprim\u00e9 son soutien envers le pr\u00e9sident de la r\u00e9publique, Ka\u00efs Sa\u00efed, il a indiqu\u00e9, ce mardi 8 f\u00e9vrier 2022, que&#8230;<\/p>\n","protected":false},"author":24,"featured_media":0,"comment_status":"open","ping_status":"open","sticky":false,"template":"","format":"standard","meta":{"footnotes":""},"categories":[997,2433],"tags":[71,81457,76012,9201,97133],"class_list":["post-380014","post","type-post","status-publish","format-standard","hentry","category-politique","category-tunisie","tag-amt","tag-brahim-bouderbala","tag-kais-saied-2","tag-onat","tag-stm"],"yoast_head":"<!-- This site is optimized with the Yoast SEO plugin v26.6 - https:\/\/yoast.com\/wordpress\/plugins\/seo\/ -->\n<title>Brahim Bouderbala : \u00abNous revendiquons un changement de la composition du CSM\u00bb - Kapitalis<\/title>\n<meta name=\"robots\" content=\"index, follow, max-snippet:-1, max-image-preview:large, max-video-preview:-1\" \/>\n<link rel=\"canonical\" href=\"https:\/\/kapitalis.com\/tunisie\/2022\/02\/08\/brahim-bouderbala-nous-revendiquons-un-changement-de-la-composition-du-csm\/\" \/>\n<meta property=\"og:locale\" content=\"fr_FR\" \/>\n<meta property=\"og:type\" content=\"article\" \/>\n<meta property=\"og:title\" content=\"Brahim Bouderbala : \u00abNous revendiquons un changement de la composition du CSM\u00bb - Kapitalis\" \/>\n<meta property=\"og:description\" content=\"Le pr\u00e9sident de l\u2019Ordre national des avocats de Tunisie (Onat), Brahim\u00a0Bouderbala, encha\u00eene les d\u00e9clarations m\u00e9diatiques en ce d\u00e9but de semaine, pour commenter la fermeture du si\u00e8ge du Conseil sup\u00e9rieur de la magistrature (CSM). Apr\u00e8s avoir exprim\u00e9 son soutien envers le pr\u00e9sident de la r\u00e9publique, Ka\u00efs Sa\u00efed, il a indiqu\u00e9, ce mardi 8 f\u00e9vrier 2022, que...\" \/>\n<meta property=\"og:url\" content=\"https:\/\/kapitalis.com\/tunisie\/2022\/02\/08\/brahim-bouderbala-nous-revendiquons-un-changement-de-la-composition-du-csm\/\" \/>\n<meta property=\"og:site_name\" content=\"Kapitalis\" \/>\n<meta property=\"article:publisher\" content=\"https:\/\/www.facebook.com\/KapitalisInfo\/\" \/>\n<meta property=\"article:published_time\" content=\"2022-02-08T08:49:54+00:00\" \/>\n<meta property=\"article:modified_time\" content=\"2022-02-08T08:51:32+00:00\" \/>\n<meta property=\"og:image\" content=\"http:\/\/kapitalis.com\/tunisie\/wp-content\/uploads\/2022\/01\/brahim-bouderbala.jpg\" \/>\n<meta name=\"author\" content=\"Cherif Benyounes\" \/>\n<meta name=\"twitter:card\" content=\"summary_large_image\" \/>\n<meta name=\"twitter:creator\" content=\"@KapitalisInfo\" \/>\n<meta name=\"twitter:site\" content=\"@KapitalisInfo\" \/>\n<meta name=\"twitter:label1\" content=\"\u00c9crit par\" \/>\n\t<meta name=\"twitter:data1\" content=\"Cherif Benyounes\" \/>\n\t<meta name=\"twitter:label2\" content=\"Dur\u00e9e de lecture estim\u00e9e\" \/>\n\t<meta name=\"twitter:data2\" content=\"1 minute\" \/>\n<script type=\"application\/ld+json\" class=\"yoast-schema-graph\">{\"@context\":\"https:\/\/schema.org\",\"@graph\":[{\"@type\":\"Article\",\"@id\":\"https:\/\/kapitalis.com\/tunisie\/2022\/02\/08\/brahim-bouderbala-nous-revendiquons-un-changement-de-la-composition-du-csm\/#article\",\"isPartOf\":{\"@id\":\"https:\/\/kapitalis.com\/tunisie\/2022\/02\/08\/brahim-bouderbala-nous-revendiquons-un-changement-de-la-composition-du-csm\/\"},\"author\":{\"name\":\"Cherif Benyounes\",\"@id\":\"https:\/\/kapitalis.com\/tunisie\/#\/schema\/person\/b35b8d631961131107263178aeb8019e\"},\"headline\":\"Brahim Bouderbala : \u00abNous revendiquons un changement de la composition du CSM\u00bb\",\"datePublished\":\"2022-02-08T08:49:54+00:00\",\"dateModified\":\"2022-02-08T08:51:32+00:00\",\"mainEntityOfPage\":{\"@id\":\"https:\/\/kapitalis.com\/tunisie\/2022\/02\/08\/brahim-bouderbala-nous-revendiquons-un-changement-de-la-composition-du-csm\/\"},\"wordCount\":265,\"commentCount\":1,\"publisher\":{\"@id\":\"https:\/\/kapitalis.com\/tunisie\/#organization\"},\"image\":{\"@id\":\"https:\/\/kapitalis.com\/tunisie\/2022\/02\/08\/brahim-bouderbala-nous-revendiquons-un-changement-de-la-composition-du-csm\/#primaryimage\"},\"thumbnailUrl\":\"http:\/\/kapitalis.com\/tunisie\/wp-content\/uploads\/2022\/01\/brahim-bouderbala.jpg\",\"keywords\":[\"AMT\",\"Brahim Bouderbala\",\"Ka\u00efs Sa\u00efed\",\"Onat\",\"STM\"],\"articleSection\":[\"POLITIQUE\",\"Tunisie\"],\"inLanguage\":\"fr-FR\",\"potentialAction\":[{\"@type\":\"CommentAction\",\"name\":\"Comment\",\"target\":[\"https:\/\/kapitalis.com\/tunisie\/2022\/02\/08\/brahim-bouderbala-nous-revendiquons-un-changement-de-la-composition-du-csm\/#respond\"]}]},{\"@type\":\"WebPage\",\"@id\":\"https:\/\/kapitalis.com\/tunisie\/2022\/02\/08\/brahim-bouderbala-nous-revendiquons-un-changement-de-la-composition-du-csm\/\",\"url\":\"https:\/\/kapitalis.com\/tunisie\/2022\/02\/08\/brahim-bouderbala-nous-revendiquons-un-changement-de-la-composition-du-csm\/\",\"name\":\"Brahim Bouderbala : \u00abNous revendiquons un changement de la composition du CSM\u00bb - Kapitalis\",\"isPartOf\":{\"@id\":\"https:\/\/kapitalis.com\/tunisie\/#website\"},\"primaryImageOfPage\":{\"@id\":\"https:\/\/kapitalis.com\/tunisie\/2022\/02\/08\/brahim-bouderbala-nous-revendiquons-un-changement-de-la-composition-du-csm\/#primaryimage\"},\"image\":{\"@id\":\"https:\/\/kapitalis.com\/tunisie\/2022\/02\/08\/brahim-bouderbala-nous-revendiquons-un-changement-de-la-composition-du-csm\/#primaryimage\"},\"thumbnailUrl\":\"http:\/\/kapitalis.com\/tunisie\/wp-content\/uploads\/2022\/01\/brahim-bouderbala.jpg\",\"datePublished\":\"2022-02-08T08:49:54+00:00\",\"dateModified\":\"2022-02-08T08:51:32+00:00\",\"breadcrumb\":{\"@id\":\"https:\/\/kapitalis.com\/tunisie\/2022\/02\/08\/brahim-bouderbala-nous-revendiquons-un-changement-de-la-composition-du-csm\/#breadcrumb\"},\"inLanguage\":\"fr-FR\",\"potentialAction\":[{\"@type\":\"ReadAction\",\"target\":[\"https:\/\/kapitalis.com\/tunisie\/2022\/02\/08\/brahim-bouderbala-nous-revendiquons-un-changement-de-la-composition-du-csm\/\"]}]},{\"@type\":\"ImageObject\",\"inLanguage\":\"fr-FR\",\"@id\":\"https:\/\/kapitalis.com\/tunisie\/2022\/02\/08\/brahim-bouderbala-nous-revendiquons-un-changement-de-la-composition-du-csm\/#primaryimage\",\"url\":\"\",\"contentUrl\":\"\"},{\"@type\":\"BreadcrumbList\",\"@id\":\"https:\/\/kapitalis.com\/tunisie\/2022\/02\/08\/brahim-bouderbala-nous-revendiquons-un-changement-de-la-composition-du-csm\/#breadcrumb\",\"itemListElement\":[{\"@type\":\"ListItem\",\"position\":1,\"name\":\"Accueil\",\"item\":\"https:\/\/kapitalis.com\/tunisie\/\"},{\"@type\":\"ListItem\",\"position\":2,\"name\":\"Brahim Bouderbala : \u00abNous revendiquons un changement de la composition du CSM\u00bb\"}]},{\"@type\":\"WebSite\",\"@id\":\"https:\/\/kapitalis.com\/tunisie\/#website\",\"url\":\"https:\/\/kapitalis.com\/tunisie\/\",\"name\":\"Kapitalis\",\"description\":\"L&#039;actualit\u00e9 en Tunisie et dans le monde\",\"publisher\":{\"@id\":\"https:\/\/kapitalis.com\/tunisie\/#organization\"},\"potentialAction\":[{\"@type\":\"SearchAction\",\"target\":{\"@type\":\"EntryPoint\",\"urlTemplate\":\"https:\/\/kapitalis.com\/tunisie\/?s={search_term_string}\"},\"query-input\":{\"@type\":\"PropertyValueSpecification\",\"valueRequired\":true,\"valueName\":\"search_term_string\"}}],\"inLanguage\":\"fr-FR\"},{\"@type\":\"Organization\",\"@id\":\"https:\/\/kapitalis.com\/tunisie\/#organization\",\"name\":\"Kapitalis\",\"url\":\"https:\/\/kapitalis.com\/tunisie\/\",\"logo\":{\"@type\":\"ImageObject\",\"inLanguage\":\"fr-FR\",\"@id\":\"https:\/\/kapitalis.com\/tunisie\/#\/schema\/logo\/image\/\",\"url\":\"https:\/\/kapitalis.com\/tunisie\/wp-content\/uploads\/2022\/05\/Kapitalis-big-size.png\",\"contentUrl\":\"https:\/\/kapitalis.com\/tunisie\/wp-content\/uploads\/2022\/05\/Kapitalis-big-size.png\",\"width\":5000,\"height\":1500,\"caption\":\"Kapitalis\"},\"image\":{\"@id\":\"https:\/\/kapitalis.com\/tunisie\/#\/schema\/logo\/image\/\"},\"sameAs\":[\"https:\/\/www.facebook.com\/KapitalisInfo\/\",\"https:\/\/x.com\/KapitalisInfo\",\"https:\/\/www.youtube.com\/channel\/UC-yDYrHyfFBWWZaOw3FPg9Q\"]},{\"@type\":\"Person\",\"@id\":\"https:\/\/kapitalis.com\/tunisie\/#\/schema\/person\/b35b8d631961131107263178aeb8019e\",\"name\":\"Cherif Benyounes\",\"url\":\"https:\/\/kapitalis.com\/tunisie\/author\/cherif\/\"}]}<\/script>\n<!-- \/ Yoast SEO plugin. -->","yoast_head_json":{"title":"Brahim Bouderbala : \u00abNous revendiquons un changement de la composition du CSM\u00bb - Kapitalis","robots":{"index":"index","follow":"follow","max-snippet":"max-snippet:-1","max-image-preview":"max-image-preview:large","max-video-preview":"max-video-preview:-1"},"canonical":"https:\/\/kapitalis.com\/tunisie\/2022\/02\/08\/brahim-bouderbala-nous-revendiquons-un-changement-de-la-composition-du-csm\/","og_locale":"fr_FR","og_type":"article","og_title":"Brahim Bouderbala : \u00abNous revendiquons un changement de la composition du CSM\u00bb - Kapitalis","og_description":"Le pr\u00e9sident de l\u2019Ordre national des avocats de Tunisie (Onat), Brahim\u00a0Bouderbala, encha\u00eene les d\u00e9clarations m\u00e9diatiques en ce d\u00e9but de semaine, pour commenter la fermeture du si\u00e8ge du Conseil sup\u00e9rieur de la magistrature (CSM). Apr\u00e8s avoir exprim\u00e9 son soutien envers le pr\u00e9sident de la r\u00e9publique, Ka\u00efs Sa\u00efed, il a indiqu\u00e9, ce mardi 8 f\u00e9vrier 2022, que...","og_url":"https:\/\/kapitalis.com\/tunisie\/2022\/02\/08\/brahim-bouderbala-nous-revendiquons-un-changement-de-la-composition-du-csm\/","og_site_name":"Kapitalis","article_publisher":"https:\/\/www.facebook.com\/KapitalisInfo\/","article_published_time":"2022-02-08T08:49:54+00:00","article_modified_time":"2022-02-08T08:51:32+00:00","og_image":[{"url":"http:\/\/kapitalis.com\/tunisie\/wp-content\/uploads\/2022\/01\/brahim-bouderbala.jpg","type":"","width":"","height":""}],"author":"Cherif Benyounes","twitter_card":"summary_large_image","twitter_creator":"@KapitalisInfo","twitter_site":"@KapitalisInfo","twitter_misc":{"\u00c9crit par":"Cherif Benyounes","Dur\u00e9e de lecture estim\u00e9e":"1 minute"},"schema":{"@context":"https:\/\/schema.org","@graph":[{"@type":"Article","@id":"https:\/\/kapitalis.com\/tunisie\/2022\/02\/08\/brahim-bouderbala-nous-revendiquons-un-changement-de-la-composition-du-csm\/#article","isPartOf":{"@id":"https:\/\/kapitalis.com\/tunisie\/2022\/02\/08\/brahim-bouderbala-nous-revendiquons-un-changement-de-la-composition-du-csm\/"},"author":{"name":"Cherif Benyounes","@id":"https:\/\/kapitalis.com\/tunisie\/#\/schema\/person\/b35b8d631961131107263178aeb8019e"},"headline":"Brahim Bouderbala : \u00abNous revendiquons un changement de la composition du CSM\u00bb","datePublished":"2022-02-08T08:49:54+00:00","dateModified":"2022-02-08T08:51:32+00:00","mainEntityOfPage":{"@id":"https:\/\/kapitalis.com\/tunisie\/2022\/02\/08\/brahim-bouderbala-nous-revendiquons-un-changement-de-la-composition-du-csm\/"},"wordCount":265,"commentCount":1,"publisher":{"@id":"https:\/\/kapitalis.com\/tunisie\/#organization"},"image":{"@id":"https:\/\/kapitalis.com\/tunisie\/2022\/02\/08\/brahim-bouderbala-nous-revendiquons-un-changement-de-la-composition-du-csm\/#primaryimage"},"thumbnailUrl":"http:\/\/kapitalis.com\/tunisie\/wp-content\/uploads\/2022\/01\/brahim-bouderbala.jpg","keywords":["AMT","Brahim Bouderbala","Ka\u00efs Sa\u00efed","Onat","STM"],"articleSection":["POLITIQUE","Tunisie"],"inLanguage":"fr-FR","potentialAction":[{"@type":"CommentAction","name":"Comment","target":["https:\/\/kapitalis.com\/tunisie\/2022\/02\/08\/brahim-bouderbala-nous-revendiquons-un-changement-de-la-composition-du-csm\/#respond"]}]},{"@type":"WebPage","@id":"https:\/\/kapitalis.com\/tunisie\/2022\/02\/08\/brahim-bouderbala-nous-revendiquons-un-changement-de-la-composition-du-csm\/","url":"https:\/\/kapitalis.com\/tunisie\/2022\/02\/08\/brahim-bouderbala-nous-revendiquons-un-changement-de-la-composition-du-csm\/","name":"Brahim Bouderbala : \u00abNous revendiquons un changement de la composition du CSM\u00bb - Kapitalis","isPartOf":{"@id":"https:\/\/kapitalis.com\/tunisie\/#website"},"primaryImageOfPage":{"@id":"https:\/\/kapitalis.com\/tunisie\/2022\/02\/08\/brahim-bouderbala-nous-revendiquons-un-changement-de-la-composition-du-csm\/#primaryimage"},"image":{"@id":"https:\/\/kapitalis.com\/tunisie\/2022\/02\/08\/brahim-bouderbala-nous-revendiquons-un-changement-de-la-composition-du-csm\/#primaryimage"},"thumbnailUrl":"http:\/\/kapitalis.com\/tunisie\/wp-content\/uploads\/2022\/01\/brahim-bouderbala.jpg","datePublished":"2022-02-08T08:49:54+00:00","dateModified":"2022-02-08T08:51:32+00:00","breadcrumb":{"@id":"https:\/\/kapitalis.com\/tunisie\/2022\/02\/08\/brahim-bouderbala-nous-revendiquons-un-changement-de-la-composition-du-csm\/#breadcrumb"},"inLanguage":"fr-FR","potentialAction":[{"@type":"ReadAction","target":["https:\/\/kapitalis.com\/tunisie\/2022\/02\/08\/brahim-bouderbala-nous-revendiquons-un-changement-de-la-composition-du-csm\/"]}]},{"@type":"ImageObject","inLanguage":"fr-FR","@id":"https:\/\/kapitalis.com\/tunisie\/2022\/02\/08\/brahim-bouderbala-nous-revendiquons-un-changement-de-la-composition-du-csm\/#primaryimage","url":"","contentUrl":""},{"@type":"BreadcrumbList","@id":"https:\/\/kapitalis.com\/tunisie\/2022\/02\/08\/brahim-bouderbala-nous-revendiquons-un-changement-de-la-composition-du-csm\/#breadcrumb","itemListElement":[{"@type":"ListItem","position":1,"name":"Accueil","item":"https:\/\/kapitalis.com\/tunisie\/"},{"@type":"ListItem","position":2,"name":"Brahim Bouderbala : \u00abNous revendiquons un changement de la composition du CSM\u00bb"}]},{"@type":"WebSite","@id":"https:\/\/kapitalis.com\/tunisie\/#website","url":"https:\/\/kapitalis.com\/tunisie\/","name":"Kapitalis","description":"L&#039;actualit\u00e9 en Tunisie et dans le monde","publisher":{"@id":"https:\/\/kapitalis.com\/tunisie\/#organization"},"potentialAction":[{"@type":"SearchAction","target":{"@type":"EntryPoint","urlTemplate":"https:\/\/kapitalis.com\/tunisie\/?s={search_term_string}"},"query-input":{"@type":"PropertyValueSpecification","valueRequired":true,"valueName":"search_term_string"}}],"inLanguage":"fr-FR"},{"@type":"Organization","@id":"https:\/\/kapitalis.com\/tunisie\/#organization","name":"Kapitalis","url":"https:\/\/kapitalis.com\/tunisie\/","logo":{"@type":"ImageObject","inLanguage":"fr-FR","@id":"https:\/\/kapitalis.com\/tunisie\/#\/schema\/logo\/image\/","url":"https:\/\/kapitalis.com\/tunisie\/wp-content\/uploads\/2022\/05\/Kapitalis-big-size.png","contentUrl":"https:\/\/kapitalis.com\/tunisie\/wp-content\/uploads\/2022\/05\/Kapitalis-big-size.png","width":5000,"height":1500,"caption":"Kapitalis"},"image":{"@id":"https:\/\/kapitalis.com\/tunisie\/#\/schema\/logo\/image\/"},"sameAs":["https:\/\/www.facebook.com\/KapitalisInfo\/","https:\/\/x.com\/KapitalisInfo","https:\/\/www.youtube.com\/channel\/UC-yDYrHyfFBWWZaOw3FPg9Q"]},{"@type":"Person","@id":"https:\/\/kapitalis.com\/tunisie\/#\/schema\/person\/b35b8d631961131107263178aeb8019e","name":"Cherif Benyounes","url":"https:\/\/kapitalis.com\/tunisie\/author\/cherif\/"}]}},"_links":{"self":[{"href":"https:\/\/kapitalis.com\/tunisie\/wp-json\/wp\/v2\/posts\/380014","targetHints":{"allow":["GET"]}}],"collection":[{"href":"https:\/\/kapitalis.com\/tunisie\/wp-json\/wp\/v2\/posts"}],"about":[{"href":"https:\/\/kapitalis.com\/tunisie\/wp-json\/wp\/v2\/types\/post"}],"author":[{"embeddable":true,"href":"https:\/\/kapitalis.com\/tunisie\/wp-json\/wp\/v2\/users\/24"}],"replies":[{"embeddable":true,"href":"https:\/\/kapitalis.com\/tunisie\/wp-json\/wp\/v2\/comments?post=380014"}],"version-history":[{"count":0,"href":"https:\/\/kapitalis.com\/tunisie\/wp-json\/wp\/v2\/posts\/380014\/revisions"}],"wp:attachment":[{"href":"https:\/\/kapitalis.com\/tunisie\/wp-json\/wp\/v2\/media?parent=380014"}],"wp:term":[{"taxonomy":"category","embeddable":true,"href":"https:\/\/kapitalis.com\/tunisie\/wp-json\/wp\/v2\/categories?post=380014"},{"taxonomy":"post_tag","embeddable":true,"href":"https:\/\/kapitalis.com\/tunisie\/wp-json\/wp\/v2\/tags?post=380014"}],"curies":[{"name":"wp","href":"https:\/\/api.w.org\/{rel}","templated":true}]}}