{"id":380095,"date":"2022-02-08T18:43:46","date_gmt":"2022-02-08T17:43:46","guid":{"rendered":"http:\/\/kapitalis.com\/tunisie\/?p=380095"},"modified":"2022-02-08T18:47:53","modified_gmt":"2022-02-08T17:47:53","slug":"ben-arous-sauvetage-dune-eleve-de-17-ans-tombee-dans-un-puits-video","status":"publish","type":"post","link":"https:\/\/kapitalis.com\/tunisie\/2022\/02\/08\/ben-arous-sauvetage-dune-eleve-de-17-ans-tombee-dans-un-puits-video\/","title":{"rendered":"Ben Arous : Sauvetage d&rsquo;une \u00e9l\u00e8ve de 17 ans tomb\u00e9e dans un puits (Vid\u00e9o)"},"content":{"rendered":"\n<div class=\"wp-block-image\"><figure class=\"aligncenter size-full\"><img decoding=\"async\" src=\"http:\/\/kapitalis.com\/tunisie\/wp-content\/uploads\/2022\/02\/Ben-Arous-puits-eleve-sauvetage.jpg\" alt=\"\" class=\"wp-image-380102\"\/><\/figure><\/div>\n\n\n\n<p><em><strong>La protection civile est parvenue \u00e0 sortir une \u00e9l\u00e8ve de 17 ans, tomb\u00e9e cet apr\u00e8s-midi, mardi 8 f\u00e9vrier 2022, dans un puits ass\u00e9ch\u00e9 de 18 m\u00e8tres, situ\u00e9 \u00e0 Naasen \u00e0 Ben Arous (sud de Tunis).<\/strong><\/em><\/p>\n\n\n\n<!--more-->\n\n\n\n<p>L&rsquo;op\u00e9ration a dur\u00e9 deux heures, pr\u00e9cise Elyes Jarraya Directeur de communication \u00e0 la t\u00e9l\u00e9vision tunisienne, qui a diffus\u00e9 une vid\u00e9o du sauvetage.<\/p>\n\n\n\n<p>Il a ajout\u00e9 que l&rsquo;\u00e9l\u00e8ve M. H.  rentrait du lyc\u00e9e avec ses camarades et avait pris la fuite en voyant un homme souffrant de troubles mentaux qui se serait montr\u00e9 mena\u00e7ant, et n&rsquo;avait pas vu le puits abandonn\u00e9, dans lequel elle est tomb\u00e9e&#8230;<\/p>\n\n\n\n<p>La protection civile a \u00e9t\u00e9 alert\u00e9e et les agents se sont rapidement rendus sur les lieux, et apr\u00e8s deux heures d&rsquo;intervention, ils sont parvenus \u00e0 sortir l&rsquo;\u00e9l\u00e8ve vivante, qui a \u00e9t\u00e9 transport\u00e9e \u00e0 l&rsquo;h\u00f4pital Charles Nicolle de Tunis, ajoute la m\u00eame source, en affirmant que la victime souffre de contusions et de multiples fractures.<\/p>\n\n\n\n<p><a href=\"https:\/\/www.facebook.com\/elyes.jarraya\/videos\/994131554523069\" target=\"_blank\" rel=\"noreferrer noopener\">Vid\u00e9o<\/a><\/p>\n\n\n\n<p class=\"has-text-align-right\"><strong>Y. N.<\/strong><\/p>\n","protected":false},"excerpt":{"rendered":"<p>La protection civile est parvenue \u00e0 sortir une \u00e9l\u00e8ve de 17 ans, tomb\u00e9e cet apr\u00e8s-midi, mardi 8 f\u00e9vrier 2022, dans un puits ass\u00e9ch\u00e9 de 18 m\u00e8tres, situ\u00e9 \u00e0 Naasen \u00e0 Ben Arous (sud de Tunis).<\/p>\n","protected":false},"author":6,"featured_media":380102,"comment_status":"open","ping_status":"open","sticky":false,"template":"","format":"standard","meta":{"footnotes":""},"categories":[998,2433,4806],"tags":[141,314,754,2551,2049,62643],"class_list":["post-380095","post","type-post","status-publish","format-standard","has-post-thumbnail","hentry","category-societe","category-tunisie","category-videos","tag-ben-arous","tag-eleve","tag-protection-civile","tag-puits","tag-sauvetage","tag-tunisie"],"yoast_head":"<!-- This site is optimized with the Yoast SEO plugin v26.6 - https:\/\/yoast.com\/wordpress\/plugins\/seo\/ -->\n<title>Ben Arous : Sauvetage d&#039;une \u00e9l\u00e8ve de 17 ans tomb\u00e9e dans un puits (Vid\u00e9o) - Kapitalis<\/title>\n<meta name=\"robots\" content=\"index, follow, max-snippet:-1, max-image-preview:large, max-video-preview:-1\" \/>\n<link rel=\"canonical\" href=\"https:\/\/kapitalis.com\/tunisie\/2022\/02\/08\/ben-arous-sauvetage-dune-eleve-de-17-ans-tombee-dans-un-puits-video\/\" \/>\n<meta property=\"og:locale\" content=\"fr_FR\" \/>\n<meta property=\"og:type\" content=\"article\" \/>\n<meta property=\"og:title\" content=\"Ben Arous : Sauvetage d&#039;une \u00e9l\u00e8ve de 17 ans tomb\u00e9e dans un puits (Vid\u00e9o) - Kapitalis\" \/>\n<meta property=\"og:description\" content=\"La protection civile est parvenue \u00e0 sortir une \u00e9l\u00e8ve de 17 ans, tomb\u00e9e cet apr\u00e8s-midi, mardi 8 f\u00e9vrier 2022, dans un puits ass\u00e9ch\u00e9 de 18 m\u00e8tres, situ\u00e9 \u00e0 Naasen \u00e0 Ben Arous (sud de Tunis).\" \/>\n<meta property=\"og:url\" content=\"https:\/\/kapitalis.com\/tunisie\/2022\/02\/08\/ben-arous-sauvetage-dune-eleve-de-17-ans-tombee-dans-un-puits-video\/\" \/>\n<meta property=\"og:site_name\" content=\"Kapitalis\" \/>\n<meta property=\"article:publisher\" content=\"https:\/\/www.facebook.com\/KapitalisInfo\/\" \/>\n<meta property=\"article:published_time\" content=\"2022-02-08T17:43:46+00:00\" \/>\n<meta property=\"article:modified_time\" content=\"2022-02-08T17:47:53+00:00\" \/>\n<meta property=\"og:image\" content=\"https:\/\/kapitalis.com\/tunisie\/wp-content\/uploads\/2022\/05\/kapitalis-logo-fb.png\" \/>\n\t<meta property=\"og:image:width\" content=\"1200\" \/>\n\t<meta property=\"og:image:height\" content=\"630\" \/>\n\t<meta property=\"og:image:type\" content=\"image\/png\" \/>\n<meta name=\"author\" content=\"Yusra NY\" \/>\n<meta name=\"twitter:card\" content=\"summary_large_image\" \/>\n<meta name=\"twitter:creator\" content=\"@KapitalisInfo\" \/>\n<meta name=\"twitter:site\" content=\"@KapitalisInfo\" \/>\n<meta name=\"twitter:label1\" content=\"\u00c9crit par\" \/>\n\t<meta name=\"twitter:data1\" content=\"Yusra NY\" \/>\n\t<meta name=\"twitter:label2\" content=\"Dur\u00e9e de lecture estim\u00e9e\" \/>\n\t<meta name=\"twitter:data2\" content=\"1 minute\" \/>\n<script type=\"application\/ld+json\" class=\"yoast-schema-graph\">{\"@context\":\"https:\/\/schema.org\",\"@graph\":[{\"@type\":\"Article\",\"@id\":\"https:\/\/kapitalis.com\/tunisie\/2022\/02\/08\/ben-arous-sauvetage-dune-eleve-de-17-ans-tombee-dans-un-puits-video\/#article\",\"isPartOf\":{\"@id\":\"https:\/\/kapitalis.com\/tunisie\/2022\/02\/08\/ben-arous-sauvetage-dune-eleve-de-17-ans-tombee-dans-un-puits-video\/\"},\"author\":{\"name\":\"Yusra NY\",\"@id\":\"https:\/\/kapitalis.com\/tunisie\/#\/schema\/person\/74bbde0154d49d790a92aaeac5bc01d5\"},\"headline\":\"Ben Arous : Sauvetage d&rsquo;une \u00e9l\u00e8ve de 17 ans tomb\u00e9e dans un puits (Vid\u00e9o)\",\"datePublished\":\"2022-02-08T17:43:46+00:00\",\"dateModified\":\"2022-02-08T17:47:53+00:00\",\"mainEntityOfPage\":{\"@id\":\"https:\/\/kapitalis.com\/tunisie\/2022\/02\/08\/ben-arous-sauvetage-dune-eleve-de-17-ans-tombee-dans-un-puits-video\/\"},\"wordCount\":186,\"commentCount\":3,\"publisher\":{\"@id\":\"https:\/\/kapitalis.com\/tunisie\/#organization\"},\"image\":{\"@id\":\"https:\/\/kapitalis.com\/tunisie\/2022\/02\/08\/ben-arous-sauvetage-dune-eleve-de-17-ans-tombee-dans-un-puits-video\/#primaryimage\"},\"thumbnailUrl\":\"\",\"keywords\":[\"Ben Arous\",\"\u00e9l\u00e8ve\",\"protection civile\",\"puits\",\"sauvetage\",\"Tunisie\"],\"articleSection\":[\"SOCIETE\",\"Tunisie\",\"VIDEOS\"],\"inLanguage\":\"fr-FR\",\"potentialAction\":[{\"@type\":\"CommentAction\",\"name\":\"Comment\",\"target\":[\"https:\/\/kapitalis.com\/tunisie\/2022\/02\/08\/ben-arous-sauvetage-dune-eleve-de-17-ans-tombee-dans-un-puits-video\/#respond\"]}]},{\"@type\":\"WebPage\",\"@id\":\"https:\/\/kapitalis.com\/tunisie\/2022\/02\/08\/ben-arous-sauvetage-dune-eleve-de-17-ans-tombee-dans-un-puits-video\/\",\"url\":\"https:\/\/kapitalis.com\/tunisie\/2022\/02\/08\/ben-arous-sauvetage-dune-eleve-de-17-ans-tombee-dans-un-puits-video\/\",\"name\":\"Ben Arous : Sauvetage d'une \u00e9l\u00e8ve de 17 ans tomb\u00e9e dans un puits (Vid\u00e9o) - Kapitalis\",\"isPartOf\":{\"@id\":\"https:\/\/kapitalis.com\/tunisie\/#website\"},\"primaryImageOfPage\":{\"@id\":\"https:\/\/kapitalis.com\/tunisie\/2022\/02\/08\/ben-arous-sauvetage-dune-eleve-de-17-ans-tombee-dans-un-puits-video\/#primaryimage\"},\"image\":{\"@id\":\"https:\/\/kapitalis.com\/tunisie\/2022\/02\/08\/ben-arous-sauvetage-dune-eleve-de-17-ans-tombee-dans-un-puits-video\/#primaryimage\"},\"thumbnailUrl\":\"\",\"datePublished\":\"2022-02-08T17:43:46+00:00\",\"dateModified\":\"2022-02-08T17:47:53+00:00\",\"breadcrumb\":{\"@id\":\"https:\/\/kapitalis.com\/tunisie\/2022\/02\/08\/ben-arous-sauvetage-dune-eleve-de-17-ans-tombee-dans-un-puits-video\/#breadcrumb\"},\"inLanguage\":\"fr-FR\",\"potentialAction\":[{\"@type\":\"ReadAction\",\"target\":[\"https:\/\/kapitalis.com\/tunisie\/2022\/02\/08\/ben-arous-sauvetage-dune-eleve-de-17-ans-tombee-dans-un-puits-video\/\"]}]},{\"@type\":\"ImageObject\",\"inLanguage\":\"fr-FR\",\"@id\":\"https:\/\/kapitalis.com\/tunisie\/2022\/02\/08\/ben-arous-sauvetage-dune-eleve-de-17-ans-tombee-dans-un-puits-video\/#primaryimage\",\"url\":\"\",\"contentUrl\":\"\"},{\"@type\":\"BreadcrumbList\",\"@id\":\"https:\/\/kapitalis.com\/tunisie\/2022\/02\/08\/ben-arous-sauvetage-dune-eleve-de-17-ans-tombee-dans-un-puits-video\/#breadcrumb\",\"itemListElement\":[{\"@type\":\"ListItem\",\"position\":1,\"name\":\"Accueil\",\"item\":\"https:\/\/kapitalis.com\/tunisie\/\"},{\"@type\":\"ListItem\",\"position\":2,\"name\":\"Ben Arous : Sauvetage d&rsquo;une \u00e9l\u00e8ve de 17 ans tomb\u00e9e dans un puits (Vid\u00e9o)\"}]},{\"@type\":\"WebSite\",\"@id\":\"https:\/\/kapitalis.com\/tunisie\/#website\",\"url\":\"https:\/\/kapitalis.com\/tunisie\/\",\"name\":\"Kapitalis\",\"description\":\"L&#039;actualit\u00e9 en Tunisie et dans le monde\",\"publisher\":{\"@id\":\"https:\/\/kapitalis.com\/tunisie\/#organization\"},\"potentialAction\":[{\"@type\":\"SearchAction\",\"target\":{\"@type\":\"EntryPoint\",\"urlTemplate\":\"https:\/\/kapitalis.com\/tunisie\/?s={search_term_string}\"},\"query-input\":{\"@type\":\"PropertyValueSpecification\",\"valueRequired\":true,\"valueName\":\"search_term_string\"}}],\"inLanguage\":\"fr-FR\"},{\"@type\":\"Organization\",\"@id\":\"https:\/\/kapitalis.com\/tunisie\/#organization\",\"name\":\"Kapitalis\",\"url\":\"https:\/\/kapitalis.com\/tunisie\/\",\"logo\":{\"@type\":\"ImageObject\",\"inLanguage\":\"fr-FR\",\"@id\":\"https:\/\/kapitalis.com\/tunisie\/#\/schema\/logo\/image\/\",\"url\":\"https:\/\/kapitalis.com\/tunisie\/wp-content\/uploads\/2022\/05\/Kapitalis-big-size.png\",\"contentUrl\":\"https:\/\/kapitalis.com\/tunisie\/wp-content\/uploads\/2022\/05\/Kapitalis-big-size.png\",\"width\":5000,\"height\":1500,\"caption\":\"Kapitalis\"},\"image\":{\"@id\":\"https:\/\/kapitalis.com\/tunisie\/#\/schema\/logo\/image\/\"},\"sameAs\":[\"https:\/\/www.facebook.com\/KapitalisInfo\/\",\"https:\/\/x.com\/KapitalisInfo\",\"https:\/\/www.youtube.com\/channel\/UC-yDYrHyfFBWWZaOw3FPg9Q\"]},{\"@type\":\"Person\",\"@id\":\"https:\/\/kapitalis.com\/tunisie\/#\/schema\/person\/74bbde0154d49d790a92aaeac5bc01d5\",\"name\":\"Yusra NY\",\"url\":\"https:\/\/kapitalis.com\/tunisie\/author\/yuza_adam\/\"}]}<\/script>\n<!-- \/ Yoast SEO plugin. -->","yoast_head_json":{"title":"Ben Arous : Sauvetage d'une \u00e9l\u00e8ve de 17 ans tomb\u00e9e dans un puits (Vid\u00e9o) - Kapitalis","robots":{"index":"index","follow":"follow","max-snippet":"max-snippet:-1","max-image-preview":"max-image-preview:large","max-video-preview":"max-video-preview:-1"},"canonical":"https:\/\/kapitalis.com\/tunisie\/2022\/02\/08\/ben-arous-sauvetage-dune-eleve-de-17-ans-tombee-dans-un-puits-video\/","og_locale":"fr_FR","og_type":"article","og_title":"Ben Arous : Sauvetage d'une \u00e9l\u00e8ve de 17 ans tomb\u00e9e dans un puits (Vid\u00e9o) - Kapitalis","og_description":"La protection civile est parvenue \u00e0 sortir une \u00e9l\u00e8ve de 17 ans, tomb\u00e9e cet apr\u00e8s-midi, mardi 8 f\u00e9vrier 2022, dans un puits ass\u00e9ch\u00e9 de 18 m\u00e8tres, situ\u00e9 \u00e0 Naasen \u00e0 Ben Arous (sud de Tunis).","og_url":"https:\/\/kapitalis.com\/tunisie\/2022\/02\/08\/ben-arous-sauvetage-dune-eleve-de-17-ans-tombee-dans-un-puits-video\/","og_site_name":"Kapitalis","article_publisher":"https:\/\/www.facebook.com\/KapitalisInfo\/","article_published_time":"2022-02-08T17:43:46+00:00","article_modified_time":"2022-02-08T17:47:53+00:00","og_image":[{"width":1200,"height":630,"url":"https:\/\/kapitalis.com\/tunisie\/wp-content\/uploads\/2022\/05\/kapitalis-logo-fb.png","type":"image\/png"}],"author":"Yusra NY","twitter_card":"summary_large_image","twitter_creator":"@KapitalisInfo","twitter_site":"@KapitalisInfo","twitter_misc":{"\u00c9crit par":"Yusra NY","Dur\u00e9e de lecture estim\u00e9e":"1 minute"},"schema":{"@context":"https:\/\/schema.org","@graph":[{"@type":"Article","@id":"https:\/\/kapitalis.com\/tunisie\/2022\/02\/08\/ben-arous-sauvetage-dune-eleve-de-17-ans-tombee-dans-un-puits-video\/#article","isPartOf":{"@id":"https:\/\/kapitalis.com\/tunisie\/2022\/02\/08\/ben-arous-sauvetage-dune-eleve-de-17-ans-tombee-dans-un-puits-video\/"},"author":{"name":"Yusra NY","@id":"https:\/\/kapitalis.com\/tunisie\/#\/schema\/person\/74bbde0154d49d790a92aaeac5bc01d5"},"headline":"Ben Arous : Sauvetage d&rsquo;une \u00e9l\u00e8ve de 17 ans tomb\u00e9e dans un puits (Vid\u00e9o)","datePublished":"2022-02-08T17:43:46+00:00","dateModified":"2022-02-08T17:47:53+00:00","mainEntityOfPage":{"@id":"https:\/\/kapitalis.com\/tunisie\/2022\/02\/08\/ben-arous-sauvetage-dune-eleve-de-17-ans-tombee-dans-un-puits-video\/"},"wordCount":186,"commentCount":3,"publisher":{"@id":"https:\/\/kapitalis.com\/tunisie\/#organization"},"image":{"@id":"https:\/\/kapitalis.com\/tunisie\/2022\/02\/08\/ben-arous-sauvetage-dune-eleve-de-17-ans-tombee-dans-un-puits-video\/#primaryimage"},"thumbnailUrl":"","keywords":["Ben Arous","\u00e9l\u00e8ve","protection civile","puits","sauvetage","Tunisie"],"articleSection":["SOCIETE","Tunisie","VIDEOS"],"inLanguage":"fr-FR","potentialAction":[{"@type":"CommentAction","name":"Comment","target":["https:\/\/kapitalis.com\/tunisie\/2022\/02\/08\/ben-arous-sauvetage-dune-eleve-de-17-ans-tombee-dans-un-puits-video\/#respond"]}]},{"@type":"WebPage","@id":"https:\/\/kapitalis.com\/tunisie\/2022\/02\/08\/ben-arous-sauvetage-dune-eleve-de-17-ans-tombee-dans-un-puits-video\/","url":"https:\/\/kapitalis.com\/tunisie\/2022\/02\/08\/ben-arous-sauvetage-dune-eleve-de-17-ans-tombee-dans-un-puits-video\/","name":"Ben Arous : Sauvetage d'une \u00e9l\u00e8ve de 17 ans tomb\u00e9e dans un puits (Vid\u00e9o) - Kapitalis","isPartOf":{"@id":"https:\/\/kapitalis.com\/tunisie\/#website"},"primaryImageOfPage":{"@id":"https:\/\/kapitalis.com\/tunisie\/2022\/02\/08\/ben-arous-sauvetage-dune-eleve-de-17-ans-tombee-dans-un-puits-video\/#primaryimage"},"image":{"@id":"https:\/\/kapitalis.com\/tunisie\/2022\/02\/08\/ben-arous-sauvetage-dune-eleve-de-17-ans-tombee-dans-un-puits-video\/#primaryimage"},"thumbnailUrl":"","datePublished":"2022-02-08T17:43:46+00:00","dateModified":"2022-02-08T17:47:53+00:00","breadcrumb":{"@id":"https:\/\/kapitalis.com\/tunisie\/2022\/02\/08\/ben-arous-sauvetage-dune-eleve-de-17-ans-tombee-dans-un-puits-video\/#breadcrumb"},"inLanguage":"fr-FR","potentialAction":[{"@type":"ReadAction","target":["https:\/\/kapitalis.com\/tunisie\/2022\/02\/08\/ben-arous-sauvetage-dune-eleve-de-17-ans-tombee-dans-un-puits-video\/"]}]},{"@type":"ImageObject","inLanguage":"fr-FR","@id":"https:\/\/kapitalis.com\/tunisie\/2022\/02\/08\/ben-arous-sauvetage-dune-eleve-de-17-ans-tombee-dans-un-puits-video\/#primaryimage","url":"","contentUrl":""},{"@type":"BreadcrumbList","@id":"https:\/\/kapitalis.com\/tunisie\/2022\/02\/08\/ben-arous-sauvetage-dune-eleve-de-17-ans-tombee-dans-un-puits-video\/#breadcrumb","itemListElement":[{"@type":"ListItem","position":1,"name":"Accueil","item":"https:\/\/kapitalis.com\/tunisie\/"},{"@type":"ListItem","position":2,"name":"Ben Arous : Sauvetage d&rsquo;une \u00e9l\u00e8ve de 17 ans tomb\u00e9e dans un puits (Vid\u00e9o)"}]},{"@type":"WebSite","@id":"https:\/\/kapitalis.com\/tunisie\/#website","url":"https:\/\/kapitalis.com\/tunisie\/","name":"Kapitalis","description":"L&#039;actualit\u00e9 en Tunisie et dans le monde","publisher":{"@id":"https:\/\/kapitalis.com\/tunisie\/#organization"},"potentialAction":[{"@type":"SearchAction","target":{"@type":"EntryPoint","urlTemplate":"https:\/\/kapitalis.com\/tunisie\/?s={search_term_string}"},"query-input":{"@type":"PropertyValueSpecification","valueRequired":true,"valueName":"search_term_string"}}],"inLanguage":"fr-FR"},{"@type":"Organization","@id":"https:\/\/kapitalis.com\/tunisie\/#organization","name":"Kapitalis","url":"https:\/\/kapitalis.com\/tunisie\/","logo":{"@type":"ImageObject","inLanguage":"fr-FR","@id":"https:\/\/kapitalis.com\/tunisie\/#\/schema\/logo\/image\/","url":"https:\/\/kapitalis.com\/tunisie\/wp-content\/uploads\/2022\/05\/Kapitalis-big-size.png","contentUrl":"https:\/\/kapitalis.com\/tunisie\/wp-content\/uploads\/2022\/05\/Kapitalis-big-size.png","width":5000,"height":1500,"caption":"Kapitalis"},"image":{"@id":"https:\/\/kapitalis.com\/tunisie\/#\/schema\/logo\/image\/"},"sameAs":["https:\/\/www.facebook.com\/KapitalisInfo\/","https:\/\/x.com\/KapitalisInfo","https:\/\/www.youtube.com\/channel\/UC-yDYrHyfFBWWZaOw3FPg9Q"]},{"@type":"Person","@id":"https:\/\/kapitalis.com\/tunisie\/#\/schema\/person\/74bbde0154d49d790a92aaeac5bc01d5","name":"Yusra NY","url":"https:\/\/kapitalis.com\/tunisie\/author\/yuza_adam\/"}]}},"_links":{"self":[{"href":"https:\/\/kapitalis.com\/tunisie\/wp-json\/wp\/v2\/posts\/380095","targetHints":{"allow":["GET"]}}],"collection":[{"href":"https:\/\/kapitalis.com\/tunisie\/wp-json\/wp\/v2\/posts"}],"about":[{"href":"https:\/\/kapitalis.com\/tunisie\/wp-json\/wp\/v2\/types\/post"}],"author":[{"embeddable":true,"href":"https:\/\/kapitalis.com\/tunisie\/wp-json\/wp\/v2\/users\/6"}],"replies":[{"embeddable":true,"href":"https:\/\/kapitalis.com\/tunisie\/wp-json\/wp\/v2\/comments?post=380095"}],"version-history":[{"count":0,"href":"https:\/\/kapitalis.com\/tunisie\/wp-json\/wp\/v2\/posts\/380095\/revisions"}],"wp:featuredmedia":[{"embeddable":true,"href":"https:\/\/kapitalis.com\/tunisie\/wp-json\/wp\/v2\/media\/380102"}],"wp:attachment":[{"href":"https:\/\/kapitalis.com\/tunisie\/wp-json\/wp\/v2\/media?parent=380095"}],"wp:term":[{"taxonomy":"category","embeddable":true,"href":"https:\/\/kapitalis.com\/tunisie\/wp-json\/wp\/v2\/categories?post=380095"},{"taxonomy":"post_tag","embeddable":true,"href":"https:\/\/kapitalis.com\/tunisie\/wp-json\/wp\/v2\/tags?post=380095"}],"curies":[{"name":"wp","href":"https:\/\/api.w.org\/{rel}","templated":true}]}}