{"id":380230,"date":"2022-02-09T18:59:35","date_gmt":"2022-02-09T17:59:35","guid":{"rendered":"http:\/\/kapitalis.com\/tunisie\/?p=380230"},"modified":"2022-02-09T19:05:26","modified_gmt":"2022-02-09T18:05:26","slug":"ooredoo-affirme-ne-pas-avoir-de-connexions-politiques","status":"publish","type":"post","link":"https:\/\/kapitalis.com\/tunisie\/2022\/02\/09\/ooredoo-affirme-ne-pas-avoir-de-connexions-politiques\/","title":{"rendered":"Ooredoo affirme ne pas avoir de connexions politiques"},"content":{"rendered":"\n<div class=\"wp-block-image\"><figure class=\"aligncenter size-full\"><img decoding=\"async\" src=\"http:\/\/kapitalis.com\/tunisie\/wp-content\/uploads\/2022\/02\/Ooredoo.jpg\" alt=\"\" class=\"wp-image-380232\"\/><\/figure><\/div>\n\n\n\n<p><strong><em>Suite aux accusations port\u00e9es ce mercredi 9 f\u00e9vrier 2022 par un des membres du comit\u00e9 de d\u00e9fense des martyrs Chokri Belaid et Mohamed Brahmi, l&rsquo;op\u00e9rateur Ooredoo a rendu public le communiqu\u00e9 suivant o\u00f9 il d\u00e9ment toute connexion politique,<\/em><\/strong><\/p>\n\n\n\n<!--more-->\n\n\n\n<p>Ooredoo apporte les \u00e9claircissements suivants \u00e0 l\u2019opinion publique\u00a0:<\/p>\n\n\n\n<p>\u00b7&nbsp;Ooredoo nie l\u2019ensemble des accusations \u00e0 son encontre et \u00e0 l\u2019encontre de&nbsp;son&nbsp;directeur g\u00e9n\u00e9ral Mansoor Rashid Al Khater et indique qu\u2019elle op\u00e8re en Tunisie depuis plus de vingt ans dans le respect total des l\u00e9gislations et des normes de protection des donn\u00e9es personnelles. L\u2019op\u00e9rateur indique qu\u2019il n\u2019a pas \u00e9t\u00e9 inform\u00e9 d\u2019une action en justice dans ce sens et nie toute ing\u00e9rence des instances judiciaires et officielles de l\u2019Etat,<\/p>\n\n\n\n<p>\u00b7 Ooredoo indique que ces accusations ont pour objectif de porter atteinte au parcours d\u2019une entreprise qui a r\u00e9ussi dans son secteur d\u2019activit\u00e9, ainsi que le d\u00e9couragement de ses \u00e9quipes et l\u2019atteinte de la cr\u00e9dibilit\u00e9 de l\u2019op\u00e9rateur sur le march\u00e9.<\/p>\n\n\n\n<p>\u00b7&nbsp;Ooredoo r\u00e9it\u00e8re qu\u2019elle est un op\u00e9rateur priv\u00e9 apolitique et nie toute connexion avec l\u2019ensemble des partis ou organisations politiques tunisiennes ou \u00e9trang\u00e8res,<\/p>\n\n\n\n<p>\u00b7&nbsp;Ooredoo rappelle qu\u2019elle op\u00e8re conform\u00e9ment aux normes de s\u00e9curit\u00e9 et de gouvernance les plus strictes et les plus transparentes dans le monde et r\u00e9it\u00e8re son engagement de servir les int\u00e9r\u00eats de ses clients et garantir la protection de leurs donn\u00e9es personnelles,<\/p>\n\n\n\n<p>\u00b7&nbsp;Ooredoo indique qu\u2019elle fera les recours n\u00e9cessaires devant la justice contre le membre pour ses d\u00e9clarations \u00e0 la presse et les accusations portant pr\u00e9judice \u00e0 l\u2019image de l\u2019op\u00e9rateur et la confiance de ses clients, et ce en recourant \u00e0 l\u2019ensemble des moyens juridiques l\u00e9gitimes.<\/p>\n","protected":false},"excerpt":{"rendered":"<p>Suite aux accusations port\u00e9es ce mercredi 9 f\u00e9vrier 2022 par un des membres du comit\u00e9 de d\u00e9fense des martyrs Chokri Belaid et Mohamed Brahmi, l&rsquo;op\u00e9rateur Ooredoo a rendu public le communiqu\u00e9 suivant o\u00f9 il d\u00e9ment toute connexion politique,<\/p>\n","protected":false},"author":8,"featured_media":380232,"comment_status":"open","ping_status":"open","sticky":false,"template":"","format":"standard","meta":{"footnotes":""},"categories":[995,997,2433],"tags":[97193,76824,678],"class_list":["post-380230","post","type-post","status-publish","format-standard","has-post-thumbnail","hentry","category-economie","category-politique","category-tunisie","tag-connexions-politiques","tag-mansoor-rashid-al-khater","tag-ooredoo"],"yoast_head":"<!-- This site is optimized with the Yoast SEO plugin v26.6 - https:\/\/yoast.com\/wordpress\/plugins\/seo\/ -->\n<title>Ooredoo affirme ne pas avoir de connexions politiques - Kapitalis<\/title>\n<meta name=\"robots\" content=\"index, follow, max-snippet:-1, max-image-preview:large, max-video-preview:-1\" \/>\n<link rel=\"canonical\" href=\"https:\/\/kapitalis.com\/tunisie\/2022\/02\/09\/ooredoo-affirme-ne-pas-avoir-de-connexions-politiques\/\" \/>\n<meta property=\"og:locale\" content=\"fr_FR\" \/>\n<meta property=\"og:type\" content=\"article\" \/>\n<meta property=\"og:title\" content=\"Ooredoo affirme ne pas avoir de connexions politiques - Kapitalis\" \/>\n<meta property=\"og:description\" content=\"Suite aux accusations port\u00e9es ce mercredi 9 f\u00e9vrier 2022 par un des membres du comit\u00e9 de d\u00e9fense des martyrs Chokri Belaid et Mohamed Brahmi, l&rsquo;op\u00e9rateur Ooredoo a rendu public le communiqu\u00e9 suivant o\u00f9 il d\u00e9ment toute connexion politique,\" \/>\n<meta property=\"og:url\" content=\"https:\/\/kapitalis.com\/tunisie\/2022\/02\/09\/ooredoo-affirme-ne-pas-avoir-de-connexions-politiques\/\" \/>\n<meta property=\"og:site_name\" content=\"Kapitalis\" \/>\n<meta property=\"article:publisher\" content=\"https:\/\/www.facebook.com\/KapitalisInfo\/\" \/>\n<meta property=\"article:published_time\" content=\"2022-02-09T17:59:35+00:00\" \/>\n<meta property=\"article:modified_time\" content=\"2022-02-09T18:05:26+00:00\" \/>\n<meta property=\"og:image\" content=\"https:\/\/kapitalis.com\/tunisie\/wp-content\/uploads\/2022\/05\/kapitalis-logo-fb.png\" \/>\n\t<meta property=\"og:image:width\" content=\"1200\" \/>\n\t<meta property=\"og:image:height\" content=\"630\" \/>\n\t<meta property=\"og:image:type\" content=\"image\/png\" \/>\n<meta name=\"author\" content=\"webmaster kapitalis\" \/>\n<meta name=\"twitter:card\" content=\"summary_large_image\" \/>\n<meta name=\"twitter:creator\" content=\"@KapitalisInfo\" \/>\n<meta name=\"twitter:site\" content=\"@KapitalisInfo\" \/>\n<meta name=\"twitter:label1\" content=\"\u00c9crit par\" \/>\n\t<meta name=\"twitter:data1\" content=\"webmaster kapitalis\" \/>\n\t<meta name=\"twitter:label2\" content=\"Dur\u00e9e de lecture estim\u00e9e\" \/>\n\t<meta name=\"twitter:data2\" content=\"2 minutes\" \/>\n<script type=\"application\/ld+json\" class=\"yoast-schema-graph\">{\"@context\":\"https:\/\/schema.org\",\"@graph\":[{\"@type\":\"Article\",\"@id\":\"https:\/\/kapitalis.com\/tunisie\/2022\/02\/09\/ooredoo-affirme-ne-pas-avoir-de-connexions-politiques\/#article\",\"isPartOf\":{\"@id\":\"https:\/\/kapitalis.com\/tunisie\/2022\/02\/09\/ooredoo-affirme-ne-pas-avoir-de-connexions-politiques\/\"},\"author\":{\"name\":\"webmaster kapitalis\",\"@id\":\"https:\/\/kapitalis.com\/tunisie\/#\/schema\/person\/d71f33a9ca44f7bad4698210b480c8e9\"},\"headline\":\"Ooredoo affirme ne pas avoir de connexions politiques\",\"datePublished\":\"2022-02-09T17:59:35+00:00\",\"dateModified\":\"2022-02-09T18:05:26+00:00\",\"mainEntityOfPage\":{\"@id\":\"https:\/\/kapitalis.com\/tunisie\/2022\/02\/09\/ooredoo-affirme-ne-pas-avoir-de-connexions-politiques\/\"},\"wordCount\":320,\"commentCount\":3,\"publisher\":{\"@id\":\"https:\/\/kapitalis.com\/tunisie\/#organization\"},\"image\":{\"@id\":\"https:\/\/kapitalis.com\/tunisie\/2022\/02\/09\/ooredoo-affirme-ne-pas-avoir-de-connexions-politiques\/#primaryimage\"},\"thumbnailUrl\":\"\",\"keywords\":[\"connexions politiques\",\"Mansoor Rashid Al Khater\",\"Ooredoo\"],\"articleSection\":[\"ECONOMIE\",\"POLITIQUE\",\"Tunisie\"],\"inLanguage\":\"fr-FR\",\"potentialAction\":[{\"@type\":\"CommentAction\",\"name\":\"Comment\",\"target\":[\"https:\/\/kapitalis.com\/tunisie\/2022\/02\/09\/ooredoo-affirme-ne-pas-avoir-de-connexions-politiques\/#respond\"]}]},{\"@type\":\"WebPage\",\"@id\":\"https:\/\/kapitalis.com\/tunisie\/2022\/02\/09\/ooredoo-affirme-ne-pas-avoir-de-connexions-politiques\/\",\"url\":\"https:\/\/kapitalis.com\/tunisie\/2022\/02\/09\/ooredoo-affirme-ne-pas-avoir-de-connexions-politiques\/\",\"name\":\"Ooredoo affirme ne pas avoir de connexions politiques - Kapitalis\",\"isPartOf\":{\"@id\":\"https:\/\/kapitalis.com\/tunisie\/#website\"},\"primaryImageOfPage\":{\"@id\":\"https:\/\/kapitalis.com\/tunisie\/2022\/02\/09\/ooredoo-affirme-ne-pas-avoir-de-connexions-politiques\/#primaryimage\"},\"image\":{\"@id\":\"https:\/\/kapitalis.com\/tunisie\/2022\/02\/09\/ooredoo-affirme-ne-pas-avoir-de-connexions-politiques\/#primaryimage\"},\"thumbnailUrl\":\"\",\"datePublished\":\"2022-02-09T17:59:35+00:00\",\"dateModified\":\"2022-02-09T18:05:26+00:00\",\"breadcrumb\":{\"@id\":\"https:\/\/kapitalis.com\/tunisie\/2022\/02\/09\/ooredoo-affirme-ne-pas-avoir-de-connexions-politiques\/#breadcrumb\"},\"inLanguage\":\"fr-FR\",\"potentialAction\":[{\"@type\":\"ReadAction\",\"target\":[\"https:\/\/kapitalis.com\/tunisie\/2022\/02\/09\/ooredoo-affirme-ne-pas-avoir-de-connexions-politiques\/\"]}]},{\"@type\":\"ImageObject\",\"inLanguage\":\"fr-FR\",\"@id\":\"https:\/\/kapitalis.com\/tunisie\/2022\/02\/09\/ooredoo-affirme-ne-pas-avoir-de-connexions-politiques\/#primaryimage\",\"url\":\"\",\"contentUrl\":\"\"},{\"@type\":\"BreadcrumbList\",\"@id\":\"https:\/\/kapitalis.com\/tunisie\/2022\/02\/09\/ooredoo-affirme-ne-pas-avoir-de-connexions-politiques\/#breadcrumb\",\"itemListElement\":[{\"@type\":\"ListItem\",\"position\":1,\"name\":\"Accueil\",\"item\":\"https:\/\/kapitalis.com\/tunisie\/\"},{\"@type\":\"ListItem\",\"position\":2,\"name\":\"Ooredoo affirme ne pas avoir de connexions politiques\"}]},{\"@type\":\"WebSite\",\"@id\":\"https:\/\/kapitalis.com\/tunisie\/#website\",\"url\":\"https:\/\/kapitalis.com\/tunisie\/\",\"name\":\"Kapitalis\",\"description\":\"L&#039;actualit\u00e9 en Tunisie et dans le monde\",\"publisher\":{\"@id\":\"https:\/\/kapitalis.com\/tunisie\/#organization\"},\"potentialAction\":[{\"@type\":\"SearchAction\",\"target\":{\"@type\":\"EntryPoint\",\"urlTemplate\":\"https:\/\/kapitalis.com\/tunisie\/?s={search_term_string}\"},\"query-input\":{\"@type\":\"PropertyValueSpecification\",\"valueRequired\":true,\"valueName\":\"search_term_string\"}}],\"inLanguage\":\"fr-FR\"},{\"@type\":\"Organization\",\"@id\":\"https:\/\/kapitalis.com\/tunisie\/#organization\",\"name\":\"Kapitalis\",\"url\":\"https:\/\/kapitalis.com\/tunisie\/\",\"logo\":{\"@type\":\"ImageObject\",\"inLanguage\":\"fr-FR\",\"@id\":\"https:\/\/kapitalis.com\/tunisie\/#\/schema\/logo\/image\/\",\"url\":\"https:\/\/kapitalis.com\/tunisie\/wp-content\/uploads\/2022\/05\/Kapitalis-big-size.png\",\"contentUrl\":\"https:\/\/kapitalis.com\/tunisie\/wp-content\/uploads\/2022\/05\/Kapitalis-big-size.png\",\"width\":5000,\"height\":1500,\"caption\":\"Kapitalis\"},\"image\":{\"@id\":\"https:\/\/kapitalis.com\/tunisie\/#\/schema\/logo\/image\/\"},\"sameAs\":[\"https:\/\/www.facebook.com\/KapitalisInfo\/\",\"https:\/\/x.com\/KapitalisInfo\",\"https:\/\/www.youtube.com\/channel\/UC-yDYrHyfFBWWZaOw3FPg9Q\"]},{\"@type\":\"Person\",\"@id\":\"https:\/\/kapitalis.com\/tunisie\/#\/schema\/person\/d71f33a9ca44f7bad4698210b480c8e9\",\"name\":\"webmaster kapitalis\",\"url\":\"https:\/\/kapitalis.com\/tunisie\/author\/webmaster-kapitalis\/\"}]}<\/script>\n<!-- \/ Yoast SEO plugin. -->","yoast_head_json":{"title":"Ooredoo affirme ne pas avoir de connexions politiques - Kapitalis","robots":{"index":"index","follow":"follow","max-snippet":"max-snippet:-1","max-image-preview":"max-image-preview:large","max-video-preview":"max-video-preview:-1"},"canonical":"https:\/\/kapitalis.com\/tunisie\/2022\/02\/09\/ooredoo-affirme-ne-pas-avoir-de-connexions-politiques\/","og_locale":"fr_FR","og_type":"article","og_title":"Ooredoo affirme ne pas avoir de connexions politiques - Kapitalis","og_description":"Suite aux accusations port\u00e9es ce mercredi 9 f\u00e9vrier 2022 par un des membres du comit\u00e9 de d\u00e9fense des martyrs Chokri Belaid et Mohamed Brahmi, l&rsquo;op\u00e9rateur Ooredoo a rendu public le communiqu\u00e9 suivant o\u00f9 il d\u00e9ment toute connexion politique,","og_url":"https:\/\/kapitalis.com\/tunisie\/2022\/02\/09\/ooredoo-affirme-ne-pas-avoir-de-connexions-politiques\/","og_site_name":"Kapitalis","article_publisher":"https:\/\/www.facebook.com\/KapitalisInfo\/","article_published_time":"2022-02-09T17:59:35+00:00","article_modified_time":"2022-02-09T18:05:26+00:00","og_image":[{"width":1200,"height":630,"url":"https:\/\/kapitalis.com\/tunisie\/wp-content\/uploads\/2022\/05\/kapitalis-logo-fb.png","type":"image\/png"}],"author":"webmaster kapitalis","twitter_card":"summary_large_image","twitter_creator":"@KapitalisInfo","twitter_site":"@KapitalisInfo","twitter_misc":{"\u00c9crit par":"webmaster kapitalis","Dur\u00e9e de lecture estim\u00e9e":"2 minutes"},"schema":{"@context":"https:\/\/schema.org","@graph":[{"@type":"Article","@id":"https:\/\/kapitalis.com\/tunisie\/2022\/02\/09\/ooredoo-affirme-ne-pas-avoir-de-connexions-politiques\/#article","isPartOf":{"@id":"https:\/\/kapitalis.com\/tunisie\/2022\/02\/09\/ooredoo-affirme-ne-pas-avoir-de-connexions-politiques\/"},"author":{"name":"webmaster kapitalis","@id":"https:\/\/kapitalis.com\/tunisie\/#\/schema\/person\/d71f33a9ca44f7bad4698210b480c8e9"},"headline":"Ooredoo affirme ne pas avoir de connexions politiques","datePublished":"2022-02-09T17:59:35+00:00","dateModified":"2022-02-09T18:05:26+00:00","mainEntityOfPage":{"@id":"https:\/\/kapitalis.com\/tunisie\/2022\/02\/09\/ooredoo-affirme-ne-pas-avoir-de-connexions-politiques\/"},"wordCount":320,"commentCount":3,"publisher":{"@id":"https:\/\/kapitalis.com\/tunisie\/#organization"},"image":{"@id":"https:\/\/kapitalis.com\/tunisie\/2022\/02\/09\/ooredoo-affirme-ne-pas-avoir-de-connexions-politiques\/#primaryimage"},"thumbnailUrl":"","keywords":["connexions politiques","Mansoor Rashid Al Khater","Ooredoo"],"articleSection":["ECONOMIE","POLITIQUE","Tunisie"],"inLanguage":"fr-FR","potentialAction":[{"@type":"CommentAction","name":"Comment","target":["https:\/\/kapitalis.com\/tunisie\/2022\/02\/09\/ooredoo-affirme-ne-pas-avoir-de-connexions-politiques\/#respond"]}]},{"@type":"WebPage","@id":"https:\/\/kapitalis.com\/tunisie\/2022\/02\/09\/ooredoo-affirme-ne-pas-avoir-de-connexions-politiques\/","url":"https:\/\/kapitalis.com\/tunisie\/2022\/02\/09\/ooredoo-affirme-ne-pas-avoir-de-connexions-politiques\/","name":"Ooredoo affirme ne pas avoir de connexions politiques - Kapitalis","isPartOf":{"@id":"https:\/\/kapitalis.com\/tunisie\/#website"},"primaryImageOfPage":{"@id":"https:\/\/kapitalis.com\/tunisie\/2022\/02\/09\/ooredoo-affirme-ne-pas-avoir-de-connexions-politiques\/#primaryimage"},"image":{"@id":"https:\/\/kapitalis.com\/tunisie\/2022\/02\/09\/ooredoo-affirme-ne-pas-avoir-de-connexions-politiques\/#primaryimage"},"thumbnailUrl":"","datePublished":"2022-02-09T17:59:35+00:00","dateModified":"2022-02-09T18:05:26+00:00","breadcrumb":{"@id":"https:\/\/kapitalis.com\/tunisie\/2022\/02\/09\/ooredoo-affirme-ne-pas-avoir-de-connexions-politiques\/#breadcrumb"},"inLanguage":"fr-FR","potentialAction":[{"@type":"ReadAction","target":["https:\/\/kapitalis.com\/tunisie\/2022\/02\/09\/ooredoo-affirme-ne-pas-avoir-de-connexions-politiques\/"]}]},{"@type":"ImageObject","inLanguage":"fr-FR","@id":"https:\/\/kapitalis.com\/tunisie\/2022\/02\/09\/ooredoo-affirme-ne-pas-avoir-de-connexions-politiques\/#primaryimage","url":"","contentUrl":""},{"@type":"BreadcrumbList","@id":"https:\/\/kapitalis.com\/tunisie\/2022\/02\/09\/ooredoo-affirme-ne-pas-avoir-de-connexions-politiques\/#breadcrumb","itemListElement":[{"@type":"ListItem","position":1,"name":"Accueil","item":"https:\/\/kapitalis.com\/tunisie\/"},{"@type":"ListItem","position":2,"name":"Ooredoo affirme ne pas avoir de connexions politiques"}]},{"@type":"WebSite","@id":"https:\/\/kapitalis.com\/tunisie\/#website","url":"https:\/\/kapitalis.com\/tunisie\/","name":"Kapitalis","description":"L&#039;actualit\u00e9 en Tunisie et dans le monde","publisher":{"@id":"https:\/\/kapitalis.com\/tunisie\/#organization"},"potentialAction":[{"@type":"SearchAction","target":{"@type":"EntryPoint","urlTemplate":"https:\/\/kapitalis.com\/tunisie\/?s={search_term_string}"},"query-input":{"@type":"PropertyValueSpecification","valueRequired":true,"valueName":"search_term_string"}}],"inLanguage":"fr-FR"},{"@type":"Organization","@id":"https:\/\/kapitalis.com\/tunisie\/#organization","name":"Kapitalis","url":"https:\/\/kapitalis.com\/tunisie\/","logo":{"@type":"ImageObject","inLanguage":"fr-FR","@id":"https:\/\/kapitalis.com\/tunisie\/#\/schema\/logo\/image\/","url":"https:\/\/kapitalis.com\/tunisie\/wp-content\/uploads\/2022\/05\/Kapitalis-big-size.png","contentUrl":"https:\/\/kapitalis.com\/tunisie\/wp-content\/uploads\/2022\/05\/Kapitalis-big-size.png","width":5000,"height":1500,"caption":"Kapitalis"},"image":{"@id":"https:\/\/kapitalis.com\/tunisie\/#\/schema\/logo\/image\/"},"sameAs":["https:\/\/www.facebook.com\/KapitalisInfo\/","https:\/\/x.com\/KapitalisInfo","https:\/\/www.youtube.com\/channel\/UC-yDYrHyfFBWWZaOw3FPg9Q"]},{"@type":"Person","@id":"https:\/\/kapitalis.com\/tunisie\/#\/schema\/person\/d71f33a9ca44f7bad4698210b480c8e9","name":"webmaster kapitalis","url":"https:\/\/kapitalis.com\/tunisie\/author\/webmaster-kapitalis\/"}]}},"_links":{"self":[{"href":"https:\/\/kapitalis.com\/tunisie\/wp-json\/wp\/v2\/posts\/380230","targetHints":{"allow":["GET"]}}],"collection":[{"href":"https:\/\/kapitalis.com\/tunisie\/wp-json\/wp\/v2\/posts"}],"about":[{"href":"https:\/\/kapitalis.com\/tunisie\/wp-json\/wp\/v2\/types\/post"}],"author":[{"embeddable":true,"href":"https:\/\/kapitalis.com\/tunisie\/wp-json\/wp\/v2\/users\/8"}],"replies":[{"embeddable":true,"href":"https:\/\/kapitalis.com\/tunisie\/wp-json\/wp\/v2\/comments?post=380230"}],"version-history":[{"count":0,"href":"https:\/\/kapitalis.com\/tunisie\/wp-json\/wp\/v2\/posts\/380230\/revisions"}],"wp:featuredmedia":[{"embeddable":true,"href":"https:\/\/kapitalis.com\/tunisie\/wp-json\/wp\/v2\/media\/380232"}],"wp:attachment":[{"href":"https:\/\/kapitalis.com\/tunisie\/wp-json\/wp\/v2\/media?parent=380230"}],"wp:term":[{"taxonomy":"category","embeddable":true,"href":"https:\/\/kapitalis.com\/tunisie\/wp-json\/wp\/v2\/categories?post=380230"},{"taxonomy":"post_tag","embeddable":true,"href":"https:\/\/kapitalis.com\/tunisie\/wp-json\/wp\/v2\/tags?post=380230"}],"curies":[{"name":"wp","href":"https:\/\/api.w.org\/{rel}","templated":true}]}}