{"id":380274,"date":"2022-02-10T11:12:03","date_gmt":"2022-02-10T10:12:03","guid":{"rendered":"http:\/\/kapitalis.com\/tunisie\/?p=380274"},"modified":"2022-02-10T11:15:59","modified_gmt":"2022-02-10T10:15:59","slug":"la-librairie-el-moez-renait-de-ses-cendres-et-rouvre-bientot-ses-portes","status":"publish","type":"post","link":"https:\/\/kapitalis.com\/tunisie\/2022\/02\/10\/la-librairie-el-moez-renait-de-ses-cendres-et-rouvre-bientot-ses-portes\/","title":{"rendered":"La Librairie El Moez rena\u00eet de ses cendres et rouvre bient\u00f4t ses portes"},"content":{"rendered":"\n<div class=\"wp-block-image\"><figure class=\"aligncenter size-full\"><img decoding=\"async\" src=\"http:\/\/kapitalis.com\/tunisie\/wp-content\/uploads\/2022\/02\/Untitled-6-1.jpg\" alt=\"\" class=\"wp-image-380282\"\/><\/figure><\/div>\n\n\n\n<p><em><strong>Ferm\u00e9e depuis le mois de novembre 2021 suite \u00e0 un terrible incendie, la librairie El Moez au Menzah 1 s\u2019appr\u00eate enfin \u00e0 ouvrir de nouveau ses portes.<\/strong><\/em><\/p>\n\n\n\n<!--more-->\n\n\n\n<p>Un \u00e9norme incendie s\u2019\u00e9tait d\u00e9clar\u00e9e le 12 novembre dernier \u00e0 la librairie El Moez et a ravag\u00e9 l\u2019ensemble des livres qui s\u2019y vendaient. La librairie est rest\u00e9e depuis ferm\u00e9e, mais plusieurs artistes et personnalit\u00e9s culturelles ont lanc\u00e9 un mois plus tard une campagne de soutien avec la boutique Extaze permettant de r\u00e9colter un fonds pour les travaux de r\u00e9novation de la librairie.<\/p>\n\n\n\n<div class=\"wp-block-image\"><figure class=\"aligncenter size-full\"><img decoding=\"async\" src=\"http:\/\/kapitalis.com\/tunisie\/wp-content\/uploads\/2022\/02\/Untitled-7.jpg\" alt=\"\" class=\"wp-image-380281\"\/><\/figure><\/div>\n\n\n\n<p>Les travaux semblent avoir bien avanc\u00e9 puisque la librairie a annonc\u00e9 sur sa page Facebook qu\u2019elle sera de nouveau ouverte aux amoureux du livre et \u00e0 ses fid\u00e8les visiteurs. Sur les photos partag\u00e9es, on voit bien que les pr\u00e9paratifs avancent \u00e0 grands pas et que les rayons comment \u00e0 se remplir de nouveau.<\/p>\n","protected":false},"excerpt":{"rendered":"<p>Ferm\u00e9e depuis le mois de novembre 2021 suite \u00e0 un terrible incendie, la librairie El Moez au Menzah 1 s\u2019appr\u00eate enfin \u00e0 ouvrir de nouveau ses portes.<\/p>\n","protected":false},"author":26,"featured_media":380281,"comment_status":"open","ping_status":"open","sticky":false,"template":"","format":"standard","meta":{"footnotes":""},"categories":[994,2433],"tags":[95797,97208,62643],"class_list":["post-380274","post","type-post","status-publish","format-standard","has-post-thumbnail","hentry","category-culture","category-tunisie","tag-librairie-el-moez","tag-reouverture-librairie-el-moez","tag-tunisie"],"yoast_head":"<!-- This site is optimized with the Yoast SEO plugin v26.6 - https:\/\/yoast.com\/wordpress\/plugins\/seo\/ -->\n<title>La Librairie El Moez rena\u00eet de ses cendres et rouvre bient\u00f4t ses portes - Kapitalis<\/title>\n<meta name=\"robots\" content=\"index, follow, max-snippet:-1, max-image-preview:large, max-video-preview:-1\" \/>\n<link rel=\"canonical\" href=\"https:\/\/kapitalis.com\/tunisie\/2022\/02\/10\/la-librairie-el-moez-renait-de-ses-cendres-et-rouvre-bientot-ses-portes\/\" \/>\n<meta property=\"og:locale\" content=\"fr_FR\" \/>\n<meta property=\"og:type\" content=\"article\" \/>\n<meta property=\"og:title\" content=\"La Librairie El Moez rena\u00eet de ses cendres et rouvre bient\u00f4t ses portes - Kapitalis\" \/>\n<meta property=\"og:description\" content=\"Ferm\u00e9e depuis le mois de novembre 2021 suite \u00e0 un terrible incendie, la librairie El Moez au Menzah 1 s\u2019appr\u00eate enfin \u00e0 ouvrir de nouveau ses portes.\" \/>\n<meta property=\"og:url\" content=\"https:\/\/kapitalis.com\/tunisie\/2022\/02\/10\/la-librairie-el-moez-renait-de-ses-cendres-et-rouvre-bientot-ses-portes\/\" \/>\n<meta property=\"og:site_name\" content=\"Kapitalis\" \/>\n<meta property=\"article:publisher\" content=\"https:\/\/www.facebook.com\/KapitalisInfo\/\" \/>\n<meta property=\"article:published_time\" content=\"2022-02-10T10:12:03+00:00\" \/>\n<meta property=\"article:modified_time\" content=\"2022-02-10T10:15:59+00:00\" \/>\n<meta property=\"og:image\" content=\"https:\/\/kapitalis.com\/tunisie\/wp-content\/uploads\/2022\/05\/kapitalis-logo-fb.png\" \/>\n\t<meta property=\"og:image:width\" content=\"1200\" \/>\n\t<meta property=\"og:image:height\" content=\"630\" \/>\n\t<meta property=\"og:image:type\" content=\"image\/png\" \/>\n<meta name=\"author\" content=\"Fawz BenAli\" \/>\n<meta name=\"twitter:card\" content=\"summary_large_image\" \/>\n<meta name=\"twitter:creator\" content=\"@KapitalisInfo\" \/>\n<meta name=\"twitter:site\" content=\"@KapitalisInfo\" \/>\n<meta name=\"twitter:label1\" content=\"\u00c9crit par\" \/>\n\t<meta name=\"twitter:data1\" content=\"Fawz BenAli\" \/>\n\t<meta name=\"twitter:label2\" content=\"Dur\u00e9e de lecture estim\u00e9e\" \/>\n\t<meta name=\"twitter:data2\" content=\"1 minute\" \/>\n<script type=\"application\/ld+json\" class=\"yoast-schema-graph\">{\"@context\":\"https:\/\/schema.org\",\"@graph\":[{\"@type\":\"Article\",\"@id\":\"https:\/\/kapitalis.com\/tunisie\/2022\/02\/10\/la-librairie-el-moez-renait-de-ses-cendres-et-rouvre-bientot-ses-portes\/#article\",\"isPartOf\":{\"@id\":\"https:\/\/kapitalis.com\/tunisie\/2022\/02\/10\/la-librairie-el-moez-renait-de-ses-cendres-et-rouvre-bientot-ses-portes\/\"},\"author\":{\"name\":\"Fawz BenAli\",\"@id\":\"https:\/\/kapitalis.com\/tunisie\/#\/schema\/person\/73a5ecc1f6ae540c6ed91342eadca948\"},\"headline\":\"La Librairie El Moez rena\u00eet de ses cendres et rouvre bient\u00f4t ses portes\",\"datePublished\":\"2022-02-10T10:12:03+00:00\",\"dateModified\":\"2022-02-10T10:15:59+00:00\",\"mainEntityOfPage\":{\"@id\":\"https:\/\/kapitalis.com\/tunisie\/2022\/02\/10\/la-librairie-el-moez-renait-de-ses-cendres-et-rouvre-bientot-ses-portes\/\"},\"wordCount\":165,\"commentCount\":0,\"publisher\":{\"@id\":\"https:\/\/kapitalis.com\/tunisie\/#organization\"},\"image\":{\"@id\":\"https:\/\/kapitalis.com\/tunisie\/2022\/02\/10\/la-librairie-el-moez-renait-de-ses-cendres-et-rouvre-bientot-ses-portes\/#primaryimage\"},\"thumbnailUrl\":\"\",\"keywords\":[\"librairie El Moez\",\"r\u00e9ouverture librairie El Moez\",\"Tunisie\"],\"articleSection\":[\"CULTURE\",\"Tunisie\"],\"inLanguage\":\"fr-FR\",\"potentialAction\":[{\"@type\":\"CommentAction\",\"name\":\"Comment\",\"target\":[\"https:\/\/kapitalis.com\/tunisie\/2022\/02\/10\/la-librairie-el-moez-renait-de-ses-cendres-et-rouvre-bientot-ses-portes\/#respond\"]}]},{\"@type\":\"WebPage\",\"@id\":\"https:\/\/kapitalis.com\/tunisie\/2022\/02\/10\/la-librairie-el-moez-renait-de-ses-cendres-et-rouvre-bientot-ses-portes\/\",\"url\":\"https:\/\/kapitalis.com\/tunisie\/2022\/02\/10\/la-librairie-el-moez-renait-de-ses-cendres-et-rouvre-bientot-ses-portes\/\",\"name\":\"La Librairie El Moez rena\u00eet de ses cendres et rouvre bient\u00f4t ses portes - Kapitalis\",\"isPartOf\":{\"@id\":\"https:\/\/kapitalis.com\/tunisie\/#website\"},\"primaryImageOfPage\":{\"@id\":\"https:\/\/kapitalis.com\/tunisie\/2022\/02\/10\/la-librairie-el-moez-renait-de-ses-cendres-et-rouvre-bientot-ses-portes\/#primaryimage\"},\"image\":{\"@id\":\"https:\/\/kapitalis.com\/tunisie\/2022\/02\/10\/la-librairie-el-moez-renait-de-ses-cendres-et-rouvre-bientot-ses-portes\/#primaryimage\"},\"thumbnailUrl\":\"\",\"datePublished\":\"2022-02-10T10:12:03+00:00\",\"dateModified\":\"2022-02-10T10:15:59+00:00\",\"breadcrumb\":{\"@id\":\"https:\/\/kapitalis.com\/tunisie\/2022\/02\/10\/la-librairie-el-moez-renait-de-ses-cendres-et-rouvre-bientot-ses-portes\/#breadcrumb\"},\"inLanguage\":\"fr-FR\",\"potentialAction\":[{\"@type\":\"ReadAction\",\"target\":[\"https:\/\/kapitalis.com\/tunisie\/2022\/02\/10\/la-librairie-el-moez-renait-de-ses-cendres-et-rouvre-bientot-ses-portes\/\"]}]},{\"@type\":\"ImageObject\",\"inLanguage\":\"fr-FR\",\"@id\":\"https:\/\/kapitalis.com\/tunisie\/2022\/02\/10\/la-librairie-el-moez-renait-de-ses-cendres-et-rouvre-bientot-ses-portes\/#primaryimage\",\"url\":\"\",\"contentUrl\":\"\"},{\"@type\":\"BreadcrumbList\",\"@id\":\"https:\/\/kapitalis.com\/tunisie\/2022\/02\/10\/la-librairie-el-moez-renait-de-ses-cendres-et-rouvre-bientot-ses-portes\/#breadcrumb\",\"itemListElement\":[{\"@type\":\"ListItem\",\"position\":1,\"name\":\"Accueil\",\"item\":\"https:\/\/kapitalis.com\/tunisie\/\"},{\"@type\":\"ListItem\",\"position\":2,\"name\":\"La Librairie El Moez rena\u00eet de ses cendres et rouvre bient\u00f4t ses portes\"}]},{\"@type\":\"WebSite\",\"@id\":\"https:\/\/kapitalis.com\/tunisie\/#website\",\"url\":\"https:\/\/kapitalis.com\/tunisie\/\",\"name\":\"Kapitalis\",\"description\":\"L&#039;actualit\u00e9 en Tunisie et dans le monde\",\"publisher\":{\"@id\":\"https:\/\/kapitalis.com\/tunisie\/#organization\"},\"potentialAction\":[{\"@type\":\"SearchAction\",\"target\":{\"@type\":\"EntryPoint\",\"urlTemplate\":\"https:\/\/kapitalis.com\/tunisie\/?s={search_term_string}\"},\"query-input\":{\"@type\":\"PropertyValueSpecification\",\"valueRequired\":true,\"valueName\":\"search_term_string\"}}],\"inLanguage\":\"fr-FR\"},{\"@type\":\"Organization\",\"@id\":\"https:\/\/kapitalis.com\/tunisie\/#organization\",\"name\":\"Kapitalis\",\"url\":\"https:\/\/kapitalis.com\/tunisie\/\",\"logo\":{\"@type\":\"ImageObject\",\"inLanguage\":\"fr-FR\",\"@id\":\"https:\/\/kapitalis.com\/tunisie\/#\/schema\/logo\/image\/\",\"url\":\"https:\/\/kapitalis.com\/tunisie\/wp-content\/uploads\/2022\/05\/Kapitalis-big-size.png\",\"contentUrl\":\"https:\/\/kapitalis.com\/tunisie\/wp-content\/uploads\/2022\/05\/Kapitalis-big-size.png\",\"width\":5000,\"height\":1500,\"caption\":\"Kapitalis\"},\"image\":{\"@id\":\"https:\/\/kapitalis.com\/tunisie\/#\/schema\/logo\/image\/\"},\"sameAs\":[\"https:\/\/www.facebook.com\/KapitalisInfo\/\",\"https:\/\/x.com\/KapitalisInfo\",\"https:\/\/www.youtube.com\/channel\/UC-yDYrHyfFBWWZaOw3FPg9Q\"]},{\"@type\":\"Person\",\"@id\":\"https:\/\/kapitalis.com\/tunisie\/#\/schema\/person\/73a5ecc1f6ae540c6ed91342eadca948\",\"name\":\"Fawz BenAli\",\"url\":\"https:\/\/kapitalis.com\/tunisie\/author\/fawz\/\"}]}<\/script>\n<!-- \/ Yoast SEO plugin. -->","yoast_head_json":{"title":"La Librairie El Moez rena\u00eet de ses cendres et rouvre bient\u00f4t ses portes - Kapitalis","robots":{"index":"index","follow":"follow","max-snippet":"max-snippet:-1","max-image-preview":"max-image-preview:large","max-video-preview":"max-video-preview:-1"},"canonical":"https:\/\/kapitalis.com\/tunisie\/2022\/02\/10\/la-librairie-el-moez-renait-de-ses-cendres-et-rouvre-bientot-ses-portes\/","og_locale":"fr_FR","og_type":"article","og_title":"La Librairie El Moez rena\u00eet de ses cendres et rouvre bient\u00f4t ses portes - Kapitalis","og_description":"Ferm\u00e9e depuis le mois de novembre 2021 suite \u00e0 un terrible incendie, la librairie El Moez au Menzah 1 s\u2019appr\u00eate enfin \u00e0 ouvrir de nouveau ses portes.","og_url":"https:\/\/kapitalis.com\/tunisie\/2022\/02\/10\/la-librairie-el-moez-renait-de-ses-cendres-et-rouvre-bientot-ses-portes\/","og_site_name":"Kapitalis","article_publisher":"https:\/\/www.facebook.com\/KapitalisInfo\/","article_published_time":"2022-02-10T10:12:03+00:00","article_modified_time":"2022-02-10T10:15:59+00:00","og_image":[{"width":1200,"height":630,"url":"https:\/\/kapitalis.com\/tunisie\/wp-content\/uploads\/2022\/05\/kapitalis-logo-fb.png","type":"image\/png"}],"author":"Fawz BenAli","twitter_card":"summary_large_image","twitter_creator":"@KapitalisInfo","twitter_site":"@KapitalisInfo","twitter_misc":{"\u00c9crit par":"Fawz BenAli","Dur\u00e9e de lecture estim\u00e9e":"1 minute"},"schema":{"@context":"https:\/\/schema.org","@graph":[{"@type":"Article","@id":"https:\/\/kapitalis.com\/tunisie\/2022\/02\/10\/la-librairie-el-moez-renait-de-ses-cendres-et-rouvre-bientot-ses-portes\/#article","isPartOf":{"@id":"https:\/\/kapitalis.com\/tunisie\/2022\/02\/10\/la-librairie-el-moez-renait-de-ses-cendres-et-rouvre-bientot-ses-portes\/"},"author":{"name":"Fawz BenAli","@id":"https:\/\/kapitalis.com\/tunisie\/#\/schema\/person\/73a5ecc1f6ae540c6ed91342eadca948"},"headline":"La Librairie El Moez rena\u00eet de ses cendres et rouvre bient\u00f4t ses portes","datePublished":"2022-02-10T10:12:03+00:00","dateModified":"2022-02-10T10:15:59+00:00","mainEntityOfPage":{"@id":"https:\/\/kapitalis.com\/tunisie\/2022\/02\/10\/la-librairie-el-moez-renait-de-ses-cendres-et-rouvre-bientot-ses-portes\/"},"wordCount":165,"commentCount":0,"publisher":{"@id":"https:\/\/kapitalis.com\/tunisie\/#organization"},"image":{"@id":"https:\/\/kapitalis.com\/tunisie\/2022\/02\/10\/la-librairie-el-moez-renait-de-ses-cendres-et-rouvre-bientot-ses-portes\/#primaryimage"},"thumbnailUrl":"","keywords":["librairie El Moez","r\u00e9ouverture librairie El Moez","Tunisie"],"articleSection":["CULTURE","Tunisie"],"inLanguage":"fr-FR","potentialAction":[{"@type":"CommentAction","name":"Comment","target":["https:\/\/kapitalis.com\/tunisie\/2022\/02\/10\/la-librairie-el-moez-renait-de-ses-cendres-et-rouvre-bientot-ses-portes\/#respond"]}]},{"@type":"WebPage","@id":"https:\/\/kapitalis.com\/tunisie\/2022\/02\/10\/la-librairie-el-moez-renait-de-ses-cendres-et-rouvre-bientot-ses-portes\/","url":"https:\/\/kapitalis.com\/tunisie\/2022\/02\/10\/la-librairie-el-moez-renait-de-ses-cendres-et-rouvre-bientot-ses-portes\/","name":"La Librairie El Moez rena\u00eet de ses cendres et rouvre bient\u00f4t ses portes - Kapitalis","isPartOf":{"@id":"https:\/\/kapitalis.com\/tunisie\/#website"},"primaryImageOfPage":{"@id":"https:\/\/kapitalis.com\/tunisie\/2022\/02\/10\/la-librairie-el-moez-renait-de-ses-cendres-et-rouvre-bientot-ses-portes\/#primaryimage"},"image":{"@id":"https:\/\/kapitalis.com\/tunisie\/2022\/02\/10\/la-librairie-el-moez-renait-de-ses-cendres-et-rouvre-bientot-ses-portes\/#primaryimage"},"thumbnailUrl":"","datePublished":"2022-02-10T10:12:03+00:00","dateModified":"2022-02-10T10:15:59+00:00","breadcrumb":{"@id":"https:\/\/kapitalis.com\/tunisie\/2022\/02\/10\/la-librairie-el-moez-renait-de-ses-cendres-et-rouvre-bientot-ses-portes\/#breadcrumb"},"inLanguage":"fr-FR","potentialAction":[{"@type":"ReadAction","target":["https:\/\/kapitalis.com\/tunisie\/2022\/02\/10\/la-librairie-el-moez-renait-de-ses-cendres-et-rouvre-bientot-ses-portes\/"]}]},{"@type":"ImageObject","inLanguage":"fr-FR","@id":"https:\/\/kapitalis.com\/tunisie\/2022\/02\/10\/la-librairie-el-moez-renait-de-ses-cendres-et-rouvre-bientot-ses-portes\/#primaryimage","url":"","contentUrl":""},{"@type":"BreadcrumbList","@id":"https:\/\/kapitalis.com\/tunisie\/2022\/02\/10\/la-librairie-el-moez-renait-de-ses-cendres-et-rouvre-bientot-ses-portes\/#breadcrumb","itemListElement":[{"@type":"ListItem","position":1,"name":"Accueil","item":"https:\/\/kapitalis.com\/tunisie\/"},{"@type":"ListItem","position":2,"name":"La Librairie El Moez rena\u00eet de ses cendres et rouvre bient\u00f4t ses portes"}]},{"@type":"WebSite","@id":"https:\/\/kapitalis.com\/tunisie\/#website","url":"https:\/\/kapitalis.com\/tunisie\/","name":"Kapitalis","description":"L&#039;actualit\u00e9 en Tunisie et dans le monde","publisher":{"@id":"https:\/\/kapitalis.com\/tunisie\/#organization"},"potentialAction":[{"@type":"SearchAction","target":{"@type":"EntryPoint","urlTemplate":"https:\/\/kapitalis.com\/tunisie\/?s={search_term_string}"},"query-input":{"@type":"PropertyValueSpecification","valueRequired":true,"valueName":"search_term_string"}}],"inLanguage":"fr-FR"},{"@type":"Organization","@id":"https:\/\/kapitalis.com\/tunisie\/#organization","name":"Kapitalis","url":"https:\/\/kapitalis.com\/tunisie\/","logo":{"@type":"ImageObject","inLanguage":"fr-FR","@id":"https:\/\/kapitalis.com\/tunisie\/#\/schema\/logo\/image\/","url":"https:\/\/kapitalis.com\/tunisie\/wp-content\/uploads\/2022\/05\/Kapitalis-big-size.png","contentUrl":"https:\/\/kapitalis.com\/tunisie\/wp-content\/uploads\/2022\/05\/Kapitalis-big-size.png","width":5000,"height":1500,"caption":"Kapitalis"},"image":{"@id":"https:\/\/kapitalis.com\/tunisie\/#\/schema\/logo\/image\/"},"sameAs":["https:\/\/www.facebook.com\/KapitalisInfo\/","https:\/\/x.com\/KapitalisInfo","https:\/\/www.youtube.com\/channel\/UC-yDYrHyfFBWWZaOw3FPg9Q"]},{"@type":"Person","@id":"https:\/\/kapitalis.com\/tunisie\/#\/schema\/person\/73a5ecc1f6ae540c6ed91342eadca948","name":"Fawz BenAli","url":"https:\/\/kapitalis.com\/tunisie\/author\/fawz\/"}]}},"_links":{"self":[{"href":"https:\/\/kapitalis.com\/tunisie\/wp-json\/wp\/v2\/posts\/380274","targetHints":{"allow":["GET"]}}],"collection":[{"href":"https:\/\/kapitalis.com\/tunisie\/wp-json\/wp\/v2\/posts"}],"about":[{"href":"https:\/\/kapitalis.com\/tunisie\/wp-json\/wp\/v2\/types\/post"}],"author":[{"embeddable":true,"href":"https:\/\/kapitalis.com\/tunisie\/wp-json\/wp\/v2\/users\/26"}],"replies":[{"embeddable":true,"href":"https:\/\/kapitalis.com\/tunisie\/wp-json\/wp\/v2\/comments?post=380274"}],"version-history":[{"count":0,"href":"https:\/\/kapitalis.com\/tunisie\/wp-json\/wp\/v2\/posts\/380274\/revisions"}],"wp:featuredmedia":[{"embeddable":true,"href":"https:\/\/kapitalis.com\/tunisie\/wp-json\/wp\/v2\/media\/380281"}],"wp:attachment":[{"href":"https:\/\/kapitalis.com\/tunisie\/wp-json\/wp\/v2\/media?parent=380274"}],"wp:term":[{"taxonomy":"category","embeddable":true,"href":"https:\/\/kapitalis.com\/tunisie\/wp-json\/wp\/v2\/categories?post=380274"},{"taxonomy":"post_tag","embeddable":true,"href":"https:\/\/kapitalis.com\/tunisie\/wp-json\/wp\/v2\/tags?post=380274"}],"curies":[{"name":"wp","href":"https:\/\/api.w.org\/{rel}","templated":true}]}}