{"id":380337,"date":"2022-02-10T18:09:09","date_gmt":"2022-02-10T17:09:09","guid":{"rendered":"http:\/\/kapitalis.com\/tunisie\/?p=380337"},"modified":"2022-02-10T18:11:58","modified_gmt":"2022-02-10T17:11:58","slug":"espace-sadika-de-corde-en-aiguille-chronique-dun-confinement-inspirant","status":"publish","type":"post","link":"https:\/\/kapitalis.com\/tunisie\/2022\/02\/10\/espace-sadika-de-corde-en-aiguille-chronique-dun-confinement-inspirant\/","title":{"rendered":"Espace Sadika : \u00ab\u00a0De corde en aiguille\u00a0\u00bb, chronique d&rsquo;un confinement inspirant"},"content":{"rendered":"\n<div class=\"wp-block-image\"><figure class=\"aligncenter size-full\"><img decoding=\"async\" src=\"http:\/\/kapitalis.com\/tunisie\/wp-content\/uploads\/2022\/02\/Untitled-9.jpg\" alt=\"\" class=\"wp-image-380344\"\/><\/figure><\/div>\n\n\n\n<p><em><strong>L\u2019espace Sadika \u00e0 Gammarth accueille en ce moment et jusqu\u2019au 20 f\u00e9vrier l\u2019exposition \u00ab\u00a0De corde en aiguille\u00a0\u00bb de Semia Mestiri Douik. Une quarantaine d\u2019\u0153uvres r\u00e9alis\u00e9es \u00e0 base de cordes, de cordons et de fibres v\u00e9g\u00e9tales.<\/strong><\/em><\/p>\n\n\n\n<!--more-->\n\n\n\n<p>Beaucoup de projets artistiques sont n\u00e9s durant les diff\u00e9rentes p\u00e9riodes de confinement qu\u2019a connues la Tunisie ces deux derni\u00e8res ann\u00e9es, c\u2019est notamment le cas de l\u2019exposition \u00ab&nbsp;De corde en aiguille&nbsp;\u00bb de l\u2019artiste Semia Mestiri Douik, pour qui le confinement a \u00e9t\u00e9 un v\u00e9ritable catalyseur d\u2019id\u00e9es.<\/p>\n\n\n\n<p>Linguiste de formation, Semia Mestiri Douik a une passion pour la d\u00e9coration et la conception d\u2019objets. Ses r\u00e9alisations s\u2019inspirent de l\u2019art floral, de la composition des fleurs s\u00e9ch\u00e9es, ainsi que de l\u2019art ethnique et de l\u2019artisanat tunisien.<\/p>\n\n\n\n<p>Apr\u00e8s avoir particip\u00e9 \u00e0 plusieurs foires et salons internationaux, Semia Mestiri Douik pr\u00e9sente en ce moment sa derni\u00e8re exposition individuelle \u00ab\u00a0De corde en aiguille\u00a0\u00bb \u00e0 l&rsquo;espace Sadika (galerie Alain Nadaud) qui r\u00e9unit une quarantaine d\u2019\u0153uvres r\u00e9alis\u00e9es \u00e0 base de cordes, de cordons et de fibres v\u00e9g\u00e9tales de diff\u00e9rentes textures et \u00e9paisseurs.<\/p>\n","protected":false},"excerpt":{"rendered":"<p>L\u2019espace Sadika \u00e0 Gammarth accueille en ce moment et jusqu\u2019au 20 f\u00e9vrier l\u2019exposition \u00ab\u00a0De corde en aiguille\u00a0\u00bb de Semia Mestiri Douik. Une quarantaine d\u2019\u0153uvres r\u00e9alis\u00e9es \u00e0 base de cordes, de cordons et de fibres v\u00e9g\u00e9tales.<\/p>\n","protected":false},"author":26,"featured_media":380344,"comment_status":"open","ping_status":"open","sticky":false,"template":"","format":"standard","meta":{"footnotes":""},"categories":[994,2433],"tags":[97226,97224,96854,97225,62643],"class_list":["post-380337","post","type-post","status-publish","format-standard","has-post-thumbnail","hentry","category-culture","category-tunisie","tag-de-corde-en-aiguille","tag-espace-sadika","tag-galerie-alain-nadaud","tag-semia-mestiri-douik","tag-tunisie"],"yoast_head":"<!-- This site is optimized with the Yoast SEO plugin v26.6 - https:\/\/yoast.com\/wordpress\/plugins\/seo\/ -->\n<title>Espace Sadika : &quot;De corde en aiguille&quot;, chronique d&#039;un confinement inspirant - Kapitalis<\/title>\n<meta name=\"robots\" content=\"index, follow, max-snippet:-1, max-image-preview:large, max-video-preview:-1\" \/>\n<link rel=\"canonical\" href=\"https:\/\/kapitalis.com\/tunisie\/2022\/02\/10\/espace-sadika-de-corde-en-aiguille-chronique-dun-confinement-inspirant\/\" \/>\n<meta property=\"og:locale\" content=\"fr_FR\" \/>\n<meta property=\"og:type\" content=\"article\" \/>\n<meta property=\"og:title\" content=\"Espace Sadika : &quot;De corde en aiguille&quot;, chronique d&#039;un confinement inspirant - Kapitalis\" \/>\n<meta property=\"og:description\" content=\"L\u2019espace Sadika \u00e0 Gammarth accueille en ce moment et jusqu\u2019au 20 f\u00e9vrier l\u2019exposition \u00ab\u00a0De corde en aiguille\u00a0\u00bb de Semia Mestiri Douik. Une quarantaine d\u2019\u0153uvres r\u00e9alis\u00e9es \u00e0 base de cordes, de cordons et de fibres v\u00e9g\u00e9tales.\" \/>\n<meta property=\"og:url\" content=\"https:\/\/kapitalis.com\/tunisie\/2022\/02\/10\/espace-sadika-de-corde-en-aiguille-chronique-dun-confinement-inspirant\/\" \/>\n<meta property=\"og:site_name\" content=\"Kapitalis\" \/>\n<meta property=\"article:publisher\" content=\"https:\/\/www.facebook.com\/KapitalisInfo\/\" \/>\n<meta property=\"article:published_time\" content=\"2022-02-10T17:09:09+00:00\" \/>\n<meta property=\"article:modified_time\" content=\"2022-02-10T17:11:58+00:00\" \/>\n<meta property=\"og:image\" content=\"https:\/\/kapitalis.com\/tunisie\/wp-content\/uploads\/2022\/05\/kapitalis-logo-fb.png\" \/>\n\t<meta property=\"og:image:width\" content=\"1200\" \/>\n\t<meta property=\"og:image:height\" content=\"630\" \/>\n\t<meta property=\"og:image:type\" content=\"image\/png\" \/>\n<meta name=\"author\" content=\"Fawz BenAli\" \/>\n<meta name=\"twitter:card\" content=\"summary_large_image\" \/>\n<meta name=\"twitter:creator\" content=\"@KapitalisInfo\" \/>\n<meta name=\"twitter:site\" content=\"@KapitalisInfo\" \/>\n<meta name=\"twitter:label1\" content=\"\u00c9crit par\" \/>\n\t<meta name=\"twitter:data1\" content=\"Fawz BenAli\" \/>\n\t<meta name=\"twitter:label2\" content=\"Dur\u00e9e de lecture estim\u00e9e\" \/>\n\t<meta name=\"twitter:data2\" content=\"1 minute\" \/>\n<script type=\"application\/ld+json\" class=\"yoast-schema-graph\">{\"@context\":\"https:\/\/schema.org\",\"@graph\":[{\"@type\":\"Article\",\"@id\":\"https:\/\/kapitalis.com\/tunisie\/2022\/02\/10\/espace-sadika-de-corde-en-aiguille-chronique-dun-confinement-inspirant\/#article\",\"isPartOf\":{\"@id\":\"https:\/\/kapitalis.com\/tunisie\/2022\/02\/10\/espace-sadika-de-corde-en-aiguille-chronique-dun-confinement-inspirant\/\"},\"author\":{\"name\":\"Fawz BenAli\",\"@id\":\"https:\/\/kapitalis.com\/tunisie\/#\/schema\/person\/73a5ecc1f6ae540c6ed91342eadca948\"},\"headline\":\"Espace Sadika : \u00ab\u00a0De corde en aiguille\u00a0\u00bb, chronique d&rsquo;un confinement inspirant\",\"datePublished\":\"2022-02-10T17:09:09+00:00\",\"dateModified\":\"2022-02-10T17:11:58+00:00\",\"mainEntityOfPage\":{\"@id\":\"https:\/\/kapitalis.com\/tunisie\/2022\/02\/10\/espace-sadika-de-corde-en-aiguille-chronique-dun-confinement-inspirant\/\"},\"wordCount\":214,\"commentCount\":0,\"publisher\":{\"@id\":\"https:\/\/kapitalis.com\/tunisie\/#organization\"},\"image\":{\"@id\":\"https:\/\/kapitalis.com\/tunisie\/2022\/02\/10\/espace-sadika-de-corde-en-aiguille-chronique-dun-confinement-inspirant\/#primaryimage\"},\"thumbnailUrl\":\"\",\"keywords\":[\"De corde en aiguille\",\"Espace Sadika\",\"Galerie Alain Nadaud\",\"Semia Mestiri Douik\",\"Tunisie\"],\"articleSection\":[\"CULTURE\",\"Tunisie\"],\"inLanguage\":\"fr-FR\",\"potentialAction\":[{\"@type\":\"CommentAction\",\"name\":\"Comment\",\"target\":[\"https:\/\/kapitalis.com\/tunisie\/2022\/02\/10\/espace-sadika-de-corde-en-aiguille-chronique-dun-confinement-inspirant\/#respond\"]}]},{\"@type\":\"WebPage\",\"@id\":\"https:\/\/kapitalis.com\/tunisie\/2022\/02\/10\/espace-sadika-de-corde-en-aiguille-chronique-dun-confinement-inspirant\/\",\"url\":\"https:\/\/kapitalis.com\/tunisie\/2022\/02\/10\/espace-sadika-de-corde-en-aiguille-chronique-dun-confinement-inspirant\/\",\"name\":\"Espace Sadika : \\\"De corde en aiguille\\\", chronique d'un confinement inspirant - Kapitalis\",\"isPartOf\":{\"@id\":\"https:\/\/kapitalis.com\/tunisie\/#website\"},\"primaryImageOfPage\":{\"@id\":\"https:\/\/kapitalis.com\/tunisie\/2022\/02\/10\/espace-sadika-de-corde-en-aiguille-chronique-dun-confinement-inspirant\/#primaryimage\"},\"image\":{\"@id\":\"https:\/\/kapitalis.com\/tunisie\/2022\/02\/10\/espace-sadika-de-corde-en-aiguille-chronique-dun-confinement-inspirant\/#primaryimage\"},\"thumbnailUrl\":\"\",\"datePublished\":\"2022-02-10T17:09:09+00:00\",\"dateModified\":\"2022-02-10T17:11:58+00:00\",\"breadcrumb\":{\"@id\":\"https:\/\/kapitalis.com\/tunisie\/2022\/02\/10\/espace-sadika-de-corde-en-aiguille-chronique-dun-confinement-inspirant\/#breadcrumb\"},\"inLanguage\":\"fr-FR\",\"potentialAction\":[{\"@type\":\"ReadAction\",\"target\":[\"https:\/\/kapitalis.com\/tunisie\/2022\/02\/10\/espace-sadika-de-corde-en-aiguille-chronique-dun-confinement-inspirant\/\"]}]},{\"@type\":\"ImageObject\",\"inLanguage\":\"fr-FR\",\"@id\":\"https:\/\/kapitalis.com\/tunisie\/2022\/02\/10\/espace-sadika-de-corde-en-aiguille-chronique-dun-confinement-inspirant\/#primaryimage\",\"url\":\"\",\"contentUrl\":\"\"},{\"@type\":\"BreadcrumbList\",\"@id\":\"https:\/\/kapitalis.com\/tunisie\/2022\/02\/10\/espace-sadika-de-corde-en-aiguille-chronique-dun-confinement-inspirant\/#breadcrumb\",\"itemListElement\":[{\"@type\":\"ListItem\",\"position\":1,\"name\":\"Accueil\",\"item\":\"https:\/\/kapitalis.com\/tunisie\/\"},{\"@type\":\"ListItem\",\"position\":2,\"name\":\"Espace Sadika : \u00ab\u00a0De corde en aiguille\u00a0\u00bb, chronique d&rsquo;un confinement inspirant\"}]},{\"@type\":\"WebSite\",\"@id\":\"https:\/\/kapitalis.com\/tunisie\/#website\",\"url\":\"https:\/\/kapitalis.com\/tunisie\/\",\"name\":\"Kapitalis\",\"description\":\"L&#039;actualit\u00e9 en Tunisie et dans le monde\",\"publisher\":{\"@id\":\"https:\/\/kapitalis.com\/tunisie\/#organization\"},\"potentialAction\":[{\"@type\":\"SearchAction\",\"target\":{\"@type\":\"EntryPoint\",\"urlTemplate\":\"https:\/\/kapitalis.com\/tunisie\/?s={search_term_string}\"},\"query-input\":{\"@type\":\"PropertyValueSpecification\",\"valueRequired\":true,\"valueName\":\"search_term_string\"}}],\"inLanguage\":\"fr-FR\"},{\"@type\":\"Organization\",\"@id\":\"https:\/\/kapitalis.com\/tunisie\/#organization\",\"name\":\"Kapitalis\",\"url\":\"https:\/\/kapitalis.com\/tunisie\/\",\"logo\":{\"@type\":\"ImageObject\",\"inLanguage\":\"fr-FR\",\"@id\":\"https:\/\/kapitalis.com\/tunisie\/#\/schema\/logo\/image\/\",\"url\":\"https:\/\/kapitalis.com\/tunisie\/wp-content\/uploads\/2022\/05\/Kapitalis-big-size.png\",\"contentUrl\":\"https:\/\/kapitalis.com\/tunisie\/wp-content\/uploads\/2022\/05\/Kapitalis-big-size.png\",\"width\":5000,\"height\":1500,\"caption\":\"Kapitalis\"},\"image\":{\"@id\":\"https:\/\/kapitalis.com\/tunisie\/#\/schema\/logo\/image\/\"},\"sameAs\":[\"https:\/\/www.facebook.com\/KapitalisInfo\/\",\"https:\/\/x.com\/KapitalisInfo\",\"https:\/\/www.youtube.com\/channel\/UC-yDYrHyfFBWWZaOw3FPg9Q\"]},{\"@type\":\"Person\",\"@id\":\"https:\/\/kapitalis.com\/tunisie\/#\/schema\/person\/73a5ecc1f6ae540c6ed91342eadca948\",\"name\":\"Fawz BenAli\",\"url\":\"https:\/\/kapitalis.com\/tunisie\/author\/fawz\/\"}]}<\/script>\n<!-- \/ Yoast SEO plugin. -->","yoast_head_json":{"title":"Espace Sadika : \"De corde en aiguille\", chronique d'un confinement inspirant - Kapitalis","robots":{"index":"index","follow":"follow","max-snippet":"max-snippet:-1","max-image-preview":"max-image-preview:large","max-video-preview":"max-video-preview:-1"},"canonical":"https:\/\/kapitalis.com\/tunisie\/2022\/02\/10\/espace-sadika-de-corde-en-aiguille-chronique-dun-confinement-inspirant\/","og_locale":"fr_FR","og_type":"article","og_title":"Espace Sadika : \"De corde en aiguille\", chronique d'un confinement inspirant - Kapitalis","og_description":"L\u2019espace Sadika \u00e0 Gammarth accueille en ce moment et jusqu\u2019au 20 f\u00e9vrier l\u2019exposition \u00ab\u00a0De corde en aiguille\u00a0\u00bb de Semia Mestiri Douik. Une quarantaine d\u2019\u0153uvres r\u00e9alis\u00e9es \u00e0 base de cordes, de cordons et de fibres v\u00e9g\u00e9tales.","og_url":"https:\/\/kapitalis.com\/tunisie\/2022\/02\/10\/espace-sadika-de-corde-en-aiguille-chronique-dun-confinement-inspirant\/","og_site_name":"Kapitalis","article_publisher":"https:\/\/www.facebook.com\/KapitalisInfo\/","article_published_time":"2022-02-10T17:09:09+00:00","article_modified_time":"2022-02-10T17:11:58+00:00","og_image":[{"width":1200,"height":630,"url":"https:\/\/kapitalis.com\/tunisie\/wp-content\/uploads\/2022\/05\/kapitalis-logo-fb.png","type":"image\/png"}],"author":"Fawz BenAli","twitter_card":"summary_large_image","twitter_creator":"@KapitalisInfo","twitter_site":"@KapitalisInfo","twitter_misc":{"\u00c9crit par":"Fawz BenAli","Dur\u00e9e de lecture estim\u00e9e":"1 minute"},"schema":{"@context":"https:\/\/schema.org","@graph":[{"@type":"Article","@id":"https:\/\/kapitalis.com\/tunisie\/2022\/02\/10\/espace-sadika-de-corde-en-aiguille-chronique-dun-confinement-inspirant\/#article","isPartOf":{"@id":"https:\/\/kapitalis.com\/tunisie\/2022\/02\/10\/espace-sadika-de-corde-en-aiguille-chronique-dun-confinement-inspirant\/"},"author":{"name":"Fawz BenAli","@id":"https:\/\/kapitalis.com\/tunisie\/#\/schema\/person\/73a5ecc1f6ae540c6ed91342eadca948"},"headline":"Espace Sadika : \u00ab\u00a0De corde en aiguille\u00a0\u00bb, chronique d&rsquo;un confinement inspirant","datePublished":"2022-02-10T17:09:09+00:00","dateModified":"2022-02-10T17:11:58+00:00","mainEntityOfPage":{"@id":"https:\/\/kapitalis.com\/tunisie\/2022\/02\/10\/espace-sadika-de-corde-en-aiguille-chronique-dun-confinement-inspirant\/"},"wordCount":214,"commentCount":0,"publisher":{"@id":"https:\/\/kapitalis.com\/tunisie\/#organization"},"image":{"@id":"https:\/\/kapitalis.com\/tunisie\/2022\/02\/10\/espace-sadika-de-corde-en-aiguille-chronique-dun-confinement-inspirant\/#primaryimage"},"thumbnailUrl":"","keywords":["De corde en aiguille","Espace Sadika","Galerie Alain Nadaud","Semia Mestiri Douik","Tunisie"],"articleSection":["CULTURE","Tunisie"],"inLanguage":"fr-FR","potentialAction":[{"@type":"CommentAction","name":"Comment","target":["https:\/\/kapitalis.com\/tunisie\/2022\/02\/10\/espace-sadika-de-corde-en-aiguille-chronique-dun-confinement-inspirant\/#respond"]}]},{"@type":"WebPage","@id":"https:\/\/kapitalis.com\/tunisie\/2022\/02\/10\/espace-sadika-de-corde-en-aiguille-chronique-dun-confinement-inspirant\/","url":"https:\/\/kapitalis.com\/tunisie\/2022\/02\/10\/espace-sadika-de-corde-en-aiguille-chronique-dun-confinement-inspirant\/","name":"Espace Sadika : \"De corde en aiguille\", chronique d'un confinement inspirant - Kapitalis","isPartOf":{"@id":"https:\/\/kapitalis.com\/tunisie\/#website"},"primaryImageOfPage":{"@id":"https:\/\/kapitalis.com\/tunisie\/2022\/02\/10\/espace-sadika-de-corde-en-aiguille-chronique-dun-confinement-inspirant\/#primaryimage"},"image":{"@id":"https:\/\/kapitalis.com\/tunisie\/2022\/02\/10\/espace-sadika-de-corde-en-aiguille-chronique-dun-confinement-inspirant\/#primaryimage"},"thumbnailUrl":"","datePublished":"2022-02-10T17:09:09+00:00","dateModified":"2022-02-10T17:11:58+00:00","breadcrumb":{"@id":"https:\/\/kapitalis.com\/tunisie\/2022\/02\/10\/espace-sadika-de-corde-en-aiguille-chronique-dun-confinement-inspirant\/#breadcrumb"},"inLanguage":"fr-FR","potentialAction":[{"@type":"ReadAction","target":["https:\/\/kapitalis.com\/tunisie\/2022\/02\/10\/espace-sadika-de-corde-en-aiguille-chronique-dun-confinement-inspirant\/"]}]},{"@type":"ImageObject","inLanguage":"fr-FR","@id":"https:\/\/kapitalis.com\/tunisie\/2022\/02\/10\/espace-sadika-de-corde-en-aiguille-chronique-dun-confinement-inspirant\/#primaryimage","url":"","contentUrl":""},{"@type":"BreadcrumbList","@id":"https:\/\/kapitalis.com\/tunisie\/2022\/02\/10\/espace-sadika-de-corde-en-aiguille-chronique-dun-confinement-inspirant\/#breadcrumb","itemListElement":[{"@type":"ListItem","position":1,"name":"Accueil","item":"https:\/\/kapitalis.com\/tunisie\/"},{"@type":"ListItem","position":2,"name":"Espace Sadika : \u00ab\u00a0De corde en aiguille\u00a0\u00bb, chronique d&rsquo;un confinement inspirant"}]},{"@type":"WebSite","@id":"https:\/\/kapitalis.com\/tunisie\/#website","url":"https:\/\/kapitalis.com\/tunisie\/","name":"Kapitalis","description":"L&#039;actualit\u00e9 en Tunisie et dans le monde","publisher":{"@id":"https:\/\/kapitalis.com\/tunisie\/#organization"},"potentialAction":[{"@type":"SearchAction","target":{"@type":"EntryPoint","urlTemplate":"https:\/\/kapitalis.com\/tunisie\/?s={search_term_string}"},"query-input":{"@type":"PropertyValueSpecification","valueRequired":true,"valueName":"search_term_string"}}],"inLanguage":"fr-FR"},{"@type":"Organization","@id":"https:\/\/kapitalis.com\/tunisie\/#organization","name":"Kapitalis","url":"https:\/\/kapitalis.com\/tunisie\/","logo":{"@type":"ImageObject","inLanguage":"fr-FR","@id":"https:\/\/kapitalis.com\/tunisie\/#\/schema\/logo\/image\/","url":"https:\/\/kapitalis.com\/tunisie\/wp-content\/uploads\/2022\/05\/Kapitalis-big-size.png","contentUrl":"https:\/\/kapitalis.com\/tunisie\/wp-content\/uploads\/2022\/05\/Kapitalis-big-size.png","width":5000,"height":1500,"caption":"Kapitalis"},"image":{"@id":"https:\/\/kapitalis.com\/tunisie\/#\/schema\/logo\/image\/"},"sameAs":["https:\/\/www.facebook.com\/KapitalisInfo\/","https:\/\/x.com\/KapitalisInfo","https:\/\/www.youtube.com\/channel\/UC-yDYrHyfFBWWZaOw3FPg9Q"]},{"@type":"Person","@id":"https:\/\/kapitalis.com\/tunisie\/#\/schema\/person\/73a5ecc1f6ae540c6ed91342eadca948","name":"Fawz BenAli","url":"https:\/\/kapitalis.com\/tunisie\/author\/fawz\/"}]}},"_links":{"self":[{"href":"https:\/\/kapitalis.com\/tunisie\/wp-json\/wp\/v2\/posts\/380337","targetHints":{"allow":["GET"]}}],"collection":[{"href":"https:\/\/kapitalis.com\/tunisie\/wp-json\/wp\/v2\/posts"}],"about":[{"href":"https:\/\/kapitalis.com\/tunisie\/wp-json\/wp\/v2\/types\/post"}],"author":[{"embeddable":true,"href":"https:\/\/kapitalis.com\/tunisie\/wp-json\/wp\/v2\/users\/26"}],"replies":[{"embeddable":true,"href":"https:\/\/kapitalis.com\/tunisie\/wp-json\/wp\/v2\/comments?post=380337"}],"version-history":[{"count":0,"href":"https:\/\/kapitalis.com\/tunisie\/wp-json\/wp\/v2\/posts\/380337\/revisions"}],"wp:featuredmedia":[{"embeddable":true,"href":"https:\/\/kapitalis.com\/tunisie\/wp-json\/wp\/v2\/media\/380344"}],"wp:attachment":[{"href":"https:\/\/kapitalis.com\/tunisie\/wp-json\/wp\/v2\/media?parent=380337"}],"wp:term":[{"taxonomy":"category","embeddable":true,"href":"https:\/\/kapitalis.com\/tunisie\/wp-json\/wp\/v2\/categories?post=380337"},{"taxonomy":"post_tag","embeddable":true,"href":"https:\/\/kapitalis.com\/tunisie\/wp-json\/wp\/v2\/tags?post=380337"}],"curies":[{"name":"wp","href":"https:\/\/api.w.org\/{rel}","templated":true}]}}