{"id":38047,"date":"2016-02-04T09:21:28","date_gmt":"2016-02-04T08:21:28","guid":{"rendered":"http:\/\/kapitalis.com\/tunisie\/?p=38047"},"modified":"2016-02-04T16:41:20","modified_gmt":"2016-02-04T15:41:20","slug":"atelier-a-tunis-sur-la-nouvelle-loi-sur-le-partenariat-public-privee","status":"publish","type":"post","link":"https:\/\/kapitalis.com\/tunisie\/2016\/02\/04\/atelier-a-tunis-sur-la-nouvelle-loi-sur-le-partenariat-public-privee\/","title":{"rendered":"Atelier \u00e0 Tunis sur la nouvelle loi sur le partenariat public priv\u00e9e"},"content":{"rendered":"<p style=\"text-align: center;\"><img loading=\"lazy\" decoding=\"async\" class=\"alignnone size-full wp-image-31068\" src=\"http:\/\/kapitalis.com\/tunisie\/wp-content\/uploads\/2015\/12\/PPP.jpg\" alt=\"PPP\" width=\"626\" height=\"380\" \/><\/p>\n<p style=\"text-align: left;\"><em><strong>La nouvelle loi (N\u00b0 49 du 27 novembre 2015) sur le partenariat public priv\u00e9e (PPP) sera pr\u00e9sent\u00e9e dans un atelier, le jeudi 4 f\u00e9vrier 2016, \u00e0 Tunis.<\/strong> <\/em><\/p>\n<p style=\"text-align: left;\"><!--more--><\/p>\n<p style=\"text-align: left;\">L\u2019atelier, organis\u00e9 par l\u2019Unit\u00e9 de Suivi des Concessions \u00e0 la Pr\u00e9sidence du Gouvernement, en partenariat avec la Banque europ\u00e9enne pour la reconstruction et le d\u00e9veloppement (Berd), se tiendra \u00e0 l\u2019Ecole nationale d\u2019administration (au 24, Avenue Docteur Calmette, 1082 Tunis).<\/p>\n<p style=\"text-align: left;\">On annonce la participation de Mohamed Ridha Ben Mosbah, conseiller \u00e9conomique aupr\u00e8s de la Pr\u00e9sidence du gouvernement, Atef Majdoub, directeur g\u00e9n\u00e9ral de l\u2019Unit\u00e9 de Suivi des Concessions, Marie-Alexandra Veilleux-Laborie, chef du bureau de la Berd en Tunisie, Bruno De Cazalet, avocat honoraire au Barreau de Paris, et Jean-Alexandre Blanchard, manager principal du fonds \u00abInfrastructure Project Preparation Facility\u00bb \u00e0 la Berd.<\/p>\n<p style=\"text-align: left;\"><em>\u00abCette rencontre marque une \u00e9tape importante des travaux conduits par l\u2019Unit\u00e9 de Suivi des Concessions pour la pr\u00e9paration de cette nouvelle loi visant \u00e0 renforcer la coop\u00e9ration entre les secteurs public et priv\u00e9. Et Cela n\u00e9cessite une forte mobilisation de tous les partenaires \u00e9conomiques nationaux et internationaux\u00bb<\/em>, a d\u00e9clar\u00e9 M. Majdoub.<\/p>\n<p style=\"text-align: left;\">L\u2019objectif assign\u00e9 aux activit\u00e9s de cet atelier est de porter le contenu de la nouvelle loi \u00e0 la connaissance des diff\u00e9rentes parties prenantes pour une meilleure prise en compte des enjeux et opportunit\u00e9s de ce nouveau dispositif.<\/p>\n<p style=\"text-align: left;\"><em>\u00abLa nouvelle loi sur les contrats PPP est un signal tr\u00e8s positif pour l\u2019investissement en Tunisie. L\u2019appui de la Berd dans la pr\u00e9paration de cette nouvelle loi est hautement symbolique pour le partenariat de la banque avec le gouvernement tunisien. Cette nouvelle loi aura un impact direct sur le d\u00e9veloppement r\u00e9gional vis\u00e9 par le nouveau plan de d\u00e9veloppement 2016 &#8211; 2020 et la participation du secteur priv\u00e9 dans la relance de l\u2019investissement dans les infrastructures en Tunisie\u00bb<\/em>, s\u2019est f\u00e9licit\u00e9, de son c\u00f4t\u00e9 Mme Veilleux-Laborie.<\/p>\n<p style=\"text-align: left;\">Outre la pr\u00e9sentation de la nouvelle loi tunisienne sur le PPP, les participants d\u00e9couvriront l\u2019exp\u00e9rience de la Berd dans la gestion des infrastructures de sant\u00e9, avec l\u2019\u00e9tude de cas sur le Programme PPP dans le secteur hospitalier en Turquie, ou le choix entre un contrat de partenariat ou une concession pour un projet d\u2019infrastructure dans le secteur routier.<\/p>\n<p style=\"text-align: right;\"><strong>I. B.<\/strong><\/p>\n","protected":false},"excerpt":{"rendered":"<p>La nouvelle loi (N\u00b0 49 du 27 novembre 2015) sur le partenariat public priv\u00e9e (PPP) sera pr\u00e9sent\u00e9e dans un atelier, le jeudi 4 f\u00e9vrier 2016, \u00e0 Tunis.<\/p>\n","protected":false},"author":8,"featured_media":0,"comment_status":"open","ping_status":"open","sticky":false,"template":"","format":"standard","meta":{"footnotes":""},"categories":[995,2433],"tags":[1952,9758],"class_list":["post-38047","post","type-post","status-publish","format-standard","hentry","category-economie","category-tunisie","tag-berd","tag-ppp"],"yoast_head":"<!-- This site is optimized with the Yoast SEO plugin v26.6 - https:\/\/yoast.com\/wordpress\/plugins\/seo\/ -->\n<title>Atelier \u00e0 Tunis sur la nouvelle loi sur le partenariat public priv\u00e9e - Kapitalis<\/title>\n<meta name=\"robots\" content=\"index, follow, max-snippet:-1, max-image-preview:large, max-video-preview:-1\" \/>\n<link rel=\"canonical\" href=\"https:\/\/kapitalis.com\/tunisie\/2016\/02\/04\/atelier-a-tunis-sur-la-nouvelle-loi-sur-le-partenariat-public-privee\/\" \/>\n<meta property=\"og:locale\" content=\"fr_FR\" \/>\n<meta property=\"og:type\" content=\"article\" \/>\n<meta property=\"og:title\" content=\"Atelier \u00e0 Tunis sur la nouvelle loi sur le partenariat public priv\u00e9e - Kapitalis\" \/>\n<meta property=\"og:description\" content=\"La nouvelle loi (N\u00b0 49 du 27 novembre 2015) sur le partenariat public priv\u00e9e (PPP) sera pr\u00e9sent\u00e9e dans un atelier, le jeudi 4 f\u00e9vrier 2016, \u00e0 Tunis.\" \/>\n<meta property=\"og:url\" content=\"https:\/\/kapitalis.com\/tunisie\/2016\/02\/04\/atelier-a-tunis-sur-la-nouvelle-loi-sur-le-partenariat-public-privee\/\" \/>\n<meta property=\"og:site_name\" content=\"Kapitalis\" \/>\n<meta property=\"article:publisher\" content=\"https:\/\/www.facebook.com\/KapitalisInfo\/\" \/>\n<meta property=\"article:published_time\" content=\"2016-02-04T08:21:28+00:00\" \/>\n<meta property=\"article:modified_time\" content=\"2016-02-04T15:41:20+00:00\" \/>\n<meta property=\"og:image\" content=\"http:\/\/kapitalis.com\/tunisie\/wp-content\/uploads\/2015\/12\/PPP.jpg\" \/>\n<meta name=\"author\" content=\"webmaster kapitalis\" \/>\n<meta name=\"twitter:card\" content=\"summary_large_image\" \/>\n<meta name=\"twitter:creator\" content=\"@KapitalisInfo\" \/>\n<meta name=\"twitter:site\" content=\"@KapitalisInfo\" \/>\n<meta name=\"twitter:label1\" content=\"\u00c9crit par\" \/>\n\t<meta name=\"twitter:data1\" content=\"webmaster kapitalis\" \/>\n\t<meta name=\"twitter:label2\" content=\"Dur\u00e9e de lecture estim\u00e9e\" \/>\n\t<meta name=\"twitter:data2\" content=\"2 minutes\" \/>\n<script type=\"application\/ld+json\" class=\"yoast-schema-graph\">{\"@context\":\"https:\/\/schema.org\",\"@graph\":[{\"@type\":\"Article\",\"@id\":\"https:\/\/kapitalis.com\/tunisie\/2016\/02\/04\/atelier-a-tunis-sur-la-nouvelle-loi-sur-le-partenariat-public-privee\/#article\",\"isPartOf\":{\"@id\":\"https:\/\/kapitalis.com\/tunisie\/2016\/02\/04\/atelier-a-tunis-sur-la-nouvelle-loi-sur-le-partenariat-public-privee\/\"},\"author\":{\"name\":\"webmaster kapitalis\",\"@id\":\"https:\/\/kapitalis.com\/tunisie\/#\/schema\/person\/d71f33a9ca44f7bad4698210b480c8e9\"},\"headline\":\"Atelier \u00e0 Tunis sur la nouvelle loi sur le partenariat public priv\u00e9e\",\"datePublished\":\"2016-02-04T08:21:28+00:00\",\"dateModified\":\"2016-02-04T15:41:20+00:00\",\"mainEntityOfPage\":{\"@id\":\"https:\/\/kapitalis.com\/tunisie\/2016\/02\/04\/atelier-a-tunis-sur-la-nouvelle-loi-sur-le-partenariat-public-privee\/\"},\"wordCount\":397,\"commentCount\":0,\"publisher\":{\"@id\":\"https:\/\/kapitalis.com\/tunisie\/#organization\"},\"image\":{\"@id\":\"https:\/\/kapitalis.com\/tunisie\/2016\/02\/04\/atelier-a-tunis-sur-la-nouvelle-loi-sur-le-partenariat-public-privee\/#primaryimage\"},\"thumbnailUrl\":\"http:\/\/kapitalis.com\/tunisie\/wp-content\/uploads\/2015\/12\/PPP.jpg\",\"keywords\":[\"Berd\",\"ppp\"],\"articleSection\":[\"ECONOMIE\",\"Tunisie\"],\"inLanguage\":\"fr-FR\",\"potentialAction\":[{\"@type\":\"CommentAction\",\"name\":\"Comment\",\"target\":[\"https:\/\/kapitalis.com\/tunisie\/2016\/02\/04\/atelier-a-tunis-sur-la-nouvelle-loi-sur-le-partenariat-public-privee\/#respond\"]}]},{\"@type\":\"WebPage\",\"@id\":\"https:\/\/kapitalis.com\/tunisie\/2016\/02\/04\/atelier-a-tunis-sur-la-nouvelle-loi-sur-le-partenariat-public-privee\/\",\"url\":\"https:\/\/kapitalis.com\/tunisie\/2016\/02\/04\/atelier-a-tunis-sur-la-nouvelle-loi-sur-le-partenariat-public-privee\/\",\"name\":\"Atelier \u00e0 Tunis sur la nouvelle loi sur le partenariat public priv\u00e9e - Kapitalis\",\"isPartOf\":{\"@id\":\"https:\/\/kapitalis.com\/tunisie\/#website\"},\"primaryImageOfPage\":{\"@id\":\"https:\/\/kapitalis.com\/tunisie\/2016\/02\/04\/atelier-a-tunis-sur-la-nouvelle-loi-sur-le-partenariat-public-privee\/#primaryimage\"},\"image\":{\"@id\":\"https:\/\/kapitalis.com\/tunisie\/2016\/02\/04\/atelier-a-tunis-sur-la-nouvelle-loi-sur-le-partenariat-public-privee\/#primaryimage\"},\"thumbnailUrl\":\"http:\/\/kapitalis.com\/tunisie\/wp-content\/uploads\/2015\/12\/PPP.jpg\",\"datePublished\":\"2016-02-04T08:21:28+00:00\",\"dateModified\":\"2016-02-04T15:41:20+00:00\",\"breadcrumb\":{\"@id\":\"https:\/\/kapitalis.com\/tunisie\/2016\/02\/04\/atelier-a-tunis-sur-la-nouvelle-loi-sur-le-partenariat-public-privee\/#breadcrumb\"},\"inLanguage\":\"fr-FR\",\"potentialAction\":[{\"@type\":\"ReadAction\",\"target\":[\"https:\/\/kapitalis.com\/tunisie\/2016\/02\/04\/atelier-a-tunis-sur-la-nouvelle-loi-sur-le-partenariat-public-privee\/\"]}]},{\"@type\":\"ImageObject\",\"inLanguage\":\"fr-FR\",\"@id\":\"https:\/\/kapitalis.com\/tunisie\/2016\/02\/04\/atelier-a-tunis-sur-la-nouvelle-loi-sur-le-partenariat-public-privee\/#primaryimage\",\"url\":\"http:\/\/kapitalis.com\/tunisie\/wp-content\/uploads\/2015\/12\/PPP.jpg\",\"contentUrl\":\"http:\/\/kapitalis.com\/tunisie\/wp-content\/uploads\/2015\/12\/PPP.jpg\"},{\"@type\":\"BreadcrumbList\",\"@id\":\"https:\/\/kapitalis.com\/tunisie\/2016\/02\/04\/atelier-a-tunis-sur-la-nouvelle-loi-sur-le-partenariat-public-privee\/#breadcrumb\",\"itemListElement\":[{\"@type\":\"ListItem\",\"position\":1,\"name\":\"Accueil\",\"item\":\"https:\/\/kapitalis.com\/tunisie\/\"},{\"@type\":\"ListItem\",\"position\":2,\"name\":\"Atelier \u00e0 Tunis sur la nouvelle loi sur le partenariat public priv\u00e9e\"}]},{\"@type\":\"WebSite\",\"@id\":\"https:\/\/kapitalis.com\/tunisie\/#website\",\"url\":\"https:\/\/kapitalis.com\/tunisie\/\",\"name\":\"Kapitalis\",\"description\":\"L&#039;actualit\u00e9 en Tunisie et dans le monde\",\"publisher\":{\"@id\":\"https:\/\/kapitalis.com\/tunisie\/#organization\"},\"potentialAction\":[{\"@type\":\"SearchAction\",\"target\":{\"@type\":\"EntryPoint\",\"urlTemplate\":\"https:\/\/kapitalis.com\/tunisie\/?s={search_term_string}\"},\"query-input\":{\"@type\":\"PropertyValueSpecification\",\"valueRequired\":true,\"valueName\":\"search_term_string\"}}],\"inLanguage\":\"fr-FR\"},{\"@type\":\"Organization\",\"@id\":\"https:\/\/kapitalis.com\/tunisie\/#organization\",\"name\":\"Kapitalis\",\"url\":\"https:\/\/kapitalis.com\/tunisie\/\",\"logo\":{\"@type\":\"ImageObject\",\"inLanguage\":\"fr-FR\",\"@id\":\"https:\/\/kapitalis.com\/tunisie\/#\/schema\/logo\/image\/\",\"url\":\"https:\/\/kapitalis.com\/tunisie\/wp-content\/uploads\/2022\/05\/Kapitalis-big-size.png\",\"contentUrl\":\"https:\/\/kapitalis.com\/tunisie\/wp-content\/uploads\/2022\/05\/Kapitalis-big-size.png\",\"width\":5000,\"height\":1500,\"caption\":\"Kapitalis\"},\"image\":{\"@id\":\"https:\/\/kapitalis.com\/tunisie\/#\/schema\/logo\/image\/\"},\"sameAs\":[\"https:\/\/www.facebook.com\/KapitalisInfo\/\",\"https:\/\/x.com\/KapitalisInfo\",\"https:\/\/www.youtube.com\/channel\/UC-yDYrHyfFBWWZaOw3FPg9Q\"]},{\"@type\":\"Person\",\"@id\":\"https:\/\/kapitalis.com\/tunisie\/#\/schema\/person\/d71f33a9ca44f7bad4698210b480c8e9\",\"name\":\"webmaster kapitalis\",\"url\":\"https:\/\/kapitalis.com\/tunisie\/author\/webmaster-kapitalis\/\"}]}<\/script>\n<!-- \/ Yoast SEO plugin. -->","yoast_head_json":{"title":"Atelier \u00e0 Tunis sur la nouvelle loi sur le partenariat public priv\u00e9e - Kapitalis","robots":{"index":"index","follow":"follow","max-snippet":"max-snippet:-1","max-image-preview":"max-image-preview:large","max-video-preview":"max-video-preview:-1"},"canonical":"https:\/\/kapitalis.com\/tunisie\/2016\/02\/04\/atelier-a-tunis-sur-la-nouvelle-loi-sur-le-partenariat-public-privee\/","og_locale":"fr_FR","og_type":"article","og_title":"Atelier \u00e0 Tunis sur la nouvelle loi sur le partenariat public priv\u00e9e - Kapitalis","og_description":"La nouvelle loi (N\u00b0 49 du 27 novembre 2015) sur le partenariat public priv\u00e9e (PPP) sera pr\u00e9sent\u00e9e dans un atelier, le jeudi 4 f\u00e9vrier 2016, \u00e0 Tunis.","og_url":"https:\/\/kapitalis.com\/tunisie\/2016\/02\/04\/atelier-a-tunis-sur-la-nouvelle-loi-sur-le-partenariat-public-privee\/","og_site_name":"Kapitalis","article_publisher":"https:\/\/www.facebook.com\/KapitalisInfo\/","article_published_time":"2016-02-04T08:21:28+00:00","article_modified_time":"2016-02-04T15:41:20+00:00","og_image":[{"url":"http:\/\/kapitalis.com\/tunisie\/wp-content\/uploads\/2015\/12\/PPP.jpg","type":"","width":"","height":""}],"author":"webmaster kapitalis","twitter_card":"summary_large_image","twitter_creator":"@KapitalisInfo","twitter_site":"@KapitalisInfo","twitter_misc":{"\u00c9crit par":"webmaster kapitalis","Dur\u00e9e de lecture estim\u00e9e":"2 minutes"},"schema":{"@context":"https:\/\/schema.org","@graph":[{"@type":"Article","@id":"https:\/\/kapitalis.com\/tunisie\/2016\/02\/04\/atelier-a-tunis-sur-la-nouvelle-loi-sur-le-partenariat-public-privee\/#article","isPartOf":{"@id":"https:\/\/kapitalis.com\/tunisie\/2016\/02\/04\/atelier-a-tunis-sur-la-nouvelle-loi-sur-le-partenariat-public-privee\/"},"author":{"name":"webmaster kapitalis","@id":"https:\/\/kapitalis.com\/tunisie\/#\/schema\/person\/d71f33a9ca44f7bad4698210b480c8e9"},"headline":"Atelier \u00e0 Tunis sur la nouvelle loi sur le partenariat public priv\u00e9e","datePublished":"2016-02-04T08:21:28+00:00","dateModified":"2016-02-04T15:41:20+00:00","mainEntityOfPage":{"@id":"https:\/\/kapitalis.com\/tunisie\/2016\/02\/04\/atelier-a-tunis-sur-la-nouvelle-loi-sur-le-partenariat-public-privee\/"},"wordCount":397,"commentCount":0,"publisher":{"@id":"https:\/\/kapitalis.com\/tunisie\/#organization"},"image":{"@id":"https:\/\/kapitalis.com\/tunisie\/2016\/02\/04\/atelier-a-tunis-sur-la-nouvelle-loi-sur-le-partenariat-public-privee\/#primaryimage"},"thumbnailUrl":"http:\/\/kapitalis.com\/tunisie\/wp-content\/uploads\/2015\/12\/PPP.jpg","keywords":["Berd","ppp"],"articleSection":["ECONOMIE","Tunisie"],"inLanguage":"fr-FR","potentialAction":[{"@type":"CommentAction","name":"Comment","target":["https:\/\/kapitalis.com\/tunisie\/2016\/02\/04\/atelier-a-tunis-sur-la-nouvelle-loi-sur-le-partenariat-public-privee\/#respond"]}]},{"@type":"WebPage","@id":"https:\/\/kapitalis.com\/tunisie\/2016\/02\/04\/atelier-a-tunis-sur-la-nouvelle-loi-sur-le-partenariat-public-privee\/","url":"https:\/\/kapitalis.com\/tunisie\/2016\/02\/04\/atelier-a-tunis-sur-la-nouvelle-loi-sur-le-partenariat-public-privee\/","name":"Atelier \u00e0 Tunis sur la nouvelle loi sur le partenariat public priv\u00e9e - Kapitalis","isPartOf":{"@id":"https:\/\/kapitalis.com\/tunisie\/#website"},"primaryImageOfPage":{"@id":"https:\/\/kapitalis.com\/tunisie\/2016\/02\/04\/atelier-a-tunis-sur-la-nouvelle-loi-sur-le-partenariat-public-privee\/#primaryimage"},"image":{"@id":"https:\/\/kapitalis.com\/tunisie\/2016\/02\/04\/atelier-a-tunis-sur-la-nouvelle-loi-sur-le-partenariat-public-privee\/#primaryimage"},"thumbnailUrl":"http:\/\/kapitalis.com\/tunisie\/wp-content\/uploads\/2015\/12\/PPP.jpg","datePublished":"2016-02-04T08:21:28+00:00","dateModified":"2016-02-04T15:41:20+00:00","breadcrumb":{"@id":"https:\/\/kapitalis.com\/tunisie\/2016\/02\/04\/atelier-a-tunis-sur-la-nouvelle-loi-sur-le-partenariat-public-privee\/#breadcrumb"},"inLanguage":"fr-FR","potentialAction":[{"@type":"ReadAction","target":["https:\/\/kapitalis.com\/tunisie\/2016\/02\/04\/atelier-a-tunis-sur-la-nouvelle-loi-sur-le-partenariat-public-privee\/"]}]},{"@type":"ImageObject","inLanguage":"fr-FR","@id":"https:\/\/kapitalis.com\/tunisie\/2016\/02\/04\/atelier-a-tunis-sur-la-nouvelle-loi-sur-le-partenariat-public-privee\/#primaryimage","url":"http:\/\/kapitalis.com\/tunisie\/wp-content\/uploads\/2015\/12\/PPP.jpg","contentUrl":"http:\/\/kapitalis.com\/tunisie\/wp-content\/uploads\/2015\/12\/PPP.jpg"},{"@type":"BreadcrumbList","@id":"https:\/\/kapitalis.com\/tunisie\/2016\/02\/04\/atelier-a-tunis-sur-la-nouvelle-loi-sur-le-partenariat-public-privee\/#breadcrumb","itemListElement":[{"@type":"ListItem","position":1,"name":"Accueil","item":"https:\/\/kapitalis.com\/tunisie\/"},{"@type":"ListItem","position":2,"name":"Atelier \u00e0 Tunis sur la nouvelle loi sur le partenariat public priv\u00e9e"}]},{"@type":"WebSite","@id":"https:\/\/kapitalis.com\/tunisie\/#website","url":"https:\/\/kapitalis.com\/tunisie\/","name":"Kapitalis","description":"L&#039;actualit\u00e9 en Tunisie et dans le monde","publisher":{"@id":"https:\/\/kapitalis.com\/tunisie\/#organization"},"potentialAction":[{"@type":"SearchAction","target":{"@type":"EntryPoint","urlTemplate":"https:\/\/kapitalis.com\/tunisie\/?s={search_term_string}"},"query-input":{"@type":"PropertyValueSpecification","valueRequired":true,"valueName":"search_term_string"}}],"inLanguage":"fr-FR"},{"@type":"Organization","@id":"https:\/\/kapitalis.com\/tunisie\/#organization","name":"Kapitalis","url":"https:\/\/kapitalis.com\/tunisie\/","logo":{"@type":"ImageObject","inLanguage":"fr-FR","@id":"https:\/\/kapitalis.com\/tunisie\/#\/schema\/logo\/image\/","url":"https:\/\/kapitalis.com\/tunisie\/wp-content\/uploads\/2022\/05\/Kapitalis-big-size.png","contentUrl":"https:\/\/kapitalis.com\/tunisie\/wp-content\/uploads\/2022\/05\/Kapitalis-big-size.png","width":5000,"height":1500,"caption":"Kapitalis"},"image":{"@id":"https:\/\/kapitalis.com\/tunisie\/#\/schema\/logo\/image\/"},"sameAs":["https:\/\/www.facebook.com\/KapitalisInfo\/","https:\/\/x.com\/KapitalisInfo","https:\/\/www.youtube.com\/channel\/UC-yDYrHyfFBWWZaOw3FPg9Q"]},{"@type":"Person","@id":"https:\/\/kapitalis.com\/tunisie\/#\/schema\/person\/d71f33a9ca44f7bad4698210b480c8e9","name":"webmaster kapitalis","url":"https:\/\/kapitalis.com\/tunisie\/author\/webmaster-kapitalis\/"}]}},"_links":{"self":[{"href":"https:\/\/kapitalis.com\/tunisie\/wp-json\/wp\/v2\/posts\/38047","targetHints":{"allow":["GET"]}}],"collection":[{"href":"https:\/\/kapitalis.com\/tunisie\/wp-json\/wp\/v2\/posts"}],"about":[{"href":"https:\/\/kapitalis.com\/tunisie\/wp-json\/wp\/v2\/types\/post"}],"author":[{"embeddable":true,"href":"https:\/\/kapitalis.com\/tunisie\/wp-json\/wp\/v2\/users\/8"}],"replies":[{"embeddable":true,"href":"https:\/\/kapitalis.com\/tunisie\/wp-json\/wp\/v2\/comments?post=38047"}],"version-history":[{"count":0,"href":"https:\/\/kapitalis.com\/tunisie\/wp-json\/wp\/v2\/posts\/38047\/revisions"}],"wp:attachment":[{"href":"https:\/\/kapitalis.com\/tunisie\/wp-json\/wp\/v2\/media?parent=38047"}],"wp:term":[{"taxonomy":"category","embeddable":true,"href":"https:\/\/kapitalis.com\/tunisie\/wp-json\/wp\/v2\/categories?post=38047"},{"taxonomy":"post_tag","embeddable":true,"href":"https:\/\/kapitalis.com\/tunisie\/wp-json\/wp\/v2\/tags?post=38047"}],"curies":[{"name":"wp","href":"https:\/\/api.w.org\/{rel}","templated":true}]}}