{"id":380562,"date":"2022-02-13T09:11:14","date_gmt":"2022-02-13T08:11:14","guid":{"rendered":"http:\/\/kapitalis.com\/tunisie\/?p=380562"},"modified":"2022-02-13T09:14:47","modified_gmt":"2022-02-13T08:14:47","slug":"tunisie-kais-saied-fossoyeur-ou-reformateur-de-la-democratie-3-3","status":"publish","type":"post","link":"https:\/\/kapitalis.com\/tunisie\/2022\/02\/13\/tunisie-kais-saied-fossoyeur-ou-reformateur-de-la-democratie-3-3\/","title":{"rendered":"Tunisie : Ka\u00efs Sa\u00efed, fossoyeur ou r\u00e9formateur de la d\u00e9mocratie (3\/3)"},"content":{"rendered":"\n<div class=\"wp-block-image\"><figure class=\"aligncenter size-full\"><img decoding=\"async\" src=\"http:\/\/kapitalis.com\/tunisie\/wp-content\/uploads\/2022\/02\/Kais-Saied-Encre-electorale.jpg\" alt=\"\" class=\"wp-image-380563\"\/><figcaption><em>La Tunisie ne pourra plus jamais revenir \u00e0 une forme r\u00e9trograde d&rsquo;acc\u00e8s au pouvoir sans \u00e9lections libres et transparentes.<\/em><\/figcaption><\/figure><\/div>\n\n\n\n<p><strong><em>On reprochait au pr\u00e9sident Ben Ali sa d\u00e9mocratie de \u00abd\u00e9cor\u00bb, dix ans apr\u00e8s son d\u00e9part, nous avons enfant\u00e9 une d\u00e9mocratie de palabres t\u00e9l\u00e9visuelles. Sorti des urnes et des studios de t\u00e9l\u00e9vision, c\u2019est un autre monde. Quelle impuissance d\u00e9mocratique&nbsp;! La crise actuelle que conna\u00eet notre pays est loin d\u2019\u00eatre entre le pr\u00e9sident Ka\u00efs Sa\u00efed et l\u2019establishment post r\u00e9volutionnaire, elle est directement li\u00e9e \u00e0 cet instant r\u00e9volutionnaire&nbsp;: dix ans apr\u00e8s la fin de Ben Ali, qu\u2019avons-nous fait de notre pays? Qu\u2019avons-nous fait de notre d\u00e9mocratie? O\u00f9 se situe l\u2019erreur? Les bonnes intentions des p\u00e8res fondateurs de notre d\u00e9mocratie sont r\u00e9elles, mais les r\u00e9sultats sont \u00e9vidents: un pouvoir gripp\u00e9 et un pays en d\u00e9rive.<\/em><\/strong><\/p>\n\n\n\n<p>Par <strong>Mehdi Jendoubi<\/strong> *<\/p>\n\n\n\n<!--more-->\n\n\n\n<h2 class=\"wp-block-heading\">3- Ka\u00efs Sa\u00efed dit et fait ce que d\u2019autres revendiquent depuis des ann\u00e9es<\/h2>\n\n\n\n<p>C\u2019est aussi un autre mal de notre d\u00e9mocratie, en plus d\u2019\u00eatre inefficace, elle est budg\u00e9tivore. Elle a beurr\u00e9 les assiettes de ceux qui ont d\u00e9j\u00e0 un salaire, au lieu de donner un salaire \u00e0 ceux qui n\u2019en avaient pas. Oui la fameuse Karama\/dignit\u00e9, cit\u00e9e comme un des <em>\u00abobjectifs de la r\u00e9volution\u00bb<\/em> et ajout\u00e9e \u00e0 la devise de la R\u00e9publique, passe par le salaire\/revenu \u00e0 tout citoyen en \u00e2ge de travailler.<\/p>\n\n\n\n<p>Oui notre constitution de 2014 a proclam\u00e9 un droit \u00e0 la vie digne. Relisez ses multiples articles sociaux du chapitre deux&nbsp;: Droits et libert\u00e9s. Pourquoi la d\u00e9mocratie serait-elle menac\u00e9e quand on touche aux pr\u00e9bendes de la caste d\u00e9mocratique constitu\u00e9e des nombreux postes de fonctionnaires de la d\u00e9mocratie cr\u00e9\u00e9s par l\u2019avalanche institutionnelle des ann\u00e9es 2011, et ne le serait-elle pas quand les droits sociaux proclam\u00e9s par la constitution restent inconnus d\u2019une partie non n\u00e9gligeable de citoyens, galvaud\u00e9s de promesses \u00e9lectorales non tenues par tous tout le long d\u2019une d\u00e9cennie fascinante sur le plan purement intellectuel et politique, mais tr\u00e8s difficile pour ceux qui ont des enfants \u00e0 nourrir et \u00e0 \u00e9duquer?<\/p>\n\n\n\n<p>Si, honorables ambassadeurs, vous ne croyez pas \u00e0 ce que vous \u00e9criviez dans votre d\u00e9claration <em>\u00abpunitive\u00bb<\/em>, car si vous aviez d\u00e9j\u00e0 diagnostiqu\u00e9 bien avant l\u2019arriv\u00e9e sur la sc\u00e8ne politique de M. Sa\u00efed, l\u2019impasse d\u00e9mocratique de notre pays, je serais plus rassur\u00e9. Cela ne fera qu\u2019ajouter un papier aux multiples papiers incantatoires cens\u00e9s gu\u00e9rir notre d\u00e9mocratie.<\/p>\n\n\n\n<p>C\u2019est \u00e0 cette d\u00e9mocratie impuissante et inefficace que s\u2019attaque le pr\u00e9sident Kais Saied r\u00e9cemment venu sur la sc\u00e8ne politique tunisienne, et devenu, conjoncturellement, acteur principal de son destin. Ceux qui le critiquent sont ceux qui n\u2019ont cess\u00e9 de d\u00e9noncer depuis des ann\u00e9es le tourisme parlementaire, ceux qui parlaient r\u00e9guli\u00e8rement de <em>\u00abtardhil\u00bb<\/em> (rabaissement) du parlement et plus g\u00e9n\u00e9ralement de la politique, ceux qui \u00e0 chaque d\u00e9claration d\u00e9non\u00e7aient les <em>\u00abknatria\u00bb<\/em> (contrebandiers) devenus parlementaires, et les abus du statut d\u2019immunit\u00e9 parlementaire con\u00e7u pour prot\u00e9ger les d\u00e9put\u00e9s dans leurs activit\u00e9s publiques et non pour couvrir leurs erreurs ou \u00e9garements de simples citoyens, et certains m\u00eame ont \u00e9crit noir sur blanc qu\u2019il fallait descendre l\u2019arm\u00e9e dans les rues et mettre en prison les <em>\u00abhommes politiques corrompus\u00bb<\/em>.<\/p>\n\n\n\n<p>Nous avons tous rendu ex\u00e9crable la d\u00e9mocratie aux yeux des Tunisiens, et quand le pr\u00e9sident Kais Saied s\u2019attaque \u00e0 ce pot-pourri d\u00e9mocratique, nous crions: <em>\u00abnotre d\u00e9mocratie est menac\u00e9e\u00bb<\/em>, et nous pleurons avec des larmes de crocodile, ce que nous n\u2019avons jamais cess\u00e9, mois apr\u00e8s mois, ann\u00e9e apr\u00e8s ann\u00e9e, de d\u00e9noncer. De gr\u00e2ce, reprenez les vid\u00e9os et relisez la litt\u00e9rature politique du d\u00e9bat public tunisien. Allez comprendre quelque chose \u00e0 ces retournements.<\/p>\n\n\n\n<h2 class=\"wp-block-heading\">Tous responsables de ce que nous d\u00e9non\u00e7ons \u00e0 longueur de journ\u00e9e<\/h2>\n\n\n\n<p>Les temps sont difficiles pour nous tous, fils de ce pays et amis \u00e9trangers <em>\u00absoucieux de notre s\u00e9curit\u00e9 et de notre stabilit\u00e9\u00bb<\/em>, car nous sommes dans leur espace g\u00e9ostrat\u00e9gique, et ce qui se passe chez nous peut les impacter.<\/p>\n\n\n\n<p>Pourquoi cet \u00e9chec politique end\u00e9mique en Tunisie&nbsp;? Pourtant nous r\u00e9ussissons bien dans d\u2019autres sujets de cr\u00e9ativit\u00e9 culturelle. Nous avons du beau cin\u00e9ma, un th\u00e9\u00e2tre d\u2019avant-garde et des acteurs toutes cat\u00e9gories de haut niveau, des courants litt\u00e9raires dynamiques, des livres de haute tenue dans diff\u00e9rents domaines.<\/p>\n\n\n\n<p>C\u2019est le d\u00e9bat politique public, l\u2019action des acteurs en comp\u00e9tition, le fonctionnement de la machine institutionnelle et surtout les enjeux collectifs qui font perdre la t\u00eate m\u00eame aux personnes les plus sens\u00e9es et les plus originales dont les CV individuels et les carri\u00e8res publiques n\u2019ont rien \u00e0 envier au reste du monde, qui posent probl\u00e8me.<\/p>\n\n\n\n<p>La r\u00e9ponse \u00e0 ces questions, n\u2019est ni \u00e9vidente ni ais\u00e9e, car le d\u00e9bat politique public en Tunisie est biais\u00e9 par l\u2019esprit partisan, in\u00e9vitable et n\u00e9cessaire dans une soci\u00e9t\u00e9 <em>\u00abd\u00e9mocratique apais\u00e9e\u00bb<\/em>, mais quand le syst\u00e8me politique subit des tremblements de terres incessants d\u2019un pays en perp\u00e9tuelle <em>\u00abtransition d\u00e9mocratique\u00bb<\/em> o\u00f9 tout ce qui se construit sur le plan institutionnel risque facilement d\u2019\u00eatre remis en cause, une tr\u00eave des esprits de bonne volont\u00e9 s\u2019impose. Penser en dehors des lignes de d\u00e9marcation politiques est pour nous tous une n\u00e9cessit\u00e9.<\/p>\n\n\n\n<p>Comment diagnostiquer au-del\u00e0 du jeu subtil des acteurs politiques tunisiens et des enjeux individuels de surface, les probl\u00e9matiques fondamentales qui sont \u00e0 l\u2019origine de cet \u00e9chec collectif de la d\u00e9mocratie en Tunisie. Nous sommes tous responsables et redevables de cet \u00e9chec.<\/p>\n\n\n\n<p>Nous les citoyens qui continuons \u00e0 br\u00fbler les feux rouges en pleine capitale, et qui nous transformons en loups solitaires qui s\u2019attaquent sur la toile de mani\u00e8re humiliante, comme des guerriers num\u00e9riques, \u00e0 toute pens\u00e9e ind\u00e9pendante qui nous d\u00e9plairait. Donnez-nous un micro et nous vous diront qu\u2019il faut appliquer la loi \u00e0 tout le monde m\u00eame par la force. Ce sont les m\u00eames citoyens, en contradiction avec eux-m\u00eames, qui continueront \u00e0 br\u00fbler les feux de circulation tout en affirmant soutenir le pr\u00e9sident dans ses volont\u00e9s de <em>\u00abnettoyage\u00bb<\/em> (\u062a\u0637\u0647\u064a\u0631) institutionnel et social.<\/p>\n\n\n\n<p>Mais ce sont aussi eux qui descendent volontairement dans la rue pour ramasser de leurs mains les ordures et nettoyer leur quartier, lors des campagnes nationales de propret\u00e9. Nous nous rappelons tous de cette belle campagne qui a salu\u00e9 l\u2019arriv\u00e9e de notre nouveau pr\u00e9sident \u00e0 peine \u00e9lu. Mais une campagne c\u2019est un jour ou une semaine. Nous avons besoin de plus. Comment faire sortir de chacun ce bon c\u00f4t\u00e9 enfoui dans les tracasseries de la vie commune&nbsp;?<\/p>\n\n\n\n<p>Entrepreneurs qui \u00e9chappent subtilement aux imp\u00f4ts n\u00e9cessaires pour payer la force publique qui veille \u00e0 leurs tr\u00e9sors, pire encore, certains oublient de rembourser des millions de dinars de banques publiques, re\u00e7us g\u00e9n\u00e9reusement des d\u00e9cennies durant, pour soutenir leurs entreprises.<\/p>\n\n\n\n<p>Avocats, m\u00e9decins, et d\u2019autres encore, aux revenus notoires presque tous \u00e9duqu\u00e9s gratuitement dans les \u00e9coles et universit\u00e9s de la R\u00e9publique et qui vous feront un scandale d\u00e8s que l\u2019Etat tente de r\u00e9cup\u00e9rer par des mesures fiscales une infime partie de leurs revenus. L\u2019honorable corporation des m\u00e9decins de libre pratique a r\u00e9sist\u00e9 au plus strict des premiers ministres, Hedi Nouira qui a tent\u00e9 en vain, durant les ann\u00e9es 1970, de trouver une formule pour fiscaliser les ordonnances. Et tous, ils vous chanterons la n\u00e9cessit\u00e9 de sauver la R\u00e9publique et d\u2019appliquer la loi. Bien s\u00fbr \u00e0 tous sauf \u00e0 eux-m\u00eames.<\/p>\n\n\n\n<h2 class=\"wp-block-heading\">\u00abPays l\u00e9gal, pays r\u00e9el\u00bb, diagnostiquait d\u00e9j\u00e0 Ahmed Mestiri<\/h2>\n\n\n\n<p>Monsieur le pr\u00e9sident Ka\u00efs Sa\u00efed dit, du sommet de l\u2019Etat, ce que les citoyens d\u2019en bas disent et redisent depuis des ann\u00e9es en sirotant leur th\u00e9 au caf\u00e9 du coin ou en pianotant sur leurs claviers pour se lamenter sur les murs des pages des r\u00e9seaux sociaux, sans \u00eatre entendus par leurs dirigeants bien \u00e9lus, l\u00e9gitimes, mais incapables de les entendre. Trop fiers de leur \u00e9chafaudage d\u00e9mocratique pour voir les failles du syst\u00e8me et trop pris par les palabres que n\u00e9cessite l\u2019\u00e9lection de chaque membre des multiples instances constitutionnelles pour \u00eatre \u00e0 l\u2019\u00e9coute de leur propre peuple, de leurs \u00e9lecteurs.<\/p>\n\n\n\n<p>Comment notre syst\u00e8me politique d\u00e9mocratique en est-il venu \u00e0 cette rupture avec le peuple, qui \u00e9tait le principal reproche que les d\u00e9mocrates des ann\u00e9es 1970 adressaient \u00e0 l\u2019ancien r\u00e9gime&nbsp;? Elus d\u00e9mocratiquement ou pas \u00e9lus d\u00e9mocratiquement nous serions dans le m\u00eame sch\u00e9ma d\u00e9cri\u00e9 tr\u00e8s t\u00f4t par un des p\u00e8res de la lutte d\u00e9mocratique en Tunisie Ma\u00eetre Ahmed Mestiri, qui d\u00e9j\u00e0 dans les ann\u00e9es 70 parlait de soci\u00e9t\u00e9 l\u00e9gale et de soci\u00e9t\u00e9 r\u00e9elle, mettant en \u00e9vidence ce hiatus entre gouvernants issus de la lutte anticoloniale et leur peuple. A cette \u00e9poque on disait que les \u00e9lections \u00e9taient tronqu\u00e9es, mais comment expliquer la perp\u00e9tuation de ce hiatus dans un syst\u00e8me d\u00e9mocratique dix ans apr\u00e8s la r\u00e9volution?<\/p>\n\n\n\n<h2 class=\"wp-block-heading\">Peste ou chol\u00e9ra&nbsp;: dictature ou impuissance d\u00e9mocratique<\/h2>\n\n\n\n<p>D\u00e9j\u00e0 en 1987 la d\u00e9claration du 7-Novembre proclamait&nbsp;: <em>\u00abNotre peuple est digne d\u2019une vie politique \u00e9volu\u00e9e et organis\u00e9e sur la base du pluralisme des partis politiques et des organisations populaires\u00bb<\/em>, proclamation trahie par les promoteurs d\u2019un r\u00e9gime qui s\u2019est <em>\u00ab<\/em><em>renvers\u00e9 sur lui-m\u00eame\u00bb <\/em>(\u00ab\u00a0\u0646\u0638\u0627\u0645 \u0627\u0646\u0642\u0644\u0628 \u0639\u0644\u0649 \u0646\u0641\u0633\u0647\u00a0\u00bb) comme l\u2019a si bien con\u00e7u et \u00e9crit notre po\u00e8te national Sghaier Ouled Ahmed en introduction d\u2019un des ouvrages de Taoufik Ben Brik. Nous serions en 2022 en train de caresser des r\u00eaves de guide supr\u00eame? Pure aberration historique. Pure chim\u00e8re. Pure perte de temps.<\/p>\n\n\n\n<p>Les apprentis sorciers de la politique doivent savoir que la dictature n\u2019est pas la volont\u00e9 d\u2019une personne hors norme contrairement aux apparences et aux affirmations gratuites, c\u2019est un contexte historique local et international complexe, et cette page est historiquement r\u00e9volue en Tunisie. Les Tunisiens ne doivent pas \u00eatre forc\u00e9s \u00e0 choisir comme le disait L\u00e9nine, si ma m\u00e9moire est bonne, entre la peste et le chol\u00e9ra, entre la dictature et le pouvoir personnel d\u2019un c\u00f4t\u00e9 ou une d\u00e9mocratie inefficace de l\u2019autre, o\u00f9 la parole est libre et l\u2019action impuissante. La solution est ailleurs.<\/p>\n\n\n\n<h2 class=\"wp-block-heading\">La bataille des esprits et de l\u2019intelligence n\u2019est pas gagn\u00e9e<\/h2>\n\n\n\n<p>O\u00f9 nous m\u00e8nera notre pr\u00e9sident fort de ses convictions et de son honn\u00eatet\u00e9, solide comme un roc dans son rigorisme juridique, et assur\u00e9 d\u2019une large adh\u00e9sion populaire, lui que nous n\u2019avons pas entendu et peut-\u00eatre pas pris suffisamment au s\u00e9rieux, quand il a annonc\u00e9 imm\u00e9diatement apr\u00e8s son \u00e9lection une <em>\u00abnouvelle r\u00e9volution dans la loi\u00bb<\/em>.<\/p>\n\n\n\n<p>Notre pr\u00e9sident vit sa r\u00e9volution dans sa t\u00eate, il sait o\u00f9 il va. Mais nous, nous ne le savons pas. Deux ans apr\u00e8s son \u00e9lection aucun document officiel ne pr\u00e9sente clairement ce qu\u2019il pense et ce qu\u2019il envisage de faire. Tout citoyen non partisan qui veut tout simplement comprendre ce que veut notre pr\u00e9sident se trouve d\u00e9pourvu face \u00e0 une masse de discours que m\u00eame le site officiel de la pr\u00e9sidence ne juge pas utile de transcrire, \u00e0 moiti\u00e9 enflamm\u00e9s par la force de conviction et l\u2019indignation pr\u00e9sidentielle de l\u2019\u00e9tat de d\u00e9gradation de la r\u00e9alit\u00e9 politique de notre pays, indignation d\u2019id\u00e9aliste et de novice en politique, et arme fatale qui lui a fait gagner le c\u0153ur de ce peuple fatigu\u00e9 de politique et de politiciens et en perp\u00e9tuelle recherche de leaders dignes de sa confiance.<\/p>\n\n\n\n<p>Monsieur le pr\u00e9sident a gagn\u00e9 cet enjeu majeur d\u00e9j\u00e0 consid\u00e9r\u00e9 par le philosophe et historien chinois Confucius, cinq si\u00e8cles avant notre \u00e8re, comme <em>\u00abpilier des empires\u00bb<\/em>, avant le bl\u00e9 et les armes&nbsp;: la confiance du peuple.<\/p>\n\n\n\n<p>Mais aucune r\u00e9forme s\u00e9rieuse, utile et durable n\u2019est possible sans gagner les \u00e9lites de ce pays. Ce sont elles qui sont en position de concevoir, d\u2019inventer de comprendre, d\u2019expliquer et de r\u00e9aliser toute r\u00e9forme et toute action petite ou grande dans leurs secteurs respectifs. Les \u00e9lites, existent en Tunisie dans les partis, m\u00eames affaiblis, qui sont une \u00e9manation historique incontournable de notre pays, comme l\u2019a soulign\u00e9 le journaliste militant et homme politique Amor Shabou dans une vid\u00e9o r\u00e9cente de soutien critique au pr\u00e9sident Ka\u00efs Sa\u00efed, et la th\u00e9orie de science politique de la fin des partis existe bien, mais ce n\u2019est qu\u2019une th\u00e9orie parmi d\u2019autres, et les partis ne meurent pas quand on dissous leurs appareils. Nous en avons eu la preuve avec le parti centenaire qu\u2019est le Destour\/RCD toujours vivant par ses militants et ses r\u00e9seaux m\u00eame une fois d\u00e9clar\u00e9 dissous l\u00e9galement. Ce sont des ph\u00e9nom\u00e8nes historiques qui s\u2019imposent \u00e0 tout le monde. De m\u00eame Ennahdha ou le POCT (Parti ouvrier communiste tunisien) ont exist\u00e9 de fait plusieurs d\u00e9cennies avant leur reconnaissance officielle apr\u00e8s la r\u00e9volution. Penser la soci\u00e9t\u00e9 en termes de lois est insuffisant scientifiquement.<\/p>\n\n\n\n<p>Les \u00e9lites peuplent aussi les associations, les organisations nationales, les administrations et les entreprises publiques et priv\u00e9es. Les jeunes, ch\u00e9ris dans le discours pr\u00e9sidentiel, sont aussi une composante des \u00e9lites de ce pays. Toutes ces \u00e9lites, instruites par les sacrifices de ce peuple qui a pay\u00e9 leurs \u00e9tudes, il faut bien leur parler autrement que par des vid\u00e9os et des communiqu\u00e9s sibyllins de la pr\u00e9sidence ou par chroniqueurs interpos\u00e9s.<\/p>\n\n\n\n<p>Les convaincre par un long, et combien difficile travail de p\u00e9dagogie politique, compl\u00e8tement absent pour l\u2019instant. Parler aux citoyens et leur donner la parole par tous les moyens et vecteurs disponibles et en premier lieu les d\u00e9bats publics, vivants, et directs de face-\u00e0-face qu\u2019aucune autre technique de communication m\u00eame les plus modernes et technologiques, ne peut surpasser; c\u2019est aussi une des multiples t\u00e2ches de tout chef, de surcro\u00eet de tout chef d\u2019Etat.<\/p>\n\n\n\n<p>Les lois seules m\u00eame les plus g\u00e9niales, ne feront jamais une r\u00e9forme. Juste elles s\u2019aligneront dans les pages grises du Journal Officiel. C\u2019est dans les t\u00eates que la grande bataille doit se faire, une fois gagn\u00e9e celle des c\u0153urs. Nous restons sur notre faim.<\/p>\n\n\n\n<p>* <em>Universitaire retrait\u00e9.<\/em><\/p>\n\n\n\n<h4 class=\"wp-block-heading\"><em>Pr\u00e9c\u00e9dents articles de la s\u00e9rie&nbsp;:<\/em><\/h4>\n\n\n\n<p><a href=\"http:\/\/kapitalis.com\/tunisie\/2022\/02\/11\/tunisie-kais-saied-fossoyeur-ou-reformateur-de-la-democratie-1-3\/\">http:\/\/kapitalis.com\/tunisie\/2022\/02\/11\/tunisie-kais-saied-fossoyeur-ou-reformateur-de-la-<\/a><a href=\"http:\/\/kapitalis.com\/tunisie\/2022\/02\/11\/tunisie-kais-saied-fossoyeur-ou-reformateur-de-la-democratie-1-3\/\">democratie-1-3\/<\/a><\/p>\n\n\n\n<p><blockquote class=\"wp-embedded-content\" data-secret=\"xh9k1KvZsI\"><a href=\"https:\/\/kapitalis.com\/tunisie\/2022\/02\/12\/tunisie-kais-saied-fossoyeur-ou-reformateur-de-la-democratie-2-3\/\">Tunisie : Ka\u00efs Sa\u00efed, fossoyeur ou r\u00e9formateur de la d\u00e9mocratie (2\/3)<\/a><\/blockquote><iframe loading=\"lazy\" class=\"wp-embedded-content\" sandbox=\"allow-scripts\" security=\"restricted\" style=\"position: absolute; clip: rect(1px, 1px, 1px, 1px);\" title=\"\u00ab\u00a0Tunisie : Ka\u00efs Sa\u00efed, fossoyeur ou r\u00e9formateur de la d\u00e9mocratie (2\/3)\u00a0\u00bb &#8212; Kapitalis\" src=\"https:\/\/kapitalis.com\/tunisie\/2022\/02\/12\/tunisie-kais-saied-fossoyeur-ou-reformateur-de-la-democratie-2-3\/embed\/#?secret=KhgNezl21L#?secret=xh9k1KvZsI\" data-secret=\"xh9k1KvZsI\" width=\"600\" height=\"338\" frameborder=\"0\" marginwidth=\"0\" marginheight=\"0\" scrolling=\"no\"><\/iframe><\/p>\n\n\n\n<h4 class=\"wp-block-heading\"><em>Articles du m\u00eame auteur dans Kapitalis&nbsp;:<\/em><\/h4>\n\n\n\n<p>kapitalis.com\/tunisie\/2016\/01\/11\/beji-caid-essebsi-mon-fils-avant-mes-compagnons-de-lutte\/<\/p>\n\n\n\n<p><a href=\"http:\/\/kapitalis.com\/tunisie\/2018\/03\/31\/tunisie-dirigeants-bien-elus-et-mal-recus\/\">http:\/\/kapitalis.com\/tunisie\/2018\/03\/31\/tunisie-dirigeants-bien-elus-et-mal-recus\/<\/a><\/p>\n","protected":false},"excerpt":{"rendered":"<p>On reprochait au pr\u00e9sident Ben Ali sa d\u00e9mocratie de \u00abd\u00e9cor\u00bb, dix ans apr\u00e8s son d\u00e9part, nous avons enfant\u00e9 une d\u00e9mocratie de palabres t\u00e9l\u00e9visuelles. Sorti des urnes et des studios de t\u00e9l\u00e9vision, c\u2019est un autre monde. Quelle impuissance d\u00e9mocratique&nbsp;! La crise actuelle que conna\u00eet notre pays est loin d\u2019\u00eatre entre le pr\u00e9sident Ka\u00efs Sa\u00efed et l\u2019establishment&#8230;<\/p>\n","protected":false},"author":8,"featured_media":380563,"comment_status":"open","ping_status":"open","sticky":false,"template":"","format":"standard","meta":{"footnotes":""},"categories":[992,997,1000,2433],"tags":[90395,97280,49543,76012,97229,97279,97281,65632,3236,62643],"class_list":["post-380562","post","type-post","status-publish","format-standard","has-post-thumbnail","hentry","category-a-la-une","category-politique","category-tribune","category-tunisie","tag-ahmed-mestiri","tag-amor-shabou","tag-ennahdha","tag-kais-saied-2","tag-mehdi-jendoubi","tag-poct","tag-sghaier-ouled-ahmed-2","tag-taoufik-ben-brik","tag-transition-democratique","tag-tunisie"],"yoast_head":"<!-- This site is optimized with the Yoast SEO plugin v26.6 - https:\/\/yoast.com\/wordpress\/plugins\/seo\/ -->\n<title>Tunisie : Ka\u00efs Sa\u00efed, fossoyeur ou r\u00e9formateur de la d\u00e9mocratie (3\/3) - Kapitalis<\/title>\n<meta name=\"robots\" content=\"index, follow, max-snippet:-1, max-image-preview:large, max-video-preview:-1\" \/>\n<link rel=\"canonical\" href=\"https:\/\/kapitalis.com\/tunisie\/2022\/02\/13\/tunisie-kais-saied-fossoyeur-ou-reformateur-de-la-democratie-3-3\/\" \/>\n<meta property=\"og:locale\" content=\"fr_FR\" \/>\n<meta property=\"og:type\" content=\"article\" \/>\n<meta property=\"og:title\" content=\"Tunisie : Ka\u00efs Sa\u00efed, fossoyeur ou r\u00e9formateur de la d\u00e9mocratie (3\/3) - Kapitalis\" \/>\n<meta property=\"og:description\" content=\"On reprochait au pr\u00e9sident Ben Ali sa d\u00e9mocratie de \u00abd\u00e9cor\u00bb, dix ans apr\u00e8s son d\u00e9part, nous avons enfant\u00e9 une d\u00e9mocratie de palabres t\u00e9l\u00e9visuelles. Sorti des urnes et des studios de t\u00e9l\u00e9vision, c\u2019est un autre monde. Quelle impuissance d\u00e9mocratique&nbsp;! La crise actuelle que conna\u00eet notre pays est loin d\u2019\u00eatre entre le pr\u00e9sident Ka\u00efs Sa\u00efed et l\u2019establishment...\" \/>\n<meta property=\"og:url\" content=\"https:\/\/kapitalis.com\/tunisie\/2022\/02\/13\/tunisie-kais-saied-fossoyeur-ou-reformateur-de-la-democratie-3-3\/\" \/>\n<meta property=\"og:site_name\" content=\"Kapitalis\" \/>\n<meta property=\"article:publisher\" content=\"https:\/\/www.facebook.com\/KapitalisInfo\/\" \/>\n<meta property=\"article:published_time\" content=\"2022-02-13T08:11:14+00:00\" \/>\n<meta property=\"article:modified_time\" content=\"2022-02-13T08:14:47+00:00\" \/>\n<meta property=\"og:image\" content=\"https:\/\/kapitalis.com\/tunisie\/wp-content\/uploads\/2022\/05\/kapitalis-logo-fb.png\" \/>\n\t<meta property=\"og:image:width\" content=\"1200\" \/>\n\t<meta property=\"og:image:height\" content=\"630\" \/>\n\t<meta property=\"og:image:type\" content=\"image\/png\" \/>\n<meta name=\"author\" content=\"webmaster kapitalis\" \/>\n<meta name=\"twitter:card\" content=\"summary_large_image\" \/>\n<meta name=\"twitter:creator\" content=\"@KapitalisInfo\" \/>\n<meta name=\"twitter:site\" content=\"@KapitalisInfo\" \/>\n<meta name=\"twitter:label1\" content=\"\u00c9crit par\" \/>\n\t<meta name=\"twitter:data1\" content=\"webmaster kapitalis\" \/>\n\t<meta name=\"twitter:label2\" content=\"Dur\u00e9e de lecture estim\u00e9e\" \/>\n\t<meta name=\"twitter:data2\" content=\"13 minutes\" \/>\n<script type=\"application\/ld+json\" class=\"yoast-schema-graph\">{\"@context\":\"https:\/\/schema.org\",\"@graph\":[{\"@type\":\"Article\",\"@id\":\"https:\/\/kapitalis.com\/tunisie\/2022\/02\/13\/tunisie-kais-saied-fossoyeur-ou-reformateur-de-la-democratie-3-3\/#article\",\"isPartOf\":{\"@id\":\"https:\/\/kapitalis.com\/tunisie\/2022\/02\/13\/tunisie-kais-saied-fossoyeur-ou-reformateur-de-la-democratie-3-3\/\"},\"author\":{\"name\":\"webmaster kapitalis\",\"@id\":\"https:\/\/kapitalis.com\/tunisie\/#\/schema\/person\/d71f33a9ca44f7bad4698210b480c8e9\"},\"headline\":\"Tunisie : Ka\u00efs Sa\u00efed, fossoyeur ou r\u00e9formateur de la d\u00e9mocratie (3\/3)\",\"datePublished\":\"2022-02-13T08:11:14+00:00\",\"dateModified\":\"2022-02-13T08:14:47+00:00\",\"mainEntityOfPage\":{\"@id\":\"https:\/\/kapitalis.com\/tunisie\/2022\/02\/13\/tunisie-kais-saied-fossoyeur-ou-reformateur-de-la-democratie-3-3\/\"},\"wordCount\":2577,\"commentCount\":3,\"publisher\":{\"@id\":\"https:\/\/kapitalis.com\/tunisie\/#organization\"},\"image\":{\"@id\":\"https:\/\/kapitalis.com\/tunisie\/2022\/02\/13\/tunisie-kais-saied-fossoyeur-ou-reformateur-de-la-democratie-3-3\/#primaryimage\"},\"thumbnailUrl\":\"\",\"keywords\":[\"Ahmed Mestiri\",\"Amor Shabou\",\"Ennahdha\",\"Ka\u00efs Sa\u00efed\",\"Mehdi Jendoubi\",\"POCT\",\"Sghaier Ouled Ahmed\",\"Taoufik Ben Brik\",\"transition d\u00e9mocratique\",\"Tunisie\"],\"articleSection\":[\"A LA UNE\",\"POLITIQUE\",\"TRIBUNE\",\"Tunisie\"],\"inLanguage\":\"fr-FR\",\"potentialAction\":[{\"@type\":\"CommentAction\",\"name\":\"Comment\",\"target\":[\"https:\/\/kapitalis.com\/tunisie\/2022\/02\/13\/tunisie-kais-saied-fossoyeur-ou-reformateur-de-la-democratie-3-3\/#respond\"]}]},{\"@type\":\"WebPage\",\"@id\":\"https:\/\/kapitalis.com\/tunisie\/2022\/02\/13\/tunisie-kais-saied-fossoyeur-ou-reformateur-de-la-democratie-3-3\/\",\"url\":\"https:\/\/kapitalis.com\/tunisie\/2022\/02\/13\/tunisie-kais-saied-fossoyeur-ou-reformateur-de-la-democratie-3-3\/\",\"name\":\"Tunisie : Ka\u00efs Sa\u00efed, fossoyeur ou r\u00e9formateur de la d\u00e9mocratie (3\/3) - Kapitalis\",\"isPartOf\":{\"@id\":\"https:\/\/kapitalis.com\/tunisie\/#website\"},\"primaryImageOfPage\":{\"@id\":\"https:\/\/kapitalis.com\/tunisie\/2022\/02\/13\/tunisie-kais-saied-fossoyeur-ou-reformateur-de-la-democratie-3-3\/#primaryimage\"},\"image\":{\"@id\":\"https:\/\/kapitalis.com\/tunisie\/2022\/02\/13\/tunisie-kais-saied-fossoyeur-ou-reformateur-de-la-democratie-3-3\/#primaryimage\"},\"thumbnailUrl\":\"\",\"datePublished\":\"2022-02-13T08:11:14+00:00\",\"dateModified\":\"2022-02-13T08:14:47+00:00\",\"breadcrumb\":{\"@id\":\"https:\/\/kapitalis.com\/tunisie\/2022\/02\/13\/tunisie-kais-saied-fossoyeur-ou-reformateur-de-la-democratie-3-3\/#breadcrumb\"},\"inLanguage\":\"fr-FR\",\"potentialAction\":[{\"@type\":\"ReadAction\",\"target\":[\"https:\/\/kapitalis.com\/tunisie\/2022\/02\/13\/tunisie-kais-saied-fossoyeur-ou-reformateur-de-la-democratie-3-3\/\"]}]},{\"@type\":\"ImageObject\",\"inLanguage\":\"fr-FR\",\"@id\":\"https:\/\/kapitalis.com\/tunisie\/2022\/02\/13\/tunisie-kais-saied-fossoyeur-ou-reformateur-de-la-democratie-3-3\/#primaryimage\",\"url\":\"\",\"contentUrl\":\"\"},{\"@type\":\"BreadcrumbList\",\"@id\":\"https:\/\/kapitalis.com\/tunisie\/2022\/02\/13\/tunisie-kais-saied-fossoyeur-ou-reformateur-de-la-democratie-3-3\/#breadcrumb\",\"itemListElement\":[{\"@type\":\"ListItem\",\"position\":1,\"name\":\"Accueil\",\"item\":\"https:\/\/kapitalis.com\/tunisie\/\"},{\"@type\":\"ListItem\",\"position\":2,\"name\":\"Tunisie : Ka\u00efs Sa\u00efed, fossoyeur ou r\u00e9formateur de la d\u00e9mocratie (3\/3)\"}]},{\"@type\":\"WebSite\",\"@id\":\"https:\/\/kapitalis.com\/tunisie\/#website\",\"url\":\"https:\/\/kapitalis.com\/tunisie\/\",\"name\":\"Kapitalis\",\"description\":\"L&#039;actualit\u00e9 en Tunisie et dans le monde\",\"publisher\":{\"@id\":\"https:\/\/kapitalis.com\/tunisie\/#organization\"},\"potentialAction\":[{\"@type\":\"SearchAction\",\"target\":{\"@type\":\"EntryPoint\",\"urlTemplate\":\"https:\/\/kapitalis.com\/tunisie\/?s={search_term_string}\"},\"query-input\":{\"@type\":\"PropertyValueSpecification\",\"valueRequired\":true,\"valueName\":\"search_term_string\"}}],\"inLanguage\":\"fr-FR\"},{\"@type\":\"Organization\",\"@id\":\"https:\/\/kapitalis.com\/tunisie\/#organization\",\"name\":\"Kapitalis\",\"url\":\"https:\/\/kapitalis.com\/tunisie\/\",\"logo\":{\"@type\":\"ImageObject\",\"inLanguage\":\"fr-FR\",\"@id\":\"https:\/\/kapitalis.com\/tunisie\/#\/schema\/logo\/image\/\",\"url\":\"https:\/\/kapitalis.com\/tunisie\/wp-content\/uploads\/2022\/05\/Kapitalis-big-size.png\",\"contentUrl\":\"https:\/\/kapitalis.com\/tunisie\/wp-content\/uploads\/2022\/05\/Kapitalis-big-size.png\",\"width\":5000,\"height\":1500,\"caption\":\"Kapitalis\"},\"image\":{\"@id\":\"https:\/\/kapitalis.com\/tunisie\/#\/schema\/logo\/image\/\"},\"sameAs\":[\"https:\/\/www.facebook.com\/KapitalisInfo\/\",\"https:\/\/x.com\/KapitalisInfo\",\"https:\/\/www.youtube.com\/channel\/UC-yDYrHyfFBWWZaOw3FPg9Q\"]},{\"@type\":\"Person\",\"@id\":\"https:\/\/kapitalis.com\/tunisie\/#\/schema\/person\/d71f33a9ca44f7bad4698210b480c8e9\",\"name\":\"webmaster kapitalis\",\"url\":\"https:\/\/kapitalis.com\/tunisie\/author\/webmaster-kapitalis\/\"}]}<\/script>\n<!-- \/ Yoast SEO plugin. -->","yoast_head_json":{"title":"Tunisie : Ka\u00efs Sa\u00efed, fossoyeur ou r\u00e9formateur de la d\u00e9mocratie (3\/3) - Kapitalis","robots":{"index":"index","follow":"follow","max-snippet":"max-snippet:-1","max-image-preview":"max-image-preview:large","max-video-preview":"max-video-preview:-1"},"canonical":"https:\/\/kapitalis.com\/tunisie\/2022\/02\/13\/tunisie-kais-saied-fossoyeur-ou-reformateur-de-la-democratie-3-3\/","og_locale":"fr_FR","og_type":"article","og_title":"Tunisie : Ka\u00efs Sa\u00efed, fossoyeur ou r\u00e9formateur de la d\u00e9mocratie (3\/3) - Kapitalis","og_description":"On reprochait au pr\u00e9sident Ben Ali sa d\u00e9mocratie de \u00abd\u00e9cor\u00bb, dix ans apr\u00e8s son d\u00e9part, nous avons enfant\u00e9 une d\u00e9mocratie de palabres t\u00e9l\u00e9visuelles. Sorti des urnes et des studios de t\u00e9l\u00e9vision, c\u2019est un autre monde. Quelle impuissance d\u00e9mocratique&nbsp;! La crise actuelle que conna\u00eet notre pays est loin d\u2019\u00eatre entre le pr\u00e9sident Ka\u00efs Sa\u00efed et l\u2019establishment...","og_url":"https:\/\/kapitalis.com\/tunisie\/2022\/02\/13\/tunisie-kais-saied-fossoyeur-ou-reformateur-de-la-democratie-3-3\/","og_site_name":"Kapitalis","article_publisher":"https:\/\/www.facebook.com\/KapitalisInfo\/","article_published_time":"2022-02-13T08:11:14+00:00","article_modified_time":"2022-02-13T08:14:47+00:00","og_image":[{"width":1200,"height":630,"url":"https:\/\/kapitalis.com\/tunisie\/wp-content\/uploads\/2022\/05\/kapitalis-logo-fb.png","type":"image\/png"}],"author":"webmaster kapitalis","twitter_card":"summary_large_image","twitter_creator":"@KapitalisInfo","twitter_site":"@KapitalisInfo","twitter_misc":{"\u00c9crit par":"webmaster kapitalis","Dur\u00e9e de lecture estim\u00e9e":"13 minutes"},"schema":{"@context":"https:\/\/schema.org","@graph":[{"@type":"Article","@id":"https:\/\/kapitalis.com\/tunisie\/2022\/02\/13\/tunisie-kais-saied-fossoyeur-ou-reformateur-de-la-democratie-3-3\/#article","isPartOf":{"@id":"https:\/\/kapitalis.com\/tunisie\/2022\/02\/13\/tunisie-kais-saied-fossoyeur-ou-reformateur-de-la-democratie-3-3\/"},"author":{"name":"webmaster kapitalis","@id":"https:\/\/kapitalis.com\/tunisie\/#\/schema\/person\/d71f33a9ca44f7bad4698210b480c8e9"},"headline":"Tunisie : Ka\u00efs Sa\u00efed, fossoyeur ou r\u00e9formateur de la d\u00e9mocratie (3\/3)","datePublished":"2022-02-13T08:11:14+00:00","dateModified":"2022-02-13T08:14:47+00:00","mainEntityOfPage":{"@id":"https:\/\/kapitalis.com\/tunisie\/2022\/02\/13\/tunisie-kais-saied-fossoyeur-ou-reformateur-de-la-democratie-3-3\/"},"wordCount":2577,"commentCount":3,"publisher":{"@id":"https:\/\/kapitalis.com\/tunisie\/#organization"},"image":{"@id":"https:\/\/kapitalis.com\/tunisie\/2022\/02\/13\/tunisie-kais-saied-fossoyeur-ou-reformateur-de-la-democratie-3-3\/#primaryimage"},"thumbnailUrl":"","keywords":["Ahmed Mestiri","Amor Shabou","Ennahdha","Ka\u00efs Sa\u00efed","Mehdi Jendoubi","POCT","Sghaier Ouled Ahmed","Taoufik Ben Brik","transition d\u00e9mocratique","Tunisie"],"articleSection":["A LA UNE","POLITIQUE","TRIBUNE","Tunisie"],"inLanguage":"fr-FR","potentialAction":[{"@type":"CommentAction","name":"Comment","target":["https:\/\/kapitalis.com\/tunisie\/2022\/02\/13\/tunisie-kais-saied-fossoyeur-ou-reformateur-de-la-democratie-3-3\/#respond"]}]},{"@type":"WebPage","@id":"https:\/\/kapitalis.com\/tunisie\/2022\/02\/13\/tunisie-kais-saied-fossoyeur-ou-reformateur-de-la-democratie-3-3\/","url":"https:\/\/kapitalis.com\/tunisie\/2022\/02\/13\/tunisie-kais-saied-fossoyeur-ou-reformateur-de-la-democratie-3-3\/","name":"Tunisie : Ka\u00efs Sa\u00efed, fossoyeur ou r\u00e9formateur de la d\u00e9mocratie (3\/3) - Kapitalis","isPartOf":{"@id":"https:\/\/kapitalis.com\/tunisie\/#website"},"primaryImageOfPage":{"@id":"https:\/\/kapitalis.com\/tunisie\/2022\/02\/13\/tunisie-kais-saied-fossoyeur-ou-reformateur-de-la-democratie-3-3\/#primaryimage"},"image":{"@id":"https:\/\/kapitalis.com\/tunisie\/2022\/02\/13\/tunisie-kais-saied-fossoyeur-ou-reformateur-de-la-democratie-3-3\/#primaryimage"},"thumbnailUrl":"","datePublished":"2022-02-13T08:11:14+00:00","dateModified":"2022-02-13T08:14:47+00:00","breadcrumb":{"@id":"https:\/\/kapitalis.com\/tunisie\/2022\/02\/13\/tunisie-kais-saied-fossoyeur-ou-reformateur-de-la-democratie-3-3\/#breadcrumb"},"inLanguage":"fr-FR","potentialAction":[{"@type":"ReadAction","target":["https:\/\/kapitalis.com\/tunisie\/2022\/02\/13\/tunisie-kais-saied-fossoyeur-ou-reformateur-de-la-democratie-3-3\/"]}]},{"@type":"ImageObject","inLanguage":"fr-FR","@id":"https:\/\/kapitalis.com\/tunisie\/2022\/02\/13\/tunisie-kais-saied-fossoyeur-ou-reformateur-de-la-democratie-3-3\/#primaryimage","url":"","contentUrl":""},{"@type":"BreadcrumbList","@id":"https:\/\/kapitalis.com\/tunisie\/2022\/02\/13\/tunisie-kais-saied-fossoyeur-ou-reformateur-de-la-democratie-3-3\/#breadcrumb","itemListElement":[{"@type":"ListItem","position":1,"name":"Accueil","item":"https:\/\/kapitalis.com\/tunisie\/"},{"@type":"ListItem","position":2,"name":"Tunisie : Ka\u00efs Sa\u00efed, fossoyeur ou r\u00e9formateur de la d\u00e9mocratie (3\/3)"}]},{"@type":"WebSite","@id":"https:\/\/kapitalis.com\/tunisie\/#website","url":"https:\/\/kapitalis.com\/tunisie\/","name":"Kapitalis","description":"L&#039;actualit\u00e9 en Tunisie et dans le monde","publisher":{"@id":"https:\/\/kapitalis.com\/tunisie\/#organization"},"potentialAction":[{"@type":"SearchAction","target":{"@type":"EntryPoint","urlTemplate":"https:\/\/kapitalis.com\/tunisie\/?s={search_term_string}"},"query-input":{"@type":"PropertyValueSpecification","valueRequired":true,"valueName":"search_term_string"}}],"inLanguage":"fr-FR"},{"@type":"Organization","@id":"https:\/\/kapitalis.com\/tunisie\/#organization","name":"Kapitalis","url":"https:\/\/kapitalis.com\/tunisie\/","logo":{"@type":"ImageObject","inLanguage":"fr-FR","@id":"https:\/\/kapitalis.com\/tunisie\/#\/schema\/logo\/image\/","url":"https:\/\/kapitalis.com\/tunisie\/wp-content\/uploads\/2022\/05\/Kapitalis-big-size.png","contentUrl":"https:\/\/kapitalis.com\/tunisie\/wp-content\/uploads\/2022\/05\/Kapitalis-big-size.png","width":5000,"height":1500,"caption":"Kapitalis"},"image":{"@id":"https:\/\/kapitalis.com\/tunisie\/#\/schema\/logo\/image\/"},"sameAs":["https:\/\/www.facebook.com\/KapitalisInfo\/","https:\/\/x.com\/KapitalisInfo","https:\/\/www.youtube.com\/channel\/UC-yDYrHyfFBWWZaOw3FPg9Q"]},{"@type":"Person","@id":"https:\/\/kapitalis.com\/tunisie\/#\/schema\/person\/d71f33a9ca44f7bad4698210b480c8e9","name":"webmaster kapitalis","url":"https:\/\/kapitalis.com\/tunisie\/author\/webmaster-kapitalis\/"}]}},"_links":{"self":[{"href":"https:\/\/kapitalis.com\/tunisie\/wp-json\/wp\/v2\/posts\/380562","targetHints":{"allow":["GET"]}}],"collection":[{"href":"https:\/\/kapitalis.com\/tunisie\/wp-json\/wp\/v2\/posts"}],"about":[{"href":"https:\/\/kapitalis.com\/tunisie\/wp-json\/wp\/v2\/types\/post"}],"author":[{"embeddable":true,"href":"https:\/\/kapitalis.com\/tunisie\/wp-json\/wp\/v2\/users\/8"}],"replies":[{"embeddable":true,"href":"https:\/\/kapitalis.com\/tunisie\/wp-json\/wp\/v2\/comments?post=380562"}],"version-history":[{"count":0,"href":"https:\/\/kapitalis.com\/tunisie\/wp-json\/wp\/v2\/posts\/380562\/revisions"}],"wp:featuredmedia":[{"embeddable":true,"href":"https:\/\/kapitalis.com\/tunisie\/wp-json\/wp\/v2\/media\/380563"}],"wp:attachment":[{"href":"https:\/\/kapitalis.com\/tunisie\/wp-json\/wp\/v2\/media?parent=380562"}],"wp:term":[{"taxonomy":"category","embeddable":true,"href":"https:\/\/kapitalis.com\/tunisie\/wp-json\/wp\/v2\/categories?post=380562"},{"taxonomy":"post_tag","embeddable":true,"href":"https:\/\/kapitalis.com\/tunisie\/wp-json\/wp\/v2\/tags?post=380562"}],"curies":[{"name":"wp","href":"https:\/\/api.w.org\/{rel}","templated":true}]}}