{"id":380658,"date":"2022-02-14T12:39:04","date_gmt":"2022-02-14T11:39:04","guid":{"rendered":"http:\/\/kapitalis.com\/tunisie\/?p=380658"},"modified":"2022-02-14T12:39:09","modified_gmt":"2022-02-14T11:39:09","slug":"tunisie-les-agents-municipaux-en-greve-de-deux-jours-dans-tout-le-territoire","status":"publish","type":"post","link":"https:\/\/kapitalis.com\/tunisie\/2022\/02\/14\/tunisie-les-agents-municipaux-en-greve-de-deux-jours-dans-tout-le-territoire\/","title":{"rendered":"Tunisie :  Les agents municipaux en gr\u00e8ve de deux jours dans tout le territoire"},"content":{"rendered":"\n<div class=\"wp-block-image\"><figure class=\"aligncenter size-full\"><img decoding=\"async\" src=\"http:\/\/kapitalis.com\/tunisie\/wp-content\/uploads\/2015\/05\/Agents-municipaux2.jpg\" alt=\"\" class=\"wp-image-957\"\/><\/figure><\/div>\n\n\n\n<p><em><strong>Le secr\u00e9taire g\u00e9n\u00e9ral de la F\u00e9d\u00e9ration g\u00e9n\u00e9rale des agents municipaux, Makram Amairia, a indiqu\u00e9 que les agents de toutes les municipalit\u00e9s du pays seront en gr\u00e8ve les 21 et 22 f\u00e9vrier 2022.\u00a0<\/strong><\/em><\/p>\n\n\n\n<!--more-->\n\n\n\n<p>Intervenu sur Jawhra FM, M. Amairia a expliqu\u00e9 que plusieurs revendications professionnelles motivent cette gr\u00e8ve, notamment le statut des agents municipaux, les primes et la r\u00e9vision du code des collectivit\u00e9s locales.<\/p>\n\n\n\n<p>Et d&rsquo;ajouter que les agents municipaux ont rejet\u00e9 la circulaire \u00e9mise par la pr\u00e9sidence du gouvernement concernant l\u2019interdiction de lancer des n\u00e9gociations entre les minist\u00e8res et les syndicats avant l\u2019autorisation du secr\u00e9tariat g\u00e9n\u00e9ral du gouvernement.<\/p>\n\n\n\n<p class=\"has-text-align-right\"><strong>C. B. Y.<\/strong><\/p>\n","protected":false},"excerpt":{"rendered":"<p>Le secr\u00e9taire g\u00e9n\u00e9ral de la F\u00e9d\u00e9ration g\u00e9n\u00e9rale des agents municipaux, Makram Amairia, a indiqu\u00e9 que les agents de toutes les municipalit\u00e9s du pays seront en gr\u00e8ve les 21 et 22 f\u00e9vrier 2022.\u00a0<\/p>\n","protected":false},"author":24,"featured_media":0,"comment_status":"open","ping_status":"open","sticky":false,"template":"","format":"standard","meta":{"footnotes":""},"categories":[998,2433],"tags":[97315,97314,62643],"class_list":["post-380658","post","type-post","status-publish","format-standard","hentry","category-societe","category-tunisie","tag-greve-des-agents-municipaux","tag-makram-amairia","tag-tunisie"],"yoast_head":"<!-- This site is optimized with the Yoast SEO plugin v26.6 - https:\/\/yoast.com\/wordpress\/plugins\/seo\/ -->\n<title>Tunisie : Les agents municipaux en gr\u00e8ve de deux jours dans tout le territoire - Kapitalis<\/title>\n<meta name=\"robots\" content=\"index, follow, max-snippet:-1, max-image-preview:large, max-video-preview:-1\" \/>\n<link rel=\"canonical\" href=\"https:\/\/kapitalis.com\/tunisie\/2022\/02\/14\/tunisie-les-agents-municipaux-en-greve-de-deux-jours-dans-tout-le-territoire\/\" \/>\n<meta property=\"og:locale\" content=\"fr_FR\" \/>\n<meta property=\"og:type\" content=\"article\" \/>\n<meta property=\"og:title\" content=\"Tunisie : Les agents municipaux en gr\u00e8ve de deux jours dans tout le territoire - Kapitalis\" \/>\n<meta property=\"og:description\" content=\"Le secr\u00e9taire g\u00e9n\u00e9ral de la F\u00e9d\u00e9ration g\u00e9n\u00e9rale des agents municipaux, Makram Amairia, a indiqu\u00e9 que les agents de toutes les municipalit\u00e9s du pays seront en gr\u00e8ve les 21 et 22 f\u00e9vrier 2022.\u00a0\" \/>\n<meta property=\"og:url\" content=\"https:\/\/kapitalis.com\/tunisie\/2022\/02\/14\/tunisie-les-agents-municipaux-en-greve-de-deux-jours-dans-tout-le-territoire\/\" \/>\n<meta property=\"og:site_name\" content=\"Kapitalis\" \/>\n<meta property=\"article:publisher\" content=\"https:\/\/www.facebook.com\/KapitalisInfo\/\" \/>\n<meta property=\"article:published_time\" content=\"2022-02-14T11:39:04+00:00\" \/>\n<meta property=\"article:modified_time\" content=\"2022-02-14T11:39:09+00:00\" \/>\n<meta property=\"og:image\" content=\"http:\/\/kapitalis.com\/tunisie\/wp-content\/uploads\/2015\/05\/Agents-municipaux2.jpg\" \/>\n<meta name=\"author\" content=\"Cherif Benyounes\" \/>\n<meta name=\"twitter:card\" content=\"summary_large_image\" \/>\n<meta name=\"twitter:creator\" content=\"@KapitalisInfo\" \/>\n<meta name=\"twitter:site\" content=\"@KapitalisInfo\" \/>\n<meta name=\"twitter:label1\" content=\"\u00c9crit par\" \/>\n\t<meta name=\"twitter:data1\" content=\"Cherif Benyounes\" \/>\n\t<meta name=\"twitter:label2\" content=\"Dur\u00e9e de lecture estim\u00e9e\" \/>\n\t<meta name=\"twitter:data2\" content=\"1 minute\" \/>\n<script type=\"application\/ld+json\" class=\"yoast-schema-graph\">{\"@context\":\"https:\/\/schema.org\",\"@graph\":[{\"@type\":\"Article\",\"@id\":\"https:\/\/kapitalis.com\/tunisie\/2022\/02\/14\/tunisie-les-agents-municipaux-en-greve-de-deux-jours-dans-tout-le-territoire\/#article\",\"isPartOf\":{\"@id\":\"https:\/\/kapitalis.com\/tunisie\/2022\/02\/14\/tunisie-les-agents-municipaux-en-greve-de-deux-jours-dans-tout-le-territoire\/\"},\"author\":{\"name\":\"Cherif Benyounes\",\"@id\":\"https:\/\/kapitalis.com\/tunisie\/#\/schema\/person\/b35b8d631961131107263178aeb8019e\"},\"headline\":\"Tunisie : Les agents municipaux en gr\u00e8ve de deux jours dans tout le territoire\",\"datePublished\":\"2022-02-14T11:39:04+00:00\",\"dateModified\":\"2022-02-14T11:39:09+00:00\",\"mainEntityOfPage\":{\"@id\":\"https:\/\/kapitalis.com\/tunisie\/2022\/02\/14\/tunisie-les-agents-municipaux-en-greve-de-deux-jours-dans-tout-le-territoire\/\"},\"wordCount\":133,\"commentCount\":1,\"publisher\":{\"@id\":\"https:\/\/kapitalis.com\/tunisie\/#organization\"},\"image\":{\"@id\":\"https:\/\/kapitalis.com\/tunisie\/2022\/02\/14\/tunisie-les-agents-municipaux-en-greve-de-deux-jours-dans-tout-le-territoire\/#primaryimage\"},\"thumbnailUrl\":\"http:\/\/kapitalis.com\/tunisie\/wp-content\/uploads\/2015\/05\/Agents-municipaux2.jpg\",\"keywords\":[\"gr\u00e8ve des agents municipaux\",\"Makram Amairia\",\"Tunisie\"],\"articleSection\":[\"SOCIETE\",\"Tunisie\"],\"inLanguage\":\"fr-FR\",\"potentialAction\":[{\"@type\":\"CommentAction\",\"name\":\"Comment\",\"target\":[\"https:\/\/kapitalis.com\/tunisie\/2022\/02\/14\/tunisie-les-agents-municipaux-en-greve-de-deux-jours-dans-tout-le-territoire\/#respond\"]}]},{\"@type\":\"WebPage\",\"@id\":\"https:\/\/kapitalis.com\/tunisie\/2022\/02\/14\/tunisie-les-agents-municipaux-en-greve-de-deux-jours-dans-tout-le-territoire\/\",\"url\":\"https:\/\/kapitalis.com\/tunisie\/2022\/02\/14\/tunisie-les-agents-municipaux-en-greve-de-deux-jours-dans-tout-le-territoire\/\",\"name\":\"Tunisie : Les agents municipaux en gr\u00e8ve de deux jours dans tout le territoire - Kapitalis\",\"isPartOf\":{\"@id\":\"https:\/\/kapitalis.com\/tunisie\/#website\"},\"primaryImageOfPage\":{\"@id\":\"https:\/\/kapitalis.com\/tunisie\/2022\/02\/14\/tunisie-les-agents-municipaux-en-greve-de-deux-jours-dans-tout-le-territoire\/#primaryimage\"},\"image\":{\"@id\":\"https:\/\/kapitalis.com\/tunisie\/2022\/02\/14\/tunisie-les-agents-municipaux-en-greve-de-deux-jours-dans-tout-le-territoire\/#primaryimage\"},\"thumbnailUrl\":\"http:\/\/kapitalis.com\/tunisie\/wp-content\/uploads\/2015\/05\/Agents-municipaux2.jpg\",\"datePublished\":\"2022-02-14T11:39:04+00:00\",\"dateModified\":\"2022-02-14T11:39:09+00:00\",\"breadcrumb\":{\"@id\":\"https:\/\/kapitalis.com\/tunisie\/2022\/02\/14\/tunisie-les-agents-municipaux-en-greve-de-deux-jours-dans-tout-le-territoire\/#breadcrumb\"},\"inLanguage\":\"fr-FR\",\"potentialAction\":[{\"@type\":\"ReadAction\",\"target\":[\"https:\/\/kapitalis.com\/tunisie\/2022\/02\/14\/tunisie-les-agents-municipaux-en-greve-de-deux-jours-dans-tout-le-territoire\/\"]}]},{\"@type\":\"ImageObject\",\"inLanguage\":\"fr-FR\",\"@id\":\"https:\/\/kapitalis.com\/tunisie\/2022\/02\/14\/tunisie-les-agents-municipaux-en-greve-de-deux-jours-dans-tout-le-territoire\/#primaryimage\",\"url\":\"\",\"contentUrl\":\"\"},{\"@type\":\"BreadcrumbList\",\"@id\":\"https:\/\/kapitalis.com\/tunisie\/2022\/02\/14\/tunisie-les-agents-municipaux-en-greve-de-deux-jours-dans-tout-le-territoire\/#breadcrumb\",\"itemListElement\":[{\"@type\":\"ListItem\",\"position\":1,\"name\":\"Accueil\",\"item\":\"https:\/\/kapitalis.com\/tunisie\/\"},{\"@type\":\"ListItem\",\"position\":2,\"name\":\"Tunisie : Les agents municipaux en gr\u00e8ve de deux jours dans tout le territoire\"}]},{\"@type\":\"WebSite\",\"@id\":\"https:\/\/kapitalis.com\/tunisie\/#website\",\"url\":\"https:\/\/kapitalis.com\/tunisie\/\",\"name\":\"Kapitalis\",\"description\":\"L&#039;actualit\u00e9 en Tunisie et dans le monde\",\"publisher\":{\"@id\":\"https:\/\/kapitalis.com\/tunisie\/#organization\"},\"potentialAction\":[{\"@type\":\"SearchAction\",\"target\":{\"@type\":\"EntryPoint\",\"urlTemplate\":\"https:\/\/kapitalis.com\/tunisie\/?s={search_term_string}\"},\"query-input\":{\"@type\":\"PropertyValueSpecification\",\"valueRequired\":true,\"valueName\":\"search_term_string\"}}],\"inLanguage\":\"fr-FR\"},{\"@type\":\"Organization\",\"@id\":\"https:\/\/kapitalis.com\/tunisie\/#organization\",\"name\":\"Kapitalis\",\"url\":\"https:\/\/kapitalis.com\/tunisie\/\",\"logo\":{\"@type\":\"ImageObject\",\"inLanguage\":\"fr-FR\",\"@id\":\"https:\/\/kapitalis.com\/tunisie\/#\/schema\/logo\/image\/\",\"url\":\"https:\/\/kapitalis.com\/tunisie\/wp-content\/uploads\/2022\/05\/Kapitalis-big-size.png\",\"contentUrl\":\"https:\/\/kapitalis.com\/tunisie\/wp-content\/uploads\/2022\/05\/Kapitalis-big-size.png\",\"width\":5000,\"height\":1500,\"caption\":\"Kapitalis\"},\"image\":{\"@id\":\"https:\/\/kapitalis.com\/tunisie\/#\/schema\/logo\/image\/\"},\"sameAs\":[\"https:\/\/www.facebook.com\/KapitalisInfo\/\",\"https:\/\/x.com\/KapitalisInfo\",\"https:\/\/www.youtube.com\/channel\/UC-yDYrHyfFBWWZaOw3FPg9Q\"]},{\"@type\":\"Person\",\"@id\":\"https:\/\/kapitalis.com\/tunisie\/#\/schema\/person\/b35b8d631961131107263178aeb8019e\",\"name\":\"Cherif Benyounes\",\"url\":\"https:\/\/kapitalis.com\/tunisie\/author\/cherif\/\"}]}<\/script>\n<!-- \/ Yoast SEO plugin. -->","yoast_head_json":{"title":"Tunisie : Les agents municipaux en gr\u00e8ve de deux jours dans tout le territoire - Kapitalis","robots":{"index":"index","follow":"follow","max-snippet":"max-snippet:-1","max-image-preview":"max-image-preview:large","max-video-preview":"max-video-preview:-1"},"canonical":"https:\/\/kapitalis.com\/tunisie\/2022\/02\/14\/tunisie-les-agents-municipaux-en-greve-de-deux-jours-dans-tout-le-territoire\/","og_locale":"fr_FR","og_type":"article","og_title":"Tunisie : Les agents municipaux en gr\u00e8ve de deux jours dans tout le territoire - Kapitalis","og_description":"Le secr\u00e9taire g\u00e9n\u00e9ral de la F\u00e9d\u00e9ration g\u00e9n\u00e9rale des agents municipaux, Makram Amairia, a indiqu\u00e9 que les agents de toutes les municipalit\u00e9s du pays seront en gr\u00e8ve les 21 et 22 f\u00e9vrier 2022.\u00a0","og_url":"https:\/\/kapitalis.com\/tunisie\/2022\/02\/14\/tunisie-les-agents-municipaux-en-greve-de-deux-jours-dans-tout-le-territoire\/","og_site_name":"Kapitalis","article_publisher":"https:\/\/www.facebook.com\/KapitalisInfo\/","article_published_time":"2022-02-14T11:39:04+00:00","article_modified_time":"2022-02-14T11:39:09+00:00","og_image":[{"url":"http:\/\/kapitalis.com\/tunisie\/wp-content\/uploads\/2015\/05\/Agents-municipaux2.jpg","type":"","width":"","height":""}],"author":"Cherif Benyounes","twitter_card":"summary_large_image","twitter_creator":"@KapitalisInfo","twitter_site":"@KapitalisInfo","twitter_misc":{"\u00c9crit par":"Cherif Benyounes","Dur\u00e9e de lecture estim\u00e9e":"1 minute"},"schema":{"@context":"https:\/\/schema.org","@graph":[{"@type":"Article","@id":"https:\/\/kapitalis.com\/tunisie\/2022\/02\/14\/tunisie-les-agents-municipaux-en-greve-de-deux-jours-dans-tout-le-territoire\/#article","isPartOf":{"@id":"https:\/\/kapitalis.com\/tunisie\/2022\/02\/14\/tunisie-les-agents-municipaux-en-greve-de-deux-jours-dans-tout-le-territoire\/"},"author":{"name":"Cherif Benyounes","@id":"https:\/\/kapitalis.com\/tunisie\/#\/schema\/person\/b35b8d631961131107263178aeb8019e"},"headline":"Tunisie : Les agents municipaux en gr\u00e8ve de deux jours dans tout le territoire","datePublished":"2022-02-14T11:39:04+00:00","dateModified":"2022-02-14T11:39:09+00:00","mainEntityOfPage":{"@id":"https:\/\/kapitalis.com\/tunisie\/2022\/02\/14\/tunisie-les-agents-municipaux-en-greve-de-deux-jours-dans-tout-le-territoire\/"},"wordCount":133,"commentCount":1,"publisher":{"@id":"https:\/\/kapitalis.com\/tunisie\/#organization"},"image":{"@id":"https:\/\/kapitalis.com\/tunisie\/2022\/02\/14\/tunisie-les-agents-municipaux-en-greve-de-deux-jours-dans-tout-le-territoire\/#primaryimage"},"thumbnailUrl":"http:\/\/kapitalis.com\/tunisie\/wp-content\/uploads\/2015\/05\/Agents-municipaux2.jpg","keywords":["gr\u00e8ve des agents municipaux","Makram Amairia","Tunisie"],"articleSection":["SOCIETE","Tunisie"],"inLanguage":"fr-FR","potentialAction":[{"@type":"CommentAction","name":"Comment","target":["https:\/\/kapitalis.com\/tunisie\/2022\/02\/14\/tunisie-les-agents-municipaux-en-greve-de-deux-jours-dans-tout-le-territoire\/#respond"]}]},{"@type":"WebPage","@id":"https:\/\/kapitalis.com\/tunisie\/2022\/02\/14\/tunisie-les-agents-municipaux-en-greve-de-deux-jours-dans-tout-le-territoire\/","url":"https:\/\/kapitalis.com\/tunisie\/2022\/02\/14\/tunisie-les-agents-municipaux-en-greve-de-deux-jours-dans-tout-le-territoire\/","name":"Tunisie : Les agents municipaux en gr\u00e8ve de deux jours dans tout le territoire - Kapitalis","isPartOf":{"@id":"https:\/\/kapitalis.com\/tunisie\/#website"},"primaryImageOfPage":{"@id":"https:\/\/kapitalis.com\/tunisie\/2022\/02\/14\/tunisie-les-agents-municipaux-en-greve-de-deux-jours-dans-tout-le-territoire\/#primaryimage"},"image":{"@id":"https:\/\/kapitalis.com\/tunisie\/2022\/02\/14\/tunisie-les-agents-municipaux-en-greve-de-deux-jours-dans-tout-le-territoire\/#primaryimage"},"thumbnailUrl":"http:\/\/kapitalis.com\/tunisie\/wp-content\/uploads\/2015\/05\/Agents-municipaux2.jpg","datePublished":"2022-02-14T11:39:04+00:00","dateModified":"2022-02-14T11:39:09+00:00","breadcrumb":{"@id":"https:\/\/kapitalis.com\/tunisie\/2022\/02\/14\/tunisie-les-agents-municipaux-en-greve-de-deux-jours-dans-tout-le-territoire\/#breadcrumb"},"inLanguage":"fr-FR","potentialAction":[{"@type":"ReadAction","target":["https:\/\/kapitalis.com\/tunisie\/2022\/02\/14\/tunisie-les-agents-municipaux-en-greve-de-deux-jours-dans-tout-le-territoire\/"]}]},{"@type":"ImageObject","inLanguage":"fr-FR","@id":"https:\/\/kapitalis.com\/tunisie\/2022\/02\/14\/tunisie-les-agents-municipaux-en-greve-de-deux-jours-dans-tout-le-territoire\/#primaryimage","url":"","contentUrl":""},{"@type":"BreadcrumbList","@id":"https:\/\/kapitalis.com\/tunisie\/2022\/02\/14\/tunisie-les-agents-municipaux-en-greve-de-deux-jours-dans-tout-le-territoire\/#breadcrumb","itemListElement":[{"@type":"ListItem","position":1,"name":"Accueil","item":"https:\/\/kapitalis.com\/tunisie\/"},{"@type":"ListItem","position":2,"name":"Tunisie : Les agents municipaux en gr\u00e8ve de deux jours dans tout le territoire"}]},{"@type":"WebSite","@id":"https:\/\/kapitalis.com\/tunisie\/#website","url":"https:\/\/kapitalis.com\/tunisie\/","name":"Kapitalis","description":"L&#039;actualit\u00e9 en Tunisie et dans le monde","publisher":{"@id":"https:\/\/kapitalis.com\/tunisie\/#organization"},"potentialAction":[{"@type":"SearchAction","target":{"@type":"EntryPoint","urlTemplate":"https:\/\/kapitalis.com\/tunisie\/?s={search_term_string}"},"query-input":{"@type":"PropertyValueSpecification","valueRequired":true,"valueName":"search_term_string"}}],"inLanguage":"fr-FR"},{"@type":"Organization","@id":"https:\/\/kapitalis.com\/tunisie\/#organization","name":"Kapitalis","url":"https:\/\/kapitalis.com\/tunisie\/","logo":{"@type":"ImageObject","inLanguage":"fr-FR","@id":"https:\/\/kapitalis.com\/tunisie\/#\/schema\/logo\/image\/","url":"https:\/\/kapitalis.com\/tunisie\/wp-content\/uploads\/2022\/05\/Kapitalis-big-size.png","contentUrl":"https:\/\/kapitalis.com\/tunisie\/wp-content\/uploads\/2022\/05\/Kapitalis-big-size.png","width":5000,"height":1500,"caption":"Kapitalis"},"image":{"@id":"https:\/\/kapitalis.com\/tunisie\/#\/schema\/logo\/image\/"},"sameAs":["https:\/\/www.facebook.com\/KapitalisInfo\/","https:\/\/x.com\/KapitalisInfo","https:\/\/www.youtube.com\/channel\/UC-yDYrHyfFBWWZaOw3FPg9Q"]},{"@type":"Person","@id":"https:\/\/kapitalis.com\/tunisie\/#\/schema\/person\/b35b8d631961131107263178aeb8019e","name":"Cherif Benyounes","url":"https:\/\/kapitalis.com\/tunisie\/author\/cherif\/"}]}},"_links":{"self":[{"href":"https:\/\/kapitalis.com\/tunisie\/wp-json\/wp\/v2\/posts\/380658","targetHints":{"allow":["GET"]}}],"collection":[{"href":"https:\/\/kapitalis.com\/tunisie\/wp-json\/wp\/v2\/posts"}],"about":[{"href":"https:\/\/kapitalis.com\/tunisie\/wp-json\/wp\/v2\/types\/post"}],"author":[{"embeddable":true,"href":"https:\/\/kapitalis.com\/tunisie\/wp-json\/wp\/v2\/users\/24"}],"replies":[{"embeddable":true,"href":"https:\/\/kapitalis.com\/tunisie\/wp-json\/wp\/v2\/comments?post=380658"}],"version-history":[{"count":0,"href":"https:\/\/kapitalis.com\/tunisie\/wp-json\/wp\/v2\/posts\/380658\/revisions"}],"wp:attachment":[{"href":"https:\/\/kapitalis.com\/tunisie\/wp-json\/wp\/v2\/media?parent=380658"}],"wp:term":[{"taxonomy":"category","embeddable":true,"href":"https:\/\/kapitalis.com\/tunisie\/wp-json\/wp\/v2\/categories?post=380658"},{"taxonomy":"post_tag","embeddable":true,"href":"https:\/\/kapitalis.com\/tunisie\/wp-json\/wp\/v2\/tags?post=380658"}],"curies":[{"name":"wp","href":"https:\/\/api.w.org\/{rel}","templated":true}]}}