{"id":381156,"date":"2022-02-18T10:46:56","date_gmt":"2022-02-18T09:46:56","guid":{"rendered":"http:\/\/kapitalis.com\/tunisie\/?p=381156"},"modified":"2022-02-18T10:48:45","modified_gmt":"2022-02-18T09:48:45","slug":"safir-eu-en-tunisie-un-programme-pour-accompagner-les-jeunes-vers-une-citoyennete-active","status":"publish","type":"post","link":"https:\/\/kapitalis.com\/tunisie\/2022\/02\/18\/safir-eu-en-tunisie-un-programme-pour-accompagner-les-jeunes-vers-une-citoyennete-active\/","title":{"rendered":"Safir EU en Tunisie : Un programme pour accompagner les jeunes vers une citoyennet\u00e9 active"},"content":{"rendered":"\n<div class=\"wp-block-image\"><figure class=\"aligncenter size-full\"><img decoding=\"async\" src=\"http:\/\/kapitalis.com\/tunisie\/wp-content\/uploads\/2022\/02\/Untitled-2-7.jpg\" alt=\"\" class=\"wp-image-381160\"\/><\/figure><\/div>\n\n\n\n<p><em><strong>Plus de mille jeunes appartenant \u00e0 9 pays diff\u00e9rents dont la Tunisie b\u00e9n\u00e9ficient du programme Safir EU qui soutient les projets innovants \u00e0 impact social, culturel et environnemental.<\/strong><\/em><\/p>\n\n\n\n<!--more-->\n\n\n\n<p>Safir est un programme qui s\u2019adresse \u00e0 la jeunesse dans neuf pays de l&rsquo;Afrique du nord et du Moyen-Orient et qui met en avant des projets de d\u00e9veloppement durable dans diff\u00e9rents domaines (culture, soci\u00e9t\u00e9, environnement \u2026).<\/p>\n\n\n\n<p>Cofinanc\u00e9 par la Commission Europ\u00e9enne, Safir est port\u00e9 par l\u2019Institut Fran\u00e7ais en partenariat avec plusieurs organisations dont l\u2019Agence universitaire de la Francophonie, CFIm\u00e9dias, Pitchworthy, Arab NGO Network for Development ou encore Lab\u2019ess.<\/p>\n\n\n\n<p>Plus de mille jeunes b\u00e9n\u00e9ficient de ce programme pour concr\u00e9tiser leurs projets de d\u00e9veloppement durable et pour promouvoir le dialogue entre la jeunesse et les pouvoirs public. Sept incubateurs locaux sont mis en r\u00e9seau pour cr\u00e9er un guide r\u00e9gional d\u2019accompagnement \u00e0 l\u2019entrepreneuriat social.<\/p>\n\n\n\n<p>Parmi les jeunes tunisiens porteurs de projets qui font partie de ce programme, figurent Selim Ben Safia (Al Badil _ Alternative culturelle), Mehdi Cherif (Fahmologia), Bochra Mensi (V\u00e9lorution), ainsi que Mejda, Sarra et Ouwais (Universit\u00e9 de Gab\u00e8s).<\/p>\n\n\n\n<p class=\"has-text-align-right\"><strong>F.B<\/strong><\/p>\n","protected":false},"excerpt":{"rendered":"<p>Plus de mille jeunes appartenant \u00e0 9 pays diff\u00e9rents dont la Tunisie b\u00e9n\u00e9ficient du programme Safir EU qui soutient les projets innovants \u00e0 impact social, culturel et environnemental.<\/p>\n","protected":false},"author":26,"featured_media":381160,"comment_status":"open","ping_status":"open","sticky":false,"template":"","format":"standard","meta":{"footnotes":""},"categories":[994,2433],"tags":[1684,97418,97417,97416,62643],"class_list":["post-381156","post","type-post","status-publish","format-standard","has-post-thumbnail","hentry","category-culture","category-tunisie","tag-developpement-durable","tag-entrepreneuriat-culturel","tag-jeunesse-creative","tag-safir-eu","tag-tunisie"],"yoast_head":"<!-- This site is optimized with the Yoast SEO plugin v26.6 - https:\/\/yoast.com\/wordpress\/plugins\/seo\/ -->\n<title>Safir EU en Tunisie : Un programme pour accompagner les jeunes vers une citoyennet\u00e9 active - Kapitalis<\/title>\n<meta name=\"robots\" content=\"index, follow, max-snippet:-1, max-image-preview:large, max-video-preview:-1\" \/>\n<link rel=\"canonical\" href=\"https:\/\/kapitalis.com\/tunisie\/2022\/02\/18\/safir-eu-en-tunisie-un-programme-pour-accompagner-les-jeunes-vers-une-citoyennete-active\/\" \/>\n<meta property=\"og:locale\" content=\"fr_FR\" \/>\n<meta property=\"og:type\" content=\"article\" \/>\n<meta property=\"og:title\" content=\"Safir EU en Tunisie : Un programme pour accompagner les jeunes vers une citoyennet\u00e9 active - Kapitalis\" \/>\n<meta property=\"og:description\" content=\"Plus de mille jeunes appartenant \u00e0 9 pays diff\u00e9rents dont la Tunisie b\u00e9n\u00e9ficient du programme Safir EU qui soutient les projets innovants \u00e0 impact social, culturel et environnemental.\" \/>\n<meta property=\"og:url\" content=\"https:\/\/kapitalis.com\/tunisie\/2022\/02\/18\/safir-eu-en-tunisie-un-programme-pour-accompagner-les-jeunes-vers-une-citoyennete-active\/\" \/>\n<meta property=\"og:site_name\" content=\"Kapitalis\" \/>\n<meta property=\"article:publisher\" content=\"https:\/\/www.facebook.com\/KapitalisInfo\/\" \/>\n<meta property=\"article:published_time\" content=\"2022-02-18T09:46:56+00:00\" \/>\n<meta property=\"article:modified_time\" content=\"2022-02-18T09:48:45+00:00\" \/>\n<meta property=\"og:image\" content=\"https:\/\/kapitalis.com\/tunisie\/wp-content\/uploads\/2022\/05\/kapitalis-logo-fb.png\" \/>\n\t<meta property=\"og:image:width\" content=\"1200\" \/>\n\t<meta property=\"og:image:height\" content=\"630\" \/>\n\t<meta property=\"og:image:type\" content=\"image\/png\" \/>\n<meta name=\"author\" content=\"Fawz BenAli\" \/>\n<meta name=\"twitter:card\" content=\"summary_large_image\" \/>\n<meta name=\"twitter:creator\" content=\"@KapitalisInfo\" \/>\n<meta name=\"twitter:site\" content=\"@KapitalisInfo\" \/>\n<meta name=\"twitter:label1\" content=\"\u00c9crit par\" \/>\n\t<meta name=\"twitter:data1\" content=\"Fawz BenAli\" \/>\n\t<meta name=\"twitter:label2\" content=\"Dur\u00e9e de lecture estim\u00e9e\" \/>\n\t<meta name=\"twitter:data2\" content=\"1 minute\" \/>\n<script type=\"application\/ld+json\" class=\"yoast-schema-graph\">{\"@context\":\"https:\/\/schema.org\",\"@graph\":[{\"@type\":\"Article\",\"@id\":\"https:\/\/kapitalis.com\/tunisie\/2022\/02\/18\/safir-eu-en-tunisie-un-programme-pour-accompagner-les-jeunes-vers-une-citoyennete-active\/#article\",\"isPartOf\":{\"@id\":\"https:\/\/kapitalis.com\/tunisie\/2022\/02\/18\/safir-eu-en-tunisie-un-programme-pour-accompagner-les-jeunes-vers-une-citoyennete-active\/\"},\"author\":{\"name\":\"Fawz BenAli\",\"@id\":\"https:\/\/kapitalis.com\/tunisie\/#\/schema\/person\/73a5ecc1f6ae540c6ed91342eadca948\"},\"headline\":\"Safir EU en Tunisie : Un programme pour accompagner les jeunes vers une citoyennet\u00e9 active\",\"datePublished\":\"2022-02-18T09:46:56+00:00\",\"dateModified\":\"2022-02-18T09:48:45+00:00\",\"mainEntityOfPage\":{\"@id\":\"https:\/\/kapitalis.com\/tunisie\/2022\/02\/18\/safir-eu-en-tunisie-un-programme-pour-accompagner-les-jeunes-vers-une-citoyennete-active\/\"},\"wordCount\":209,\"commentCount\":0,\"publisher\":{\"@id\":\"https:\/\/kapitalis.com\/tunisie\/#organization\"},\"image\":{\"@id\":\"https:\/\/kapitalis.com\/tunisie\/2022\/02\/18\/safir-eu-en-tunisie-un-programme-pour-accompagner-les-jeunes-vers-une-citoyennete-active\/#primaryimage\"},\"thumbnailUrl\":\"\",\"keywords\":[\"d\u00e9veloppement durable\",\"entrepreneuriat culturel\",\"jeunesse cr\u00e9ative\",\"Safir EU\",\"Tunisie\"],\"articleSection\":[\"CULTURE\",\"Tunisie\"],\"inLanguage\":\"fr-FR\",\"potentialAction\":[{\"@type\":\"CommentAction\",\"name\":\"Comment\",\"target\":[\"https:\/\/kapitalis.com\/tunisie\/2022\/02\/18\/safir-eu-en-tunisie-un-programme-pour-accompagner-les-jeunes-vers-une-citoyennete-active\/#respond\"]}]},{\"@type\":\"WebPage\",\"@id\":\"https:\/\/kapitalis.com\/tunisie\/2022\/02\/18\/safir-eu-en-tunisie-un-programme-pour-accompagner-les-jeunes-vers-une-citoyennete-active\/\",\"url\":\"https:\/\/kapitalis.com\/tunisie\/2022\/02\/18\/safir-eu-en-tunisie-un-programme-pour-accompagner-les-jeunes-vers-une-citoyennete-active\/\",\"name\":\"Safir EU en Tunisie : Un programme pour accompagner les jeunes vers une citoyennet\u00e9 active - Kapitalis\",\"isPartOf\":{\"@id\":\"https:\/\/kapitalis.com\/tunisie\/#website\"},\"primaryImageOfPage\":{\"@id\":\"https:\/\/kapitalis.com\/tunisie\/2022\/02\/18\/safir-eu-en-tunisie-un-programme-pour-accompagner-les-jeunes-vers-une-citoyennete-active\/#primaryimage\"},\"image\":{\"@id\":\"https:\/\/kapitalis.com\/tunisie\/2022\/02\/18\/safir-eu-en-tunisie-un-programme-pour-accompagner-les-jeunes-vers-une-citoyennete-active\/#primaryimage\"},\"thumbnailUrl\":\"\",\"datePublished\":\"2022-02-18T09:46:56+00:00\",\"dateModified\":\"2022-02-18T09:48:45+00:00\",\"breadcrumb\":{\"@id\":\"https:\/\/kapitalis.com\/tunisie\/2022\/02\/18\/safir-eu-en-tunisie-un-programme-pour-accompagner-les-jeunes-vers-une-citoyennete-active\/#breadcrumb\"},\"inLanguage\":\"fr-FR\",\"potentialAction\":[{\"@type\":\"ReadAction\",\"target\":[\"https:\/\/kapitalis.com\/tunisie\/2022\/02\/18\/safir-eu-en-tunisie-un-programme-pour-accompagner-les-jeunes-vers-une-citoyennete-active\/\"]}]},{\"@type\":\"ImageObject\",\"inLanguage\":\"fr-FR\",\"@id\":\"https:\/\/kapitalis.com\/tunisie\/2022\/02\/18\/safir-eu-en-tunisie-un-programme-pour-accompagner-les-jeunes-vers-une-citoyennete-active\/#primaryimage\",\"url\":\"\",\"contentUrl\":\"\"},{\"@type\":\"BreadcrumbList\",\"@id\":\"https:\/\/kapitalis.com\/tunisie\/2022\/02\/18\/safir-eu-en-tunisie-un-programme-pour-accompagner-les-jeunes-vers-une-citoyennete-active\/#breadcrumb\",\"itemListElement\":[{\"@type\":\"ListItem\",\"position\":1,\"name\":\"Accueil\",\"item\":\"https:\/\/kapitalis.com\/tunisie\/\"},{\"@type\":\"ListItem\",\"position\":2,\"name\":\"Safir EU en Tunisie : Un programme pour accompagner les jeunes vers une citoyennet\u00e9 active\"}]},{\"@type\":\"WebSite\",\"@id\":\"https:\/\/kapitalis.com\/tunisie\/#website\",\"url\":\"https:\/\/kapitalis.com\/tunisie\/\",\"name\":\"Kapitalis\",\"description\":\"L&#039;actualit\u00e9 en Tunisie et dans le monde\",\"publisher\":{\"@id\":\"https:\/\/kapitalis.com\/tunisie\/#organization\"},\"potentialAction\":[{\"@type\":\"SearchAction\",\"target\":{\"@type\":\"EntryPoint\",\"urlTemplate\":\"https:\/\/kapitalis.com\/tunisie\/?s={search_term_string}\"},\"query-input\":{\"@type\":\"PropertyValueSpecification\",\"valueRequired\":true,\"valueName\":\"search_term_string\"}}],\"inLanguage\":\"fr-FR\"},{\"@type\":\"Organization\",\"@id\":\"https:\/\/kapitalis.com\/tunisie\/#organization\",\"name\":\"Kapitalis\",\"url\":\"https:\/\/kapitalis.com\/tunisie\/\",\"logo\":{\"@type\":\"ImageObject\",\"inLanguage\":\"fr-FR\",\"@id\":\"https:\/\/kapitalis.com\/tunisie\/#\/schema\/logo\/image\/\",\"url\":\"https:\/\/kapitalis.com\/tunisie\/wp-content\/uploads\/2022\/05\/Kapitalis-big-size.png\",\"contentUrl\":\"https:\/\/kapitalis.com\/tunisie\/wp-content\/uploads\/2022\/05\/Kapitalis-big-size.png\",\"width\":5000,\"height\":1500,\"caption\":\"Kapitalis\"},\"image\":{\"@id\":\"https:\/\/kapitalis.com\/tunisie\/#\/schema\/logo\/image\/\"},\"sameAs\":[\"https:\/\/www.facebook.com\/KapitalisInfo\/\",\"https:\/\/x.com\/KapitalisInfo\",\"https:\/\/www.youtube.com\/channel\/UC-yDYrHyfFBWWZaOw3FPg9Q\"]},{\"@type\":\"Person\",\"@id\":\"https:\/\/kapitalis.com\/tunisie\/#\/schema\/person\/73a5ecc1f6ae540c6ed91342eadca948\",\"name\":\"Fawz BenAli\",\"url\":\"https:\/\/kapitalis.com\/tunisie\/author\/fawz\/\"}]}<\/script>\n<!-- \/ Yoast SEO plugin. -->","yoast_head_json":{"title":"Safir EU en Tunisie : Un programme pour accompagner les jeunes vers une citoyennet\u00e9 active - Kapitalis","robots":{"index":"index","follow":"follow","max-snippet":"max-snippet:-1","max-image-preview":"max-image-preview:large","max-video-preview":"max-video-preview:-1"},"canonical":"https:\/\/kapitalis.com\/tunisie\/2022\/02\/18\/safir-eu-en-tunisie-un-programme-pour-accompagner-les-jeunes-vers-une-citoyennete-active\/","og_locale":"fr_FR","og_type":"article","og_title":"Safir EU en Tunisie : Un programme pour accompagner les jeunes vers une citoyennet\u00e9 active - Kapitalis","og_description":"Plus de mille jeunes appartenant \u00e0 9 pays diff\u00e9rents dont la Tunisie b\u00e9n\u00e9ficient du programme Safir EU qui soutient les projets innovants \u00e0 impact social, culturel et environnemental.","og_url":"https:\/\/kapitalis.com\/tunisie\/2022\/02\/18\/safir-eu-en-tunisie-un-programme-pour-accompagner-les-jeunes-vers-une-citoyennete-active\/","og_site_name":"Kapitalis","article_publisher":"https:\/\/www.facebook.com\/KapitalisInfo\/","article_published_time":"2022-02-18T09:46:56+00:00","article_modified_time":"2022-02-18T09:48:45+00:00","og_image":[{"width":1200,"height":630,"url":"https:\/\/kapitalis.com\/tunisie\/wp-content\/uploads\/2022\/05\/kapitalis-logo-fb.png","type":"image\/png"}],"author":"Fawz BenAli","twitter_card":"summary_large_image","twitter_creator":"@KapitalisInfo","twitter_site":"@KapitalisInfo","twitter_misc":{"\u00c9crit par":"Fawz BenAli","Dur\u00e9e de lecture estim\u00e9e":"1 minute"},"schema":{"@context":"https:\/\/schema.org","@graph":[{"@type":"Article","@id":"https:\/\/kapitalis.com\/tunisie\/2022\/02\/18\/safir-eu-en-tunisie-un-programme-pour-accompagner-les-jeunes-vers-une-citoyennete-active\/#article","isPartOf":{"@id":"https:\/\/kapitalis.com\/tunisie\/2022\/02\/18\/safir-eu-en-tunisie-un-programme-pour-accompagner-les-jeunes-vers-une-citoyennete-active\/"},"author":{"name":"Fawz BenAli","@id":"https:\/\/kapitalis.com\/tunisie\/#\/schema\/person\/73a5ecc1f6ae540c6ed91342eadca948"},"headline":"Safir EU en Tunisie : Un programme pour accompagner les jeunes vers une citoyennet\u00e9 active","datePublished":"2022-02-18T09:46:56+00:00","dateModified":"2022-02-18T09:48:45+00:00","mainEntityOfPage":{"@id":"https:\/\/kapitalis.com\/tunisie\/2022\/02\/18\/safir-eu-en-tunisie-un-programme-pour-accompagner-les-jeunes-vers-une-citoyennete-active\/"},"wordCount":209,"commentCount":0,"publisher":{"@id":"https:\/\/kapitalis.com\/tunisie\/#organization"},"image":{"@id":"https:\/\/kapitalis.com\/tunisie\/2022\/02\/18\/safir-eu-en-tunisie-un-programme-pour-accompagner-les-jeunes-vers-une-citoyennete-active\/#primaryimage"},"thumbnailUrl":"","keywords":["d\u00e9veloppement durable","entrepreneuriat culturel","jeunesse cr\u00e9ative","Safir EU","Tunisie"],"articleSection":["CULTURE","Tunisie"],"inLanguage":"fr-FR","potentialAction":[{"@type":"CommentAction","name":"Comment","target":["https:\/\/kapitalis.com\/tunisie\/2022\/02\/18\/safir-eu-en-tunisie-un-programme-pour-accompagner-les-jeunes-vers-une-citoyennete-active\/#respond"]}]},{"@type":"WebPage","@id":"https:\/\/kapitalis.com\/tunisie\/2022\/02\/18\/safir-eu-en-tunisie-un-programme-pour-accompagner-les-jeunes-vers-une-citoyennete-active\/","url":"https:\/\/kapitalis.com\/tunisie\/2022\/02\/18\/safir-eu-en-tunisie-un-programme-pour-accompagner-les-jeunes-vers-une-citoyennete-active\/","name":"Safir EU en Tunisie : Un programme pour accompagner les jeunes vers une citoyennet\u00e9 active - Kapitalis","isPartOf":{"@id":"https:\/\/kapitalis.com\/tunisie\/#website"},"primaryImageOfPage":{"@id":"https:\/\/kapitalis.com\/tunisie\/2022\/02\/18\/safir-eu-en-tunisie-un-programme-pour-accompagner-les-jeunes-vers-une-citoyennete-active\/#primaryimage"},"image":{"@id":"https:\/\/kapitalis.com\/tunisie\/2022\/02\/18\/safir-eu-en-tunisie-un-programme-pour-accompagner-les-jeunes-vers-une-citoyennete-active\/#primaryimage"},"thumbnailUrl":"","datePublished":"2022-02-18T09:46:56+00:00","dateModified":"2022-02-18T09:48:45+00:00","breadcrumb":{"@id":"https:\/\/kapitalis.com\/tunisie\/2022\/02\/18\/safir-eu-en-tunisie-un-programme-pour-accompagner-les-jeunes-vers-une-citoyennete-active\/#breadcrumb"},"inLanguage":"fr-FR","potentialAction":[{"@type":"ReadAction","target":["https:\/\/kapitalis.com\/tunisie\/2022\/02\/18\/safir-eu-en-tunisie-un-programme-pour-accompagner-les-jeunes-vers-une-citoyennete-active\/"]}]},{"@type":"ImageObject","inLanguage":"fr-FR","@id":"https:\/\/kapitalis.com\/tunisie\/2022\/02\/18\/safir-eu-en-tunisie-un-programme-pour-accompagner-les-jeunes-vers-une-citoyennete-active\/#primaryimage","url":"","contentUrl":""},{"@type":"BreadcrumbList","@id":"https:\/\/kapitalis.com\/tunisie\/2022\/02\/18\/safir-eu-en-tunisie-un-programme-pour-accompagner-les-jeunes-vers-une-citoyennete-active\/#breadcrumb","itemListElement":[{"@type":"ListItem","position":1,"name":"Accueil","item":"https:\/\/kapitalis.com\/tunisie\/"},{"@type":"ListItem","position":2,"name":"Safir EU en Tunisie : Un programme pour accompagner les jeunes vers une citoyennet\u00e9 active"}]},{"@type":"WebSite","@id":"https:\/\/kapitalis.com\/tunisie\/#website","url":"https:\/\/kapitalis.com\/tunisie\/","name":"Kapitalis","description":"L&#039;actualit\u00e9 en Tunisie et dans le monde","publisher":{"@id":"https:\/\/kapitalis.com\/tunisie\/#organization"},"potentialAction":[{"@type":"SearchAction","target":{"@type":"EntryPoint","urlTemplate":"https:\/\/kapitalis.com\/tunisie\/?s={search_term_string}"},"query-input":{"@type":"PropertyValueSpecification","valueRequired":true,"valueName":"search_term_string"}}],"inLanguage":"fr-FR"},{"@type":"Organization","@id":"https:\/\/kapitalis.com\/tunisie\/#organization","name":"Kapitalis","url":"https:\/\/kapitalis.com\/tunisie\/","logo":{"@type":"ImageObject","inLanguage":"fr-FR","@id":"https:\/\/kapitalis.com\/tunisie\/#\/schema\/logo\/image\/","url":"https:\/\/kapitalis.com\/tunisie\/wp-content\/uploads\/2022\/05\/Kapitalis-big-size.png","contentUrl":"https:\/\/kapitalis.com\/tunisie\/wp-content\/uploads\/2022\/05\/Kapitalis-big-size.png","width":5000,"height":1500,"caption":"Kapitalis"},"image":{"@id":"https:\/\/kapitalis.com\/tunisie\/#\/schema\/logo\/image\/"},"sameAs":["https:\/\/www.facebook.com\/KapitalisInfo\/","https:\/\/x.com\/KapitalisInfo","https:\/\/www.youtube.com\/channel\/UC-yDYrHyfFBWWZaOw3FPg9Q"]},{"@type":"Person","@id":"https:\/\/kapitalis.com\/tunisie\/#\/schema\/person\/73a5ecc1f6ae540c6ed91342eadca948","name":"Fawz BenAli","url":"https:\/\/kapitalis.com\/tunisie\/author\/fawz\/"}]}},"_links":{"self":[{"href":"https:\/\/kapitalis.com\/tunisie\/wp-json\/wp\/v2\/posts\/381156","targetHints":{"allow":["GET"]}}],"collection":[{"href":"https:\/\/kapitalis.com\/tunisie\/wp-json\/wp\/v2\/posts"}],"about":[{"href":"https:\/\/kapitalis.com\/tunisie\/wp-json\/wp\/v2\/types\/post"}],"author":[{"embeddable":true,"href":"https:\/\/kapitalis.com\/tunisie\/wp-json\/wp\/v2\/users\/26"}],"replies":[{"embeddable":true,"href":"https:\/\/kapitalis.com\/tunisie\/wp-json\/wp\/v2\/comments?post=381156"}],"version-history":[{"count":0,"href":"https:\/\/kapitalis.com\/tunisie\/wp-json\/wp\/v2\/posts\/381156\/revisions"}],"wp:featuredmedia":[{"embeddable":true,"href":"https:\/\/kapitalis.com\/tunisie\/wp-json\/wp\/v2\/media\/381160"}],"wp:attachment":[{"href":"https:\/\/kapitalis.com\/tunisie\/wp-json\/wp\/v2\/media?parent=381156"}],"wp:term":[{"taxonomy":"category","embeddable":true,"href":"https:\/\/kapitalis.com\/tunisie\/wp-json\/wp\/v2\/categories?post=381156"},{"taxonomy":"post_tag","embeddable":true,"href":"https:\/\/kapitalis.com\/tunisie\/wp-json\/wp\/v2\/tags?post=381156"}],"curies":[{"name":"wp","href":"https:\/\/api.w.org\/{rel}","templated":true}]}}