{"id":381414,"date":"2022-02-21T09:44:24","date_gmt":"2022-02-21T08:44:24","guid":{"rendered":"http:\/\/kapitalis.com\/tunisie\/?p=381414"},"modified":"2022-02-21T09:46:59","modified_gmt":"2022-02-21T08:46:59","slug":"hamadi-ben-jaballah-la-tunisie-etait-dans-une-sombre-dictature-et-saied-la-liberee","status":"publish","type":"post","link":"https:\/\/kapitalis.com\/tunisie\/2022\/02\/21\/hamadi-ben-jaballah-la-tunisie-etait-dans-une-sombre-dictature-et-saied-la-liberee\/","title":{"rendered":"Hamadi Ben Jaballah : \u00abLa Tunisie \u00e9tait dans une sombre dictature, et Sa\u00efed l&rsquo;a lib\u00e9r\u00e9e\u00bb"},"content":{"rendered":"\n<pre class=\"wp-block-preformatted\"><\/pre>\n\n\n\n<div class=\"wp-block-image\"><figure class=\"aligncenter size-full\"><img decoding=\"async\" src=\"http:\/\/kapitalis.com\/tunisie\/wp-content\/uploads\/2022\/02\/Hamadi-Ben-Jaballah.jpg\" alt=\"\" class=\"wp-image-381415\"\/><\/figure><\/div>\n\n\n\n<p><strong><em>Selon Hamadi Ben Jaballah, la Tunisie a v\u00e9cu au cours de la d\u00e9cennie \u00e9coul\u00e9e une situation qu&rsquo;il a qualifi\u00e9e de \u00abmomifi\u00e9e\u00bb. Depuis 2011, la Tunisie a connu, selon lui, une \u00abcolonisation interne\u00bb, pire que la colonisation fran\u00e7aise qui \u00e9tait \u00absoft\u00bb, venue avec l&rsquo;islam politique qui a men\u00e9 le pays vers une dictature obscurantiste, selon ses termes.<\/em><\/strong> <strong><em><a href=\"https:\/\/www.mosaiquefm.net\/ar\/%D8%AA%D9%88%D9%86%D8%B3-%D8%A3%D8%AE%D8%A8%D8%A7%D8%B1-%D9%88%D8%B7%D9%86%D9%8A%D8%A9\/1018757\/%D8%AD%D9%85-%D8%A7%D8%AF%D9%8A-%D8%A8%D9%86-%D8%AC%D8%A7%D8%A8-%D8%A7%D9%84%D9%84%D9%87-%D8%AA%D9%88%D9%86%D8%B3-%D9%83%D8%A7%D9%86%D8%AA-%D9%81%D9%8A-%D8%AF%D9%83%D8%AA%D8%A7%D8%AA%D9%88%D8%B1%D9%8A%D8%A9-%D8%B8%D9%84%D8%A7%D9%85%D9%8A%D8%A9-%D9%88%D8%B3%D8%B9%D9%8A-%D8%AF-%D8%AD%D8%B1-%D8%B1%D9%87%D8%A7\" target=\"_blank\" rel=\"noreferrer noopener\">Vid\u00e9o. <\/a><\/em><\/strong><\/p>\n\n\n\n<!--more-->\n\n\n\n<p>Le professeur de philosophie et analystes politique, qui \u00e9tait l&rsquo;invit\u00e9 de l&rsquo;\u00e9mission Jaweb Hamza, dimanche 20 f\u00e9vrier 2022, sur <a href=\"https:\/\/www.mosaiquefm.net\/ar\/%D8%AA%D9%88%D9%86%D8%B3-%D8%A3%D8%AE%D8%A8%D8%A7%D8%B1-%D9%88%D8%B7%D9%86%D9%8A%D8%A9\/1018757\/%D8%AD%D9%85-%D8%A7%D8%AF%D9%8A-%D8%A8%D9%86-%D8%AC%D8%A7%D8%A8-%D8%A7%D9%84%D9%84%D9%87-%D8%AA%D9%88%D9%86%D8%B3-%D9%83%D8%A7%D9%86%D8%AA-%D9%81%D9%8A-%D8%AF%D9%83%D8%AA%D8%A7%D8%AA%D9%88%D8%B1%D9%8A%D8%A9-%D8%B8%D9%84%D8%A7%D9%85%D9%8A%D8%A9-%D9%88%D8%B3%D8%B9%D9%8A-%D8%AF-%D8%AD%D8%B1-%D8%B1%D9%87%D8%A7\" target=\"_blank\" rel=\"noreferrer noopener\">Mosa\u00efque FM<\/a>, estime que l&rsquo;\u00c9tat tunisien, au cours de la derni\u00e8re d\u00e9cennie, avait les mains li\u00e9s avant que les mesures exceptionnelles annonc\u00e9es le 25 juillet 2021 par le pr\u00e9sident Ka\u00efs Sa\u00efed ne viennent lib\u00e9rer la Tunisie de cette <em>\u00abcolonisation interne\u00bb<\/em> incarn\u00e9e par l&rsquo;islam politique, les partis qui le repr\u00e9sentent et ceux qui lui sont alli\u00e9s, qui ont entrepris de d\u00e9truire l&rsquo;\u00c9tat national, selon ses termes.<\/p>\n\n\n\n<p>Ben Jaballah a estim\u00e9 que tous les domaines en Tunisie ont besoin d&rsquo;une r\u00e9forme profonde et globale pour que l&rsquo;\u00c9tat national retrouve sa fonction, cet \u00c9tat construit par Bourguiba qui a \u0153uvr\u00e9 pendant son r\u00e8gne \u00e0 diffuser une culture ayant ouvert la voie \u00e0 la r\u00e9volution et \u00e0 la revendication de l&#8217;emploi, de la libert\u00e9 et de la dignit\u00e9 nationale, a-t-il d\u00e9clar\u00e9.<\/p>\n\n\n\n<p>Pour Hamadi Ben Jaballah, sans l&rsquo;\u00c9tat national, la r\u00e9volution ou le soul\u00e8vement n&rsquo;auraient pas \u00e9t\u00e9 possibles, en insistant sur le fait que <em>\u00abla r\u00e9volution de 2011 est sortie de l&rsquo;\u00e9cole de l&rsquo;\u00c9tat national\u00bb<\/em>, mais l&rsquo;av\u00e8nement de l&rsquo;islam politique qui a suivi et sa prise du pouvoir repr\u00e9sentent un revers pour l&rsquo;\u00c9tat national et sont \u00e0 l&rsquo;origine de <em>\u00abla situation de stagnation et de momification dans laquelle il se trouve depuis\u00bb.<\/em><\/p>\n\n\n\n<p>L&rsquo;invit\u00e9 de Jaweb Hamza a conclu qu&rsquo;apr\u00e8s <em>\u00able 25 juillet, le pire est derri\u00e8re nous et le plus difficile reste devant nous\u00bb<\/em>.<\/p>\n\n\n\n<p class=\"has-text-align-right\"><strong>I. B. <\/strong><\/p>\n\n\n\n<p><strong><em><a href=\"https:\/\/www.mosaiquefm.net\/ar\/%D8%AA%D9%88%D9%86%D8%B3-%D8%A3%D8%AE%D8%A8%D8%A7%D8%B1-%D9%88%D8%B7%D9%86%D9%8A%D8%A9\/1018757\/%D8%AD%D9%85-%D8%A7%D8%AF%D9%8A-%D8%A8%D9%86-%D8%AC%D8%A7%D8%A8-%D8%A7%D9%84%D9%84%D9%87-%D8%AA%D9%88%D9%86%D8%B3-%D9%83%D8%A7%D9%86%D8%AA-%D9%81%D9%8A-%D8%AF%D9%83%D8%AA%D8%A7%D8%AA%D9%88%D8%B1%D9%8A%D8%A9-%D8%B8%D9%84%D8%A7%D9%85%D9%8A%D8%A9-%D9%88%D8%B3%D8%B9%D9%8A-%D8%AF-%D8%AD%D8%B1-%D8%B1%D9%87%D8%A7\" target=\"_blank\" rel=\"noreferrer noopener\">Vid\u00e9o.<\/a><\/em><\/strong><\/p>\n","protected":false},"excerpt":{"rendered":"<p>Selon Hamadi Ben Jaballah, la Tunisie a v\u00e9cu au cours de la d\u00e9cennie \u00e9coul\u00e9e une situation qu&rsquo;il a qualifi\u00e9e de \u00abmomifi\u00e9e\u00bb. Depuis 2011, la Tunisie a connu, selon lui, une \u00abcolonisation interne\u00bb, pire que la colonisation fran\u00e7aise qui \u00e9tait \u00absoft\u00bb, venue avec l&rsquo;islam politique qui a men\u00e9 le pays vers une dictature obscurantiste, selon ses&#8230;<\/p>\n","protected":false},"author":8,"featured_media":381415,"comment_status":"open","ping_status":"open","sticky":false,"template":"","format":"standard","meta":{"footnotes":""},"categories":[997,2433],"tags":[163,97470,12351,97471,76012,62643],"class_list":["post-381414","post","type-post","status-publish","format-standard","has-post-thumbnail","hentry","category-politique","category-tunisie","tag-bourguiba","tag-hamadi-ben-jaballah","tag-islam-politique","tag-jaweb-hamza","tag-kais-saied-2","tag-tunisie"],"yoast_head":"<!-- This site is optimized with the Yoast SEO plugin v26.6 - https:\/\/yoast.com\/wordpress\/plugins\/seo\/ -->\n<title>Hamadi Ben Jaballah : \u00abLa Tunisie \u00e9tait dans une sombre dictature, et Sa\u00efed l&#039;a lib\u00e9r\u00e9e\u00bb - Kapitalis<\/title>\n<meta name=\"robots\" content=\"index, follow, max-snippet:-1, max-image-preview:large, max-video-preview:-1\" \/>\n<link rel=\"canonical\" href=\"https:\/\/kapitalis.com\/tunisie\/2022\/02\/21\/hamadi-ben-jaballah-la-tunisie-etait-dans-une-sombre-dictature-et-saied-la-liberee\/\" \/>\n<meta property=\"og:locale\" content=\"fr_FR\" \/>\n<meta property=\"og:type\" content=\"article\" \/>\n<meta property=\"og:title\" content=\"Hamadi Ben Jaballah : \u00abLa Tunisie \u00e9tait dans une sombre dictature, et Sa\u00efed l&#039;a lib\u00e9r\u00e9e\u00bb - Kapitalis\" \/>\n<meta property=\"og:description\" content=\"Selon Hamadi Ben Jaballah, la Tunisie a v\u00e9cu au cours de la d\u00e9cennie \u00e9coul\u00e9e une situation qu&rsquo;il a qualifi\u00e9e de \u00abmomifi\u00e9e\u00bb. Depuis 2011, la Tunisie a connu, selon lui, une \u00abcolonisation interne\u00bb, pire que la colonisation fran\u00e7aise qui \u00e9tait \u00absoft\u00bb, venue avec l&rsquo;islam politique qui a men\u00e9 le pays vers une dictature obscurantiste, selon ses...\" \/>\n<meta property=\"og:url\" content=\"https:\/\/kapitalis.com\/tunisie\/2022\/02\/21\/hamadi-ben-jaballah-la-tunisie-etait-dans-une-sombre-dictature-et-saied-la-liberee\/\" \/>\n<meta property=\"og:site_name\" content=\"Kapitalis\" \/>\n<meta property=\"article:publisher\" content=\"https:\/\/www.facebook.com\/KapitalisInfo\/\" \/>\n<meta property=\"article:published_time\" content=\"2022-02-21T08:44:24+00:00\" \/>\n<meta property=\"article:modified_time\" content=\"2022-02-21T08:46:59+00:00\" \/>\n<meta property=\"og:image\" content=\"https:\/\/kapitalis.com\/tunisie\/wp-content\/uploads\/2022\/05\/kapitalis-logo-fb.png\" \/>\n\t<meta property=\"og:image:width\" content=\"1200\" \/>\n\t<meta property=\"og:image:height\" content=\"630\" \/>\n\t<meta property=\"og:image:type\" content=\"image\/png\" \/>\n<meta name=\"author\" content=\"webmaster kapitalis\" \/>\n<meta name=\"twitter:card\" content=\"summary_large_image\" \/>\n<meta name=\"twitter:creator\" content=\"@KapitalisInfo\" \/>\n<meta name=\"twitter:site\" content=\"@KapitalisInfo\" \/>\n<meta name=\"twitter:label1\" content=\"\u00c9crit par\" \/>\n\t<meta name=\"twitter:data1\" content=\"webmaster kapitalis\" \/>\n\t<meta name=\"twitter:label2\" content=\"Dur\u00e9e de lecture estim\u00e9e\" \/>\n\t<meta name=\"twitter:data2\" content=\"2 minutes\" \/>\n<script type=\"application\/ld+json\" class=\"yoast-schema-graph\">{\"@context\":\"https:\/\/schema.org\",\"@graph\":[{\"@type\":\"Article\",\"@id\":\"https:\/\/kapitalis.com\/tunisie\/2022\/02\/21\/hamadi-ben-jaballah-la-tunisie-etait-dans-une-sombre-dictature-et-saied-la-liberee\/#article\",\"isPartOf\":{\"@id\":\"https:\/\/kapitalis.com\/tunisie\/2022\/02\/21\/hamadi-ben-jaballah-la-tunisie-etait-dans-une-sombre-dictature-et-saied-la-liberee\/\"},\"author\":{\"name\":\"webmaster kapitalis\",\"@id\":\"https:\/\/kapitalis.com\/tunisie\/#\/schema\/person\/d71f33a9ca44f7bad4698210b480c8e9\"},\"headline\":\"Hamadi Ben Jaballah : \u00abLa Tunisie \u00e9tait dans une sombre dictature, et Sa\u00efed l&rsquo;a lib\u00e9r\u00e9e\u00bb\",\"datePublished\":\"2022-02-21T08:44:24+00:00\",\"dateModified\":\"2022-02-21T08:46:59+00:00\",\"mainEntityOfPage\":{\"@id\":\"https:\/\/kapitalis.com\/tunisie\/2022\/02\/21\/hamadi-ben-jaballah-la-tunisie-etait-dans-une-sombre-dictature-et-saied-la-liberee\/\"},\"wordCount\":345,\"commentCount\":4,\"publisher\":{\"@id\":\"https:\/\/kapitalis.com\/tunisie\/#organization\"},\"image\":{\"@id\":\"https:\/\/kapitalis.com\/tunisie\/2022\/02\/21\/hamadi-ben-jaballah-la-tunisie-etait-dans-une-sombre-dictature-et-saied-la-liberee\/#primaryimage\"},\"thumbnailUrl\":\"\",\"keywords\":[\"Bourguiba\",\"Hamadi Ben Jaballah\",\"islam politique\",\"Jaweb Hamza\",\"Ka\u00efs Sa\u00efed\",\"Tunisie\"],\"articleSection\":[\"POLITIQUE\",\"Tunisie\"],\"inLanguage\":\"fr-FR\",\"potentialAction\":[{\"@type\":\"CommentAction\",\"name\":\"Comment\",\"target\":[\"https:\/\/kapitalis.com\/tunisie\/2022\/02\/21\/hamadi-ben-jaballah-la-tunisie-etait-dans-une-sombre-dictature-et-saied-la-liberee\/#respond\"]}]},{\"@type\":\"WebPage\",\"@id\":\"https:\/\/kapitalis.com\/tunisie\/2022\/02\/21\/hamadi-ben-jaballah-la-tunisie-etait-dans-une-sombre-dictature-et-saied-la-liberee\/\",\"url\":\"https:\/\/kapitalis.com\/tunisie\/2022\/02\/21\/hamadi-ben-jaballah-la-tunisie-etait-dans-une-sombre-dictature-et-saied-la-liberee\/\",\"name\":\"Hamadi Ben Jaballah : \u00abLa Tunisie \u00e9tait dans une sombre dictature, et Sa\u00efed l'a lib\u00e9r\u00e9e\u00bb - Kapitalis\",\"isPartOf\":{\"@id\":\"https:\/\/kapitalis.com\/tunisie\/#website\"},\"primaryImageOfPage\":{\"@id\":\"https:\/\/kapitalis.com\/tunisie\/2022\/02\/21\/hamadi-ben-jaballah-la-tunisie-etait-dans-une-sombre-dictature-et-saied-la-liberee\/#primaryimage\"},\"image\":{\"@id\":\"https:\/\/kapitalis.com\/tunisie\/2022\/02\/21\/hamadi-ben-jaballah-la-tunisie-etait-dans-une-sombre-dictature-et-saied-la-liberee\/#primaryimage\"},\"thumbnailUrl\":\"\",\"datePublished\":\"2022-02-21T08:44:24+00:00\",\"dateModified\":\"2022-02-21T08:46:59+00:00\",\"breadcrumb\":{\"@id\":\"https:\/\/kapitalis.com\/tunisie\/2022\/02\/21\/hamadi-ben-jaballah-la-tunisie-etait-dans-une-sombre-dictature-et-saied-la-liberee\/#breadcrumb\"},\"inLanguage\":\"fr-FR\",\"potentialAction\":[{\"@type\":\"ReadAction\",\"target\":[\"https:\/\/kapitalis.com\/tunisie\/2022\/02\/21\/hamadi-ben-jaballah-la-tunisie-etait-dans-une-sombre-dictature-et-saied-la-liberee\/\"]}]},{\"@type\":\"ImageObject\",\"inLanguage\":\"fr-FR\",\"@id\":\"https:\/\/kapitalis.com\/tunisie\/2022\/02\/21\/hamadi-ben-jaballah-la-tunisie-etait-dans-une-sombre-dictature-et-saied-la-liberee\/#primaryimage\",\"url\":\"\",\"contentUrl\":\"\"},{\"@type\":\"BreadcrumbList\",\"@id\":\"https:\/\/kapitalis.com\/tunisie\/2022\/02\/21\/hamadi-ben-jaballah-la-tunisie-etait-dans-une-sombre-dictature-et-saied-la-liberee\/#breadcrumb\",\"itemListElement\":[{\"@type\":\"ListItem\",\"position\":1,\"name\":\"Accueil\",\"item\":\"https:\/\/kapitalis.com\/tunisie\/\"},{\"@type\":\"ListItem\",\"position\":2,\"name\":\"Hamadi Ben Jaballah : \u00abLa Tunisie \u00e9tait dans une sombre dictature, et Sa\u00efed l&rsquo;a lib\u00e9r\u00e9e\u00bb\"}]},{\"@type\":\"WebSite\",\"@id\":\"https:\/\/kapitalis.com\/tunisie\/#website\",\"url\":\"https:\/\/kapitalis.com\/tunisie\/\",\"name\":\"Kapitalis\",\"description\":\"L&#039;actualit\u00e9 en Tunisie et dans le monde\",\"publisher\":{\"@id\":\"https:\/\/kapitalis.com\/tunisie\/#organization\"},\"potentialAction\":[{\"@type\":\"SearchAction\",\"target\":{\"@type\":\"EntryPoint\",\"urlTemplate\":\"https:\/\/kapitalis.com\/tunisie\/?s={search_term_string}\"},\"query-input\":{\"@type\":\"PropertyValueSpecification\",\"valueRequired\":true,\"valueName\":\"search_term_string\"}}],\"inLanguage\":\"fr-FR\"},{\"@type\":\"Organization\",\"@id\":\"https:\/\/kapitalis.com\/tunisie\/#organization\",\"name\":\"Kapitalis\",\"url\":\"https:\/\/kapitalis.com\/tunisie\/\",\"logo\":{\"@type\":\"ImageObject\",\"inLanguage\":\"fr-FR\",\"@id\":\"https:\/\/kapitalis.com\/tunisie\/#\/schema\/logo\/image\/\",\"url\":\"https:\/\/kapitalis.com\/tunisie\/wp-content\/uploads\/2022\/05\/Kapitalis-big-size.png\",\"contentUrl\":\"https:\/\/kapitalis.com\/tunisie\/wp-content\/uploads\/2022\/05\/Kapitalis-big-size.png\",\"width\":5000,\"height\":1500,\"caption\":\"Kapitalis\"},\"image\":{\"@id\":\"https:\/\/kapitalis.com\/tunisie\/#\/schema\/logo\/image\/\"},\"sameAs\":[\"https:\/\/www.facebook.com\/KapitalisInfo\/\",\"https:\/\/x.com\/KapitalisInfo\",\"https:\/\/www.youtube.com\/channel\/UC-yDYrHyfFBWWZaOw3FPg9Q\"]},{\"@type\":\"Person\",\"@id\":\"https:\/\/kapitalis.com\/tunisie\/#\/schema\/person\/d71f33a9ca44f7bad4698210b480c8e9\",\"name\":\"webmaster kapitalis\",\"url\":\"https:\/\/kapitalis.com\/tunisie\/author\/webmaster-kapitalis\/\"}]}<\/script>\n<!-- \/ Yoast SEO plugin. -->","yoast_head_json":{"title":"Hamadi Ben Jaballah : \u00abLa Tunisie \u00e9tait dans une sombre dictature, et Sa\u00efed l'a lib\u00e9r\u00e9e\u00bb - Kapitalis","robots":{"index":"index","follow":"follow","max-snippet":"max-snippet:-1","max-image-preview":"max-image-preview:large","max-video-preview":"max-video-preview:-1"},"canonical":"https:\/\/kapitalis.com\/tunisie\/2022\/02\/21\/hamadi-ben-jaballah-la-tunisie-etait-dans-une-sombre-dictature-et-saied-la-liberee\/","og_locale":"fr_FR","og_type":"article","og_title":"Hamadi Ben Jaballah : \u00abLa Tunisie \u00e9tait dans une sombre dictature, et Sa\u00efed l'a lib\u00e9r\u00e9e\u00bb - Kapitalis","og_description":"Selon Hamadi Ben Jaballah, la Tunisie a v\u00e9cu au cours de la d\u00e9cennie \u00e9coul\u00e9e une situation qu&rsquo;il a qualifi\u00e9e de \u00abmomifi\u00e9e\u00bb. Depuis 2011, la Tunisie a connu, selon lui, une \u00abcolonisation interne\u00bb, pire que la colonisation fran\u00e7aise qui \u00e9tait \u00absoft\u00bb, venue avec l&rsquo;islam politique qui a men\u00e9 le pays vers une dictature obscurantiste, selon ses...","og_url":"https:\/\/kapitalis.com\/tunisie\/2022\/02\/21\/hamadi-ben-jaballah-la-tunisie-etait-dans-une-sombre-dictature-et-saied-la-liberee\/","og_site_name":"Kapitalis","article_publisher":"https:\/\/www.facebook.com\/KapitalisInfo\/","article_published_time":"2022-02-21T08:44:24+00:00","article_modified_time":"2022-02-21T08:46:59+00:00","og_image":[{"width":1200,"height":630,"url":"https:\/\/kapitalis.com\/tunisie\/wp-content\/uploads\/2022\/05\/kapitalis-logo-fb.png","type":"image\/png"}],"author":"webmaster kapitalis","twitter_card":"summary_large_image","twitter_creator":"@KapitalisInfo","twitter_site":"@KapitalisInfo","twitter_misc":{"\u00c9crit par":"webmaster kapitalis","Dur\u00e9e de lecture estim\u00e9e":"2 minutes"},"schema":{"@context":"https:\/\/schema.org","@graph":[{"@type":"Article","@id":"https:\/\/kapitalis.com\/tunisie\/2022\/02\/21\/hamadi-ben-jaballah-la-tunisie-etait-dans-une-sombre-dictature-et-saied-la-liberee\/#article","isPartOf":{"@id":"https:\/\/kapitalis.com\/tunisie\/2022\/02\/21\/hamadi-ben-jaballah-la-tunisie-etait-dans-une-sombre-dictature-et-saied-la-liberee\/"},"author":{"name":"webmaster kapitalis","@id":"https:\/\/kapitalis.com\/tunisie\/#\/schema\/person\/d71f33a9ca44f7bad4698210b480c8e9"},"headline":"Hamadi Ben Jaballah : \u00abLa Tunisie \u00e9tait dans une sombre dictature, et Sa\u00efed l&rsquo;a lib\u00e9r\u00e9e\u00bb","datePublished":"2022-02-21T08:44:24+00:00","dateModified":"2022-02-21T08:46:59+00:00","mainEntityOfPage":{"@id":"https:\/\/kapitalis.com\/tunisie\/2022\/02\/21\/hamadi-ben-jaballah-la-tunisie-etait-dans-une-sombre-dictature-et-saied-la-liberee\/"},"wordCount":345,"commentCount":4,"publisher":{"@id":"https:\/\/kapitalis.com\/tunisie\/#organization"},"image":{"@id":"https:\/\/kapitalis.com\/tunisie\/2022\/02\/21\/hamadi-ben-jaballah-la-tunisie-etait-dans-une-sombre-dictature-et-saied-la-liberee\/#primaryimage"},"thumbnailUrl":"","keywords":["Bourguiba","Hamadi Ben Jaballah","islam politique","Jaweb Hamza","Ka\u00efs Sa\u00efed","Tunisie"],"articleSection":["POLITIQUE","Tunisie"],"inLanguage":"fr-FR","potentialAction":[{"@type":"CommentAction","name":"Comment","target":["https:\/\/kapitalis.com\/tunisie\/2022\/02\/21\/hamadi-ben-jaballah-la-tunisie-etait-dans-une-sombre-dictature-et-saied-la-liberee\/#respond"]}]},{"@type":"WebPage","@id":"https:\/\/kapitalis.com\/tunisie\/2022\/02\/21\/hamadi-ben-jaballah-la-tunisie-etait-dans-une-sombre-dictature-et-saied-la-liberee\/","url":"https:\/\/kapitalis.com\/tunisie\/2022\/02\/21\/hamadi-ben-jaballah-la-tunisie-etait-dans-une-sombre-dictature-et-saied-la-liberee\/","name":"Hamadi Ben Jaballah : \u00abLa Tunisie \u00e9tait dans une sombre dictature, et Sa\u00efed l'a lib\u00e9r\u00e9e\u00bb - Kapitalis","isPartOf":{"@id":"https:\/\/kapitalis.com\/tunisie\/#website"},"primaryImageOfPage":{"@id":"https:\/\/kapitalis.com\/tunisie\/2022\/02\/21\/hamadi-ben-jaballah-la-tunisie-etait-dans-une-sombre-dictature-et-saied-la-liberee\/#primaryimage"},"image":{"@id":"https:\/\/kapitalis.com\/tunisie\/2022\/02\/21\/hamadi-ben-jaballah-la-tunisie-etait-dans-une-sombre-dictature-et-saied-la-liberee\/#primaryimage"},"thumbnailUrl":"","datePublished":"2022-02-21T08:44:24+00:00","dateModified":"2022-02-21T08:46:59+00:00","breadcrumb":{"@id":"https:\/\/kapitalis.com\/tunisie\/2022\/02\/21\/hamadi-ben-jaballah-la-tunisie-etait-dans-une-sombre-dictature-et-saied-la-liberee\/#breadcrumb"},"inLanguage":"fr-FR","potentialAction":[{"@type":"ReadAction","target":["https:\/\/kapitalis.com\/tunisie\/2022\/02\/21\/hamadi-ben-jaballah-la-tunisie-etait-dans-une-sombre-dictature-et-saied-la-liberee\/"]}]},{"@type":"ImageObject","inLanguage":"fr-FR","@id":"https:\/\/kapitalis.com\/tunisie\/2022\/02\/21\/hamadi-ben-jaballah-la-tunisie-etait-dans-une-sombre-dictature-et-saied-la-liberee\/#primaryimage","url":"","contentUrl":""},{"@type":"BreadcrumbList","@id":"https:\/\/kapitalis.com\/tunisie\/2022\/02\/21\/hamadi-ben-jaballah-la-tunisie-etait-dans-une-sombre-dictature-et-saied-la-liberee\/#breadcrumb","itemListElement":[{"@type":"ListItem","position":1,"name":"Accueil","item":"https:\/\/kapitalis.com\/tunisie\/"},{"@type":"ListItem","position":2,"name":"Hamadi Ben Jaballah : \u00abLa Tunisie \u00e9tait dans une sombre dictature, et Sa\u00efed l&rsquo;a lib\u00e9r\u00e9e\u00bb"}]},{"@type":"WebSite","@id":"https:\/\/kapitalis.com\/tunisie\/#website","url":"https:\/\/kapitalis.com\/tunisie\/","name":"Kapitalis","description":"L&#039;actualit\u00e9 en Tunisie et dans le monde","publisher":{"@id":"https:\/\/kapitalis.com\/tunisie\/#organization"},"potentialAction":[{"@type":"SearchAction","target":{"@type":"EntryPoint","urlTemplate":"https:\/\/kapitalis.com\/tunisie\/?s={search_term_string}"},"query-input":{"@type":"PropertyValueSpecification","valueRequired":true,"valueName":"search_term_string"}}],"inLanguage":"fr-FR"},{"@type":"Organization","@id":"https:\/\/kapitalis.com\/tunisie\/#organization","name":"Kapitalis","url":"https:\/\/kapitalis.com\/tunisie\/","logo":{"@type":"ImageObject","inLanguage":"fr-FR","@id":"https:\/\/kapitalis.com\/tunisie\/#\/schema\/logo\/image\/","url":"https:\/\/kapitalis.com\/tunisie\/wp-content\/uploads\/2022\/05\/Kapitalis-big-size.png","contentUrl":"https:\/\/kapitalis.com\/tunisie\/wp-content\/uploads\/2022\/05\/Kapitalis-big-size.png","width":5000,"height":1500,"caption":"Kapitalis"},"image":{"@id":"https:\/\/kapitalis.com\/tunisie\/#\/schema\/logo\/image\/"},"sameAs":["https:\/\/www.facebook.com\/KapitalisInfo\/","https:\/\/x.com\/KapitalisInfo","https:\/\/www.youtube.com\/channel\/UC-yDYrHyfFBWWZaOw3FPg9Q"]},{"@type":"Person","@id":"https:\/\/kapitalis.com\/tunisie\/#\/schema\/person\/d71f33a9ca44f7bad4698210b480c8e9","name":"webmaster kapitalis","url":"https:\/\/kapitalis.com\/tunisie\/author\/webmaster-kapitalis\/"}]}},"_links":{"self":[{"href":"https:\/\/kapitalis.com\/tunisie\/wp-json\/wp\/v2\/posts\/381414","targetHints":{"allow":["GET"]}}],"collection":[{"href":"https:\/\/kapitalis.com\/tunisie\/wp-json\/wp\/v2\/posts"}],"about":[{"href":"https:\/\/kapitalis.com\/tunisie\/wp-json\/wp\/v2\/types\/post"}],"author":[{"embeddable":true,"href":"https:\/\/kapitalis.com\/tunisie\/wp-json\/wp\/v2\/users\/8"}],"replies":[{"embeddable":true,"href":"https:\/\/kapitalis.com\/tunisie\/wp-json\/wp\/v2\/comments?post=381414"}],"version-history":[{"count":0,"href":"https:\/\/kapitalis.com\/tunisie\/wp-json\/wp\/v2\/posts\/381414\/revisions"}],"wp:featuredmedia":[{"embeddable":true,"href":"https:\/\/kapitalis.com\/tunisie\/wp-json\/wp\/v2\/media\/381415"}],"wp:attachment":[{"href":"https:\/\/kapitalis.com\/tunisie\/wp-json\/wp\/v2\/media?parent=381414"}],"wp:term":[{"taxonomy":"category","embeddable":true,"href":"https:\/\/kapitalis.com\/tunisie\/wp-json\/wp\/v2\/categories?post=381414"},{"taxonomy":"post_tag","embeddable":true,"href":"https:\/\/kapitalis.com\/tunisie\/wp-json\/wp\/v2\/tags?post=381414"}],"curies":[{"name":"wp","href":"https:\/\/api.w.org\/{rel}","templated":true}]}}