{"id":381466,"date":"2022-02-21T13:47:56","date_gmt":"2022-02-21T12:47:56","guid":{"rendered":"http:\/\/kapitalis.com\/tunisie\/?p=381466"},"modified":"2022-02-21T13:54:05","modified_gmt":"2022-02-21T12:54:05","slug":"tunisie-rached-ghannouchi-diagnostique-lechec-cuisant-de-kais-saied","status":"publish","type":"post","link":"https:\/\/kapitalis.com\/tunisie\/2022\/02\/21\/tunisie-rached-ghannouchi-diagnostique-lechec-cuisant-de-kais-saied\/","title":{"rendered":"Tunisie : Rached Ghannouchi diagnostique l&rsquo;\u00e9chec cuisant de Ka\u00efs Sa\u00efed"},"content":{"rendered":"\n<div class=\"wp-block-image\"><figure class=\"aligncenter size-full\"><img decoding=\"async\" src=\"http:\/\/kapitalis.com\/tunisie\/wp-content\/uploads\/2020\/01\/Rached-Ghannouchi-Kais-Saied.jpg\" alt=\"\" class=\"wp-image-270687\"\/><\/figure><\/div>\n\n\n\n<p><strong><em>Dans une d\u00e9claration \u00e0 Al Jazeera Net, l&rsquo;un des organes de propagande du mouvement islamiste mondial, le pr\u00e9sident du mouvement Ennahdha, Rached Ghannouchi, s&rsquo;est attaqu\u00e9 encore une fois au pr\u00e9sident de la r\u00e9publique, Ka\u00efs Sa\u00efed, qui, selon ses termes, est le symbole m\u00eame de l&rsquo;\u00e9chec de l&rsquo;exp\u00e9rience tunisienne.<\/em><\/strong><\/p>\n\n\n\n<!--more-->\n\n\n\n<p><em>\u00abLe mot qui qualifie le mieux ses mesures est l&rsquo;\u00e9chec et l&rsquo;\u00e9chec cuisant\u00bb<\/em>, a-t-il insist\u00e9, comme si lui et son parti, qui ont dirig\u00e9 la Tunisie au cours des dix derni\u00e8res ann\u00e9es, n&rsquo;ont pas conduit notre pays \u00e0 la banqueroute actuelle.<\/p>\n\n\n\n<p><em>\u00abSa\u00efed a \u00e9chou\u00e9 parce qu&rsquo;il n&rsquo;a pas respect\u00e9 la constitution sur la base de laquelle il a pr\u00eat\u00e9 serment. Il a \u00e9chou\u00e9 en ne tenant pas sa promesse de respecter ce qui est rest\u00e9 des articles de cette constitution <\/em>(apr\u00e8s le d\u00e9cret pr\u00e9sidentiel n\u00b0 117 du 22 septembre 2021, Ndlr)<em>. Il n&rsquo;a pas r\u00e9ussi \u00e0 mettre fin \u00e0 la crise \u00e9conomique et sociale dont souffre le peuple tunisien. Il a plut\u00f4t supprim\u00e9 la loi vot\u00e9e par le parlement pour permettre \u00e0 ceux qui ont \u00e9t\u00e9 longtemps au ch\u00f4mage de faire valoir leur droit au travail\u00bb<\/em>, a aussi d\u00e9clar\u00e9 le chef islamiste, avec une arrogance et un sans g\u00eane qui ne surprennent plus personne, comme s&rsquo;il n&rsquo;\u00e9tait pour rien, lui et son parti, dans cette d\u00e9bandade g\u00e9n\u00e9rale.<\/p>\n\n\n\n<p><em>\u00abSaied a \u00e9galement \u00e9chou\u00e9 \u00e0 former un gouvernement capable de g\u00e9rer les affaires du pays, et \u00e0 pr\u00e9senter un budget qui garantisse un niveau minimum de s\u00e9curit\u00e9 \u00e9conomique et financi\u00e8re aux Tunisiens, et \u00e0 lui \u00e9pargner le spectacle des conflits entre les \u00e9lites politiques du pays, pour parler lui-m\u00eame aux Tunisiens, \u00e0 partir du Palais de Carthage, en tenant, \u00e0 chaque fois, un discours effrayant qui leur fait peur, les inqui\u00e8te et ne leur donne aucun espoir dans l&rsquo;avenir\u00bb, <\/em>a aussi d\u00e9clar\u00e9 Rached Ghannouchi.<\/p>\n\n\n\n<p>Le bilan du pr\u00e9sident Sa\u00efed sur le plan ext\u00e9rieur, tel que dress\u00e9 par le chef islamiste, est tout aussi n\u00e9gatif. <em>\u00abIl n&rsquo;a pas r\u00e9ussi \u00e0 pr\u00e9senter une image \u00e9clatante de la Tunisie \u00e0 l&rsquo;\u00e9tranger, ce qui la fait souffrir d&rsquo;un isolement international sans pr\u00e9c\u00e9dent dans son histoire et la rapproche avec une effrayante rapidit\u00e9 de la situation d&rsquo;un \u00c9tat d\u00e9faillant, un \u00c9tat incapable d&rsquo;accomplir le minimum de ses devoirs, tels que payer les salaires dans les d\u00e9lais requis et fournir les produits de base dont chaque famille tunisienne a besoin au quotidien\u00bb<\/em>, a conclu le pr\u00e9sident d&rsquo;Ennahdha qui voit dans cet \u00e9chec annonc\u00e9 de Ka\u00efs Sa\u00efed une possibilit\u00e9 pour lui et son parti de reprendre l&rsquo;initiative et de se replacer au c\u0153ur de la sc\u00e8ne politique tunisienne dont ils ont \u00e9t\u00e9 \u00e9ject\u00e9s le 25 juillet dernier.<\/p>\n\n\n\n<p class=\"has-text-align-right\"><strong>I. B.<\/strong><\/p>\n","protected":false},"excerpt":{"rendered":"<p>Dans une d\u00e9claration \u00e0 Al Jazeera Net, l&rsquo;un des organes de propagande du mouvement islamiste mondial, le pr\u00e9sident du mouvement Ennahdha, Rached Ghannouchi, s&rsquo;est attaqu\u00e9 encore une fois au pr\u00e9sident de la r\u00e9publique, Ka\u00efs Sa\u00efed, qui, selon ses termes, est le symbole m\u00eame de l&rsquo;\u00e9chec de l&rsquo;exp\u00e9rience tunisienne.<\/p>\n","protected":false},"author":8,"featured_media":0,"comment_status":"open","ping_status":"open","sticky":false,"template":"","format":"standard","meta":{"footnotes":""},"categories":[997,2433],"tags":[97490,49543,76012,758,62643],"class_list":["post-381466","post","type-post","status-publish","format-standard","hentry","category-politique","category-tunisie","tag-al-jazeera-net","tag-ennahdha","tag-kais-saied-2","tag-rached-ghannouchi","tag-tunisie"],"yoast_head":"<!-- This site is optimized with the Yoast SEO plugin v26.6 - https:\/\/yoast.com\/wordpress\/plugins\/seo\/ -->\n<title>Tunisie : Rached Ghannouchi diagnostique l&#039;\u00e9chec cuisant de Ka\u00efs Sa\u00efed - Kapitalis<\/title>\n<meta name=\"robots\" content=\"index, follow, max-snippet:-1, max-image-preview:large, max-video-preview:-1\" \/>\n<link rel=\"canonical\" href=\"https:\/\/kapitalis.com\/tunisie\/2022\/02\/21\/tunisie-rached-ghannouchi-diagnostique-lechec-cuisant-de-kais-saied\/\" \/>\n<meta property=\"og:locale\" content=\"fr_FR\" \/>\n<meta property=\"og:type\" content=\"article\" \/>\n<meta property=\"og:title\" content=\"Tunisie : Rached Ghannouchi diagnostique l&#039;\u00e9chec cuisant de Ka\u00efs Sa\u00efed - Kapitalis\" \/>\n<meta property=\"og:description\" content=\"Dans une d\u00e9claration \u00e0 Al Jazeera Net, l&rsquo;un des organes de propagande du mouvement islamiste mondial, le pr\u00e9sident du mouvement Ennahdha, Rached Ghannouchi, s&rsquo;est attaqu\u00e9 encore une fois au pr\u00e9sident de la r\u00e9publique, Ka\u00efs Sa\u00efed, qui, selon ses termes, est le symbole m\u00eame de l&rsquo;\u00e9chec de l&rsquo;exp\u00e9rience tunisienne.\" \/>\n<meta property=\"og:url\" content=\"https:\/\/kapitalis.com\/tunisie\/2022\/02\/21\/tunisie-rached-ghannouchi-diagnostique-lechec-cuisant-de-kais-saied\/\" \/>\n<meta property=\"og:site_name\" content=\"Kapitalis\" \/>\n<meta property=\"article:publisher\" content=\"https:\/\/www.facebook.com\/KapitalisInfo\/\" \/>\n<meta property=\"article:published_time\" content=\"2022-02-21T12:47:56+00:00\" \/>\n<meta property=\"article:modified_time\" content=\"2022-02-21T12:54:05+00:00\" \/>\n<meta property=\"og:image\" content=\"http:\/\/kapitalis.com\/tunisie\/wp-content\/uploads\/2020\/01\/Rached-Ghannouchi-Kais-Saied.jpg\" \/>\n<meta name=\"author\" content=\"webmaster kapitalis\" \/>\n<meta name=\"twitter:card\" content=\"summary_large_image\" \/>\n<meta name=\"twitter:creator\" content=\"@KapitalisInfo\" \/>\n<meta name=\"twitter:site\" content=\"@KapitalisInfo\" \/>\n<meta name=\"twitter:label1\" content=\"\u00c9crit par\" \/>\n\t<meta name=\"twitter:data1\" content=\"webmaster kapitalis\" \/>\n\t<meta name=\"twitter:label2\" content=\"Dur\u00e9e de lecture estim\u00e9e\" \/>\n\t<meta name=\"twitter:data2\" content=\"2 minutes\" \/>\n<script type=\"application\/ld+json\" class=\"yoast-schema-graph\">{\"@context\":\"https:\/\/schema.org\",\"@graph\":[{\"@type\":\"Article\",\"@id\":\"https:\/\/kapitalis.com\/tunisie\/2022\/02\/21\/tunisie-rached-ghannouchi-diagnostique-lechec-cuisant-de-kais-saied\/#article\",\"isPartOf\":{\"@id\":\"https:\/\/kapitalis.com\/tunisie\/2022\/02\/21\/tunisie-rached-ghannouchi-diagnostique-lechec-cuisant-de-kais-saied\/\"},\"author\":{\"name\":\"webmaster kapitalis\",\"@id\":\"https:\/\/kapitalis.com\/tunisie\/#\/schema\/person\/d71f33a9ca44f7bad4698210b480c8e9\"},\"headline\":\"Tunisie : Rached Ghannouchi diagnostique l&rsquo;\u00e9chec cuisant de Ka\u00efs Sa\u00efed\",\"datePublished\":\"2022-02-21T12:47:56+00:00\",\"dateModified\":\"2022-02-21T12:54:05+00:00\",\"mainEntityOfPage\":{\"@id\":\"https:\/\/kapitalis.com\/tunisie\/2022\/02\/21\/tunisie-rached-ghannouchi-diagnostique-lechec-cuisant-de-kais-saied\/\"},\"wordCount\":485,\"commentCount\":11,\"publisher\":{\"@id\":\"https:\/\/kapitalis.com\/tunisie\/#organization\"},\"image\":{\"@id\":\"https:\/\/kapitalis.com\/tunisie\/2022\/02\/21\/tunisie-rached-ghannouchi-diagnostique-lechec-cuisant-de-kais-saied\/#primaryimage\"},\"thumbnailUrl\":\"http:\/\/kapitalis.com\/tunisie\/wp-content\/uploads\/2020\/01\/Rached-Ghannouchi-Kais-Saied.jpg\",\"keywords\":[\"Al Jazeera Net\",\"Ennahdha\",\"Ka\u00efs Sa\u00efed\",\"Rached Ghannouchi\",\"Tunisie\"],\"articleSection\":[\"POLITIQUE\",\"Tunisie\"],\"inLanguage\":\"fr-FR\",\"potentialAction\":[{\"@type\":\"CommentAction\",\"name\":\"Comment\",\"target\":[\"https:\/\/kapitalis.com\/tunisie\/2022\/02\/21\/tunisie-rached-ghannouchi-diagnostique-lechec-cuisant-de-kais-saied\/#respond\"]}]},{\"@type\":\"WebPage\",\"@id\":\"https:\/\/kapitalis.com\/tunisie\/2022\/02\/21\/tunisie-rached-ghannouchi-diagnostique-lechec-cuisant-de-kais-saied\/\",\"url\":\"https:\/\/kapitalis.com\/tunisie\/2022\/02\/21\/tunisie-rached-ghannouchi-diagnostique-lechec-cuisant-de-kais-saied\/\",\"name\":\"Tunisie : Rached Ghannouchi diagnostique l'\u00e9chec cuisant de Ka\u00efs Sa\u00efed - Kapitalis\",\"isPartOf\":{\"@id\":\"https:\/\/kapitalis.com\/tunisie\/#website\"},\"primaryImageOfPage\":{\"@id\":\"https:\/\/kapitalis.com\/tunisie\/2022\/02\/21\/tunisie-rached-ghannouchi-diagnostique-lechec-cuisant-de-kais-saied\/#primaryimage\"},\"image\":{\"@id\":\"https:\/\/kapitalis.com\/tunisie\/2022\/02\/21\/tunisie-rached-ghannouchi-diagnostique-lechec-cuisant-de-kais-saied\/#primaryimage\"},\"thumbnailUrl\":\"http:\/\/kapitalis.com\/tunisie\/wp-content\/uploads\/2020\/01\/Rached-Ghannouchi-Kais-Saied.jpg\",\"datePublished\":\"2022-02-21T12:47:56+00:00\",\"dateModified\":\"2022-02-21T12:54:05+00:00\",\"breadcrumb\":{\"@id\":\"https:\/\/kapitalis.com\/tunisie\/2022\/02\/21\/tunisie-rached-ghannouchi-diagnostique-lechec-cuisant-de-kais-saied\/#breadcrumb\"},\"inLanguage\":\"fr-FR\",\"potentialAction\":[{\"@type\":\"ReadAction\",\"target\":[\"https:\/\/kapitalis.com\/tunisie\/2022\/02\/21\/tunisie-rached-ghannouchi-diagnostique-lechec-cuisant-de-kais-saied\/\"]}]},{\"@type\":\"ImageObject\",\"inLanguage\":\"fr-FR\",\"@id\":\"https:\/\/kapitalis.com\/tunisie\/2022\/02\/21\/tunisie-rached-ghannouchi-diagnostique-lechec-cuisant-de-kais-saied\/#primaryimage\",\"url\":\"\",\"contentUrl\":\"\"},{\"@type\":\"BreadcrumbList\",\"@id\":\"https:\/\/kapitalis.com\/tunisie\/2022\/02\/21\/tunisie-rached-ghannouchi-diagnostique-lechec-cuisant-de-kais-saied\/#breadcrumb\",\"itemListElement\":[{\"@type\":\"ListItem\",\"position\":1,\"name\":\"Accueil\",\"item\":\"https:\/\/kapitalis.com\/tunisie\/\"},{\"@type\":\"ListItem\",\"position\":2,\"name\":\"Tunisie : Rached Ghannouchi diagnostique l&rsquo;\u00e9chec cuisant de Ka\u00efs Sa\u00efed\"}]},{\"@type\":\"WebSite\",\"@id\":\"https:\/\/kapitalis.com\/tunisie\/#website\",\"url\":\"https:\/\/kapitalis.com\/tunisie\/\",\"name\":\"Kapitalis\",\"description\":\"L&#039;actualit\u00e9 en Tunisie et dans le monde\",\"publisher\":{\"@id\":\"https:\/\/kapitalis.com\/tunisie\/#organization\"},\"potentialAction\":[{\"@type\":\"SearchAction\",\"target\":{\"@type\":\"EntryPoint\",\"urlTemplate\":\"https:\/\/kapitalis.com\/tunisie\/?s={search_term_string}\"},\"query-input\":{\"@type\":\"PropertyValueSpecification\",\"valueRequired\":true,\"valueName\":\"search_term_string\"}}],\"inLanguage\":\"fr-FR\"},{\"@type\":\"Organization\",\"@id\":\"https:\/\/kapitalis.com\/tunisie\/#organization\",\"name\":\"Kapitalis\",\"url\":\"https:\/\/kapitalis.com\/tunisie\/\",\"logo\":{\"@type\":\"ImageObject\",\"inLanguage\":\"fr-FR\",\"@id\":\"https:\/\/kapitalis.com\/tunisie\/#\/schema\/logo\/image\/\",\"url\":\"https:\/\/kapitalis.com\/tunisie\/wp-content\/uploads\/2022\/05\/Kapitalis-big-size.png\",\"contentUrl\":\"https:\/\/kapitalis.com\/tunisie\/wp-content\/uploads\/2022\/05\/Kapitalis-big-size.png\",\"width\":5000,\"height\":1500,\"caption\":\"Kapitalis\"},\"image\":{\"@id\":\"https:\/\/kapitalis.com\/tunisie\/#\/schema\/logo\/image\/\"},\"sameAs\":[\"https:\/\/www.facebook.com\/KapitalisInfo\/\",\"https:\/\/x.com\/KapitalisInfo\",\"https:\/\/www.youtube.com\/channel\/UC-yDYrHyfFBWWZaOw3FPg9Q\"]},{\"@type\":\"Person\",\"@id\":\"https:\/\/kapitalis.com\/tunisie\/#\/schema\/person\/d71f33a9ca44f7bad4698210b480c8e9\",\"name\":\"webmaster kapitalis\",\"url\":\"https:\/\/kapitalis.com\/tunisie\/author\/webmaster-kapitalis\/\"}]}<\/script>\n<!-- \/ Yoast SEO plugin. -->","yoast_head_json":{"title":"Tunisie : Rached Ghannouchi diagnostique l'\u00e9chec cuisant de Ka\u00efs Sa\u00efed - Kapitalis","robots":{"index":"index","follow":"follow","max-snippet":"max-snippet:-1","max-image-preview":"max-image-preview:large","max-video-preview":"max-video-preview:-1"},"canonical":"https:\/\/kapitalis.com\/tunisie\/2022\/02\/21\/tunisie-rached-ghannouchi-diagnostique-lechec-cuisant-de-kais-saied\/","og_locale":"fr_FR","og_type":"article","og_title":"Tunisie : Rached Ghannouchi diagnostique l'\u00e9chec cuisant de Ka\u00efs Sa\u00efed - Kapitalis","og_description":"Dans une d\u00e9claration \u00e0 Al Jazeera Net, l&rsquo;un des organes de propagande du mouvement islamiste mondial, le pr\u00e9sident du mouvement Ennahdha, Rached Ghannouchi, s&rsquo;est attaqu\u00e9 encore une fois au pr\u00e9sident de la r\u00e9publique, Ka\u00efs Sa\u00efed, qui, selon ses termes, est le symbole m\u00eame de l&rsquo;\u00e9chec de l&rsquo;exp\u00e9rience tunisienne.","og_url":"https:\/\/kapitalis.com\/tunisie\/2022\/02\/21\/tunisie-rached-ghannouchi-diagnostique-lechec-cuisant-de-kais-saied\/","og_site_name":"Kapitalis","article_publisher":"https:\/\/www.facebook.com\/KapitalisInfo\/","article_published_time":"2022-02-21T12:47:56+00:00","article_modified_time":"2022-02-21T12:54:05+00:00","og_image":[{"url":"http:\/\/kapitalis.com\/tunisie\/wp-content\/uploads\/2020\/01\/Rached-Ghannouchi-Kais-Saied.jpg","type":"","width":"","height":""}],"author":"webmaster kapitalis","twitter_card":"summary_large_image","twitter_creator":"@KapitalisInfo","twitter_site":"@KapitalisInfo","twitter_misc":{"\u00c9crit par":"webmaster kapitalis","Dur\u00e9e de lecture estim\u00e9e":"2 minutes"},"schema":{"@context":"https:\/\/schema.org","@graph":[{"@type":"Article","@id":"https:\/\/kapitalis.com\/tunisie\/2022\/02\/21\/tunisie-rached-ghannouchi-diagnostique-lechec-cuisant-de-kais-saied\/#article","isPartOf":{"@id":"https:\/\/kapitalis.com\/tunisie\/2022\/02\/21\/tunisie-rached-ghannouchi-diagnostique-lechec-cuisant-de-kais-saied\/"},"author":{"name":"webmaster kapitalis","@id":"https:\/\/kapitalis.com\/tunisie\/#\/schema\/person\/d71f33a9ca44f7bad4698210b480c8e9"},"headline":"Tunisie : Rached Ghannouchi diagnostique l&rsquo;\u00e9chec cuisant de Ka\u00efs Sa\u00efed","datePublished":"2022-02-21T12:47:56+00:00","dateModified":"2022-02-21T12:54:05+00:00","mainEntityOfPage":{"@id":"https:\/\/kapitalis.com\/tunisie\/2022\/02\/21\/tunisie-rached-ghannouchi-diagnostique-lechec-cuisant-de-kais-saied\/"},"wordCount":485,"commentCount":11,"publisher":{"@id":"https:\/\/kapitalis.com\/tunisie\/#organization"},"image":{"@id":"https:\/\/kapitalis.com\/tunisie\/2022\/02\/21\/tunisie-rached-ghannouchi-diagnostique-lechec-cuisant-de-kais-saied\/#primaryimage"},"thumbnailUrl":"http:\/\/kapitalis.com\/tunisie\/wp-content\/uploads\/2020\/01\/Rached-Ghannouchi-Kais-Saied.jpg","keywords":["Al Jazeera Net","Ennahdha","Ka\u00efs Sa\u00efed","Rached Ghannouchi","Tunisie"],"articleSection":["POLITIQUE","Tunisie"],"inLanguage":"fr-FR","potentialAction":[{"@type":"CommentAction","name":"Comment","target":["https:\/\/kapitalis.com\/tunisie\/2022\/02\/21\/tunisie-rached-ghannouchi-diagnostique-lechec-cuisant-de-kais-saied\/#respond"]}]},{"@type":"WebPage","@id":"https:\/\/kapitalis.com\/tunisie\/2022\/02\/21\/tunisie-rached-ghannouchi-diagnostique-lechec-cuisant-de-kais-saied\/","url":"https:\/\/kapitalis.com\/tunisie\/2022\/02\/21\/tunisie-rached-ghannouchi-diagnostique-lechec-cuisant-de-kais-saied\/","name":"Tunisie : Rached Ghannouchi diagnostique l'\u00e9chec cuisant de Ka\u00efs Sa\u00efed - Kapitalis","isPartOf":{"@id":"https:\/\/kapitalis.com\/tunisie\/#website"},"primaryImageOfPage":{"@id":"https:\/\/kapitalis.com\/tunisie\/2022\/02\/21\/tunisie-rached-ghannouchi-diagnostique-lechec-cuisant-de-kais-saied\/#primaryimage"},"image":{"@id":"https:\/\/kapitalis.com\/tunisie\/2022\/02\/21\/tunisie-rached-ghannouchi-diagnostique-lechec-cuisant-de-kais-saied\/#primaryimage"},"thumbnailUrl":"http:\/\/kapitalis.com\/tunisie\/wp-content\/uploads\/2020\/01\/Rached-Ghannouchi-Kais-Saied.jpg","datePublished":"2022-02-21T12:47:56+00:00","dateModified":"2022-02-21T12:54:05+00:00","breadcrumb":{"@id":"https:\/\/kapitalis.com\/tunisie\/2022\/02\/21\/tunisie-rached-ghannouchi-diagnostique-lechec-cuisant-de-kais-saied\/#breadcrumb"},"inLanguage":"fr-FR","potentialAction":[{"@type":"ReadAction","target":["https:\/\/kapitalis.com\/tunisie\/2022\/02\/21\/tunisie-rached-ghannouchi-diagnostique-lechec-cuisant-de-kais-saied\/"]}]},{"@type":"ImageObject","inLanguage":"fr-FR","@id":"https:\/\/kapitalis.com\/tunisie\/2022\/02\/21\/tunisie-rached-ghannouchi-diagnostique-lechec-cuisant-de-kais-saied\/#primaryimage","url":"","contentUrl":""},{"@type":"BreadcrumbList","@id":"https:\/\/kapitalis.com\/tunisie\/2022\/02\/21\/tunisie-rached-ghannouchi-diagnostique-lechec-cuisant-de-kais-saied\/#breadcrumb","itemListElement":[{"@type":"ListItem","position":1,"name":"Accueil","item":"https:\/\/kapitalis.com\/tunisie\/"},{"@type":"ListItem","position":2,"name":"Tunisie : Rached Ghannouchi diagnostique l&rsquo;\u00e9chec cuisant de Ka\u00efs Sa\u00efed"}]},{"@type":"WebSite","@id":"https:\/\/kapitalis.com\/tunisie\/#website","url":"https:\/\/kapitalis.com\/tunisie\/","name":"Kapitalis","description":"L&#039;actualit\u00e9 en Tunisie et dans le monde","publisher":{"@id":"https:\/\/kapitalis.com\/tunisie\/#organization"},"potentialAction":[{"@type":"SearchAction","target":{"@type":"EntryPoint","urlTemplate":"https:\/\/kapitalis.com\/tunisie\/?s={search_term_string}"},"query-input":{"@type":"PropertyValueSpecification","valueRequired":true,"valueName":"search_term_string"}}],"inLanguage":"fr-FR"},{"@type":"Organization","@id":"https:\/\/kapitalis.com\/tunisie\/#organization","name":"Kapitalis","url":"https:\/\/kapitalis.com\/tunisie\/","logo":{"@type":"ImageObject","inLanguage":"fr-FR","@id":"https:\/\/kapitalis.com\/tunisie\/#\/schema\/logo\/image\/","url":"https:\/\/kapitalis.com\/tunisie\/wp-content\/uploads\/2022\/05\/Kapitalis-big-size.png","contentUrl":"https:\/\/kapitalis.com\/tunisie\/wp-content\/uploads\/2022\/05\/Kapitalis-big-size.png","width":5000,"height":1500,"caption":"Kapitalis"},"image":{"@id":"https:\/\/kapitalis.com\/tunisie\/#\/schema\/logo\/image\/"},"sameAs":["https:\/\/www.facebook.com\/KapitalisInfo\/","https:\/\/x.com\/KapitalisInfo","https:\/\/www.youtube.com\/channel\/UC-yDYrHyfFBWWZaOw3FPg9Q"]},{"@type":"Person","@id":"https:\/\/kapitalis.com\/tunisie\/#\/schema\/person\/d71f33a9ca44f7bad4698210b480c8e9","name":"webmaster kapitalis","url":"https:\/\/kapitalis.com\/tunisie\/author\/webmaster-kapitalis\/"}]}},"_links":{"self":[{"href":"https:\/\/kapitalis.com\/tunisie\/wp-json\/wp\/v2\/posts\/381466","targetHints":{"allow":["GET"]}}],"collection":[{"href":"https:\/\/kapitalis.com\/tunisie\/wp-json\/wp\/v2\/posts"}],"about":[{"href":"https:\/\/kapitalis.com\/tunisie\/wp-json\/wp\/v2\/types\/post"}],"author":[{"embeddable":true,"href":"https:\/\/kapitalis.com\/tunisie\/wp-json\/wp\/v2\/users\/8"}],"replies":[{"embeddable":true,"href":"https:\/\/kapitalis.com\/tunisie\/wp-json\/wp\/v2\/comments?post=381466"}],"version-history":[{"count":0,"href":"https:\/\/kapitalis.com\/tunisie\/wp-json\/wp\/v2\/posts\/381466\/revisions"}],"wp:attachment":[{"href":"https:\/\/kapitalis.com\/tunisie\/wp-json\/wp\/v2\/media?parent=381466"}],"wp:term":[{"taxonomy":"category","embeddable":true,"href":"https:\/\/kapitalis.com\/tunisie\/wp-json\/wp\/v2\/categories?post=381466"},{"taxonomy":"post_tag","embeddable":true,"href":"https:\/\/kapitalis.com\/tunisie\/wp-json\/wp\/v2\/tags?post=381466"}],"curies":[{"name":"wp","href":"https:\/\/api.w.org\/{rel}","templated":true}]}}