{"id":381490,"date":"2022-02-21T16:55:15","date_gmt":"2022-02-21T15:55:15","guid":{"rendered":"http:\/\/kapitalis.com\/tunisie\/?p=381490"},"modified":"2022-02-21T16:58:48","modified_gmt":"2022-02-21T15:58:48","slug":"tunisie-le-pdl-manifestera-le-13-mars","status":"publish","type":"post","link":"https:\/\/kapitalis.com\/tunisie\/2022\/02\/21\/tunisie-le-pdl-manifestera-le-13-mars\/","title":{"rendered":"Tunisie : Le PDL manifestera le 13 mars"},"content":{"rendered":"\n<div class=\"wp-block-image\"><figure class=\"aligncenter size-full\"><img decoding=\"async\" src=\"http:\/\/kapitalis.com\/tunisie\/wp-content\/uploads\/2022\/02\/abir-moussi.jpg\" alt=\"\" class=\"wp-image-381495\"\/><\/figure><\/div>\n\n\n\n<p><em><strong>La pr\u00e9sidente du Parti destourien libre (PDL), Abir Moussi, a annonc\u00e9, ce lundi 21 f\u00e9vrier 2022, lors d&rsquo;une conf\u00e9rence de presse, que son parti tiendra une manifestation le 13 mars prochain, pour \u00absauver le peuple, l\u2019Etat et le pays\u00bb, exprimant son refus de \u00abtol\u00e9rer tout processus susceptible de pi\u00e9tiner les droits des citoyens, restreindre les libert\u00e9s collectives et individuelles et monopoliser le pouvoir\u00bb.<\/strong><\/em><\/p>\n\n\n\n<!--more-->\n\n\n\n<p>Cela est, tout de m\u00eame, marrant d&rsquo;entrendre Mme Moussi parler des libert\u00e9s, elle qui a d\u00e9clar\u00e9 avant les \u00e9lections de 2019 qu&rsquo;elle <a href=\"http:\/\/kapitalis.com\/tunisie\/2019\/09\/12\/presidentielle-abir-moussi-refuse-la-depenalisation-de-lhomosexualite-et-approuve-le-test-anal\/\"><strong>refusait la d\u00e9p\u00e9nalisation de l&rsquo;homosexualit\u00e9 et qu&rsquo;elle approuvait m\u00eame le test anal<\/strong><\/a>.<\/p>\n\n\n\n<p>L&rsquo;avocate a, d&rsquo;autre part, condamn\u00e9 les tentatives du pr\u00e9sident de la r\u00e9publique, Ka\u00efs Sa\u00efed, de \u00ab<em>d\u00e9manteler<\/em> <em>les institutions de l\u2019Etat,<\/em> selon elle<em>, sous couvert des mesures exceptionnelles, et ce, en vue de mettre \u00e0 ex\u00e9cution son projet politique<\/em>\u00bb.<\/p>\n\n\n\n<p>Elle a \u00e9galement affirm\u00e9 que son parti ne reconna\u00eetra aucun r\u00e9sultat issu de la consultation \u00e9lectronique lanc\u00e9e il y a quelques semaines par le chef de l&rsquo;Etat, estimant que les textes promulgu\u00e9s par ce dernier, notamment pour l\u00e9galiser cette consultation, ne sont en aucun cas l\u00e9gitimes.<\/p>\n\n\n\n<p>\u00ab<em>Cette consultation \u00e9lectronique est ill\u00e9gale. Il s&rsquo;agit d&rsquo;une fraude m\u00e9thodique. Le parti refuse des \u00e9lections qui falsifient la volont\u00e9 du peuple<\/em>\u00bb , a-t-elle ajout\u00e9.<\/p>\n\n\n\n<p>L&rsquo;ex-RCDiste a, dans le m\u00eame contexte, indiqu\u00e9 son parti appelle \u00e0 la dissolution du Parlement et \u00e0 la tenue d&rsquo;\u00e9lections l\u00e9gislatives anticip\u00e9es.<\/p>\n\n\n\n<p class=\"has-text-align-right\"><strong>C. B. Y.<\/strong><\/p>\n","protected":false},"excerpt":{"rendered":"<p>La pr\u00e9sidente du Parti destourien libre (PDL), Abir Moussi, a annonc\u00e9, ce lundi 21 f\u00e9vrier 2022, lors d&rsquo;une conf\u00e9rence de presse, que son parti tiendra une manifestation le 13 mars prochain, pour \u00absauver le peuple, l\u2019Etat et le pays\u00bb, exprimant son refus de \u00abtol\u00e9rer tout processus susceptible de pi\u00e9tiner les droits des citoyens, restreindre les&#8230;<\/p>\n","protected":false},"author":24,"featured_media":381495,"comment_status":"open","ping_status":"open","sticky":false,"template":"","format":"standard","meta":{"footnotes":""},"categories":[997,2433],"tags":[15144,76012,33536,97493],"class_list":["post-381490","post","type-post","status-publish","format-standard","has-post-thumbnail","hentry","category-politique","category-tunisie","tag-abir-moussi","tag-kais-saied-2","tag-pdl","tag-rcdiste"],"yoast_head":"<!-- This site is optimized with the Yoast SEO plugin v26.6 - https:\/\/yoast.com\/wordpress\/plugins\/seo\/ -->\n<title>Tunisie : Le PDL manifestera le 13 mars - Kapitalis<\/title>\n<meta name=\"robots\" content=\"index, follow, max-snippet:-1, max-image-preview:large, max-video-preview:-1\" \/>\n<link rel=\"canonical\" href=\"https:\/\/kapitalis.com\/tunisie\/2022\/02\/21\/tunisie-le-pdl-manifestera-le-13-mars\/\" \/>\n<meta property=\"og:locale\" content=\"fr_FR\" \/>\n<meta property=\"og:type\" content=\"article\" \/>\n<meta property=\"og:title\" content=\"Tunisie : Le PDL manifestera le 13 mars - Kapitalis\" \/>\n<meta property=\"og:description\" content=\"La pr\u00e9sidente du Parti destourien libre (PDL), Abir Moussi, a annonc\u00e9, ce lundi 21 f\u00e9vrier 2022, lors d&rsquo;une conf\u00e9rence de presse, que son parti tiendra une manifestation le 13 mars prochain, pour \u00absauver le peuple, l\u2019Etat et le pays\u00bb, exprimant son refus de \u00abtol\u00e9rer tout processus susceptible de pi\u00e9tiner les droits des citoyens, restreindre les...\" \/>\n<meta property=\"og:url\" content=\"https:\/\/kapitalis.com\/tunisie\/2022\/02\/21\/tunisie-le-pdl-manifestera-le-13-mars\/\" \/>\n<meta property=\"og:site_name\" content=\"Kapitalis\" \/>\n<meta property=\"article:publisher\" content=\"https:\/\/www.facebook.com\/KapitalisInfo\/\" \/>\n<meta property=\"article:published_time\" content=\"2022-02-21T15:55:15+00:00\" \/>\n<meta property=\"article:modified_time\" content=\"2022-02-21T15:58:48+00:00\" \/>\n<meta property=\"og:image\" content=\"https:\/\/kapitalis.com\/tunisie\/wp-content\/uploads\/2022\/05\/kapitalis-logo-fb.png\" \/>\n\t<meta property=\"og:image:width\" content=\"1200\" \/>\n\t<meta property=\"og:image:height\" content=\"630\" \/>\n\t<meta property=\"og:image:type\" content=\"image\/png\" \/>\n<meta name=\"author\" content=\"Cherif Benyounes\" \/>\n<meta name=\"twitter:card\" content=\"summary_large_image\" \/>\n<meta name=\"twitter:creator\" content=\"@KapitalisInfo\" \/>\n<meta name=\"twitter:site\" content=\"@KapitalisInfo\" \/>\n<meta name=\"twitter:label1\" content=\"\u00c9crit par\" \/>\n\t<meta name=\"twitter:data1\" content=\"Cherif Benyounes\" \/>\n\t<meta name=\"twitter:label2\" content=\"Dur\u00e9e de lecture estim\u00e9e\" \/>\n\t<meta name=\"twitter:data2\" content=\"1 minute\" \/>\n<script type=\"application\/ld+json\" class=\"yoast-schema-graph\">{\"@context\":\"https:\/\/schema.org\",\"@graph\":[{\"@type\":\"Article\",\"@id\":\"https:\/\/kapitalis.com\/tunisie\/2022\/02\/21\/tunisie-le-pdl-manifestera-le-13-mars\/#article\",\"isPartOf\":{\"@id\":\"https:\/\/kapitalis.com\/tunisie\/2022\/02\/21\/tunisie-le-pdl-manifestera-le-13-mars\/\"},\"author\":{\"name\":\"Cherif Benyounes\",\"@id\":\"https:\/\/kapitalis.com\/tunisie\/#\/schema\/person\/b35b8d631961131107263178aeb8019e\"},\"headline\":\"Tunisie : Le PDL manifestera le 13 mars\",\"datePublished\":\"2022-02-21T15:55:15+00:00\",\"dateModified\":\"2022-02-21T15:58:48+00:00\",\"mainEntityOfPage\":{\"@id\":\"https:\/\/kapitalis.com\/tunisie\/2022\/02\/21\/tunisie-le-pdl-manifestera-le-13-mars\/\"},\"wordCount\":260,\"commentCount\":5,\"publisher\":{\"@id\":\"https:\/\/kapitalis.com\/tunisie\/#organization\"},\"image\":{\"@id\":\"https:\/\/kapitalis.com\/tunisie\/2022\/02\/21\/tunisie-le-pdl-manifestera-le-13-mars\/#primaryimage\"},\"thumbnailUrl\":\"\",\"keywords\":[\"Abir Moussi\",\"Ka\u00efs Sa\u00efed\",\"PDL\",\"RCDiste\"],\"articleSection\":[\"POLITIQUE\",\"Tunisie\"],\"inLanguage\":\"fr-FR\",\"potentialAction\":[{\"@type\":\"CommentAction\",\"name\":\"Comment\",\"target\":[\"https:\/\/kapitalis.com\/tunisie\/2022\/02\/21\/tunisie-le-pdl-manifestera-le-13-mars\/#respond\"]}]},{\"@type\":\"WebPage\",\"@id\":\"https:\/\/kapitalis.com\/tunisie\/2022\/02\/21\/tunisie-le-pdl-manifestera-le-13-mars\/\",\"url\":\"https:\/\/kapitalis.com\/tunisie\/2022\/02\/21\/tunisie-le-pdl-manifestera-le-13-mars\/\",\"name\":\"Tunisie : Le PDL manifestera le 13 mars - Kapitalis\",\"isPartOf\":{\"@id\":\"https:\/\/kapitalis.com\/tunisie\/#website\"},\"primaryImageOfPage\":{\"@id\":\"https:\/\/kapitalis.com\/tunisie\/2022\/02\/21\/tunisie-le-pdl-manifestera-le-13-mars\/#primaryimage\"},\"image\":{\"@id\":\"https:\/\/kapitalis.com\/tunisie\/2022\/02\/21\/tunisie-le-pdl-manifestera-le-13-mars\/#primaryimage\"},\"thumbnailUrl\":\"\",\"datePublished\":\"2022-02-21T15:55:15+00:00\",\"dateModified\":\"2022-02-21T15:58:48+00:00\",\"breadcrumb\":{\"@id\":\"https:\/\/kapitalis.com\/tunisie\/2022\/02\/21\/tunisie-le-pdl-manifestera-le-13-mars\/#breadcrumb\"},\"inLanguage\":\"fr-FR\",\"potentialAction\":[{\"@type\":\"ReadAction\",\"target\":[\"https:\/\/kapitalis.com\/tunisie\/2022\/02\/21\/tunisie-le-pdl-manifestera-le-13-mars\/\"]}]},{\"@type\":\"ImageObject\",\"inLanguage\":\"fr-FR\",\"@id\":\"https:\/\/kapitalis.com\/tunisie\/2022\/02\/21\/tunisie-le-pdl-manifestera-le-13-mars\/#primaryimage\",\"url\":\"\",\"contentUrl\":\"\"},{\"@type\":\"BreadcrumbList\",\"@id\":\"https:\/\/kapitalis.com\/tunisie\/2022\/02\/21\/tunisie-le-pdl-manifestera-le-13-mars\/#breadcrumb\",\"itemListElement\":[{\"@type\":\"ListItem\",\"position\":1,\"name\":\"Accueil\",\"item\":\"https:\/\/kapitalis.com\/tunisie\/\"},{\"@type\":\"ListItem\",\"position\":2,\"name\":\"Tunisie : Le PDL manifestera le 13 mars\"}]},{\"@type\":\"WebSite\",\"@id\":\"https:\/\/kapitalis.com\/tunisie\/#website\",\"url\":\"https:\/\/kapitalis.com\/tunisie\/\",\"name\":\"Kapitalis\",\"description\":\"L&#039;actualit\u00e9 en Tunisie et dans le monde\",\"publisher\":{\"@id\":\"https:\/\/kapitalis.com\/tunisie\/#organization\"},\"potentialAction\":[{\"@type\":\"SearchAction\",\"target\":{\"@type\":\"EntryPoint\",\"urlTemplate\":\"https:\/\/kapitalis.com\/tunisie\/?s={search_term_string}\"},\"query-input\":{\"@type\":\"PropertyValueSpecification\",\"valueRequired\":true,\"valueName\":\"search_term_string\"}}],\"inLanguage\":\"fr-FR\"},{\"@type\":\"Organization\",\"@id\":\"https:\/\/kapitalis.com\/tunisie\/#organization\",\"name\":\"Kapitalis\",\"url\":\"https:\/\/kapitalis.com\/tunisie\/\",\"logo\":{\"@type\":\"ImageObject\",\"inLanguage\":\"fr-FR\",\"@id\":\"https:\/\/kapitalis.com\/tunisie\/#\/schema\/logo\/image\/\",\"url\":\"https:\/\/kapitalis.com\/tunisie\/wp-content\/uploads\/2022\/05\/Kapitalis-big-size.png\",\"contentUrl\":\"https:\/\/kapitalis.com\/tunisie\/wp-content\/uploads\/2022\/05\/Kapitalis-big-size.png\",\"width\":5000,\"height\":1500,\"caption\":\"Kapitalis\"},\"image\":{\"@id\":\"https:\/\/kapitalis.com\/tunisie\/#\/schema\/logo\/image\/\"},\"sameAs\":[\"https:\/\/www.facebook.com\/KapitalisInfo\/\",\"https:\/\/x.com\/KapitalisInfo\",\"https:\/\/www.youtube.com\/channel\/UC-yDYrHyfFBWWZaOw3FPg9Q\"]},{\"@type\":\"Person\",\"@id\":\"https:\/\/kapitalis.com\/tunisie\/#\/schema\/person\/b35b8d631961131107263178aeb8019e\",\"name\":\"Cherif Benyounes\",\"url\":\"https:\/\/kapitalis.com\/tunisie\/author\/cherif\/\"}]}<\/script>\n<!-- \/ Yoast SEO plugin. -->","yoast_head_json":{"title":"Tunisie : Le PDL manifestera le 13 mars - Kapitalis","robots":{"index":"index","follow":"follow","max-snippet":"max-snippet:-1","max-image-preview":"max-image-preview:large","max-video-preview":"max-video-preview:-1"},"canonical":"https:\/\/kapitalis.com\/tunisie\/2022\/02\/21\/tunisie-le-pdl-manifestera-le-13-mars\/","og_locale":"fr_FR","og_type":"article","og_title":"Tunisie : Le PDL manifestera le 13 mars - Kapitalis","og_description":"La pr\u00e9sidente du Parti destourien libre (PDL), Abir Moussi, a annonc\u00e9, ce lundi 21 f\u00e9vrier 2022, lors d&rsquo;une conf\u00e9rence de presse, que son parti tiendra une manifestation le 13 mars prochain, pour \u00absauver le peuple, l\u2019Etat et le pays\u00bb, exprimant son refus de \u00abtol\u00e9rer tout processus susceptible de pi\u00e9tiner les droits des citoyens, restreindre les...","og_url":"https:\/\/kapitalis.com\/tunisie\/2022\/02\/21\/tunisie-le-pdl-manifestera-le-13-mars\/","og_site_name":"Kapitalis","article_publisher":"https:\/\/www.facebook.com\/KapitalisInfo\/","article_published_time":"2022-02-21T15:55:15+00:00","article_modified_time":"2022-02-21T15:58:48+00:00","og_image":[{"width":1200,"height":630,"url":"https:\/\/kapitalis.com\/tunisie\/wp-content\/uploads\/2022\/05\/kapitalis-logo-fb.png","type":"image\/png"}],"author":"Cherif Benyounes","twitter_card":"summary_large_image","twitter_creator":"@KapitalisInfo","twitter_site":"@KapitalisInfo","twitter_misc":{"\u00c9crit par":"Cherif Benyounes","Dur\u00e9e de lecture estim\u00e9e":"1 minute"},"schema":{"@context":"https:\/\/schema.org","@graph":[{"@type":"Article","@id":"https:\/\/kapitalis.com\/tunisie\/2022\/02\/21\/tunisie-le-pdl-manifestera-le-13-mars\/#article","isPartOf":{"@id":"https:\/\/kapitalis.com\/tunisie\/2022\/02\/21\/tunisie-le-pdl-manifestera-le-13-mars\/"},"author":{"name":"Cherif Benyounes","@id":"https:\/\/kapitalis.com\/tunisie\/#\/schema\/person\/b35b8d631961131107263178aeb8019e"},"headline":"Tunisie : Le PDL manifestera le 13 mars","datePublished":"2022-02-21T15:55:15+00:00","dateModified":"2022-02-21T15:58:48+00:00","mainEntityOfPage":{"@id":"https:\/\/kapitalis.com\/tunisie\/2022\/02\/21\/tunisie-le-pdl-manifestera-le-13-mars\/"},"wordCount":260,"commentCount":5,"publisher":{"@id":"https:\/\/kapitalis.com\/tunisie\/#organization"},"image":{"@id":"https:\/\/kapitalis.com\/tunisie\/2022\/02\/21\/tunisie-le-pdl-manifestera-le-13-mars\/#primaryimage"},"thumbnailUrl":"","keywords":["Abir Moussi","Ka\u00efs Sa\u00efed","PDL","RCDiste"],"articleSection":["POLITIQUE","Tunisie"],"inLanguage":"fr-FR","potentialAction":[{"@type":"CommentAction","name":"Comment","target":["https:\/\/kapitalis.com\/tunisie\/2022\/02\/21\/tunisie-le-pdl-manifestera-le-13-mars\/#respond"]}]},{"@type":"WebPage","@id":"https:\/\/kapitalis.com\/tunisie\/2022\/02\/21\/tunisie-le-pdl-manifestera-le-13-mars\/","url":"https:\/\/kapitalis.com\/tunisie\/2022\/02\/21\/tunisie-le-pdl-manifestera-le-13-mars\/","name":"Tunisie : Le PDL manifestera le 13 mars - Kapitalis","isPartOf":{"@id":"https:\/\/kapitalis.com\/tunisie\/#website"},"primaryImageOfPage":{"@id":"https:\/\/kapitalis.com\/tunisie\/2022\/02\/21\/tunisie-le-pdl-manifestera-le-13-mars\/#primaryimage"},"image":{"@id":"https:\/\/kapitalis.com\/tunisie\/2022\/02\/21\/tunisie-le-pdl-manifestera-le-13-mars\/#primaryimage"},"thumbnailUrl":"","datePublished":"2022-02-21T15:55:15+00:00","dateModified":"2022-02-21T15:58:48+00:00","breadcrumb":{"@id":"https:\/\/kapitalis.com\/tunisie\/2022\/02\/21\/tunisie-le-pdl-manifestera-le-13-mars\/#breadcrumb"},"inLanguage":"fr-FR","potentialAction":[{"@type":"ReadAction","target":["https:\/\/kapitalis.com\/tunisie\/2022\/02\/21\/tunisie-le-pdl-manifestera-le-13-mars\/"]}]},{"@type":"ImageObject","inLanguage":"fr-FR","@id":"https:\/\/kapitalis.com\/tunisie\/2022\/02\/21\/tunisie-le-pdl-manifestera-le-13-mars\/#primaryimage","url":"","contentUrl":""},{"@type":"BreadcrumbList","@id":"https:\/\/kapitalis.com\/tunisie\/2022\/02\/21\/tunisie-le-pdl-manifestera-le-13-mars\/#breadcrumb","itemListElement":[{"@type":"ListItem","position":1,"name":"Accueil","item":"https:\/\/kapitalis.com\/tunisie\/"},{"@type":"ListItem","position":2,"name":"Tunisie : Le PDL manifestera le 13 mars"}]},{"@type":"WebSite","@id":"https:\/\/kapitalis.com\/tunisie\/#website","url":"https:\/\/kapitalis.com\/tunisie\/","name":"Kapitalis","description":"L&#039;actualit\u00e9 en Tunisie et dans le monde","publisher":{"@id":"https:\/\/kapitalis.com\/tunisie\/#organization"},"potentialAction":[{"@type":"SearchAction","target":{"@type":"EntryPoint","urlTemplate":"https:\/\/kapitalis.com\/tunisie\/?s={search_term_string}"},"query-input":{"@type":"PropertyValueSpecification","valueRequired":true,"valueName":"search_term_string"}}],"inLanguage":"fr-FR"},{"@type":"Organization","@id":"https:\/\/kapitalis.com\/tunisie\/#organization","name":"Kapitalis","url":"https:\/\/kapitalis.com\/tunisie\/","logo":{"@type":"ImageObject","inLanguage":"fr-FR","@id":"https:\/\/kapitalis.com\/tunisie\/#\/schema\/logo\/image\/","url":"https:\/\/kapitalis.com\/tunisie\/wp-content\/uploads\/2022\/05\/Kapitalis-big-size.png","contentUrl":"https:\/\/kapitalis.com\/tunisie\/wp-content\/uploads\/2022\/05\/Kapitalis-big-size.png","width":5000,"height":1500,"caption":"Kapitalis"},"image":{"@id":"https:\/\/kapitalis.com\/tunisie\/#\/schema\/logo\/image\/"},"sameAs":["https:\/\/www.facebook.com\/KapitalisInfo\/","https:\/\/x.com\/KapitalisInfo","https:\/\/www.youtube.com\/channel\/UC-yDYrHyfFBWWZaOw3FPg9Q"]},{"@type":"Person","@id":"https:\/\/kapitalis.com\/tunisie\/#\/schema\/person\/b35b8d631961131107263178aeb8019e","name":"Cherif Benyounes","url":"https:\/\/kapitalis.com\/tunisie\/author\/cherif\/"}]}},"_links":{"self":[{"href":"https:\/\/kapitalis.com\/tunisie\/wp-json\/wp\/v2\/posts\/381490","targetHints":{"allow":["GET"]}}],"collection":[{"href":"https:\/\/kapitalis.com\/tunisie\/wp-json\/wp\/v2\/posts"}],"about":[{"href":"https:\/\/kapitalis.com\/tunisie\/wp-json\/wp\/v2\/types\/post"}],"author":[{"embeddable":true,"href":"https:\/\/kapitalis.com\/tunisie\/wp-json\/wp\/v2\/users\/24"}],"replies":[{"embeddable":true,"href":"https:\/\/kapitalis.com\/tunisie\/wp-json\/wp\/v2\/comments?post=381490"}],"version-history":[{"count":0,"href":"https:\/\/kapitalis.com\/tunisie\/wp-json\/wp\/v2\/posts\/381490\/revisions"}],"wp:featuredmedia":[{"embeddable":true,"href":"https:\/\/kapitalis.com\/tunisie\/wp-json\/wp\/v2\/media\/381495"}],"wp:attachment":[{"href":"https:\/\/kapitalis.com\/tunisie\/wp-json\/wp\/v2\/media?parent=381490"}],"wp:term":[{"taxonomy":"category","embeddable":true,"href":"https:\/\/kapitalis.com\/tunisie\/wp-json\/wp\/v2\/categories?post=381490"},{"taxonomy":"post_tag","embeddable":true,"href":"https:\/\/kapitalis.com\/tunisie\/wp-json\/wp\/v2\/tags?post=381490"}],"curies":[{"name":"wp","href":"https:\/\/api.w.org\/{rel}","templated":true}]}}