{"id":381508,"date":"2022-02-21T18:40:37","date_gmt":"2022-02-21T17:40:37","guid":{"rendered":"http:\/\/kapitalis.com\/tunisie\/?p=381508"},"modified":"2022-02-21T18:45:27","modified_gmt":"2022-02-21T17:45:27","slug":"tunisie-le-president-de-la-haica-sexprime-sur-la-situation-de-nessma-tv-video","status":"publish","type":"post","link":"https:\/\/kapitalis.com\/tunisie\/2022\/02\/21\/tunisie-le-president-de-la-haica-sexprime-sur-la-situation-de-nessma-tv-video\/","title":{"rendered":"Tunisie : Le pr\u00e9sident de la Haica s&rsquo;exprime sur la situation de Nessma TV (Vid\u00e9o)"},"content":{"rendered":"\n<div class=\"wp-block-image\"><figure class=\"aligncenter size-full\"><img decoding=\"async\" src=\"http:\/\/kapitalis.com\/tunisie\/wp-content\/uploads\/2022\/02\/Nouri-Lajmi.jpg\" alt=\"\" class=\"wp-image-381512\"\/><\/figure><\/div>\n\n\n\n<p><em><strong>La Haute autorit\u00e9 ind\u00e9pendante de la communication audiovisuelle (Haica) a publi\u00e9 ce lundi 21 f\u00e9vrier 2022, une <a href=\"https:\/\/www.facebook.com\/haicatunisie\/posts\/281925677401353?notif_id=1645462203620790&amp;notif_t=notify_me_page&amp;ref=notif\" target=\"_blank\" rel=\"noreferrer noopener\">vid\u00e9o<\/a> dans laquelle son pr\u00e9sident Nouri Lajmi, s&rsquo;est exprim\u00e9 sur la situation de Nessma TV, \u00e0 l&rsquo;issue d&rsquo;une rencontre avec son repr\u00e9sentant l\u00e9gal Zied Riba, \u00e9voquant une reprise temporaire de la cha\u00eene priv\u00e9e.<\/strong><\/em><\/p>\n\n\n\n<!--more-->\n\n\n\n<p>Nouri Lajmi a qualifi\u00e9e cette rencontre sur la r\u00e9gularisation de la situation de Nessma TV de \u00ab<em>positive<\/em>\u00bb, en ajoutant que le repr\u00e9sentant l\u00e9gal s\u2019est engag\u00e9 \u00e0 tout mettre en \u0153uvre pour rompre tout lien avec \u00ab<em>l\u2019ancienne soci\u00e9t\u00e9 qui dirigeait la cha\u00eene<\/em>\u00bb, voire m\u00eame \u00e0 changer le nom de celle-ci et \u00e0 engager de nouveau les anciens employ\u00e9s dans la \u00ab<em>nouvelle soci\u00e9t\u00e9<\/em>\u00bb.<\/p>\n\n\n\n<p>La m\u00eame source a jout\u00e9 que la Haica est en train de pr\u00e9parer les articles relatifs \u00e0 l&rsquo;accord en vue d\u2019octroyer \u00e0 Nessma TV une autorisation de diffusion temporaire, en attendant une r\u00e9gularisation d\u00e9finitive de sa situation sur la base de l&rsquo;accord entre l&rsquo;instance et le repr\u00e9sentant l\u00e9gal de la cha\u00eene.<\/p>\n\n\n\n<p><strong><a href=\"https:\/\/www.facebook.com\/haicatunisie\/posts\/281925677401353?notif_id=1645462203620790&amp;notif_t=notify_me_page&amp;ref=notif\" target=\"_blank\" rel=\"noreferrer noopener\">Vid\u00e9o<\/a><\/strong><\/p>\n\n\n\n<p class=\"has-text-align-right\"><strong>Y. N.<\/strong><\/p>\n","protected":false},"excerpt":{"rendered":"<p>La Haute autorit\u00e9 ind\u00e9pendante de la communication audiovisuelle (Haica) a publi\u00e9 ce lundi 21 f\u00e9vrier 2022, une vid\u00e9o dans laquelle son pr\u00e9sident Nouri Lajmi, s&rsquo;est exprim\u00e9 sur la situation de Nessma TV, \u00e0 l&rsquo;issue d&rsquo;une rencontre avec son repr\u00e9sentant l\u00e9gal Zied Riba, \u00e9voquant une reprise temporaire de la cha\u00eene priv\u00e9e.<\/p>\n","protected":false},"author":6,"featured_media":381512,"comment_status":"open","ping_status":"open","sticky":false,"template":"","format":"standard","meta":{"footnotes":""},"categories":[996,2433,4806],"tags":[97494,94918,1843,19378,651,657,2459,62643],"class_list":["post-381508","post","type-post","status-publish","format-standard","has-post-thumbnail","hentry","category-media","category-tunisie","category-videos","tag-autorisation-diffusion","tag-chaine-privee-2","tag-haica","tag-karoui-karoui","tag-nabil-karoui","tag-nessma-tv","tag-nouri-lajmi","tag-tunisie"],"yoast_head":"<!-- This site is optimized with the Yoast SEO plugin v26.6 - https:\/\/yoast.com\/wordpress\/plugins\/seo\/ -->\n<title>Tunisie : Le pr\u00e9sident de la Haica s&#039;exprime sur la situation de Nessma TV (Vid\u00e9o) - Kapitalis<\/title>\n<meta name=\"robots\" content=\"index, follow, max-snippet:-1, max-image-preview:large, max-video-preview:-1\" \/>\n<link rel=\"canonical\" href=\"https:\/\/kapitalis.com\/tunisie\/2022\/02\/21\/tunisie-le-president-de-la-haica-sexprime-sur-la-situation-de-nessma-tv-video\/\" \/>\n<meta property=\"og:locale\" content=\"fr_FR\" \/>\n<meta property=\"og:type\" content=\"article\" \/>\n<meta property=\"og:title\" content=\"Tunisie : Le pr\u00e9sident de la Haica s&#039;exprime sur la situation de Nessma TV (Vid\u00e9o) - Kapitalis\" \/>\n<meta property=\"og:description\" content=\"La Haute autorit\u00e9 ind\u00e9pendante de la communication audiovisuelle (Haica) a publi\u00e9 ce lundi 21 f\u00e9vrier 2022, une vid\u00e9o dans laquelle son pr\u00e9sident Nouri Lajmi, s&rsquo;est exprim\u00e9 sur la situation de Nessma TV, \u00e0 l&rsquo;issue d&rsquo;une rencontre avec son repr\u00e9sentant l\u00e9gal Zied Riba, \u00e9voquant une reprise temporaire de la cha\u00eene priv\u00e9e.\" \/>\n<meta property=\"og:url\" content=\"https:\/\/kapitalis.com\/tunisie\/2022\/02\/21\/tunisie-le-president-de-la-haica-sexprime-sur-la-situation-de-nessma-tv-video\/\" \/>\n<meta property=\"og:site_name\" content=\"Kapitalis\" \/>\n<meta property=\"article:publisher\" content=\"https:\/\/www.facebook.com\/KapitalisInfo\/\" \/>\n<meta property=\"article:published_time\" content=\"2022-02-21T17:40:37+00:00\" \/>\n<meta property=\"article:modified_time\" content=\"2022-02-21T17:45:27+00:00\" \/>\n<meta property=\"og:image\" content=\"https:\/\/kapitalis.com\/tunisie\/wp-content\/uploads\/2022\/05\/kapitalis-logo-fb.png\" \/>\n\t<meta property=\"og:image:width\" content=\"1200\" \/>\n\t<meta property=\"og:image:height\" content=\"630\" \/>\n\t<meta property=\"og:image:type\" content=\"image\/png\" \/>\n<meta name=\"author\" content=\"Yusra NY\" \/>\n<meta name=\"twitter:card\" content=\"summary_large_image\" \/>\n<meta name=\"twitter:creator\" content=\"@KapitalisInfo\" \/>\n<meta name=\"twitter:site\" content=\"@KapitalisInfo\" \/>\n<meta name=\"twitter:label1\" content=\"\u00c9crit par\" \/>\n\t<meta name=\"twitter:data1\" content=\"Yusra NY\" \/>\n\t<meta name=\"twitter:label2\" content=\"Dur\u00e9e de lecture estim\u00e9e\" \/>\n\t<meta name=\"twitter:data2\" content=\"1 minute\" \/>\n<script type=\"application\/ld+json\" class=\"yoast-schema-graph\">{\"@context\":\"https:\/\/schema.org\",\"@graph\":[{\"@type\":\"Article\",\"@id\":\"https:\/\/kapitalis.com\/tunisie\/2022\/02\/21\/tunisie-le-president-de-la-haica-sexprime-sur-la-situation-de-nessma-tv-video\/#article\",\"isPartOf\":{\"@id\":\"https:\/\/kapitalis.com\/tunisie\/2022\/02\/21\/tunisie-le-president-de-la-haica-sexprime-sur-la-situation-de-nessma-tv-video\/\"},\"author\":{\"name\":\"Yusra NY\",\"@id\":\"https:\/\/kapitalis.com\/tunisie\/#\/schema\/person\/74bbde0154d49d790a92aaeac5bc01d5\"},\"headline\":\"Tunisie : Le pr\u00e9sident de la Haica s&rsquo;exprime sur la situation de Nessma TV (Vid\u00e9o)\",\"datePublished\":\"2022-02-21T17:40:37+00:00\",\"dateModified\":\"2022-02-21T17:45:27+00:00\",\"mainEntityOfPage\":{\"@id\":\"https:\/\/kapitalis.com\/tunisie\/2022\/02\/21\/tunisie-le-president-de-la-haica-sexprime-sur-la-situation-de-nessma-tv-video\/\"},\"wordCount\":201,\"commentCount\":0,\"publisher\":{\"@id\":\"https:\/\/kapitalis.com\/tunisie\/#organization\"},\"image\":{\"@id\":\"https:\/\/kapitalis.com\/tunisie\/2022\/02\/21\/tunisie-le-president-de-la-haica-sexprime-sur-la-situation-de-nessma-tv-video\/#primaryimage\"},\"thumbnailUrl\":\"\",\"keywords\":[\"autorisation diffusion\",\"cha\u00eene priv\u00e9e\",\"Haica\",\"Karoui &amp; Karoui\",\"Nabil Karoui\",\"Nessma TV\",\"Nouri Lajmi\",\"Tunisie\"],\"articleSection\":[\"MEDIA\",\"Tunisie\",\"VIDEOS\"],\"inLanguage\":\"fr-FR\",\"potentialAction\":[{\"@type\":\"CommentAction\",\"name\":\"Comment\",\"target\":[\"https:\/\/kapitalis.com\/tunisie\/2022\/02\/21\/tunisie-le-president-de-la-haica-sexprime-sur-la-situation-de-nessma-tv-video\/#respond\"]}]},{\"@type\":\"WebPage\",\"@id\":\"https:\/\/kapitalis.com\/tunisie\/2022\/02\/21\/tunisie-le-president-de-la-haica-sexprime-sur-la-situation-de-nessma-tv-video\/\",\"url\":\"https:\/\/kapitalis.com\/tunisie\/2022\/02\/21\/tunisie-le-president-de-la-haica-sexprime-sur-la-situation-de-nessma-tv-video\/\",\"name\":\"Tunisie : Le pr\u00e9sident de la Haica s'exprime sur la situation de Nessma TV (Vid\u00e9o) - Kapitalis\",\"isPartOf\":{\"@id\":\"https:\/\/kapitalis.com\/tunisie\/#website\"},\"primaryImageOfPage\":{\"@id\":\"https:\/\/kapitalis.com\/tunisie\/2022\/02\/21\/tunisie-le-president-de-la-haica-sexprime-sur-la-situation-de-nessma-tv-video\/#primaryimage\"},\"image\":{\"@id\":\"https:\/\/kapitalis.com\/tunisie\/2022\/02\/21\/tunisie-le-president-de-la-haica-sexprime-sur-la-situation-de-nessma-tv-video\/#primaryimage\"},\"thumbnailUrl\":\"\",\"datePublished\":\"2022-02-21T17:40:37+00:00\",\"dateModified\":\"2022-02-21T17:45:27+00:00\",\"breadcrumb\":{\"@id\":\"https:\/\/kapitalis.com\/tunisie\/2022\/02\/21\/tunisie-le-president-de-la-haica-sexprime-sur-la-situation-de-nessma-tv-video\/#breadcrumb\"},\"inLanguage\":\"fr-FR\",\"potentialAction\":[{\"@type\":\"ReadAction\",\"target\":[\"https:\/\/kapitalis.com\/tunisie\/2022\/02\/21\/tunisie-le-president-de-la-haica-sexprime-sur-la-situation-de-nessma-tv-video\/\"]}]},{\"@type\":\"ImageObject\",\"inLanguage\":\"fr-FR\",\"@id\":\"https:\/\/kapitalis.com\/tunisie\/2022\/02\/21\/tunisie-le-president-de-la-haica-sexprime-sur-la-situation-de-nessma-tv-video\/#primaryimage\",\"url\":\"\",\"contentUrl\":\"\"},{\"@type\":\"BreadcrumbList\",\"@id\":\"https:\/\/kapitalis.com\/tunisie\/2022\/02\/21\/tunisie-le-president-de-la-haica-sexprime-sur-la-situation-de-nessma-tv-video\/#breadcrumb\",\"itemListElement\":[{\"@type\":\"ListItem\",\"position\":1,\"name\":\"Accueil\",\"item\":\"https:\/\/kapitalis.com\/tunisie\/\"},{\"@type\":\"ListItem\",\"position\":2,\"name\":\"Tunisie : Le pr\u00e9sident de la Haica s&rsquo;exprime sur la situation de Nessma TV (Vid\u00e9o)\"}]},{\"@type\":\"WebSite\",\"@id\":\"https:\/\/kapitalis.com\/tunisie\/#website\",\"url\":\"https:\/\/kapitalis.com\/tunisie\/\",\"name\":\"Kapitalis\",\"description\":\"L&#039;actualit\u00e9 en Tunisie et dans le monde\",\"publisher\":{\"@id\":\"https:\/\/kapitalis.com\/tunisie\/#organization\"},\"potentialAction\":[{\"@type\":\"SearchAction\",\"target\":{\"@type\":\"EntryPoint\",\"urlTemplate\":\"https:\/\/kapitalis.com\/tunisie\/?s={search_term_string}\"},\"query-input\":{\"@type\":\"PropertyValueSpecification\",\"valueRequired\":true,\"valueName\":\"search_term_string\"}}],\"inLanguage\":\"fr-FR\"},{\"@type\":\"Organization\",\"@id\":\"https:\/\/kapitalis.com\/tunisie\/#organization\",\"name\":\"Kapitalis\",\"url\":\"https:\/\/kapitalis.com\/tunisie\/\",\"logo\":{\"@type\":\"ImageObject\",\"inLanguage\":\"fr-FR\",\"@id\":\"https:\/\/kapitalis.com\/tunisie\/#\/schema\/logo\/image\/\",\"url\":\"https:\/\/kapitalis.com\/tunisie\/wp-content\/uploads\/2022\/05\/Kapitalis-big-size.png\",\"contentUrl\":\"https:\/\/kapitalis.com\/tunisie\/wp-content\/uploads\/2022\/05\/Kapitalis-big-size.png\",\"width\":5000,\"height\":1500,\"caption\":\"Kapitalis\"},\"image\":{\"@id\":\"https:\/\/kapitalis.com\/tunisie\/#\/schema\/logo\/image\/\"},\"sameAs\":[\"https:\/\/www.facebook.com\/KapitalisInfo\/\",\"https:\/\/x.com\/KapitalisInfo\",\"https:\/\/www.youtube.com\/channel\/UC-yDYrHyfFBWWZaOw3FPg9Q\"]},{\"@type\":\"Person\",\"@id\":\"https:\/\/kapitalis.com\/tunisie\/#\/schema\/person\/74bbde0154d49d790a92aaeac5bc01d5\",\"name\":\"Yusra NY\",\"url\":\"https:\/\/kapitalis.com\/tunisie\/author\/yuza_adam\/\"}]}<\/script>\n<!-- \/ Yoast SEO plugin. -->","yoast_head_json":{"title":"Tunisie : Le pr\u00e9sident de la Haica s'exprime sur la situation de Nessma TV (Vid\u00e9o) - Kapitalis","robots":{"index":"index","follow":"follow","max-snippet":"max-snippet:-1","max-image-preview":"max-image-preview:large","max-video-preview":"max-video-preview:-1"},"canonical":"https:\/\/kapitalis.com\/tunisie\/2022\/02\/21\/tunisie-le-president-de-la-haica-sexprime-sur-la-situation-de-nessma-tv-video\/","og_locale":"fr_FR","og_type":"article","og_title":"Tunisie : Le pr\u00e9sident de la Haica s'exprime sur la situation de Nessma TV (Vid\u00e9o) - Kapitalis","og_description":"La Haute autorit\u00e9 ind\u00e9pendante de la communication audiovisuelle (Haica) a publi\u00e9 ce lundi 21 f\u00e9vrier 2022, une vid\u00e9o dans laquelle son pr\u00e9sident Nouri Lajmi, s&rsquo;est exprim\u00e9 sur la situation de Nessma TV, \u00e0 l&rsquo;issue d&rsquo;une rencontre avec son repr\u00e9sentant l\u00e9gal Zied Riba, \u00e9voquant une reprise temporaire de la cha\u00eene priv\u00e9e.","og_url":"https:\/\/kapitalis.com\/tunisie\/2022\/02\/21\/tunisie-le-president-de-la-haica-sexprime-sur-la-situation-de-nessma-tv-video\/","og_site_name":"Kapitalis","article_publisher":"https:\/\/www.facebook.com\/KapitalisInfo\/","article_published_time":"2022-02-21T17:40:37+00:00","article_modified_time":"2022-02-21T17:45:27+00:00","og_image":[{"width":1200,"height":630,"url":"https:\/\/kapitalis.com\/tunisie\/wp-content\/uploads\/2022\/05\/kapitalis-logo-fb.png","type":"image\/png"}],"author":"Yusra NY","twitter_card":"summary_large_image","twitter_creator":"@KapitalisInfo","twitter_site":"@KapitalisInfo","twitter_misc":{"\u00c9crit par":"Yusra NY","Dur\u00e9e de lecture estim\u00e9e":"1 minute"},"schema":{"@context":"https:\/\/schema.org","@graph":[{"@type":"Article","@id":"https:\/\/kapitalis.com\/tunisie\/2022\/02\/21\/tunisie-le-president-de-la-haica-sexprime-sur-la-situation-de-nessma-tv-video\/#article","isPartOf":{"@id":"https:\/\/kapitalis.com\/tunisie\/2022\/02\/21\/tunisie-le-president-de-la-haica-sexprime-sur-la-situation-de-nessma-tv-video\/"},"author":{"name":"Yusra NY","@id":"https:\/\/kapitalis.com\/tunisie\/#\/schema\/person\/74bbde0154d49d790a92aaeac5bc01d5"},"headline":"Tunisie : Le pr\u00e9sident de la Haica s&rsquo;exprime sur la situation de Nessma TV (Vid\u00e9o)","datePublished":"2022-02-21T17:40:37+00:00","dateModified":"2022-02-21T17:45:27+00:00","mainEntityOfPage":{"@id":"https:\/\/kapitalis.com\/tunisie\/2022\/02\/21\/tunisie-le-president-de-la-haica-sexprime-sur-la-situation-de-nessma-tv-video\/"},"wordCount":201,"commentCount":0,"publisher":{"@id":"https:\/\/kapitalis.com\/tunisie\/#organization"},"image":{"@id":"https:\/\/kapitalis.com\/tunisie\/2022\/02\/21\/tunisie-le-president-de-la-haica-sexprime-sur-la-situation-de-nessma-tv-video\/#primaryimage"},"thumbnailUrl":"","keywords":["autorisation diffusion","cha\u00eene priv\u00e9e","Haica","Karoui &amp; Karoui","Nabil Karoui","Nessma TV","Nouri Lajmi","Tunisie"],"articleSection":["MEDIA","Tunisie","VIDEOS"],"inLanguage":"fr-FR","potentialAction":[{"@type":"CommentAction","name":"Comment","target":["https:\/\/kapitalis.com\/tunisie\/2022\/02\/21\/tunisie-le-president-de-la-haica-sexprime-sur-la-situation-de-nessma-tv-video\/#respond"]}]},{"@type":"WebPage","@id":"https:\/\/kapitalis.com\/tunisie\/2022\/02\/21\/tunisie-le-president-de-la-haica-sexprime-sur-la-situation-de-nessma-tv-video\/","url":"https:\/\/kapitalis.com\/tunisie\/2022\/02\/21\/tunisie-le-president-de-la-haica-sexprime-sur-la-situation-de-nessma-tv-video\/","name":"Tunisie : Le pr\u00e9sident de la Haica s'exprime sur la situation de Nessma TV (Vid\u00e9o) - Kapitalis","isPartOf":{"@id":"https:\/\/kapitalis.com\/tunisie\/#website"},"primaryImageOfPage":{"@id":"https:\/\/kapitalis.com\/tunisie\/2022\/02\/21\/tunisie-le-president-de-la-haica-sexprime-sur-la-situation-de-nessma-tv-video\/#primaryimage"},"image":{"@id":"https:\/\/kapitalis.com\/tunisie\/2022\/02\/21\/tunisie-le-president-de-la-haica-sexprime-sur-la-situation-de-nessma-tv-video\/#primaryimage"},"thumbnailUrl":"","datePublished":"2022-02-21T17:40:37+00:00","dateModified":"2022-02-21T17:45:27+00:00","breadcrumb":{"@id":"https:\/\/kapitalis.com\/tunisie\/2022\/02\/21\/tunisie-le-president-de-la-haica-sexprime-sur-la-situation-de-nessma-tv-video\/#breadcrumb"},"inLanguage":"fr-FR","potentialAction":[{"@type":"ReadAction","target":["https:\/\/kapitalis.com\/tunisie\/2022\/02\/21\/tunisie-le-president-de-la-haica-sexprime-sur-la-situation-de-nessma-tv-video\/"]}]},{"@type":"ImageObject","inLanguage":"fr-FR","@id":"https:\/\/kapitalis.com\/tunisie\/2022\/02\/21\/tunisie-le-president-de-la-haica-sexprime-sur-la-situation-de-nessma-tv-video\/#primaryimage","url":"","contentUrl":""},{"@type":"BreadcrumbList","@id":"https:\/\/kapitalis.com\/tunisie\/2022\/02\/21\/tunisie-le-president-de-la-haica-sexprime-sur-la-situation-de-nessma-tv-video\/#breadcrumb","itemListElement":[{"@type":"ListItem","position":1,"name":"Accueil","item":"https:\/\/kapitalis.com\/tunisie\/"},{"@type":"ListItem","position":2,"name":"Tunisie : Le pr\u00e9sident de la Haica s&rsquo;exprime sur la situation de Nessma TV (Vid\u00e9o)"}]},{"@type":"WebSite","@id":"https:\/\/kapitalis.com\/tunisie\/#website","url":"https:\/\/kapitalis.com\/tunisie\/","name":"Kapitalis","description":"L&#039;actualit\u00e9 en Tunisie et dans le monde","publisher":{"@id":"https:\/\/kapitalis.com\/tunisie\/#organization"},"potentialAction":[{"@type":"SearchAction","target":{"@type":"EntryPoint","urlTemplate":"https:\/\/kapitalis.com\/tunisie\/?s={search_term_string}"},"query-input":{"@type":"PropertyValueSpecification","valueRequired":true,"valueName":"search_term_string"}}],"inLanguage":"fr-FR"},{"@type":"Organization","@id":"https:\/\/kapitalis.com\/tunisie\/#organization","name":"Kapitalis","url":"https:\/\/kapitalis.com\/tunisie\/","logo":{"@type":"ImageObject","inLanguage":"fr-FR","@id":"https:\/\/kapitalis.com\/tunisie\/#\/schema\/logo\/image\/","url":"https:\/\/kapitalis.com\/tunisie\/wp-content\/uploads\/2022\/05\/Kapitalis-big-size.png","contentUrl":"https:\/\/kapitalis.com\/tunisie\/wp-content\/uploads\/2022\/05\/Kapitalis-big-size.png","width":5000,"height":1500,"caption":"Kapitalis"},"image":{"@id":"https:\/\/kapitalis.com\/tunisie\/#\/schema\/logo\/image\/"},"sameAs":["https:\/\/www.facebook.com\/KapitalisInfo\/","https:\/\/x.com\/KapitalisInfo","https:\/\/www.youtube.com\/channel\/UC-yDYrHyfFBWWZaOw3FPg9Q"]},{"@type":"Person","@id":"https:\/\/kapitalis.com\/tunisie\/#\/schema\/person\/74bbde0154d49d790a92aaeac5bc01d5","name":"Yusra NY","url":"https:\/\/kapitalis.com\/tunisie\/author\/yuza_adam\/"}]}},"_links":{"self":[{"href":"https:\/\/kapitalis.com\/tunisie\/wp-json\/wp\/v2\/posts\/381508","targetHints":{"allow":["GET"]}}],"collection":[{"href":"https:\/\/kapitalis.com\/tunisie\/wp-json\/wp\/v2\/posts"}],"about":[{"href":"https:\/\/kapitalis.com\/tunisie\/wp-json\/wp\/v2\/types\/post"}],"author":[{"embeddable":true,"href":"https:\/\/kapitalis.com\/tunisie\/wp-json\/wp\/v2\/users\/6"}],"replies":[{"embeddable":true,"href":"https:\/\/kapitalis.com\/tunisie\/wp-json\/wp\/v2\/comments?post=381508"}],"version-history":[{"count":0,"href":"https:\/\/kapitalis.com\/tunisie\/wp-json\/wp\/v2\/posts\/381508\/revisions"}],"wp:featuredmedia":[{"embeddable":true,"href":"https:\/\/kapitalis.com\/tunisie\/wp-json\/wp\/v2\/media\/381512"}],"wp:attachment":[{"href":"https:\/\/kapitalis.com\/tunisie\/wp-json\/wp\/v2\/media?parent=381508"}],"wp:term":[{"taxonomy":"category","embeddable":true,"href":"https:\/\/kapitalis.com\/tunisie\/wp-json\/wp\/v2\/categories?post=381508"},{"taxonomy":"post_tag","embeddable":true,"href":"https:\/\/kapitalis.com\/tunisie\/wp-json\/wp\/v2\/tags?post=381508"}],"curies":[{"name":"wp","href":"https:\/\/api.w.org\/{rel}","templated":true}]}}