{"id":381577,"date":"2022-02-22T12:04:08","date_gmt":"2022-02-22T11:04:08","guid":{"rendered":"http:\/\/kapitalis.com\/tunisie\/?p=381577"},"modified":"2022-02-22T12:10:05","modified_gmt":"2022-02-22T11:10:05","slug":"tunisie-accord-avec-le-wwf-pour-la-preservation-de-lenvironnement-marin","status":"publish","type":"post","link":"https:\/\/kapitalis.com\/tunisie\/2022\/02\/22\/tunisie-accord-avec-le-wwf-pour-la-preservation-de-lenvironnement-marin\/","title":{"rendered":"Tunisie : accord avec le WWF pour la pr\u00e9servation de l&rsquo;environnement marin"},"content":{"rendered":"\n<div class=\"wp-block-image\"><figure class=\"aligncenter size-full\"><img decoding=\"async\" src=\"http:\/\/kapitalis.com\/tunisie\/wp-content\/uploads\/2022\/02\/Asma-Shiri-Jamel-Jrijer.jpg\" alt=\"\" class=\"wp-image-381581\"\/><\/figure><\/div>\n\n\n\n<p><strong><em>Un accord de partenariat a \u00e9t\u00e9 sign\u00e9 lundi 21 f\u00e9vrier 2022 entre le Secr\u00e9tariat g\u00e9n\u00e9ral des affaires maritimes et le Fonds mondial pour la nature (WWF), en vue de renforcer la coop\u00e9ration de la Tunisie avec cette Ong, notamment dans l&rsquo;\u00e9laboration du cadre l\u00e9gislatif pour pr\u00e9server l&rsquo;environnement marin et prot\u00e9ger les ressources maritimes contre une exploitation incontr\u00f4l\u00e9e.<\/em><\/strong><\/p>\n\n\n\n<!--more-->\n\n\n\n<p>L&rsquo;accord a \u00e9t\u00e9 sign\u00e9 par la secr\u00e9taire g\u00e9n\u00e9rale aux affaires maritimes du Premier minist\u00e8re, Asma Shiri, et le directeur du bureau WWF Afrique du Nord en Tunisie, Jamel Jrijer.<\/p>\n\n\n\n<p>Le partenariat portera sur le partage d&rsquo;exp\u00e9riences en mati\u00e8re de pr\u00e9servation de la biodiversit\u00e9, la publication des r\u00e9sultats d&rsquo;\u00e9tudes et de recherches communes et la sensibilisation des professionnels du domaine maritime \u00e0 la lutte contre les pollutions maritimes et \u00e0 la promotion de la culture maritime.<\/p>\n\n\n\n<h2 class=\"wp-block-heading\">Favoriser la pr\u00e9servation des ressources maritimes<\/h2>\n\n\n\n<p>L&rsquo;accord permettra de d\u00e9velopper de nouvelles activit\u00e9s favorisant la pr\u00e9servation des ressources maritimes, telles que la p\u00eache touristique et le transport de personnes entre les zones maritimes, a ajout\u00e9 Mme Shiri.<\/p>\n\n\n\n<p>Dans le cadre de cet accord, le d\u00e9partement et le WWF s&#8217;emploieront \u00e0 sensibiliser le public \u00e0 l&rsquo;importance de l&rsquo;espace marin et de la richesse maritime.<\/p>\n\n\n\n<p>Pour sa part, M. Jrijer a d\u00e9clar\u00e9 que ce partenariat s&rsquo;av\u00e9rera b\u00e9n\u00e9fique pour l&rsquo;administration tunisienne, puisque l&rsquo;un des objectifs du WWF est d&rsquo;aider les acteurs gouvernementaux \u00e0 r\u00e9aliser des strat\u00e9gies nationales dans ce domaine.<\/p>\n\n\n\n<p>Il a soulign\u00e9 l&rsquo;importance d&rsquo;assurer une bonne gestion de l&rsquo;environnement en Tunisie, dont le littoral s&rsquo;\u00e9tend sur plus de 2000 km, dont 75% sont occup\u00e9s par des habitants.<\/p>\n\n\n\n<h2 class=\"wp-block-heading\">Soutien aux p\u00eacheurs artisans  <\/h2>\n\n\n\n<p>Le partenariat avec le Secr\u00e9tariat g\u00e9n\u00e9ral des affaires maritimes vise notamment \u00e0 apporter un soutien aux p\u00eacheurs artisans dans le cadre d&rsquo;une \u00e9conomie bleue, bas\u00e9e sur l&rsquo;identification de solutions aux probl\u00e8mes locaux, et \u00e0 travers une coordination nationale.<\/p>\n\n\n\n<p>M. Jrijer a attir\u00e9 l&rsquo;attention sur la pollution plastique (7kg pour chaque km3) et l&rsquo;\u00e9puisement de 70% des ressources marines, alors que le secteur de la p\u00eache n\u00e9cessite des opportunit\u00e9s de travail durables et une \u00e9conomie circulaire bleue. Selon lui, une strat\u00e9gie claire doit \u00eatre adopt\u00e9e dans ce secteur, en coordination avec les diff\u00e9rents acteurs, les municipalit\u00e9s et le secteur priv\u00e9.<\/p>\n\n\n\n<p>Le Secr\u00e9tariat g\u00e9n\u00e9ral des affaires maritimes a \u00e9t\u00e9 cr\u00e9\u00e9 au Premier Minist\u00e8re par arr\u00eat\u00e9 n\u00b0144 du 18 f\u00e9vrier 2019. Il est charg\u00e9 de la coordination entre les diff\u00e9rents acteurs du domaine maritime, notamment la protection des ressources maritimes et la protection du milieu marin.<\/p>\n\n\n\n<p><strong>Tap.<\/strong><\/p>\n","protected":false},"excerpt":{"rendered":"<p>Un accord de partenariat a \u00e9t\u00e9 sign\u00e9 lundi 21 f\u00e9vrier 2022 entre le Secr\u00e9tariat g\u00e9n\u00e9ral des affaires maritimes et le Fonds mondial pour la nature (WWF), en vue de renforcer la coop\u00e9ration de la Tunisie avec cette Ong, notamment dans l&rsquo;\u00e9laboration du cadre l\u00e9gislatif pour pr\u00e9server l&rsquo;environnement marin et prot\u00e9ger les ressources maritimes contre une&#8230;<\/p>\n","protected":false},"author":8,"featured_media":381581,"comment_status":"open","ping_status":"open","sticky":false,"template":"","format":"standard","meta":{"footnotes":""},"categories":[995,2433],"tags":[76051,97505,91188,97508,97506,97507,62643,9928],"class_list":["post-381577","post","type-post","status-publish","format-standard","has-post-thumbnail","hentry","category-economie","category-tunisie","tag-asma-shiri","tag-environnement-marin","tag-jamel-jrijer","tag-peche-touristique","tag-pollutions-maritimes","tag-ressources-maritimes","tag-tunisie","tag-wwf"],"yoast_head":"<!-- This site is optimized with the Yoast SEO plugin v26.6 - https:\/\/yoast.com\/wordpress\/plugins\/seo\/ -->\n<title>Tunisie : accord avec le WWF pour la pr\u00e9servation de l&#039;environnement marin - Kapitalis<\/title>\n<meta name=\"robots\" content=\"index, follow, max-snippet:-1, max-image-preview:large, max-video-preview:-1\" \/>\n<link rel=\"canonical\" href=\"https:\/\/kapitalis.com\/tunisie\/2022\/02\/22\/tunisie-accord-avec-le-wwf-pour-la-preservation-de-lenvironnement-marin\/\" \/>\n<meta property=\"og:locale\" content=\"fr_FR\" \/>\n<meta property=\"og:type\" content=\"article\" \/>\n<meta property=\"og:title\" content=\"Tunisie : accord avec le WWF pour la pr\u00e9servation de l&#039;environnement marin - Kapitalis\" \/>\n<meta property=\"og:description\" content=\"Un accord de partenariat a \u00e9t\u00e9 sign\u00e9 lundi 21 f\u00e9vrier 2022 entre le Secr\u00e9tariat g\u00e9n\u00e9ral des affaires maritimes et le Fonds mondial pour la nature (WWF), en vue de renforcer la coop\u00e9ration de la Tunisie avec cette Ong, notamment dans l&rsquo;\u00e9laboration du cadre l\u00e9gislatif pour pr\u00e9server l&rsquo;environnement marin et prot\u00e9ger les ressources maritimes contre une...\" \/>\n<meta property=\"og:url\" content=\"https:\/\/kapitalis.com\/tunisie\/2022\/02\/22\/tunisie-accord-avec-le-wwf-pour-la-preservation-de-lenvironnement-marin\/\" \/>\n<meta property=\"og:site_name\" content=\"Kapitalis\" \/>\n<meta property=\"article:publisher\" content=\"https:\/\/www.facebook.com\/KapitalisInfo\/\" \/>\n<meta property=\"article:published_time\" content=\"2022-02-22T11:04:08+00:00\" \/>\n<meta property=\"article:modified_time\" content=\"2022-02-22T11:10:05+00:00\" \/>\n<meta property=\"og:image\" content=\"https:\/\/kapitalis.com\/tunisie\/wp-content\/uploads\/2022\/05\/kapitalis-logo-fb.png\" \/>\n\t<meta property=\"og:image:width\" content=\"1200\" \/>\n\t<meta property=\"og:image:height\" content=\"630\" \/>\n\t<meta property=\"og:image:type\" content=\"image\/png\" \/>\n<meta name=\"author\" content=\"webmaster kapitalis\" \/>\n<meta name=\"twitter:card\" content=\"summary_large_image\" \/>\n<meta name=\"twitter:creator\" content=\"@KapitalisInfo\" \/>\n<meta name=\"twitter:site\" content=\"@KapitalisInfo\" \/>\n<meta name=\"twitter:label1\" content=\"\u00c9crit par\" \/>\n\t<meta name=\"twitter:data1\" content=\"webmaster kapitalis\" \/>\n\t<meta name=\"twitter:label2\" content=\"Dur\u00e9e de lecture estim\u00e9e\" \/>\n\t<meta name=\"twitter:data2\" content=\"2 minutes\" \/>\n<script type=\"application\/ld+json\" class=\"yoast-schema-graph\">{\"@context\":\"https:\/\/schema.org\",\"@graph\":[{\"@type\":\"Article\",\"@id\":\"https:\/\/kapitalis.com\/tunisie\/2022\/02\/22\/tunisie-accord-avec-le-wwf-pour-la-preservation-de-lenvironnement-marin\/#article\",\"isPartOf\":{\"@id\":\"https:\/\/kapitalis.com\/tunisie\/2022\/02\/22\/tunisie-accord-avec-le-wwf-pour-la-preservation-de-lenvironnement-marin\/\"},\"author\":{\"name\":\"webmaster kapitalis\",\"@id\":\"https:\/\/kapitalis.com\/tunisie\/#\/schema\/person\/d71f33a9ca44f7bad4698210b480c8e9\"},\"headline\":\"Tunisie : accord avec le WWF pour la pr\u00e9servation de l&rsquo;environnement marin\",\"datePublished\":\"2022-02-22T11:04:08+00:00\",\"dateModified\":\"2022-02-22T11:10:05+00:00\",\"mainEntityOfPage\":{\"@id\":\"https:\/\/kapitalis.com\/tunisie\/2022\/02\/22\/tunisie-accord-avec-le-wwf-pour-la-preservation-de-lenvironnement-marin\/\"},\"wordCount\":459,\"commentCount\":0,\"publisher\":{\"@id\":\"https:\/\/kapitalis.com\/tunisie\/#organization\"},\"image\":{\"@id\":\"https:\/\/kapitalis.com\/tunisie\/2022\/02\/22\/tunisie-accord-avec-le-wwf-pour-la-preservation-de-lenvironnement-marin\/#primaryimage\"},\"thumbnailUrl\":\"\",\"keywords\":[\"Asma Shiri\",\"environnement marin\",\"Jamel Jrijer\",\"p\u00eache touristique\",\"pollutions maritimes\",\"ressources maritimes\",\"Tunisie\",\"WWF\"],\"articleSection\":[\"ECONOMIE\",\"Tunisie\"],\"inLanguage\":\"fr-FR\",\"potentialAction\":[{\"@type\":\"CommentAction\",\"name\":\"Comment\",\"target\":[\"https:\/\/kapitalis.com\/tunisie\/2022\/02\/22\/tunisie-accord-avec-le-wwf-pour-la-preservation-de-lenvironnement-marin\/#respond\"]}]},{\"@type\":\"WebPage\",\"@id\":\"https:\/\/kapitalis.com\/tunisie\/2022\/02\/22\/tunisie-accord-avec-le-wwf-pour-la-preservation-de-lenvironnement-marin\/\",\"url\":\"https:\/\/kapitalis.com\/tunisie\/2022\/02\/22\/tunisie-accord-avec-le-wwf-pour-la-preservation-de-lenvironnement-marin\/\",\"name\":\"Tunisie : accord avec le WWF pour la pr\u00e9servation de l'environnement marin - Kapitalis\",\"isPartOf\":{\"@id\":\"https:\/\/kapitalis.com\/tunisie\/#website\"},\"primaryImageOfPage\":{\"@id\":\"https:\/\/kapitalis.com\/tunisie\/2022\/02\/22\/tunisie-accord-avec-le-wwf-pour-la-preservation-de-lenvironnement-marin\/#primaryimage\"},\"image\":{\"@id\":\"https:\/\/kapitalis.com\/tunisie\/2022\/02\/22\/tunisie-accord-avec-le-wwf-pour-la-preservation-de-lenvironnement-marin\/#primaryimage\"},\"thumbnailUrl\":\"\",\"datePublished\":\"2022-02-22T11:04:08+00:00\",\"dateModified\":\"2022-02-22T11:10:05+00:00\",\"breadcrumb\":{\"@id\":\"https:\/\/kapitalis.com\/tunisie\/2022\/02\/22\/tunisie-accord-avec-le-wwf-pour-la-preservation-de-lenvironnement-marin\/#breadcrumb\"},\"inLanguage\":\"fr-FR\",\"potentialAction\":[{\"@type\":\"ReadAction\",\"target\":[\"https:\/\/kapitalis.com\/tunisie\/2022\/02\/22\/tunisie-accord-avec-le-wwf-pour-la-preservation-de-lenvironnement-marin\/\"]}]},{\"@type\":\"ImageObject\",\"inLanguage\":\"fr-FR\",\"@id\":\"https:\/\/kapitalis.com\/tunisie\/2022\/02\/22\/tunisie-accord-avec-le-wwf-pour-la-preservation-de-lenvironnement-marin\/#primaryimage\",\"url\":\"\",\"contentUrl\":\"\"},{\"@type\":\"BreadcrumbList\",\"@id\":\"https:\/\/kapitalis.com\/tunisie\/2022\/02\/22\/tunisie-accord-avec-le-wwf-pour-la-preservation-de-lenvironnement-marin\/#breadcrumb\",\"itemListElement\":[{\"@type\":\"ListItem\",\"position\":1,\"name\":\"Accueil\",\"item\":\"https:\/\/kapitalis.com\/tunisie\/\"},{\"@type\":\"ListItem\",\"position\":2,\"name\":\"Tunisie : accord avec le WWF pour la pr\u00e9servation de l&rsquo;environnement marin\"}]},{\"@type\":\"WebSite\",\"@id\":\"https:\/\/kapitalis.com\/tunisie\/#website\",\"url\":\"https:\/\/kapitalis.com\/tunisie\/\",\"name\":\"Kapitalis\",\"description\":\"L&#039;actualit\u00e9 en Tunisie et dans le monde\",\"publisher\":{\"@id\":\"https:\/\/kapitalis.com\/tunisie\/#organization\"},\"potentialAction\":[{\"@type\":\"SearchAction\",\"target\":{\"@type\":\"EntryPoint\",\"urlTemplate\":\"https:\/\/kapitalis.com\/tunisie\/?s={search_term_string}\"},\"query-input\":{\"@type\":\"PropertyValueSpecification\",\"valueRequired\":true,\"valueName\":\"search_term_string\"}}],\"inLanguage\":\"fr-FR\"},{\"@type\":\"Organization\",\"@id\":\"https:\/\/kapitalis.com\/tunisie\/#organization\",\"name\":\"Kapitalis\",\"url\":\"https:\/\/kapitalis.com\/tunisie\/\",\"logo\":{\"@type\":\"ImageObject\",\"inLanguage\":\"fr-FR\",\"@id\":\"https:\/\/kapitalis.com\/tunisie\/#\/schema\/logo\/image\/\",\"url\":\"https:\/\/kapitalis.com\/tunisie\/wp-content\/uploads\/2022\/05\/Kapitalis-big-size.png\",\"contentUrl\":\"https:\/\/kapitalis.com\/tunisie\/wp-content\/uploads\/2022\/05\/Kapitalis-big-size.png\",\"width\":5000,\"height\":1500,\"caption\":\"Kapitalis\"},\"image\":{\"@id\":\"https:\/\/kapitalis.com\/tunisie\/#\/schema\/logo\/image\/\"},\"sameAs\":[\"https:\/\/www.facebook.com\/KapitalisInfo\/\",\"https:\/\/x.com\/KapitalisInfo\",\"https:\/\/www.youtube.com\/channel\/UC-yDYrHyfFBWWZaOw3FPg9Q\"]},{\"@type\":\"Person\",\"@id\":\"https:\/\/kapitalis.com\/tunisie\/#\/schema\/person\/d71f33a9ca44f7bad4698210b480c8e9\",\"name\":\"webmaster kapitalis\",\"url\":\"https:\/\/kapitalis.com\/tunisie\/author\/webmaster-kapitalis\/\"}]}<\/script>\n<!-- \/ Yoast SEO plugin. -->","yoast_head_json":{"title":"Tunisie : accord avec le WWF pour la pr\u00e9servation de l'environnement marin - Kapitalis","robots":{"index":"index","follow":"follow","max-snippet":"max-snippet:-1","max-image-preview":"max-image-preview:large","max-video-preview":"max-video-preview:-1"},"canonical":"https:\/\/kapitalis.com\/tunisie\/2022\/02\/22\/tunisie-accord-avec-le-wwf-pour-la-preservation-de-lenvironnement-marin\/","og_locale":"fr_FR","og_type":"article","og_title":"Tunisie : accord avec le WWF pour la pr\u00e9servation de l'environnement marin - Kapitalis","og_description":"Un accord de partenariat a \u00e9t\u00e9 sign\u00e9 lundi 21 f\u00e9vrier 2022 entre le Secr\u00e9tariat g\u00e9n\u00e9ral des affaires maritimes et le Fonds mondial pour la nature (WWF), en vue de renforcer la coop\u00e9ration de la Tunisie avec cette Ong, notamment dans l&rsquo;\u00e9laboration du cadre l\u00e9gislatif pour pr\u00e9server l&rsquo;environnement marin et prot\u00e9ger les ressources maritimes contre une...","og_url":"https:\/\/kapitalis.com\/tunisie\/2022\/02\/22\/tunisie-accord-avec-le-wwf-pour-la-preservation-de-lenvironnement-marin\/","og_site_name":"Kapitalis","article_publisher":"https:\/\/www.facebook.com\/KapitalisInfo\/","article_published_time":"2022-02-22T11:04:08+00:00","article_modified_time":"2022-02-22T11:10:05+00:00","og_image":[{"width":1200,"height":630,"url":"https:\/\/kapitalis.com\/tunisie\/wp-content\/uploads\/2022\/05\/kapitalis-logo-fb.png","type":"image\/png"}],"author":"webmaster kapitalis","twitter_card":"summary_large_image","twitter_creator":"@KapitalisInfo","twitter_site":"@KapitalisInfo","twitter_misc":{"\u00c9crit par":"webmaster kapitalis","Dur\u00e9e de lecture estim\u00e9e":"2 minutes"},"schema":{"@context":"https:\/\/schema.org","@graph":[{"@type":"Article","@id":"https:\/\/kapitalis.com\/tunisie\/2022\/02\/22\/tunisie-accord-avec-le-wwf-pour-la-preservation-de-lenvironnement-marin\/#article","isPartOf":{"@id":"https:\/\/kapitalis.com\/tunisie\/2022\/02\/22\/tunisie-accord-avec-le-wwf-pour-la-preservation-de-lenvironnement-marin\/"},"author":{"name":"webmaster kapitalis","@id":"https:\/\/kapitalis.com\/tunisie\/#\/schema\/person\/d71f33a9ca44f7bad4698210b480c8e9"},"headline":"Tunisie : accord avec le WWF pour la pr\u00e9servation de l&rsquo;environnement marin","datePublished":"2022-02-22T11:04:08+00:00","dateModified":"2022-02-22T11:10:05+00:00","mainEntityOfPage":{"@id":"https:\/\/kapitalis.com\/tunisie\/2022\/02\/22\/tunisie-accord-avec-le-wwf-pour-la-preservation-de-lenvironnement-marin\/"},"wordCount":459,"commentCount":0,"publisher":{"@id":"https:\/\/kapitalis.com\/tunisie\/#organization"},"image":{"@id":"https:\/\/kapitalis.com\/tunisie\/2022\/02\/22\/tunisie-accord-avec-le-wwf-pour-la-preservation-de-lenvironnement-marin\/#primaryimage"},"thumbnailUrl":"","keywords":["Asma Shiri","environnement marin","Jamel Jrijer","p\u00eache touristique","pollutions maritimes","ressources maritimes","Tunisie","WWF"],"articleSection":["ECONOMIE","Tunisie"],"inLanguage":"fr-FR","potentialAction":[{"@type":"CommentAction","name":"Comment","target":["https:\/\/kapitalis.com\/tunisie\/2022\/02\/22\/tunisie-accord-avec-le-wwf-pour-la-preservation-de-lenvironnement-marin\/#respond"]}]},{"@type":"WebPage","@id":"https:\/\/kapitalis.com\/tunisie\/2022\/02\/22\/tunisie-accord-avec-le-wwf-pour-la-preservation-de-lenvironnement-marin\/","url":"https:\/\/kapitalis.com\/tunisie\/2022\/02\/22\/tunisie-accord-avec-le-wwf-pour-la-preservation-de-lenvironnement-marin\/","name":"Tunisie : accord avec le WWF pour la pr\u00e9servation de l'environnement marin - Kapitalis","isPartOf":{"@id":"https:\/\/kapitalis.com\/tunisie\/#website"},"primaryImageOfPage":{"@id":"https:\/\/kapitalis.com\/tunisie\/2022\/02\/22\/tunisie-accord-avec-le-wwf-pour-la-preservation-de-lenvironnement-marin\/#primaryimage"},"image":{"@id":"https:\/\/kapitalis.com\/tunisie\/2022\/02\/22\/tunisie-accord-avec-le-wwf-pour-la-preservation-de-lenvironnement-marin\/#primaryimage"},"thumbnailUrl":"","datePublished":"2022-02-22T11:04:08+00:00","dateModified":"2022-02-22T11:10:05+00:00","breadcrumb":{"@id":"https:\/\/kapitalis.com\/tunisie\/2022\/02\/22\/tunisie-accord-avec-le-wwf-pour-la-preservation-de-lenvironnement-marin\/#breadcrumb"},"inLanguage":"fr-FR","potentialAction":[{"@type":"ReadAction","target":["https:\/\/kapitalis.com\/tunisie\/2022\/02\/22\/tunisie-accord-avec-le-wwf-pour-la-preservation-de-lenvironnement-marin\/"]}]},{"@type":"ImageObject","inLanguage":"fr-FR","@id":"https:\/\/kapitalis.com\/tunisie\/2022\/02\/22\/tunisie-accord-avec-le-wwf-pour-la-preservation-de-lenvironnement-marin\/#primaryimage","url":"","contentUrl":""},{"@type":"BreadcrumbList","@id":"https:\/\/kapitalis.com\/tunisie\/2022\/02\/22\/tunisie-accord-avec-le-wwf-pour-la-preservation-de-lenvironnement-marin\/#breadcrumb","itemListElement":[{"@type":"ListItem","position":1,"name":"Accueil","item":"https:\/\/kapitalis.com\/tunisie\/"},{"@type":"ListItem","position":2,"name":"Tunisie : accord avec le WWF pour la pr\u00e9servation de l&rsquo;environnement marin"}]},{"@type":"WebSite","@id":"https:\/\/kapitalis.com\/tunisie\/#website","url":"https:\/\/kapitalis.com\/tunisie\/","name":"Kapitalis","description":"L&#039;actualit\u00e9 en Tunisie et dans le monde","publisher":{"@id":"https:\/\/kapitalis.com\/tunisie\/#organization"},"potentialAction":[{"@type":"SearchAction","target":{"@type":"EntryPoint","urlTemplate":"https:\/\/kapitalis.com\/tunisie\/?s={search_term_string}"},"query-input":{"@type":"PropertyValueSpecification","valueRequired":true,"valueName":"search_term_string"}}],"inLanguage":"fr-FR"},{"@type":"Organization","@id":"https:\/\/kapitalis.com\/tunisie\/#organization","name":"Kapitalis","url":"https:\/\/kapitalis.com\/tunisie\/","logo":{"@type":"ImageObject","inLanguage":"fr-FR","@id":"https:\/\/kapitalis.com\/tunisie\/#\/schema\/logo\/image\/","url":"https:\/\/kapitalis.com\/tunisie\/wp-content\/uploads\/2022\/05\/Kapitalis-big-size.png","contentUrl":"https:\/\/kapitalis.com\/tunisie\/wp-content\/uploads\/2022\/05\/Kapitalis-big-size.png","width":5000,"height":1500,"caption":"Kapitalis"},"image":{"@id":"https:\/\/kapitalis.com\/tunisie\/#\/schema\/logo\/image\/"},"sameAs":["https:\/\/www.facebook.com\/KapitalisInfo\/","https:\/\/x.com\/KapitalisInfo","https:\/\/www.youtube.com\/channel\/UC-yDYrHyfFBWWZaOw3FPg9Q"]},{"@type":"Person","@id":"https:\/\/kapitalis.com\/tunisie\/#\/schema\/person\/d71f33a9ca44f7bad4698210b480c8e9","name":"webmaster kapitalis","url":"https:\/\/kapitalis.com\/tunisie\/author\/webmaster-kapitalis\/"}]}},"_links":{"self":[{"href":"https:\/\/kapitalis.com\/tunisie\/wp-json\/wp\/v2\/posts\/381577","targetHints":{"allow":["GET"]}}],"collection":[{"href":"https:\/\/kapitalis.com\/tunisie\/wp-json\/wp\/v2\/posts"}],"about":[{"href":"https:\/\/kapitalis.com\/tunisie\/wp-json\/wp\/v2\/types\/post"}],"author":[{"embeddable":true,"href":"https:\/\/kapitalis.com\/tunisie\/wp-json\/wp\/v2\/users\/8"}],"replies":[{"embeddable":true,"href":"https:\/\/kapitalis.com\/tunisie\/wp-json\/wp\/v2\/comments?post=381577"}],"version-history":[{"count":0,"href":"https:\/\/kapitalis.com\/tunisie\/wp-json\/wp\/v2\/posts\/381577\/revisions"}],"wp:featuredmedia":[{"embeddable":true,"href":"https:\/\/kapitalis.com\/tunisie\/wp-json\/wp\/v2\/media\/381581"}],"wp:attachment":[{"href":"https:\/\/kapitalis.com\/tunisie\/wp-json\/wp\/v2\/media?parent=381577"}],"wp:term":[{"taxonomy":"category","embeddable":true,"href":"https:\/\/kapitalis.com\/tunisie\/wp-json\/wp\/v2\/categories?post=381577"},{"taxonomy":"post_tag","embeddable":true,"href":"https:\/\/kapitalis.com\/tunisie\/wp-json\/wp\/v2\/tags?post=381577"}],"curies":[{"name":"wp","href":"https:\/\/api.w.org\/{rel}","templated":true}]}}