{"id":381674,"date":"2022-02-23T08:06:54","date_gmt":"2022-02-23T07:06:54","guid":{"rendered":"http:\/\/kapitalis.com\/tunisie\/?p=381674"},"modified":"2022-02-23T08:09:10","modified_gmt":"2022-02-23T07:09:10","slug":"au-pavillon-tunisie-a-expo-dubai-2020","status":"publish","type":"post","link":"https:\/\/kapitalis.com\/tunisie\/2022\/02\/23\/au-pavillon-tunisie-a-expo-dubai-2020\/","title":{"rendered":"Au pavillon Tunisie \u00e0 Expo Dubai 2020"},"content":{"rendered":"\n<div class=\"wp-block-image\"><figure class=\"aligncenter size-full\"><img decoding=\"async\" src=\"http:\/\/kapitalis.com\/tunisie\/wp-content\/uploads\/2022\/02\/Expo-Dubai-2022.jpg\" alt=\"\" class=\"wp-image-381675\"\/><\/figure><\/div>\n\n\n\n<p><strong><em>L&rsquo;auteure exprime dans cette tribune la d\u00e9ception que lui a inspir\u00e9e la visite du pavillon de la Tunisie \u00e0 l&rsquo;exposition universelle de Duba\u00ef (Expo Dubai 2020) et, surtout, la mani\u00e8re, froide et d\u00e9sinvolte, avec laquelle les rares visiteurs sont accueillis.<\/em><\/strong><\/p>\n\n\n\n<p><strong>Par Khaoula El Cadi *<\/strong><\/p>\n\n\n\n<!--more-->\n\n\n\n<div class=\"wp-block-image\"><figure class=\"alignleft size-full\"><img decoding=\"async\" src=\"http:\/\/kapitalis.com\/tunisie\/wp-content\/uploads\/2018\/12\/Khaoula-El-Cadi.jpg\" alt=\"\" class=\"wp-image-187355\"\/><\/figure><\/div>\n\n\n\n<p>L\u2019opportunit\u00e9 de visiter Expo Dubai 2020 s\u2019offre \u00e0 toi. Tu d\u00e9couvres la carte du site et tu pars \u00e0 la recherche du pavillon Tunisie. Tu ne peux concevoir ne pas rendre visite au pavillon de ton pays, en d\u00e9pit de la r\u00e9ticence de tes compagnons de voyage.<\/p>\n\n\n\n<p>Finalement, tu programmes la visite en premi\u00e8re escale du deuxi\u00e8me jour de l&rsquo;exposition. Tu es comme un petit enfant; tu sillonnes les all\u00e9es et tu veux retrouver ton pays parmi tant d\u2019autres.<\/p>\n\n\n\n<p>Tu es \u00e0 la recherche du petit signe qui te guide vers la Tunisie. Et voil\u00e0 que tu entrevois la <em>\u00abchechia\u00bb<\/em> et que tu te dis que tu es finalement arriv\u00e9.<\/p>\n\n\n\n<p>Tu vois le drapeau avec l\u2019inscription <em>\u00abTunisie\u00bb<\/em> et tu es fier. Tu l\u00e8ves la t\u00eate pour lire le nom du pays sur la fa\u00e7ade et tu te rends compte qu\u2019il n\u2019est aucunement lisible.<\/p>\n\n\n\n<p>Tu franchis la porte et tu es pr\u00eat \u00e0 vivre l\u2019exp\u00e9rience. Tu avances et tu t\u2019attends \u00e0 \u00eatre accueilli\u2026 mais non. Tu tombes sur une bonne dame derri\u00e8re un comptoir accroch\u00e9e \u00e0 son t\u00e9l\u00e9phone portable.<\/p>\n\n\n\n<p>Tu d\u00e9vies ton regard pour ne pas la d\u00e9ranger et tu continues \u00e0 avancer. Tu tombes sur la salle des nouvelles technologies que tu avais envie de d\u00e9couvrir, ayant rencontr\u00e9 quelques-uns des jeunes qui ont travaill\u00e9 sur les produits expos\u00e9s. Tu retrouves une bonne dame assise sur une <em>\u00abdokkana\u00bb<\/em>.<\/p>\n\n\n\n<p>Tu regardes les murs et tu essaies de comprendre la fonction de ces supports en plexis vides. Tu te d\u00e9cides \u00e0 poser la question \u00e0 la bonne dame, qui se l\u00e8ve, ouvre les portes du meuble central de la salle, en retire une paire de lunettes VR 360 et part dans un bon moment de r\u00e9glage.<\/p>\n\n\n\n<p>Tu proposes \u00e0 l\u2019un de tes compagnons de voyage de faire l\u2019exp\u00e9rience pour d\u00e9couvrir le travail de ces jeunes que tu aimes tant. Tu es content quand ton ami enl\u00e8ve les lunettes, tu es lib\u00e9r\u00e9, tu peux avancer, tu seras bient\u00f4t dehors.<\/p>\n\n\n\n<p>Tu arrives \u00e0 la fin de ton voyage quand tu te retrouves dans l\u2019incontournable <em>\u00abbazar\u00bb<\/em>. Tes autres compagnons de voyage sont assis depuis belle lurette \u00e0 t\u2019attendre. Tu tiens \u00e0 regarder les pr\u00e9sentoirs. Tu as d\u00e9sesp\u00e9r\u00e9ment envie que quelqu\u2019un vienne t\u2019expliquer les choses, ou t\u2019offrir son assistance.<\/p>\n\n\n\n<p>Tu avances vers la porte de sortie, berc\u00e9 par l\u2019espoir que quelqu\u2019un surgissant de quelque part vienne te dire au revoir. Tu es \u00e0 l\u2019ext\u00e9rieur, les larmes aux yeux. Tu sais que ton pays vaut mieux que cela.<\/p>\n\n\n\n<p>Tu respires un bon coup et tu t\u2019efforces \u00e0 vivre de belles exp\u00e9riences dans les autres pays qui s\u2019offrent \u00e0 toi.<\/p>\n\n\n\n<p>* <em>Enseignante.<\/em><\/p>\n\n\n\n<h4 class=\"wp-block-heading\"><em>Articles de la m\u00eame auteure dans Kapitalis : <\/em><\/h4>\n\n\n\n<p><blockquote class=\"wp-embedded-content\" data-secret=\"Y3C2L65ttr\"><a href=\"https:\/\/kapitalis.com\/tunisie\/2020\/12\/06\/djerba-les-reves-demeurent-leveil-simpose\/\">Djerba, les r\u00eaves demeurent\u2026 l\u2019\u00e9veil s\u2019impose<\/a><\/blockquote><iframe loading=\"lazy\" class=\"wp-embedded-content\" sandbox=\"allow-scripts\" security=\"restricted\" style=\"position: absolute; clip: rect(1px, 1px, 1px, 1px);\" title=\"\u00ab\u00a0Djerba, les r\u00eaves demeurent\u2026 l\u2019\u00e9veil s\u2019impose\u00a0\u00bb &#8212; Kapitalis\" src=\"https:\/\/kapitalis.com\/tunisie\/2020\/12\/06\/djerba-les-reves-demeurent-leveil-simpose\/embed\/#?secret=0heufybP7Q#?secret=Y3C2L65ttr\" data-secret=\"Y3C2L65ttr\" width=\"600\" height=\"338\" frameborder=\"0\" marginwidth=\"0\" marginheight=\"0\" scrolling=\"no\"><\/iframe><\/p>\n\n\n\n<p><blockquote class=\"wp-embedded-content\" data-secret=\"UfoBetKjZh\"><a href=\"https:\/\/kapitalis.com\/tunisie\/2018\/12\/05\/tourisme-comment-rehausser-la-destination-tunisie\/\">Tourisme : Comment rehausser la destination Tunisie ?<\/a><\/blockquote><iframe loading=\"lazy\" class=\"wp-embedded-content\" sandbox=\"allow-scripts\" security=\"restricted\" style=\"position: absolute; clip: rect(1px, 1px, 1px, 1px);\" title=\"\u00ab\u00a0Tourisme : Comment rehausser la destination Tunisie ?\u00a0\u00bb &#8212; Kapitalis\" src=\"https:\/\/kapitalis.com\/tunisie\/2018\/12\/05\/tourisme-comment-rehausser-la-destination-tunisie\/embed\/#?secret=UEs0gw4zXw#?secret=UfoBetKjZh\" data-secret=\"UfoBetKjZh\" width=\"600\" height=\"338\" frameborder=\"0\" marginwidth=\"0\" marginheight=\"0\" scrolling=\"no\"><\/iframe><\/p>\n\n\n\n<p><blockquote class=\"wp-embedded-content\" data-secret=\"GEaK9XA5zZ\"><a href=\"https:\/\/kapitalis.com\/tunisie\/2017\/09\/13\/tunisair-des-maux-et-des-mots\/\">Tunisair : Des maux et des mots !<\/a><\/blockquote><iframe loading=\"lazy\" class=\"wp-embedded-content\" sandbox=\"allow-scripts\" security=\"restricted\" style=\"position: absolute; clip: rect(1px, 1px, 1px, 1px);\" title=\"\u00ab\u00a0Tunisair : Des maux et des mots !\u00a0\u00bb &#8212; Kapitalis\" src=\"https:\/\/kapitalis.com\/tunisie\/2017\/09\/13\/tunisair-des-maux-et-des-mots\/embed\/#?secret=ChwNfCglZQ#?secret=GEaK9XA5zZ\" data-secret=\"GEaK9XA5zZ\" width=\"600\" height=\"338\" frameborder=\"0\" marginwidth=\"0\" marginheight=\"0\" scrolling=\"no\"><\/iframe><\/p>\n","protected":false},"excerpt":{"rendered":"<p>L&rsquo;auteure exprime dans cette tribune la d\u00e9ception que lui a inspir\u00e9e la visite du pavillon de la Tunisie \u00e0 l&rsquo;exposition universelle de Duba\u00ef (Expo Dubai 2020) et, surtout, la mani\u00e8re, froide et d\u00e9sinvolte, avec laquelle les rares visiteurs sont accueillis. Par Khaoula El Cadi *<\/p>\n","protected":false},"author":8,"featured_media":381675,"comment_status":"open","ping_status":"open","sticky":false,"template":"","format":"standard","meta":{"footnotes":""},"categories":[992,994,995,1000,2433],"tags":[97531,97532,1572],"class_list":["post-381674","post","type-post","status-publish","format-standard","has-post-thumbnail","hentry","category-a-la-une","category-culture","category-economie","category-tribune","category-tunisie","tag-expo-dubai-2020-2","tag-khaoula-el-cadi-2","tag-pavillon-tunisie"],"yoast_head":"<!-- This site is optimized with the Yoast SEO plugin v26.6 - https:\/\/yoast.com\/wordpress\/plugins\/seo\/ -->\n<title>Au pavillon Tunisie \u00e0 Expo Dubai 2020 - Kapitalis<\/title>\n<meta name=\"robots\" content=\"index, follow, max-snippet:-1, max-image-preview:large, max-video-preview:-1\" \/>\n<link rel=\"canonical\" href=\"https:\/\/kapitalis.com\/tunisie\/2022\/02\/23\/au-pavillon-tunisie-a-expo-dubai-2020\/\" \/>\n<meta property=\"og:locale\" content=\"fr_FR\" \/>\n<meta property=\"og:type\" content=\"article\" \/>\n<meta property=\"og:title\" content=\"Au pavillon Tunisie \u00e0 Expo Dubai 2020 - Kapitalis\" \/>\n<meta property=\"og:description\" content=\"L&rsquo;auteure exprime dans cette tribune la d\u00e9ception que lui a inspir\u00e9e la visite du pavillon de la Tunisie \u00e0 l&rsquo;exposition universelle de Duba\u00ef (Expo Dubai 2020) et, surtout, la mani\u00e8re, froide et d\u00e9sinvolte, avec laquelle les rares visiteurs sont accueillis. Par Khaoula El Cadi *\" \/>\n<meta property=\"og:url\" content=\"https:\/\/kapitalis.com\/tunisie\/2022\/02\/23\/au-pavillon-tunisie-a-expo-dubai-2020\/\" \/>\n<meta property=\"og:site_name\" content=\"Kapitalis\" \/>\n<meta property=\"article:publisher\" content=\"https:\/\/www.facebook.com\/KapitalisInfo\/\" \/>\n<meta property=\"article:published_time\" content=\"2022-02-23T07:06:54+00:00\" \/>\n<meta property=\"article:modified_time\" content=\"2022-02-23T07:09:10+00:00\" \/>\n<meta property=\"og:image\" content=\"https:\/\/kapitalis.com\/tunisie\/wp-content\/uploads\/2022\/05\/kapitalis-logo-fb.png\" \/>\n\t<meta property=\"og:image:width\" content=\"1200\" \/>\n\t<meta property=\"og:image:height\" content=\"630\" \/>\n\t<meta property=\"og:image:type\" content=\"image\/png\" \/>\n<meta name=\"author\" content=\"webmaster kapitalis\" \/>\n<meta name=\"twitter:card\" content=\"summary_large_image\" \/>\n<meta name=\"twitter:creator\" content=\"@KapitalisInfo\" \/>\n<meta name=\"twitter:site\" content=\"@KapitalisInfo\" \/>\n<meta name=\"twitter:label1\" content=\"\u00c9crit par\" \/>\n\t<meta name=\"twitter:data1\" content=\"webmaster kapitalis\" \/>\n\t<meta name=\"twitter:label2\" content=\"Dur\u00e9e de lecture estim\u00e9e\" \/>\n\t<meta name=\"twitter:data2\" content=\"3 minutes\" \/>\n<script type=\"application\/ld+json\" class=\"yoast-schema-graph\">{\"@context\":\"https:\/\/schema.org\",\"@graph\":[{\"@type\":\"Article\",\"@id\":\"https:\/\/kapitalis.com\/tunisie\/2022\/02\/23\/au-pavillon-tunisie-a-expo-dubai-2020\/#article\",\"isPartOf\":{\"@id\":\"https:\/\/kapitalis.com\/tunisie\/2022\/02\/23\/au-pavillon-tunisie-a-expo-dubai-2020\/\"},\"author\":{\"name\":\"webmaster kapitalis\",\"@id\":\"https:\/\/kapitalis.com\/tunisie\/#\/schema\/person\/d71f33a9ca44f7bad4698210b480c8e9\"},\"headline\":\"Au pavillon Tunisie \u00e0 Expo Dubai 2020\",\"datePublished\":\"2022-02-23T07:06:54+00:00\",\"dateModified\":\"2022-02-23T07:09:10+00:00\",\"mainEntityOfPage\":{\"@id\":\"https:\/\/kapitalis.com\/tunisie\/2022\/02\/23\/au-pavillon-tunisie-a-expo-dubai-2020\/\"},\"wordCount\":541,\"commentCount\":3,\"publisher\":{\"@id\":\"https:\/\/kapitalis.com\/tunisie\/#organization\"},\"image\":{\"@id\":\"https:\/\/kapitalis.com\/tunisie\/2022\/02\/23\/au-pavillon-tunisie-a-expo-dubai-2020\/#primaryimage\"},\"thumbnailUrl\":\"\",\"keywords\":[\"Expo Dubai 2020\",\"Khaoula El Cadi\",\"Pavillon Tunisie\"],\"articleSection\":[\"A LA UNE\",\"CULTURE\",\"ECONOMIE\",\"TRIBUNE\",\"Tunisie\"],\"inLanguage\":\"fr-FR\",\"potentialAction\":[{\"@type\":\"CommentAction\",\"name\":\"Comment\",\"target\":[\"https:\/\/kapitalis.com\/tunisie\/2022\/02\/23\/au-pavillon-tunisie-a-expo-dubai-2020\/#respond\"]}]},{\"@type\":\"WebPage\",\"@id\":\"https:\/\/kapitalis.com\/tunisie\/2022\/02\/23\/au-pavillon-tunisie-a-expo-dubai-2020\/\",\"url\":\"https:\/\/kapitalis.com\/tunisie\/2022\/02\/23\/au-pavillon-tunisie-a-expo-dubai-2020\/\",\"name\":\"Au pavillon Tunisie \u00e0 Expo Dubai 2020 - Kapitalis\",\"isPartOf\":{\"@id\":\"https:\/\/kapitalis.com\/tunisie\/#website\"},\"primaryImageOfPage\":{\"@id\":\"https:\/\/kapitalis.com\/tunisie\/2022\/02\/23\/au-pavillon-tunisie-a-expo-dubai-2020\/#primaryimage\"},\"image\":{\"@id\":\"https:\/\/kapitalis.com\/tunisie\/2022\/02\/23\/au-pavillon-tunisie-a-expo-dubai-2020\/#primaryimage\"},\"thumbnailUrl\":\"\",\"datePublished\":\"2022-02-23T07:06:54+00:00\",\"dateModified\":\"2022-02-23T07:09:10+00:00\",\"breadcrumb\":{\"@id\":\"https:\/\/kapitalis.com\/tunisie\/2022\/02\/23\/au-pavillon-tunisie-a-expo-dubai-2020\/#breadcrumb\"},\"inLanguage\":\"fr-FR\",\"potentialAction\":[{\"@type\":\"ReadAction\",\"target\":[\"https:\/\/kapitalis.com\/tunisie\/2022\/02\/23\/au-pavillon-tunisie-a-expo-dubai-2020\/\"]}]},{\"@type\":\"ImageObject\",\"inLanguage\":\"fr-FR\",\"@id\":\"https:\/\/kapitalis.com\/tunisie\/2022\/02\/23\/au-pavillon-tunisie-a-expo-dubai-2020\/#primaryimage\",\"url\":\"\",\"contentUrl\":\"\"},{\"@type\":\"BreadcrumbList\",\"@id\":\"https:\/\/kapitalis.com\/tunisie\/2022\/02\/23\/au-pavillon-tunisie-a-expo-dubai-2020\/#breadcrumb\",\"itemListElement\":[{\"@type\":\"ListItem\",\"position\":1,\"name\":\"Accueil\",\"item\":\"https:\/\/kapitalis.com\/tunisie\/\"},{\"@type\":\"ListItem\",\"position\":2,\"name\":\"Au pavillon Tunisie \u00e0 Expo Dubai 2020\"}]},{\"@type\":\"WebSite\",\"@id\":\"https:\/\/kapitalis.com\/tunisie\/#website\",\"url\":\"https:\/\/kapitalis.com\/tunisie\/\",\"name\":\"Kapitalis\",\"description\":\"L&#039;actualit\u00e9 en Tunisie et dans le monde\",\"publisher\":{\"@id\":\"https:\/\/kapitalis.com\/tunisie\/#organization\"},\"potentialAction\":[{\"@type\":\"SearchAction\",\"target\":{\"@type\":\"EntryPoint\",\"urlTemplate\":\"https:\/\/kapitalis.com\/tunisie\/?s={search_term_string}\"},\"query-input\":{\"@type\":\"PropertyValueSpecification\",\"valueRequired\":true,\"valueName\":\"search_term_string\"}}],\"inLanguage\":\"fr-FR\"},{\"@type\":\"Organization\",\"@id\":\"https:\/\/kapitalis.com\/tunisie\/#organization\",\"name\":\"Kapitalis\",\"url\":\"https:\/\/kapitalis.com\/tunisie\/\",\"logo\":{\"@type\":\"ImageObject\",\"inLanguage\":\"fr-FR\",\"@id\":\"https:\/\/kapitalis.com\/tunisie\/#\/schema\/logo\/image\/\",\"url\":\"https:\/\/kapitalis.com\/tunisie\/wp-content\/uploads\/2022\/05\/Kapitalis-big-size.png\",\"contentUrl\":\"https:\/\/kapitalis.com\/tunisie\/wp-content\/uploads\/2022\/05\/Kapitalis-big-size.png\",\"width\":5000,\"height\":1500,\"caption\":\"Kapitalis\"},\"image\":{\"@id\":\"https:\/\/kapitalis.com\/tunisie\/#\/schema\/logo\/image\/\"},\"sameAs\":[\"https:\/\/www.facebook.com\/KapitalisInfo\/\",\"https:\/\/x.com\/KapitalisInfo\",\"https:\/\/www.youtube.com\/channel\/UC-yDYrHyfFBWWZaOw3FPg9Q\"]},{\"@type\":\"Person\",\"@id\":\"https:\/\/kapitalis.com\/tunisie\/#\/schema\/person\/d71f33a9ca44f7bad4698210b480c8e9\",\"name\":\"webmaster kapitalis\",\"url\":\"https:\/\/kapitalis.com\/tunisie\/author\/webmaster-kapitalis\/\"}]}<\/script>\n<!-- \/ Yoast SEO plugin. -->","yoast_head_json":{"title":"Au pavillon Tunisie \u00e0 Expo Dubai 2020 - Kapitalis","robots":{"index":"index","follow":"follow","max-snippet":"max-snippet:-1","max-image-preview":"max-image-preview:large","max-video-preview":"max-video-preview:-1"},"canonical":"https:\/\/kapitalis.com\/tunisie\/2022\/02\/23\/au-pavillon-tunisie-a-expo-dubai-2020\/","og_locale":"fr_FR","og_type":"article","og_title":"Au pavillon Tunisie \u00e0 Expo Dubai 2020 - Kapitalis","og_description":"L&rsquo;auteure exprime dans cette tribune la d\u00e9ception que lui a inspir\u00e9e la visite du pavillon de la Tunisie \u00e0 l&rsquo;exposition universelle de Duba\u00ef (Expo Dubai 2020) et, surtout, la mani\u00e8re, froide et d\u00e9sinvolte, avec laquelle les rares visiteurs sont accueillis. Par Khaoula El Cadi *","og_url":"https:\/\/kapitalis.com\/tunisie\/2022\/02\/23\/au-pavillon-tunisie-a-expo-dubai-2020\/","og_site_name":"Kapitalis","article_publisher":"https:\/\/www.facebook.com\/KapitalisInfo\/","article_published_time":"2022-02-23T07:06:54+00:00","article_modified_time":"2022-02-23T07:09:10+00:00","og_image":[{"width":1200,"height":630,"url":"https:\/\/kapitalis.com\/tunisie\/wp-content\/uploads\/2022\/05\/kapitalis-logo-fb.png","type":"image\/png"}],"author":"webmaster kapitalis","twitter_card":"summary_large_image","twitter_creator":"@KapitalisInfo","twitter_site":"@KapitalisInfo","twitter_misc":{"\u00c9crit par":"webmaster kapitalis","Dur\u00e9e de lecture estim\u00e9e":"3 minutes"},"schema":{"@context":"https:\/\/schema.org","@graph":[{"@type":"Article","@id":"https:\/\/kapitalis.com\/tunisie\/2022\/02\/23\/au-pavillon-tunisie-a-expo-dubai-2020\/#article","isPartOf":{"@id":"https:\/\/kapitalis.com\/tunisie\/2022\/02\/23\/au-pavillon-tunisie-a-expo-dubai-2020\/"},"author":{"name":"webmaster kapitalis","@id":"https:\/\/kapitalis.com\/tunisie\/#\/schema\/person\/d71f33a9ca44f7bad4698210b480c8e9"},"headline":"Au pavillon Tunisie \u00e0 Expo Dubai 2020","datePublished":"2022-02-23T07:06:54+00:00","dateModified":"2022-02-23T07:09:10+00:00","mainEntityOfPage":{"@id":"https:\/\/kapitalis.com\/tunisie\/2022\/02\/23\/au-pavillon-tunisie-a-expo-dubai-2020\/"},"wordCount":541,"commentCount":3,"publisher":{"@id":"https:\/\/kapitalis.com\/tunisie\/#organization"},"image":{"@id":"https:\/\/kapitalis.com\/tunisie\/2022\/02\/23\/au-pavillon-tunisie-a-expo-dubai-2020\/#primaryimage"},"thumbnailUrl":"","keywords":["Expo Dubai 2020","Khaoula El Cadi","Pavillon Tunisie"],"articleSection":["A LA UNE","CULTURE","ECONOMIE","TRIBUNE","Tunisie"],"inLanguage":"fr-FR","potentialAction":[{"@type":"CommentAction","name":"Comment","target":["https:\/\/kapitalis.com\/tunisie\/2022\/02\/23\/au-pavillon-tunisie-a-expo-dubai-2020\/#respond"]}]},{"@type":"WebPage","@id":"https:\/\/kapitalis.com\/tunisie\/2022\/02\/23\/au-pavillon-tunisie-a-expo-dubai-2020\/","url":"https:\/\/kapitalis.com\/tunisie\/2022\/02\/23\/au-pavillon-tunisie-a-expo-dubai-2020\/","name":"Au pavillon Tunisie \u00e0 Expo Dubai 2020 - Kapitalis","isPartOf":{"@id":"https:\/\/kapitalis.com\/tunisie\/#website"},"primaryImageOfPage":{"@id":"https:\/\/kapitalis.com\/tunisie\/2022\/02\/23\/au-pavillon-tunisie-a-expo-dubai-2020\/#primaryimage"},"image":{"@id":"https:\/\/kapitalis.com\/tunisie\/2022\/02\/23\/au-pavillon-tunisie-a-expo-dubai-2020\/#primaryimage"},"thumbnailUrl":"","datePublished":"2022-02-23T07:06:54+00:00","dateModified":"2022-02-23T07:09:10+00:00","breadcrumb":{"@id":"https:\/\/kapitalis.com\/tunisie\/2022\/02\/23\/au-pavillon-tunisie-a-expo-dubai-2020\/#breadcrumb"},"inLanguage":"fr-FR","potentialAction":[{"@type":"ReadAction","target":["https:\/\/kapitalis.com\/tunisie\/2022\/02\/23\/au-pavillon-tunisie-a-expo-dubai-2020\/"]}]},{"@type":"ImageObject","inLanguage":"fr-FR","@id":"https:\/\/kapitalis.com\/tunisie\/2022\/02\/23\/au-pavillon-tunisie-a-expo-dubai-2020\/#primaryimage","url":"","contentUrl":""},{"@type":"BreadcrumbList","@id":"https:\/\/kapitalis.com\/tunisie\/2022\/02\/23\/au-pavillon-tunisie-a-expo-dubai-2020\/#breadcrumb","itemListElement":[{"@type":"ListItem","position":1,"name":"Accueil","item":"https:\/\/kapitalis.com\/tunisie\/"},{"@type":"ListItem","position":2,"name":"Au pavillon Tunisie \u00e0 Expo Dubai 2020"}]},{"@type":"WebSite","@id":"https:\/\/kapitalis.com\/tunisie\/#website","url":"https:\/\/kapitalis.com\/tunisie\/","name":"Kapitalis","description":"L&#039;actualit\u00e9 en Tunisie et dans le monde","publisher":{"@id":"https:\/\/kapitalis.com\/tunisie\/#organization"},"potentialAction":[{"@type":"SearchAction","target":{"@type":"EntryPoint","urlTemplate":"https:\/\/kapitalis.com\/tunisie\/?s={search_term_string}"},"query-input":{"@type":"PropertyValueSpecification","valueRequired":true,"valueName":"search_term_string"}}],"inLanguage":"fr-FR"},{"@type":"Organization","@id":"https:\/\/kapitalis.com\/tunisie\/#organization","name":"Kapitalis","url":"https:\/\/kapitalis.com\/tunisie\/","logo":{"@type":"ImageObject","inLanguage":"fr-FR","@id":"https:\/\/kapitalis.com\/tunisie\/#\/schema\/logo\/image\/","url":"https:\/\/kapitalis.com\/tunisie\/wp-content\/uploads\/2022\/05\/Kapitalis-big-size.png","contentUrl":"https:\/\/kapitalis.com\/tunisie\/wp-content\/uploads\/2022\/05\/Kapitalis-big-size.png","width":5000,"height":1500,"caption":"Kapitalis"},"image":{"@id":"https:\/\/kapitalis.com\/tunisie\/#\/schema\/logo\/image\/"},"sameAs":["https:\/\/www.facebook.com\/KapitalisInfo\/","https:\/\/x.com\/KapitalisInfo","https:\/\/www.youtube.com\/channel\/UC-yDYrHyfFBWWZaOw3FPg9Q"]},{"@type":"Person","@id":"https:\/\/kapitalis.com\/tunisie\/#\/schema\/person\/d71f33a9ca44f7bad4698210b480c8e9","name":"webmaster kapitalis","url":"https:\/\/kapitalis.com\/tunisie\/author\/webmaster-kapitalis\/"}]}},"_links":{"self":[{"href":"https:\/\/kapitalis.com\/tunisie\/wp-json\/wp\/v2\/posts\/381674","targetHints":{"allow":["GET"]}}],"collection":[{"href":"https:\/\/kapitalis.com\/tunisie\/wp-json\/wp\/v2\/posts"}],"about":[{"href":"https:\/\/kapitalis.com\/tunisie\/wp-json\/wp\/v2\/types\/post"}],"author":[{"embeddable":true,"href":"https:\/\/kapitalis.com\/tunisie\/wp-json\/wp\/v2\/users\/8"}],"replies":[{"embeddable":true,"href":"https:\/\/kapitalis.com\/tunisie\/wp-json\/wp\/v2\/comments?post=381674"}],"version-history":[{"count":0,"href":"https:\/\/kapitalis.com\/tunisie\/wp-json\/wp\/v2\/posts\/381674\/revisions"}],"wp:featuredmedia":[{"embeddable":true,"href":"https:\/\/kapitalis.com\/tunisie\/wp-json\/wp\/v2\/media\/381675"}],"wp:attachment":[{"href":"https:\/\/kapitalis.com\/tunisie\/wp-json\/wp\/v2\/media?parent=381674"}],"wp:term":[{"taxonomy":"category","embeddable":true,"href":"https:\/\/kapitalis.com\/tunisie\/wp-json\/wp\/v2\/categories?post=381674"},{"taxonomy":"post_tag","embeddable":true,"href":"https:\/\/kapitalis.com\/tunisie\/wp-json\/wp\/v2\/tags?post=381674"}],"curies":[{"name":"wp","href":"https:\/\/api.w.org\/{rel}","templated":true}]}}