{"id":381713,"date":"2022-02-23T11:58:14","date_gmt":"2022-02-23T10:58:14","guid":{"rendered":"http:\/\/kapitalis.com\/tunisie\/?p=381713"},"modified":"2022-02-23T12:02:02","modified_gmt":"2022-02-23T11:02:02","slug":"tunisie-badreddine-gammoudi-comparait-devant-la-justice","status":"publish","type":"post","link":"https:\/\/kapitalis.com\/tunisie\/2022\/02\/23\/tunisie-badreddine-gammoudi-comparait-devant-la-justice\/","title":{"rendered":"Tunisie : Badreddine Gammoudi compara\u00eet devant la justice"},"content":{"rendered":"\n<div class=\"wp-block-image\"><figure class=\"aligncenter size-full\"><img decoding=\"async\" src=\"http:\/\/kapitalis.com\/tunisie\/wp-content\/uploads\/2020\/12\/Badreddine-Gammoudi-1.jpg\" alt=\"\" class=\"wp-image-329718\"\/><\/figure><\/div>\n\n\n\n<p><em><strong>Le d\u00e9put\u00e9 au parlement suspendu et pr\u00e9sident de la commission parlementaire de la r\u00e9forme administrative, de la bonne gouvernance, de la lutte contre la corruption et du contr\u00f4le de gestion des deniers publics, Badreddine Gammoudi, compara\u00eetra, ce mercredi 23 f\u00e9vrier 2022, devant la justice, apr\u00e8s avoir d\u00e9voil\u00e9 des d\u00e9tails sur une affaire de corruption concernant la sp\u00e9culation de l\u2019huile v\u00e9g\u00e9tale subventionn\u00e9e.<\/strong><\/em><\/p>\n\n\n\n<!--more-->\n\n\n\n<p>Intervenu sur Shems FM, le dirigeant au sein du mouvement Echa\u00e2b a expliqu\u00e9 que l&rsquo;une des entreprises suspectes dans cette affaire l&rsquo;a accus\u00e9 de diffamation pour avoir partag\u00e9 une question orale qu&rsquo;il a adress\u00e9e aux ministres du Commerce et des Finances.<\/p>\n\n\n\n<p>Il a par ailleurs, soulign\u00e9 qu&rsquo;il tenait \u00e0 ce que tous ses travaux parlementaires soient diffus\u00e9s sur les r\u00e9seaux sociaux, dans le but de faire pression sur le pouvoir ex\u00e9cutif, estimant qu&rsquo;il y a une n\u00e9gligence des autorit\u00e9s face aux d\u00e9passements de la firme en question.<\/p>\n\n\n\n<p class=\"has-text-align-right\"><strong>C. B. Y. <\/strong><\/p>\n","protected":false},"excerpt":{"rendered":"<p>Le d\u00e9put\u00e9 au parlement suspendu et pr\u00e9sident de la commission parlementaire de la r\u00e9forme administrative, de la bonne gouvernance, de la lutte contre la corruption et du contr\u00f4le de gestion des deniers publics, Badreddine Gammoudi, compara\u00eetra, ce mercredi 23 f\u00e9vrier 2022, devant la justice, apr\u00e8s avoir d\u00e9voil\u00e9 des d\u00e9tails sur une affaire de corruption concernant&#8230;<\/p>\n","protected":false},"author":24,"featured_media":0,"comment_status":"open","ping_status":"open","sticky":false,"template":"","format":"standard","meta":{"footnotes":""},"categories":[997,2433],"tags":[82532,18689],"class_list":["post-381713","post","type-post","status-publish","format-standard","hentry","category-politique","category-tunisie","tag-badreddine-gammoudi","tag-mouvement-echaab"],"yoast_head":"<!-- This site is optimized with the Yoast SEO plugin v26.6 - https:\/\/yoast.com\/wordpress\/plugins\/seo\/ -->\n<title>Tunisie : Badreddine Gammoudi compara\u00eet devant la justice - Kapitalis<\/title>\n<meta name=\"robots\" content=\"index, follow, max-snippet:-1, max-image-preview:large, max-video-preview:-1\" \/>\n<link rel=\"canonical\" href=\"https:\/\/kapitalis.com\/tunisie\/2022\/02\/23\/tunisie-badreddine-gammoudi-comparait-devant-la-justice\/\" \/>\n<meta property=\"og:locale\" content=\"fr_FR\" \/>\n<meta property=\"og:type\" content=\"article\" \/>\n<meta property=\"og:title\" content=\"Tunisie : Badreddine Gammoudi compara\u00eet devant la justice - Kapitalis\" \/>\n<meta property=\"og:description\" content=\"Le d\u00e9put\u00e9 au parlement suspendu et pr\u00e9sident de la commission parlementaire de la r\u00e9forme administrative, de la bonne gouvernance, de la lutte contre la corruption et du contr\u00f4le de gestion des deniers publics, Badreddine Gammoudi, compara\u00eetra, ce mercredi 23 f\u00e9vrier 2022, devant la justice, apr\u00e8s avoir d\u00e9voil\u00e9 des d\u00e9tails sur une affaire de corruption concernant...\" \/>\n<meta property=\"og:url\" content=\"https:\/\/kapitalis.com\/tunisie\/2022\/02\/23\/tunisie-badreddine-gammoudi-comparait-devant-la-justice\/\" \/>\n<meta property=\"og:site_name\" content=\"Kapitalis\" \/>\n<meta property=\"article:publisher\" content=\"https:\/\/www.facebook.com\/KapitalisInfo\/\" \/>\n<meta property=\"article:published_time\" content=\"2022-02-23T10:58:14+00:00\" \/>\n<meta property=\"article:modified_time\" content=\"2022-02-23T11:02:02+00:00\" \/>\n<meta property=\"og:image\" content=\"http:\/\/kapitalis.com\/tunisie\/wp-content\/uploads\/2020\/12\/Badreddine-Gammoudi-1.jpg\" \/>\n<meta name=\"author\" content=\"Cherif Benyounes\" \/>\n<meta name=\"twitter:card\" content=\"summary_large_image\" \/>\n<meta name=\"twitter:creator\" content=\"@KapitalisInfo\" \/>\n<meta name=\"twitter:site\" content=\"@KapitalisInfo\" \/>\n<meta name=\"twitter:label1\" content=\"\u00c9crit par\" \/>\n\t<meta name=\"twitter:data1\" content=\"Cherif Benyounes\" \/>\n\t<meta name=\"twitter:label2\" content=\"Dur\u00e9e de lecture estim\u00e9e\" \/>\n\t<meta name=\"twitter:data2\" content=\"1 minute\" \/>\n<script type=\"application\/ld+json\" class=\"yoast-schema-graph\">{\"@context\":\"https:\/\/schema.org\",\"@graph\":[{\"@type\":\"Article\",\"@id\":\"https:\/\/kapitalis.com\/tunisie\/2022\/02\/23\/tunisie-badreddine-gammoudi-comparait-devant-la-justice\/#article\",\"isPartOf\":{\"@id\":\"https:\/\/kapitalis.com\/tunisie\/2022\/02\/23\/tunisie-badreddine-gammoudi-comparait-devant-la-justice\/\"},\"author\":{\"name\":\"Cherif Benyounes\",\"@id\":\"https:\/\/kapitalis.com\/tunisie\/#\/schema\/person\/b35b8d631961131107263178aeb8019e\"},\"headline\":\"Tunisie : Badreddine Gammoudi compara\u00eet devant la justice\",\"datePublished\":\"2022-02-23T10:58:14+00:00\",\"dateModified\":\"2022-02-23T11:02:02+00:00\",\"mainEntityOfPage\":{\"@id\":\"https:\/\/kapitalis.com\/tunisie\/2022\/02\/23\/tunisie-badreddine-gammoudi-comparait-devant-la-justice\/\"},\"wordCount\":178,\"commentCount\":4,\"publisher\":{\"@id\":\"https:\/\/kapitalis.com\/tunisie\/#organization\"},\"image\":{\"@id\":\"https:\/\/kapitalis.com\/tunisie\/2022\/02\/23\/tunisie-badreddine-gammoudi-comparait-devant-la-justice\/#primaryimage\"},\"thumbnailUrl\":\"http:\/\/kapitalis.com\/tunisie\/wp-content\/uploads\/2020\/12\/Badreddine-Gammoudi-1.jpg\",\"keywords\":[\"Badreddine Gammoudi\",\"Mouvement Echa\u00e2b\"],\"articleSection\":[\"POLITIQUE\",\"Tunisie\"],\"inLanguage\":\"fr-FR\",\"potentialAction\":[{\"@type\":\"CommentAction\",\"name\":\"Comment\",\"target\":[\"https:\/\/kapitalis.com\/tunisie\/2022\/02\/23\/tunisie-badreddine-gammoudi-comparait-devant-la-justice\/#respond\"]}]},{\"@type\":\"WebPage\",\"@id\":\"https:\/\/kapitalis.com\/tunisie\/2022\/02\/23\/tunisie-badreddine-gammoudi-comparait-devant-la-justice\/\",\"url\":\"https:\/\/kapitalis.com\/tunisie\/2022\/02\/23\/tunisie-badreddine-gammoudi-comparait-devant-la-justice\/\",\"name\":\"Tunisie : Badreddine Gammoudi compara\u00eet devant la justice - Kapitalis\",\"isPartOf\":{\"@id\":\"https:\/\/kapitalis.com\/tunisie\/#website\"},\"primaryImageOfPage\":{\"@id\":\"https:\/\/kapitalis.com\/tunisie\/2022\/02\/23\/tunisie-badreddine-gammoudi-comparait-devant-la-justice\/#primaryimage\"},\"image\":{\"@id\":\"https:\/\/kapitalis.com\/tunisie\/2022\/02\/23\/tunisie-badreddine-gammoudi-comparait-devant-la-justice\/#primaryimage\"},\"thumbnailUrl\":\"http:\/\/kapitalis.com\/tunisie\/wp-content\/uploads\/2020\/12\/Badreddine-Gammoudi-1.jpg\",\"datePublished\":\"2022-02-23T10:58:14+00:00\",\"dateModified\":\"2022-02-23T11:02:02+00:00\",\"breadcrumb\":{\"@id\":\"https:\/\/kapitalis.com\/tunisie\/2022\/02\/23\/tunisie-badreddine-gammoudi-comparait-devant-la-justice\/#breadcrumb\"},\"inLanguage\":\"fr-FR\",\"potentialAction\":[{\"@type\":\"ReadAction\",\"target\":[\"https:\/\/kapitalis.com\/tunisie\/2022\/02\/23\/tunisie-badreddine-gammoudi-comparait-devant-la-justice\/\"]}]},{\"@type\":\"ImageObject\",\"inLanguage\":\"fr-FR\",\"@id\":\"https:\/\/kapitalis.com\/tunisie\/2022\/02\/23\/tunisie-badreddine-gammoudi-comparait-devant-la-justice\/#primaryimage\",\"url\":\"\",\"contentUrl\":\"\"},{\"@type\":\"BreadcrumbList\",\"@id\":\"https:\/\/kapitalis.com\/tunisie\/2022\/02\/23\/tunisie-badreddine-gammoudi-comparait-devant-la-justice\/#breadcrumb\",\"itemListElement\":[{\"@type\":\"ListItem\",\"position\":1,\"name\":\"Accueil\",\"item\":\"https:\/\/kapitalis.com\/tunisie\/\"},{\"@type\":\"ListItem\",\"position\":2,\"name\":\"Tunisie : Badreddine Gammoudi compara\u00eet devant la justice\"}]},{\"@type\":\"WebSite\",\"@id\":\"https:\/\/kapitalis.com\/tunisie\/#website\",\"url\":\"https:\/\/kapitalis.com\/tunisie\/\",\"name\":\"Kapitalis\",\"description\":\"L&#039;actualit\u00e9 en Tunisie et dans le monde\",\"publisher\":{\"@id\":\"https:\/\/kapitalis.com\/tunisie\/#organization\"},\"potentialAction\":[{\"@type\":\"SearchAction\",\"target\":{\"@type\":\"EntryPoint\",\"urlTemplate\":\"https:\/\/kapitalis.com\/tunisie\/?s={search_term_string}\"},\"query-input\":{\"@type\":\"PropertyValueSpecification\",\"valueRequired\":true,\"valueName\":\"search_term_string\"}}],\"inLanguage\":\"fr-FR\"},{\"@type\":\"Organization\",\"@id\":\"https:\/\/kapitalis.com\/tunisie\/#organization\",\"name\":\"Kapitalis\",\"url\":\"https:\/\/kapitalis.com\/tunisie\/\",\"logo\":{\"@type\":\"ImageObject\",\"inLanguage\":\"fr-FR\",\"@id\":\"https:\/\/kapitalis.com\/tunisie\/#\/schema\/logo\/image\/\",\"url\":\"https:\/\/kapitalis.com\/tunisie\/wp-content\/uploads\/2022\/05\/Kapitalis-big-size.png\",\"contentUrl\":\"https:\/\/kapitalis.com\/tunisie\/wp-content\/uploads\/2022\/05\/Kapitalis-big-size.png\",\"width\":5000,\"height\":1500,\"caption\":\"Kapitalis\"},\"image\":{\"@id\":\"https:\/\/kapitalis.com\/tunisie\/#\/schema\/logo\/image\/\"},\"sameAs\":[\"https:\/\/www.facebook.com\/KapitalisInfo\/\",\"https:\/\/x.com\/KapitalisInfo\",\"https:\/\/www.youtube.com\/channel\/UC-yDYrHyfFBWWZaOw3FPg9Q\"]},{\"@type\":\"Person\",\"@id\":\"https:\/\/kapitalis.com\/tunisie\/#\/schema\/person\/b35b8d631961131107263178aeb8019e\",\"name\":\"Cherif Benyounes\",\"url\":\"https:\/\/kapitalis.com\/tunisie\/author\/cherif\/\"}]}<\/script>\n<!-- \/ Yoast SEO plugin. -->","yoast_head_json":{"title":"Tunisie : Badreddine Gammoudi compara\u00eet devant la justice - Kapitalis","robots":{"index":"index","follow":"follow","max-snippet":"max-snippet:-1","max-image-preview":"max-image-preview:large","max-video-preview":"max-video-preview:-1"},"canonical":"https:\/\/kapitalis.com\/tunisie\/2022\/02\/23\/tunisie-badreddine-gammoudi-comparait-devant-la-justice\/","og_locale":"fr_FR","og_type":"article","og_title":"Tunisie : Badreddine Gammoudi compara\u00eet devant la justice - Kapitalis","og_description":"Le d\u00e9put\u00e9 au parlement suspendu et pr\u00e9sident de la commission parlementaire de la r\u00e9forme administrative, de la bonne gouvernance, de la lutte contre la corruption et du contr\u00f4le de gestion des deniers publics, Badreddine Gammoudi, compara\u00eetra, ce mercredi 23 f\u00e9vrier 2022, devant la justice, apr\u00e8s avoir d\u00e9voil\u00e9 des d\u00e9tails sur une affaire de corruption concernant...","og_url":"https:\/\/kapitalis.com\/tunisie\/2022\/02\/23\/tunisie-badreddine-gammoudi-comparait-devant-la-justice\/","og_site_name":"Kapitalis","article_publisher":"https:\/\/www.facebook.com\/KapitalisInfo\/","article_published_time":"2022-02-23T10:58:14+00:00","article_modified_time":"2022-02-23T11:02:02+00:00","og_image":[{"url":"http:\/\/kapitalis.com\/tunisie\/wp-content\/uploads\/2020\/12\/Badreddine-Gammoudi-1.jpg","type":"","width":"","height":""}],"author":"Cherif Benyounes","twitter_card":"summary_large_image","twitter_creator":"@KapitalisInfo","twitter_site":"@KapitalisInfo","twitter_misc":{"\u00c9crit par":"Cherif Benyounes","Dur\u00e9e de lecture estim\u00e9e":"1 minute"},"schema":{"@context":"https:\/\/schema.org","@graph":[{"@type":"Article","@id":"https:\/\/kapitalis.com\/tunisie\/2022\/02\/23\/tunisie-badreddine-gammoudi-comparait-devant-la-justice\/#article","isPartOf":{"@id":"https:\/\/kapitalis.com\/tunisie\/2022\/02\/23\/tunisie-badreddine-gammoudi-comparait-devant-la-justice\/"},"author":{"name":"Cherif Benyounes","@id":"https:\/\/kapitalis.com\/tunisie\/#\/schema\/person\/b35b8d631961131107263178aeb8019e"},"headline":"Tunisie : Badreddine Gammoudi compara\u00eet devant la justice","datePublished":"2022-02-23T10:58:14+00:00","dateModified":"2022-02-23T11:02:02+00:00","mainEntityOfPage":{"@id":"https:\/\/kapitalis.com\/tunisie\/2022\/02\/23\/tunisie-badreddine-gammoudi-comparait-devant-la-justice\/"},"wordCount":178,"commentCount":4,"publisher":{"@id":"https:\/\/kapitalis.com\/tunisie\/#organization"},"image":{"@id":"https:\/\/kapitalis.com\/tunisie\/2022\/02\/23\/tunisie-badreddine-gammoudi-comparait-devant-la-justice\/#primaryimage"},"thumbnailUrl":"http:\/\/kapitalis.com\/tunisie\/wp-content\/uploads\/2020\/12\/Badreddine-Gammoudi-1.jpg","keywords":["Badreddine Gammoudi","Mouvement Echa\u00e2b"],"articleSection":["POLITIQUE","Tunisie"],"inLanguage":"fr-FR","potentialAction":[{"@type":"CommentAction","name":"Comment","target":["https:\/\/kapitalis.com\/tunisie\/2022\/02\/23\/tunisie-badreddine-gammoudi-comparait-devant-la-justice\/#respond"]}]},{"@type":"WebPage","@id":"https:\/\/kapitalis.com\/tunisie\/2022\/02\/23\/tunisie-badreddine-gammoudi-comparait-devant-la-justice\/","url":"https:\/\/kapitalis.com\/tunisie\/2022\/02\/23\/tunisie-badreddine-gammoudi-comparait-devant-la-justice\/","name":"Tunisie : Badreddine Gammoudi compara\u00eet devant la justice - Kapitalis","isPartOf":{"@id":"https:\/\/kapitalis.com\/tunisie\/#website"},"primaryImageOfPage":{"@id":"https:\/\/kapitalis.com\/tunisie\/2022\/02\/23\/tunisie-badreddine-gammoudi-comparait-devant-la-justice\/#primaryimage"},"image":{"@id":"https:\/\/kapitalis.com\/tunisie\/2022\/02\/23\/tunisie-badreddine-gammoudi-comparait-devant-la-justice\/#primaryimage"},"thumbnailUrl":"http:\/\/kapitalis.com\/tunisie\/wp-content\/uploads\/2020\/12\/Badreddine-Gammoudi-1.jpg","datePublished":"2022-02-23T10:58:14+00:00","dateModified":"2022-02-23T11:02:02+00:00","breadcrumb":{"@id":"https:\/\/kapitalis.com\/tunisie\/2022\/02\/23\/tunisie-badreddine-gammoudi-comparait-devant-la-justice\/#breadcrumb"},"inLanguage":"fr-FR","potentialAction":[{"@type":"ReadAction","target":["https:\/\/kapitalis.com\/tunisie\/2022\/02\/23\/tunisie-badreddine-gammoudi-comparait-devant-la-justice\/"]}]},{"@type":"ImageObject","inLanguage":"fr-FR","@id":"https:\/\/kapitalis.com\/tunisie\/2022\/02\/23\/tunisie-badreddine-gammoudi-comparait-devant-la-justice\/#primaryimage","url":"","contentUrl":""},{"@type":"BreadcrumbList","@id":"https:\/\/kapitalis.com\/tunisie\/2022\/02\/23\/tunisie-badreddine-gammoudi-comparait-devant-la-justice\/#breadcrumb","itemListElement":[{"@type":"ListItem","position":1,"name":"Accueil","item":"https:\/\/kapitalis.com\/tunisie\/"},{"@type":"ListItem","position":2,"name":"Tunisie : Badreddine Gammoudi compara\u00eet devant la justice"}]},{"@type":"WebSite","@id":"https:\/\/kapitalis.com\/tunisie\/#website","url":"https:\/\/kapitalis.com\/tunisie\/","name":"Kapitalis","description":"L&#039;actualit\u00e9 en Tunisie et dans le monde","publisher":{"@id":"https:\/\/kapitalis.com\/tunisie\/#organization"},"potentialAction":[{"@type":"SearchAction","target":{"@type":"EntryPoint","urlTemplate":"https:\/\/kapitalis.com\/tunisie\/?s={search_term_string}"},"query-input":{"@type":"PropertyValueSpecification","valueRequired":true,"valueName":"search_term_string"}}],"inLanguage":"fr-FR"},{"@type":"Organization","@id":"https:\/\/kapitalis.com\/tunisie\/#organization","name":"Kapitalis","url":"https:\/\/kapitalis.com\/tunisie\/","logo":{"@type":"ImageObject","inLanguage":"fr-FR","@id":"https:\/\/kapitalis.com\/tunisie\/#\/schema\/logo\/image\/","url":"https:\/\/kapitalis.com\/tunisie\/wp-content\/uploads\/2022\/05\/Kapitalis-big-size.png","contentUrl":"https:\/\/kapitalis.com\/tunisie\/wp-content\/uploads\/2022\/05\/Kapitalis-big-size.png","width":5000,"height":1500,"caption":"Kapitalis"},"image":{"@id":"https:\/\/kapitalis.com\/tunisie\/#\/schema\/logo\/image\/"},"sameAs":["https:\/\/www.facebook.com\/KapitalisInfo\/","https:\/\/x.com\/KapitalisInfo","https:\/\/www.youtube.com\/channel\/UC-yDYrHyfFBWWZaOw3FPg9Q"]},{"@type":"Person","@id":"https:\/\/kapitalis.com\/tunisie\/#\/schema\/person\/b35b8d631961131107263178aeb8019e","name":"Cherif Benyounes","url":"https:\/\/kapitalis.com\/tunisie\/author\/cherif\/"}]}},"_links":{"self":[{"href":"https:\/\/kapitalis.com\/tunisie\/wp-json\/wp\/v2\/posts\/381713","targetHints":{"allow":["GET"]}}],"collection":[{"href":"https:\/\/kapitalis.com\/tunisie\/wp-json\/wp\/v2\/posts"}],"about":[{"href":"https:\/\/kapitalis.com\/tunisie\/wp-json\/wp\/v2\/types\/post"}],"author":[{"embeddable":true,"href":"https:\/\/kapitalis.com\/tunisie\/wp-json\/wp\/v2\/users\/24"}],"replies":[{"embeddable":true,"href":"https:\/\/kapitalis.com\/tunisie\/wp-json\/wp\/v2\/comments?post=381713"}],"version-history":[{"count":0,"href":"https:\/\/kapitalis.com\/tunisie\/wp-json\/wp\/v2\/posts\/381713\/revisions"}],"wp:attachment":[{"href":"https:\/\/kapitalis.com\/tunisie\/wp-json\/wp\/v2\/media?parent=381713"}],"wp:term":[{"taxonomy":"category","embeddable":true,"href":"https:\/\/kapitalis.com\/tunisie\/wp-json\/wp\/v2\/categories?post=381713"},{"taxonomy":"post_tag","embeddable":true,"href":"https:\/\/kapitalis.com\/tunisie\/wp-json\/wp\/v2\/tags?post=381713"}],"curies":[{"name":"wp","href":"https:\/\/api.w.org\/{rel}","templated":true}]}}