{"id":381836,"date":"2022-02-24T10:30:13","date_gmt":"2022-02-24T09:30:13","guid":{"rendered":"http:\/\/kapitalis.com\/tunisie\/?p=381836"},"modified":"2022-02-24T10:33:08","modified_gmt":"2022-02-24T09:33:08","slug":"le-percussionniste-venezuelien-manuel-moreno-en-concert-au-musee-safia-farhat","status":"publish","type":"post","link":"https:\/\/kapitalis.com\/tunisie\/2022\/02\/24\/le-percussionniste-venezuelien-manuel-moreno-en-concert-au-musee-safia-farhat\/","title":{"rendered":"Le percussionniste v\u00e9n\u00e9zu\u00e9lien Manuel Moreno en concert au Mus\u00e9e Safia Farhat"},"content":{"rendered":"\n<div class=\"wp-block-image\"><figure class=\"aligncenter size-full\"><img decoding=\"async\" src=\"http:\/\/kapitalis.com\/tunisie\/wp-content\/uploads\/2022\/02\/Untitled-1-11.jpg\" alt=\"\" class=\"wp-image-381845\"\/><\/figure><\/div>\n\n\n\n<p><strong><em>Le Mus\u00e9e Safia Farhat accueillera ce samedi 26 f\u00e9vrier un concert du musicien v\u00e9n\u00e9zu\u00e9lien Manuel Moreno. Un \u00e9v\u00e9nement organis\u00e9 en partenariat avec l\u2019Ambassade de la R\u00e9publique Bolivarienne du Venezuela \u00e0 Tunis.<\/em><\/strong><\/p>\n\n\n\n<!--more-->\n\n\n\n<p>La vie culturelle et artistique a repris son cours depuis quelques mois en Tunisie apr\u00e8s deux ann\u00e9es marqu\u00e9es par les annulations et les reports suite \u00e0 une crise sanitaire sans pr\u00e9c\u00e9dent.<\/p>\n\n\n\n<p>Les artistes tunisiens mais aussi \u00e9trangers sont revenus \u00e0 la rencontre du public et les \u00e9v\u00e9nements sont de plus en plus nombreux. L\u2019un des \u00e9v\u00e9nements phares de cette fin de cette semaine est le concert du percussionniste international Manuel Moreno qui nous vient tout droit du Venezuela et qui offrira aux m\u00e9lomanes tunisiens un moment d\u2019\u00e9vasion musicale in\u00e9dit au Centre des Arts vivants de Rad\u00e8s (Mus\u00e9e Safia Farhat).<\/p>\n\n\n\n<p>L\u2019artiste surnomm\u00e9 \u00ab\u00a0The drum\u2019s master\u00a0\u00bb (Le ma\u00eetre des percussions) offrira \u00e9galement aux jeunes musiciens tunisiens une master-classe de percussion qui sera suivie par\u00a0 une jam session avec les musiciens pr\u00e9sents.<\/p>\n\n\n\n<p class=\"has-text-align-right\"><strong>F.B<\/strong><\/p>\n","protected":false},"excerpt":{"rendered":"<p>Le Mus\u00e9e Safia Farhat accueillera ce samedi 26 f\u00e9vrier un concert du musicien v\u00e9n\u00e9zu\u00e9lien Manuel Moreno. Un \u00e9v\u00e9nement organis\u00e9 en partenariat avec l\u2019Ambassade de la R\u00e9publique Bolivarienne du Venezuela \u00e0 Tunis.<\/p>\n","protected":false},"author":26,"featured_media":381845,"comment_status":"open","ping_status":"open","sticky":false,"template":"","format":"standard","meta":{"footnotes":""},"categories":[994,2433],"tags":[97594,97593,97595,62643,78703],"class_list":["post-381836","post","type-post","status-publish","format-standard","has-post-thumbnail","hentry","category-culture","category-tunisie","tag-manuel-moreno","tag-musee-safiaarhat","tag-musique-du-monde","tag-tunisie","tag-venezuela"],"yoast_head":"<!-- This site is optimized with the Yoast SEO plugin v26.6 - https:\/\/yoast.com\/wordpress\/plugins\/seo\/ -->\n<title>Le percussionniste v\u00e9n\u00e9zu\u00e9lien Manuel Moreno en concert au Mus\u00e9e Safia Farhat - Kapitalis<\/title>\n<meta name=\"robots\" content=\"index, follow, max-snippet:-1, max-image-preview:large, max-video-preview:-1\" \/>\n<link rel=\"canonical\" href=\"https:\/\/kapitalis.com\/tunisie\/2022\/02\/24\/le-percussionniste-venezuelien-manuel-moreno-en-concert-au-musee-safia-farhat\/\" \/>\n<meta property=\"og:locale\" content=\"fr_FR\" \/>\n<meta property=\"og:type\" content=\"article\" \/>\n<meta property=\"og:title\" content=\"Le percussionniste v\u00e9n\u00e9zu\u00e9lien Manuel Moreno en concert au Mus\u00e9e Safia Farhat - Kapitalis\" \/>\n<meta property=\"og:description\" content=\"Le Mus\u00e9e Safia Farhat accueillera ce samedi 26 f\u00e9vrier un concert du musicien v\u00e9n\u00e9zu\u00e9lien Manuel Moreno. Un \u00e9v\u00e9nement organis\u00e9 en partenariat avec l\u2019Ambassade de la R\u00e9publique Bolivarienne du Venezuela \u00e0 Tunis.\" \/>\n<meta property=\"og:url\" content=\"https:\/\/kapitalis.com\/tunisie\/2022\/02\/24\/le-percussionniste-venezuelien-manuel-moreno-en-concert-au-musee-safia-farhat\/\" \/>\n<meta property=\"og:site_name\" content=\"Kapitalis\" \/>\n<meta property=\"article:publisher\" content=\"https:\/\/www.facebook.com\/KapitalisInfo\/\" \/>\n<meta property=\"article:published_time\" content=\"2022-02-24T09:30:13+00:00\" \/>\n<meta property=\"article:modified_time\" content=\"2022-02-24T09:33:08+00:00\" \/>\n<meta property=\"og:image\" content=\"https:\/\/kapitalis.com\/tunisie\/wp-content\/uploads\/2022\/05\/kapitalis-logo-fb.png\" \/>\n\t<meta property=\"og:image:width\" content=\"1200\" \/>\n\t<meta property=\"og:image:height\" content=\"630\" \/>\n\t<meta property=\"og:image:type\" content=\"image\/png\" \/>\n<meta name=\"author\" content=\"Fawz BenAli\" \/>\n<meta name=\"twitter:card\" content=\"summary_large_image\" \/>\n<meta name=\"twitter:creator\" content=\"@KapitalisInfo\" \/>\n<meta name=\"twitter:site\" content=\"@KapitalisInfo\" \/>\n<meta name=\"twitter:label1\" content=\"\u00c9crit par\" \/>\n\t<meta name=\"twitter:data1\" content=\"Fawz BenAli\" \/>\n\t<meta name=\"twitter:label2\" content=\"Dur\u00e9e de lecture estim\u00e9e\" \/>\n\t<meta name=\"twitter:data2\" content=\"1 minute\" \/>\n<script type=\"application\/ld+json\" class=\"yoast-schema-graph\">{\"@context\":\"https:\/\/schema.org\",\"@graph\":[{\"@type\":\"Article\",\"@id\":\"https:\/\/kapitalis.com\/tunisie\/2022\/02\/24\/le-percussionniste-venezuelien-manuel-moreno-en-concert-au-musee-safia-farhat\/#article\",\"isPartOf\":{\"@id\":\"https:\/\/kapitalis.com\/tunisie\/2022\/02\/24\/le-percussionniste-venezuelien-manuel-moreno-en-concert-au-musee-safia-farhat\/\"},\"author\":{\"name\":\"Fawz BenAli\",\"@id\":\"https:\/\/kapitalis.com\/tunisie\/#\/schema\/person\/73a5ecc1f6ae540c6ed91342eadca948\"},\"headline\":\"Le percussionniste v\u00e9n\u00e9zu\u00e9lien Manuel Moreno en concert au Mus\u00e9e Safia Farhat\",\"datePublished\":\"2022-02-24T09:30:13+00:00\",\"dateModified\":\"2022-02-24T09:33:08+00:00\",\"mainEntityOfPage\":{\"@id\":\"https:\/\/kapitalis.com\/tunisie\/2022\/02\/24\/le-percussionniste-venezuelien-manuel-moreno-en-concert-au-musee-safia-farhat\/\"},\"wordCount\":198,\"commentCount\":0,\"publisher\":{\"@id\":\"https:\/\/kapitalis.com\/tunisie\/#organization\"},\"image\":{\"@id\":\"https:\/\/kapitalis.com\/tunisie\/2022\/02\/24\/le-percussionniste-venezuelien-manuel-moreno-en-concert-au-musee-safia-farhat\/#primaryimage\"},\"thumbnailUrl\":\"\",\"keywords\":[\"Manuel Moreno\",\"Mus\u00e9e Safiaarhat\",\"musique du monde\",\"Tunisie\",\"Venezuela\"],\"articleSection\":[\"CULTURE\",\"Tunisie\"],\"inLanguage\":\"fr-FR\",\"potentialAction\":[{\"@type\":\"CommentAction\",\"name\":\"Comment\",\"target\":[\"https:\/\/kapitalis.com\/tunisie\/2022\/02\/24\/le-percussionniste-venezuelien-manuel-moreno-en-concert-au-musee-safia-farhat\/#respond\"]}]},{\"@type\":\"WebPage\",\"@id\":\"https:\/\/kapitalis.com\/tunisie\/2022\/02\/24\/le-percussionniste-venezuelien-manuel-moreno-en-concert-au-musee-safia-farhat\/\",\"url\":\"https:\/\/kapitalis.com\/tunisie\/2022\/02\/24\/le-percussionniste-venezuelien-manuel-moreno-en-concert-au-musee-safia-farhat\/\",\"name\":\"Le percussionniste v\u00e9n\u00e9zu\u00e9lien Manuel Moreno en concert au Mus\u00e9e Safia Farhat - Kapitalis\",\"isPartOf\":{\"@id\":\"https:\/\/kapitalis.com\/tunisie\/#website\"},\"primaryImageOfPage\":{\"@id\":\"https:\/\/kapitalis.com\/tunisie\/2022\/02\/24\/le-percussionniste-venezuelien-manuel-moreno-en-concert-au-musee-safia-farhat\/#primaryimage\"},\"image\":{\"@id\":\"https:\/\/kapitalis.com\/tunisie\/2022\/02\/24\/le-percussionniste-venezuelien-manuel-moreno-en-concert-au-musee-safia-farhat\/#primaryimage\"},\"thumbnailUrl\":\"\",\"datePublished\":\"2022-02-24T09:30:13+00:00\",\"dateModified\":\"2022-02-24T09:33:08+00:00\",\"breadcrumb\":{\"@id\":\"https:\/\/kapitalis.com\/tunisie\/2022\/02\/24\/le-percussionniste-venezuelien-manuel-moreno-en-concert-au-musee-safia-farhat\/#breadcrumb\"},\"inLanguage\":\"fr-FR\",\"potentialAction\":[{\"@type\":\"ReadAction\",\"target\":[\"https:\/\/kapitalis.com\/tunisie\/2022\/02\/24\/le-percussionniste-venezuelien-manuel-moreno-en-concert-au-musee-safia-farhat\/\"]}]},{\"@type\":\"ImageObject\",\"inLanguage\":\"fr-FR\",\"@id\":\"https:\/\/kapitalis.com\/tunisie\/2022\/02\/24\/le-percussionniste-venezuelien-manuel-moreno-en-concert-au-musee-safia-farhat\/#primaryimage\",\"url\":\"\",\"contentUrl\":\"\"},{\"@type\":\"BreadcrumbList\",\"@id\":\"https:\/\/kapitalis.com\/tunisie\/2022\/02\/24\/le-percussionniste-venezuelien-manuel-moreno-en-concert-au-musee-safia-farhat\/#breadcrumb\",\"itemListElement\":[{\"@type\":\"ListItem\",\"position\":1,\"name\":\"Accueil\",\"item\":\"https:\/\/kapitalis.com\/tunisie\/\"},{\"@type\":\"ListItem\",\"position\":2,\"name\":\"Le percussionniste v\u00e9n\u00e9zu\u00e9lien Manuel Moreno en concert au Mus\u00e9e Safia Farhat\"}]},{\"@type\":\"WebSite\",\"@id\":\"https:\/\/kapitalis.com\/tunisie\/#website\",\"url\":\"https:\/\/kapitalis.com\/tunisie\/\",\"name\":\"Kapitalis\",\"description\":\"L&#039;actualit\u00e9 en Tunisie et dans le monde\",\"publisher\":{\"@id\":\"https:\/\/kapitalis.com\/tunisie\/#organization\"},\"potentialAction\":[{\"@type\":\"SearchAction\",\"target\":{\"@type\":\"EntryPoint\",\"urlTemplate\":\"https:\/\/kapitalis.com\/tunisie\/?s={search_term_string}\"},\"query-input\":{\"@type\":\"PropertyValueSpecification\",\"valueRequired\":true,\"valueName\":\"search_term_string\"}}],\"inLanguage\":\"fr-FR\"},{\"@type\":\"Organization\",\"@id\":\"https:\/\/kapitalis.com\/tunisie\/#organization\",\"name\":\"Kapitalis\",\"url\":\"https:\/\/kapitalis.com\/tunisie\/\",\"logo\":{\"@type\":\"ImageObject\",\"inLanguage\":\"fr-FR\",\"@id\":\"https:\/\/kapitalis.com\/tunisie\/#\/schema\/logo\/image\/\",\"url\":\"https:\/\/kapitalis.com\/tunisie\/wp-content\/uploads\/2022\/05\/Kapitalis-big-size.png\",\"contentUrl\":\"https:\/\/kapitalis.com\/tunisie\/wp-content\/uploads\/2022\/05\/Kapitalis-big-size.png\",\"width\":5000,\"height\":1500,\"caption\":\"Kapitalis\"},\"image\":{\"@id\":\"https:\/\/kapitalis.com\/tunisie\/#\/schema\/logo\/image\/\"},\"sameAs\":[\"https:\/\/www.facebook.com\/KapitalisInfo\/\",\"https:\/\/x.com\/KapitalisInfo\",\"https:\/\/www.youtube.com\/channel\/UC-yDYrHyfFBWWZaOw3FPg9Q\"]},{\"@type\":\"Person\",\"@id\":\"https:\/\/kapitalis.com\/tunisie\/#\/schema\/person\/73a5ecc1f6ae540c6ed91342eadca948\",\"name\":\"Fawz BenAli\",\"url\":\"https:\/\/kapitalis.com\/tunisie\/author\/fawz\/\"}]}<\/script>\n<!-- \/ Yoast SEO plugin. -->","yoast_head_json":{"title":"Le percussionniste v\u00e9n\u00e9zu\u00e9lien Manuel Moreno en concert au Mus\u00e9e Safia Farhat - Kapitalis","robots":{"index":"index","follow":"follow","max-snippet":"max-snippet:-1","max-image-preview":"max-image-preview:large","max-video-preview":"max-video-preview:-1"},"canonical":"https:\/\/kapitalis.com\/tunisie\/2022\/02\/24\/le-percussionniste-venezuelien-manuel-moreno-en-concert-au-musee-safia-farhat\/","og_locale":"fr_FR","og_type":"article","og_title":"Le percussionniste v\u00e9n\u00e9zu\u00e9lien Manuel Moreno en concert au Mus\u00e9e Safia Farhat - Kapitalis","og_description":"Le Mus\u00e9e Safia Farhat accueillera ce samedi 26 f\u00e9vrier un concert du musicien v\u00e9n\u00e9zu\u00e9lien Manuel Moreno. Un \u00e9v\u00e9nement organis\u00e9 en partenariat avec l\u2019Ambassade de la R\u00e9publique Bolivarienne du Venezuela \u00e0 Tunis.","og_url":"https:\/\/kapitalis.com\/tunisie\/2022\/02\/24\/le-percussionniste-venezuelien-manuel-moreno-en-concert-au-musee-safia-farhat\/","og_site_name":"Kapitalis","article_publisher":"https:\/\/www.facebook.com\/KapitalisInfo\/","article_published_time":"2022-02-24T09:30:13+00:00","article_modified_time":"2022-02-24T09:33:08+00:00","og_image":[{"width":1200,"height":630,"url":"https:\/\/kapitalis.com\/tunisie\/wp-content\/uploads\/2022\/05\/kapitalis-logo-fb.png","type":"image\/png"}],"author":"Fawz BenAli","twitter_card":"summary_large_image","twitter_creator":"@KapitalisInfo","twitter_site":"@KapitalisInfo","twitter_misc":{"\u00c9crit par":"Fawz BenAli","Dur\u00e9e de lecture estim\u00e9e":"1 minute"},"schema":{"@context":"https:\/\/schema.org","@graph":[{"@type":"Article","@id":"https:\/\/kapitalis.com\/tunisie\/2022\/02\/24\/le-percussionniste-venezuelien-manuel-moreno-en-concert-au-musee-safia-farhat\/#article","isPartOf":{"@id":"https:\/\/kapitalis.com\/tunisie\/2022\/02\/24\/le-percussionniste-venezuelien-manuel-moreno-en-concert-au-musee-safia-farhat\/"},"author":{"name":"Fawz BenAli","@id":"https:\/\/kapitalis.com\/tunisie\/#\/schema\/person\/73a5ecc1f6ae540c6ed91342eadca948"},"headline":"Le percussionniste v\u00e9n\u00e9zu\u00e9lien Manuel Moreno en concert au Mus\u00e9e Safia Farhat","datePublished":"2022-02-24T09:30:13+00:00","dateModified":"2022-02-24T09:33:08+00:00","mainEntityOfPage":{"@id":"https:\/\/kapitalis.com\/tunisie\/2022\/02\/24\/le-percussionniste-venezuelien-manuel-moreno-en-concert-au-musee-safia-farhat\/"},"wordCount":198,"commentCount":0,"publisher":{"@id":"https:\/\/kapitalis.com\/tunisie\/#organization"},"image":{"@id":"https:\/\/kapitalis.com\/tunisie\/2022\/02\/24\/le-percussionniste-venezuelien-manuel-moreno-en-concert-au-musee-safia-farhat\/#primaryimage"},"thumbnailUrl":"","keywords":["Manuel Moreno","Mus\u00e9e Safiaarhat","musique du monde","Tunisie","Venezuela"],"articleSection":["CULTURE","Tunisie"],"inLanguage":"fr-FR","potentialAction":[{"@type":"CommentAction","name":"Comment","target":["https:\/\/kapitalis.com\/tunisie\/2022\/02\/24\/le-percussionniste-venezuelien-manuel-moreno-en-concert-au-musee-safia-farhat\/#respond"]}]},{"@type":"WebPage","@id":"https:\/\/kapitalis.com\/tunisie\/2022\/02\/24\/le-percussionniste-venezuelien-manuel-moreno-en-concert-au-musee-safia-farhat\/","url":"https:\/\/kapitalis.com\/tunisie\/2022\/02\/24\/le-percussionniste-venezuelien-manuel-moreno-en-concert-au-musee-safia-farhat\/","name":"Le percussionniste v\u00e9n\u00e9zu\u00e9lien Manuel Moreno en concert au Mus\u00e9e Safia Farhat - Kapitalis","isPartOf":{"@id":"https:\/\/kapitalis.com\/tunisie\/#website"},"primaryImageOfPage":{"@id":"https:\/\/kapitalis.com\/tunisie\/2022\/02\/24\/le-percussionniste-venezuelien-manuel-moreno-en-concert-au-musee-safia-farhat\/#primaryimage"},"image":{"@id":"https:\/\/kapitalis.com\/tunisie\/2022\/02\/24\/le-percussionniste-venezuelien-manuel-moreno-en-concert-au-musee-safia-farhat\/#primaryimage"},"thumbnailUrl":"","datePublished":"2022-02-24T09:30:13+00:00","dateModified":"2022-02-24T09:33:08+00:00","breadcrumb":{"@id":"https:\/\/kapitalis.com\/tunisie\/2022\/02\/24\/le-percussionniste-venezuelien-manuel-moreno-en-concert-au-musee-safia-farhat\/#breadcrumb"},"inLanguage":"fr-FR","potentialAction":[{"@type":"ReadAction","target":["https:\/\/kapitalis.com\/tunisie\/2022\/02\/24\/le-percussionniste-venezuelien-manuel-moreno-en-concert-au-musee-safia-farhat\/"]}]},{"@type":"ImageObject","inLanguage":"fr-FR","@id":"https:\/\/kapitalis.com\/tunisie\/2022\/02\/24\/le-percussionniste-venezuelien-manuel-moreno-en-concert-au-musee-safia-farhat\/#primaryimage","url":"","contentUrl":""},{"@type":"BreadcrumbList","@id":"https:\/\/kapitalis.com\/tunisie\/2022\/02\/24\/le-percussionniste-venezuelien-manuel-moreno-en-concert-au-musee-safia-farhat\/#breadcrumb","itemListElement":[{"@type":"ListItem","position":1,"name":"Accueil","item":"https:\/\/kapitalis.com\/tunisie\/"},{"@type":"ListItem","position":2,"name":"Le percussionniste v\u00e9n\u00e9zu\u00e9lien Manuel Moreno en concert au Mus\u00e9e Safia Farhat"}]},{"@type":"WebSite","@id":"https:\/\/kapitalis.com\/tunisie\/#website","url":"https:\/\/kapitalis.com\/tunisie\/","name":"Kapitalis","description":"L&#039;actualit\u00e9 en Tunisie et dans le monde","publisher":{"@id":"https:\/\/kapitalis.com\/tunisie\/#organization"},"potentialAction":[{"@type":"SearchAction","target":{"@type":"EntryPoint","urlTemplate":"https:\/\/kapitalis.com\/tunisie\/?s={search_term_string}"},"query-input":{"@type":"PropertyValueSpecification","valueRequired":true,"valueName":"search_term_string"}}],"inLanguage":"fr-FR"},{"@type":"Organization","@id":"https:\/\/kapitalis.com\/tunisie\/#organization","name":"Kapitalis","url":"https:\/\/kapitalis.com\/tunisie\/","logo":{"@type":"ImageObject","inLanguage":"fr-FR","@id":"https:\/\/kapitalis.com\/tunisie\/#\/schema\/logo\/image\/","url":"https:\/\/kapitalis.com\/tunisie\/wp-content\/uploads\/2022\/05\/Kapitalis-big-size.png","contentUrl":"https:\/\/kapitalis.com\/tunisie\/wp-content\/uploads\/2022\/05\/Kapitalis-big-size.png","width":5000,"height":1500,"caption":"Kapitalis"},"image":{"@id":"https:\/\/kapitalis.com\/tunisie\/#\/schema\/logo\/image\/"},"sameAs":["https:\/\/www.facebook.com\/KapitalisInfo\/","https:\/\/x.com\/KapitalisInfo","https:\/\/www.youtube.com\/channel\/UC-yDYrHyfFBWWZaOw3FPg9Q"]},{"@type":"Person","@id":"https:\/\/kapitalis.com\/tunisie\/#\/schema\/person\/73a5ecc1f6ae540c6ed91342eadca948","name":"Fawz BenAli","url":"https:\/\/kapitalis.com\/tunisie\/author\/fawz\/"}]}},"_links":{"self":[{"href":"https:\/\/kapitalis.com\/tunisie\/wp-json\/wp\/v2\/posts\/381836","targetHints":{"allow":["GET"]}}],"collection":[{"href":"https:\/\/kapitalis.com\/tunisie\/wp-json\/wp\/v2\/posts"}],"about":[{"href":"https:\/\/kapitalis.com\/tunisie\/wp-json\/wp\/v2\/types\/post"}],"author":[{"embeddable":true,"href":"https:\/\/kapitalis.com\/tunisie\/wp-json\/wp\/v2\/users\/26"}],"replies":[{"embeddable":true,"href":"https:\/\/kapitalis.com\/tunisie\/wp-json\/wp\/v2\/comments?post=381836"}],"version-history":[{"count":0,"href":"https:\/\/kapitalis.com\/tunisie\/wp-json\/wp\/v2\/posts\/381836\/revisions"}],"wp:featuredmedia":[{"embeddable":true,"href":"https:\/\/kapitalis.com\/tunisie\/wp-json\/wp\/v2\/media\/381845"}],"wp:attachment":[{"href":"https:\/\/kapitalis.com\/tunisie\/wp-json\/wp\/v2\/media?parent=381836"}],"wp:term":[{"taxonomy":"category","embeddable":true,"href":"https:\/\/kapitalis.com\/tunisie\/wp-json\/wp\/v2\/categories?post=381836"},{"taxonomy":"post_tag","embeddable":true,"href":"https:\/\/kapitalis.com\/tunisie\/wp-json\/wp\/v2\/tags?post=381836"}],"curies":[{"name":"wp","href":"https:\/\/api.w.org\/{rel}","templated":true}]}}