{"id":381909,"date":"2022-02-24T18:05:35","date_gmt":"2022-02-24T17:05:35","guid":{"rendered":"http:\/\/kapitalis.com\/tunisie\/?p=381909"},"modified":"2022-02-24T18:09:42","modified_gmt":"2022-02-24T17:09:42","slug":"des-reunions-de-jumelage-entre-la-television-tunisienne-et-france-television","status":"publish","type":"post","link":"https:\/\/kapitalis.com\/tunisie\/2022\/02\/24\/des-reunions-de-jumelage-entre-la-television-tunisienne-et-france-television\/","title":{"rendered":"Des r\u00e9unions de jumelage entre la T\u00e9l\u00e9vision tunisienne et France T\u00e9l\u00e9vision"},"content":{"rendered":"\n<div class=\"wp-block-image\"><figure class=\"aligncenter size-full\"><img decoding=\"async\" src=\"http:\/\/kapitalis.com\/tunisie\/wp-content\/uploads\/2022\/02\/Untitled-2-11.jpg\" alt=\"\" class=\"wp-image-381911\"\/><figcaption>Cr\u00e9dit photo Chaker Ben Cheikh<\/figcaption><\/figure><\/div>\n\n\n\n<p><em><strong>Des r\u00e9unions de jumelage ont eu lieu entre la T\u00e9l\u00e9vision tunisienne et France T\u00e9l\u00e9vision dans le cadre du projet de modernisation de la T\u00e9l\u00e9vision tunisienne.<\/strong><\/em><\/p>\n\n\n\n<!--more-->\n\n\n\n<p>Le journaliste et animateur Chaker Ben Cheikh a publi\u00e9 sur sa page Facebook les premi\u00e8res photos des r\u00e9unions ayant eu lieu entre des repr\u00e9sentants de la T\u00e9l\u00e9vision tunisienne et des repr\u00e9sentants de France T\u00e9l\u00e9vision dont Didier Zyserman \u00a0(Coordinateur g\u00e9n\u00e9ral), Diego B\u00fbnuel, (directeur de programmation) \u00a0et Fabrice Blanche (directeur de production \u00e0 l&rsquo;Institut national de Documentation INA).<\/p>\n\n\n\n<p>L\u2019Union Europ\u00e9enne (UE) a contribu\u00e9 au financement du projet de modernisation des m\u00e9dias publics tunisiens \u00e0 hauteur d\u2019un million d\u2019euros dans le cadre d\u2019un jumelage entre la T\u00e9l\u00e9vision tunisienne et France T\u00e9l\u00e9vision sur une dur\u00e9e de deux ann\u00e9es.<\/p>\n\n\n\n<p>Le projet vise \u00e0 moderniser la T\u00e9l\u00e9vision tunisienne, mais aussi \u00e0 garantir le pluralisme et la libert\u00e9 d\u2019expression. France M\u00e9dias Monde, France T\u00e9l\u00e9vision, Radio France, l\u2019Institut national de l\u2019audiovisuel et Expertise France font partie du projet.<\/p>\n\n\n\n<p class=\"has-text-align-right\"><strong>F.B<\/strong><\/p>\n","protected":false},"excerpt":{"rendered":"<p>Des r\u00e9unions de jumelage ont eu lieu entre la T\u00e9l\u00e9vision tunisienne et France T\u00e9l\u00e9vision dans le cadre du projet de modernisation de la T\u00e9l\u00e9vision tunisienne.<\/p>\n","protected":false},"author":26,"featured_media":381911,"comment_status":"open","ping_status":"open","sticky":false,"template":"","format":"standard","meta":{"footnotes":""},"categories":[996,2433],"tags":[88268,97617,4774,62643],"class_list":["post-381909","post","type-post","status-publish","format-standard","has-post-thumbnail","hentry","category-media","category-tunisie","tag-chaker-ben-cheikh","tag-france-television","tag-television-tunisienne","tag-tunisie"],"yoast_head":"<!-- This site is optimized with the Yoast SEO plugin v26.6 - https:\/\/yoast.com\/wordpress\/plugins\/seo\/ -->\n<title>Des r\u00e9unions de jumelage entre la T\u00e9l\u00e9vision tunisienne et France T\u00e9l\u00e9vision - Kapitalis<\/title>\n<meta name=\"robots\" content=\"index, follow, max-snippet:-1, max-image-preview:large, max-video-preview:-1\" \/>\n<link rel=\"canonical\" href=\"https:\/\/kapitalis.com\/tunisie\/2022\/02\/24\/des-reunions-de-jumelage-entre-la-television-tunisienne-et-france-television\/\" \/>\n<meta property=\"og:locale\" content=\"fr_FR\" \/>\n<meta property=\"og:type\" content=\"article\" \/>\n<meta property=\"og:title\" content=\"Des r\u00e9unions de jumelage entre la T\u00e9l\u00e9vision tunisienne et France T\u00e9l\u00e9vision - Kapitalis\" \/>\n<meta property=\"og:description\" content=\"Des r\u00e9unions de jumelage ont eu lieu entre la T\u00e9l\u00e9vision tunisienne et France T\u00e9l\u00e9vision dans le cadre du projet de modernisation de la T\u00e9l\u00e9vision tunisienne.\" \/>\n<meta property=\"og:url\" content=\"https:\/\/kapitalis.com\/tunisie\/2022\/02\/24\/des-reunions-de-jumelage-entre-la-television-tunisienne-et-france-television\/\" \/>\n<meta property=\"og:site_name\" content=\"Kapitalis\" \/>\n<meta property=\"article:publisher\" content=\"https:\/\/www.facebook.com\/KapitalisInfo\/\" \/>\n<meta property=\"article:published_time\" content=\"2022-02-24T17:05:35+00:00\" \/>\n<meta property=\"article:modified_time\" content=\"2022-02-24T17:09:42+00:00\" \/>\n<meta property=\"og:image\" content=\"https:\/\/kapitalis.com\/tunisie\/wp-content\/uploads\/2022\/05\/kapitalis-logo-fb.png\" \/>\n\t<meta property=\"og:image:width\" content=\"1200\" \/>\n\t<meta property=\"og:image:height\" content=\"630\" \/>\n\t<meta property=\"og:image:type\" content=\"image\/png\" \/>\n<meta name=\"author\" content=\"Fawz BenAli\" \/>\n<meta name=\"twitter:card\" content=\"summary_large_image\" \/>\n<meta name=\"twitter:creator\" content=\"@KapitalisInfo\" \/>\n<meta name=\"twitter:site\" content=\"@KapitalisInfo\" \/>\n<meta name=\"twitter:label1\" content=\"\u00c9crit par\" \/>\n\t<meta name=\"twitter:data1\" content=\"Fawz BenAli\" \/>\n\t<meta name=\"twitter:label2\" content=\"Dur\u00e9e de lecture estim\u00e9e\" \/>\n\t<meta name=\"twitter:data2\" content=\"1 minute\" \/>\n<script type=\"application\/ld+json\" class=\"yoast-schema-graph\">{\"@context\":\"https:\/\/schema.org\",\"@graph\":[{\"@type\":\"Article\",\"@id\":\"https:\/\/kapitalis.com\/tunisie\/2022\/02\/24\/des-reunions-de-jumelage-entre-la-television-tunisienne-et-france-television\/#article\",\"isPartOf\":{\"@id\":\"https:\/\/kapitalis.com\/tunisie\/2022\/02\/24\/des-reunions-de-jumelage-entre-la-television-tunisienne-et-france-television\/\"},\"author\":{\"name\":\"Fawz BenAli\",\"@id\":\"https:\/\/kapitalis.com\/tunisie\/#\/schema\/person\/73a5ecc1f6ae540c6ed91342eadca948\"},\"headline\":\"Des r\u00e9unions de jumelage entre la T\u00e9l\u00e9vision tunisienne et France T\u00e9l\u00e9vision\",\"datePublished\":\"2022-02-24T17:05:35+00:00\",\"dateModified\":\"2022-02-24T17:09:42+00:00\",\"mainEntityOfPage\":{\"@id\":\"https:\/\/kapitalis.com\/tunisie\/2022\/02\/24\/des-reunions-de-jumelage-entre-la-television-tunisienne-et-france-television\/\"},\"wordCount\":213,\"commentCount\":4,\"publisher\":{\"@id\":\"https:\/\/kapitalis.com\/tunisie\/#organization\"},\"image\":{\"@id\":\"https:\/\/kapitalis.com\/tunisie\/2022\/02\/24\/des-reunions-de-jumelage-entre-la-television-tunisienne-et-france-television\/#primaryimage\"},\"thumbnailUrl\":\"\",\"keywords\":[\"Chaker Ben Cheikh\",\"France T\u00e9l\u00e9vision\",\"t\u00e9l\u00e9vision tunisienne\",\"Tunisie\"],\"articleSection\":[\"MEDIA\",\"Tunisie\"],\"inLanguage\":\"fr-FR\",\"potentialAction\":[{\"@type\":\"CommentAction\",\"name\":\"Comment\",\"target\":[\"https:\/\/kapitalis.com\/tunisie\/2022\/02\/24\/des-reunions-de-jumelage-entre-la-television-tunisienne-et-france-television\/#respond\"]}]},{\"@type\":\"WebPage\",\"@id\":\"https:\/\/kapitalis.com\/tunisie\/2022\/02\/24\/des-reunions-de-jumelage-entre-la-television-tunisienne-et-france-television\/\",\"url\":\"https:\/\/kapitalis.com\/tunisie\/2022\/02\/24\/des-reunions-de-jumelage-entre-la-television-tunisienne-et-france-television\/\",\"name\":\"Des r\u00e9unions de jumelage entre la T\u00e9l\u00e9vision tunisienne et France T\u00e9l\u00e9vision - Kapitalis\",\"isPartOf\":{\"@id\":\"https:\/\/kapitalis.com\/tunisie\/#website\"},\"primaryImageOfPage\":{\"@id\":\"https:\/\/kapitalis.com\/tunisie\/2022\/02\/24\/des-reunions-de-jumelage-entre-la-television-tunisienne-et-france-television\/#primaryimage\"},\"image\":{\"@id\":\"https:\/\/kapitalis.com\/tunisie\/2022\/02\/24\/des-reunions-de-jumelage-entre-la-television-tunisienne-et-france-television\/#primaryimage\"},\"thumbnailUrl\":\"\",\"datePublished\":\"2022-02-24T17:05:35+00:00\",\"dateModified\":\"2022-02-24T17:09:42+00:00\",\"breadcrumb\":{\"@id\":\"https:\/\/kapitalis.com\/tunisie\/2022\/02\/24\/des-reunions-de-jumelage-entre-la-television-tunisienne-et-france-television\/#breadcrumb\"},\"inLanguage\":\"fr-FR\",\"potentialAction\":[{\"@type\":\"ReadAction\",\"target\":[\"https:\/\/kapitalis.com\/tunisie\/2022\/02\/24\/des-reunions-de-jumelage-entre-la-television-tunisienne-et-france-television\/\"]}]},{\"@type\":\"ImageObject\",\"inLanguage\":\"fr-FR\",\"@id\":\"https:\/\/kapitalis.com\/tunisie\/2022\/02\/24\/des-reunions-de-jumelage-entre-la-television-tunisienne-et-france-television\/#primaryimage\",\"url\":\"\",\"contentUrl\":\"\"},{\"@type\":\"BreadcrumbList\",\"@id\":\"https:\/\/kapitalis.com\/tunisie\/2022\/02\/24\/des-reunions-de-jumelage-entre-la-television-tunisienne-et-france-television\/#breadcrumb\",\"itemListElement\":[{\"@type\":\"ListItem\",\"position\":1,\"name\":\"Accueil\",\"item\":\"https:\/\/kapitalis.com\/tunisie\/\"},{\"@type\":\"ListItem\",\"position\":2,\"name\":\"Des r\u00e9unions de jumelage entre la T\u00e9l\u00e9vision tunisienne et France T\u00e9l\u00e9vision\"}]},{\"@type\":\"WebSite\",\"@id\":\"https:\/\/kapitalis.com\/tunisie\/#website\",\"url\":\"https:\/\/kapitalis.com\/tunisie\/\",\"name\":\"Kapitalis\",\"description\":\"L&#039;actualit\u00e9 en Tunisie et dans le monde\",\"publisher\":{\"@id\":\"https:\/\/kapitalis.com\/tunisie\/#organization\"},\"potentialAction\":[{\"@type\":\"SearchAction\",\"target\":{\"@type\":\"EntryPoint\",\"urlTemplate\":\"https:\/\/kapitalis.com\/tunisie\/?s={search_term_string}\"},\"query-input\":{\"@type\":\"PropertyValueSpecification\",\"valueRequired\":true,\"valueName\":\"search_term_string\"}}],\"inLanguage\":\"fr-FR\"},{\"@type\":\"Organization\",\"@id\":\"https:\/\/kapitalis.com\/tunisie\/#organization\",\"name\":\"Kapitalis\",\"url\":\"https:\/\/kapitalis.com\/tunisie\/\",\"logo\":{\"@type\":\"ImageObject\",\"inLanguage\":\"fr-FR\",\"@id\":\"https:\/\/kapitalis.com\/tunisie\/#\/schema\/logo\/image\/\",\"url\":\"https:\/\/kapitalis.com\/tunisie\/wp-content\/uploads\/2022\/05\/Kapitalis-big-size.png\",\"contentUrl\":\"https:\/\/kapitalis.com\/tunisie\/wp-content\/uploads\/2022\/05\/Kapitalis-big-size.png\",\"width\":5000,\"height\":1500,\"caption\":\"Kapitalis\"},\"image\":{\"@id\":\"https:\/\/kapitalis.com\/tunisie\/#\/schema\/logo\/image\/\"},\"sameAs\":[\"https:\/\/www.facebook.com\/KapitalisInfo\/\",\"https:\/\/x.com\/KapitalisInfo\",\"https:\/\/www.youtube.com\/channel\/UC-yDYrHyfFBWWZaOw3FPg9Q\"]},{\"@type\":\"Person\",\"@id\":\"https:\/\/kapitalis.com\/tunisie\/#\/schema\/person\/73a5ecc1f6ae540c6ed91342eadca948\",\"name\":\"Fawz BenAli\",\"url\":\"https:\/\/kapitalis.com\/tunisie\/author\/fawz\/\"}]}<\/script>\n<!-- \/ Yoast SEO plugin. -->","yoast_head_json":{"title":"Des r\u00e9unions de jumelage entre la T\u00e9l\u00e9vision tunisienne et France T\u00e9l\u00e9vision - Kapitalis","robots":{"index":"index","follow":"follow","max-snippet":"max-snippet:-1","max-image-preview":"max-image-preview:large","max-video-preview":"max-video-preview:-1"},"canonical":"https:\/\/kapitalis.com\/tunisie\/2022\/02\/24\/des-reunions-de-jumelage-entre-la-television-tunisienne-et-france-television\/","og_locale":"fr_FR","og_type":"article","og_title":"Des r\u00e9unions de jumelage entre la T\u00e9l\u00e9vision tunisienne et France T\u00e9l\u00e9vision - Kapitalis","og_description":"Des r\u00e9unions de jumelage ont eu lieu entre la T\u00e9l\u00e9vision tunisienne et France T\u00e9l\u00e9vision dans le cadre du projet de modernisation de la T\u00e9l\u00e9vision tunisienne.","og_url":"https:\/\/kapitalis.com\/tunisie\/2022\/02\/24\/des-reunions-de-jumelage-entre-la-television-tunisienne-et-france-television\/","og_site_name":"Kapitalis","article_publisher":"https:\/\/www.facebook.com\/KapitalisInfo\/","article_published_time":"2022-02-24T17:05:35+00:00","article_modified_time":"2022-02-24T17:09:42+00:00","og_image":[{"width":1200,"height":630,"url":"https:\/\/kapitalis.com\/tunisie\/wp-content\/uploads\/2022\/05\/kapitalis-logo-fb.png","type":"image\/png"}],"author":"Fawz BenAli","twitter_card":"summary_large_image","twitter_creator":"@KapitalisInfo","twitter_site":"@KapitalisInfo","twitter_misc":{"\u00c9crit par":"Fawz BenAli","Dur\u00e9e de lecture estim\u00e9e":"1 minute"},"schema":{"@context":"https:\/\/schema.org","@graph":[{"@type":"Article","@id":"https:\/\/kapitalis.com\/tunisie\/2022\/02\/24\/des-reunions-de-jumelage-entre-la-television-tunisienne-et-france-television\/#article","isPartOf":{"@id":"https:\/\/kapitalis.com\/tunisie\/2022\/02\/24\/des-reunions-de-jumelage-entre-la-television-tunisienne-et-france-television\/"},"author":{"name":"Fawz BenAli","@id":"https:\/\/kapitalis.com\/tunisie\/#\/schema\/person\/73a5ecc1f6ae540c6ed91342eadca948"},"headline":"Des r\u00e9unions de jumelage entre la T\u00e9l\u00e9vision tunisienne et France T\u00e9l\u00e9vision","datePublished":"2022-02-24T17:05:35+00:00","dateModified":"2022-02-24T17:09:42+00:00","mainEntityOfPage":{"@id":"https:\/\/kapitalis.com\/tunisie\/2022\/02\/24\/des-reunions-de-jumelage-entre-la-television-tunisienne-et-france-television\/"},"wordCount":213,"commentCount":4,"publisher":{"@id":"https:\/\/kapitalis.com\/tunisie\/#organization"},"image":{"@id":"https:\/\/kapitalis.com\/tunisie\/2022\/02\/24\/des-reunions-de-jumelage-entre-la-television-tunisienne-et-france-television\/#primaryimage"},"thumbnailUrl":"","keywords":["Chaker Ben Cheikh","France T\u00e9l\u00e9vision","t\u00e9l\u00e9vision tunisienne","Tunisie"],"articleSection":["MEDIA","Tunisie"],"inLanguage":"fr-FR","potentialAction":[{"@type":"CommentAction","name":"Comment","target":["https:\/\/kapitalis.com\/tunisie\/2022\/02\/24\/des-reunions-de-jumelage-entre-la-television-tunisienne-et-france-television\/#respond"]}]},{"@type":"WebPage","@id":"https:\/\/kapitalis.com\/tunisie\/2022\/02\/24\/des-reunions-de-jumelage-entre-la-television-tunisienne-et-france-television\/","url":"https:\/\/kapitalis.com\/tunisie\/2022\/02\/24\/des-reunions-de-jumelage-entre-la-television-tunisienne-et-france-television\/","name":"Des r\u00e9unions de jumelage entre la T\u00e9l\u00e9vision tunisienne et France T\u00e9l\u00e9vision - Kapitalis","isPartOf":{"@id":"https:\/\/kapitalis.com\/tunisie\/#website"},"primaryImageOfPage":{"@id":"https:\/\/kapitalis.com\/tunisie\/2022\/02\/24\/des-reunions-de-jumelage-entre-la-television-tunisienne-et-france-television\/#primaryimage"},"image":{"@id":"https:\/\/kapitalis.com\/tunisie\/2022\/02\/24\/des-reunions-de-jumelage-entre-la-television-tunisienne-et-france-television\/#primaryimage"},"thumbnailUrl":"","datePublished":"2022-02-24T17:05:35+00:00","dateModified":"2022-02-24T17:09:42+00:00","breadcrumb":{"@id":"https:\/\/kapitalis.com\/tunisie\/2022\/02\/24\/des-reunions-de-jumelage-entre-la-television-tunisienne-et-france-television\/#breadcrumb"},"inLanguage":"fr-FR","potentialAction":[{"@type":"ReadAction","target":["https:\/\/kapitalis.com\/tunisie\/2022\/02\/24\/des-reunions-de-jumelage-entre-la-television-tunisienne-et-france-television\/"]}]},{"@type":"ImageObject","inLanguage":"fr-FR","@id":"https:\/\/kapitalis.com\/tunisie\/2022\/02\/24\/des-reunions-de-jumelage-entre-la-television-tunisienne-et-france-television\/#primaryimage","url":"","contentUrl":""},{"@type":"BreadcrumbList","@id":"https:\/\/kapitalis.com\/tunisie\/2022\/02\/24\/des-reunions-de-jumelage-entre-la-television-tunisienne-et-france-television\/#breadcrumb","itemListElement":[{"@type":"ListItem","position":1,"name":"Accueil","item":"https:\/\/kapitalis.com\/tunisie\/"},{"@type":"ListItem","position":2,"name":"Des r\u00e9unions de jumelage entre la T\u00e9l\u00e9vision tunisienne et France T\u00e9l\u00e9vision"}]},{"@type":"WebSite","@id":"https:\/\/kapitalis.com\/tunisie\/#website","url":"https:\/\/kapitalis.com\/tunisie\/","name":"Kapitalis","description":"L&#039;actualit\u00e9 en Tunisie et dans le monde","publisher":{"@id":"https:\/\/kapitalis.com\/tunisie\/#organization"},"potentialAction":[{"@type":"SearchAction","target":{"@type":"EntryPoint","urlTemplate":"https:\/\/kapitalis.com\/tunisie\/?s={search_term_string}"},"query-input":{"@type":"PropertyValueSpecification","valueRequired":true,"valueName":"search_term_string"}}],"inLanguage":"fr-FR"},{"@type":"Organization","@id":"https:\/\/kapitalis.com\/tunisie\/#organization","name":"Kapitalis","url":"https:\/\/kapitalis.com\/tunisie\/","logo":{"@type":"ImageObject","inLanguage":"fr-FR","@id":"https:\/\/kapitalis.com\/tunisie\/#\/schema\/logo\/image\/","url":"https:\/\/kapitalis.com\/tunisie\/wp-content\/uploads\/2022\/05\/Kapitalis-big-size.png","contentUrl":"https:\/\/kapitalis.com\/tunisie\/wp-content\/uploads\/2022\/05\/Kapitalis-big-size.png","width":5000,"height":1500,"caption":"Kapitalis"},"image":{"@id":"https:\/\/kapitalis.com\/tunisie\/#\/schema\/logo\/image\/"},"sameAs":["https:\/\/www.facebook.com\/KapitalisInfo\/","https:\/\/x.com\/KapitalisInfo","https:\/\/www.youtube.com\/channel\/UC-yDYrHyfFBWWZaOw3FPg9Q"]},{"@type":"Person","@id":"https:\/\/kapitalis.com\/tunisie\/#\/schema\/person\/73a5ecc1f6ae540c6ed91342eadca948","name":"Fawz BenAli","url":"https:\/\/kapitalis.com\/tunisie\/author\/fawz\/"}]}},"_links":{"self":[{"href":"https:\/\/kapitalis.com\/tunisie\/wp-json\/wp\/v2\/posts\/381909","targetHints":{"allow":["GET"]}}],"collection":[{"href":"https:\/\/kapitalis.com\/tunisie\/wp-json\/wp\/v2\/posts"}],"about":[{"href":"https:\/\/kapitalis.com\/tunisie\/wp-json\/wp\/v2\/types\/post"}],"author":[{"embeddable":true,"href":"https:\/\/kapitalis.com\/tunisie\/wp-json\/wp\/v2\/users\/26"}],"replies":[{"embeddable":true,"href":"https:\/\/kapitalis.com\/tunisie\/wp-json\/wp\/v2\/comments?post=381909"}],"version-history":[{"count":0,"href":"https:\/\/kapitalis.com\/tunisie\/wp-json\/wp\/v2\/posts\/381909\/revisions"}],"wp:featuredmedia":[{"embeddable":true,"href":"https:\/\/kapitalis.com\/tunisie\/wp-json\/wp\/v2\/media\/381911"}],"wp:attachment":[{"href":"https:\/\/kapitalis.com\/tunisie\/wp-json\/wp\/v2\/media?parent=381909"}],"wp:term":[{"taxonomy":"category","embeddable":true,"href":"https:\/\/kapitalis.com\/tunisie\/wp-json\/wp\/v2\/categories?post=381909"},{"taxonomy":"post_tag","embeddable":true,"href":"https:\/\/kapitalis.com\/tunisie\/wp-json\/wp\/v2\/tags?post=381909"}],"curies":[{"name":"wp","href":"https:\/\/api.w.org\/{rel}","templated":true}]}}