{"id":381938,"date":"2022-02-24T20:38:48","date_gmt":"2022-02-24T19:38:48","guid":{"rendered":"http:\/\/kapitalis.com\/tunisie\/?p=381938"},"modified":"2022-02-24T20:59:33","modified_gmt":"2022-02-24T19:59:33","slug":"plan-de-rapatriement-des-tunisiens-bloques-en-ukraine-ministere-des-affaires-etrangeres","status":"publish","type":"post","link":"https:\/\/kapitalis.com\/tunisie\/2022\/02\/24\/plan-de-rapatriement-des-tunisiens-bloques-en-ukraine-ministere-des-affaires-etrangeres\/","title":{"rendered":"Plan de rapatriement des Tunisiens bloqu\u00e9s en Ukraine (minist\u00e8re des Affaires \u00e9trang\u00e8res)"},"content":{"rendered":"\n<div class=\"wp-block-image\"><figure class=\"aligncenter size-full\"><img decoding=\"async\" src=\"http:\/\/kapitalis.com\/tunisie\/wp-content\/uploads\/2022\/02\/reunion-crise-Tunisiens-Ukraine.jpg\" alt=\"\" class=\"wp-image-381940\"\/><\/figure><\/div>\n\n\n\n<p><strong><em>La cellule de crise charg\u00e9e de suivre l\u2019\u00e9volution de la situation en Ukraine et de la mise en place du plan de rapatriement des Tunisiens qui y bloqu\u00e9s, s&rsquo;est r\u00e9uni en en pr\u00e9sence de repr\u00e9sentants des minist\u00e8res des Affaires \u00e9trang\u00e8res, de la D\u00e9fense, de l&rsquo;Int\u00e9rieur, du Transport et de la Sant\u00e9 ainsi que de la compagnie a\u00e9rienne nationale Tunisair, et les ambassadeurs tunisiens \u00e0 Moscou et Varsovie.<\/em><\/strong><\/p>\n\n\n\n<!--more-->\n\n\n\n<p>Dans un communiqu\u00e9, publi\u00e9 dans l&rsquo;apr\u00e8s-midi de ce jeudi 24 f\u00e9vrier 2022, le minist\u00e8re des Affaires \u00e9trang\u00e8res a indiqu\u00e9 que tous les d\u00e9partements sont pr\u00eats \u00e0 engager le plan de rapatriement des Tunisiens bloqu\u00e9s en Ukraine et qui ont enregistr\u00e9 leurs donn\u00e9es aupr\u00e8s des ambassades \u00e0 Moscou et \u00e0 Varsovie.<\/p>\n\n\n\n<p>La m\u00eame source ajoute que les autorit\u00e9s tunisiennes coordonnent avec les autorit\u00e9s ukrainiennes, les pays voisins de l\u2019Ukraine, les organismes humanitaires et les associations des Tunisiens en Ukraine pour pr\u00e9parer l&rsquo;\u00e9vacuation des Tunisiens, tout en appelant les membres de la communaut\u00e9 tunisienne en Ukraine \u00e0 contacter les ambassades de Tunisie \u00e0 Moscou et \u00e0 Varsovie.<\/p>\n\n\n\n<p>Le minist\u00e8re ajoute que la cellule de crise est en session permanente, suivant de pr\u00e8s l&rsquo;\u00e9volution de la situation afin d&rsquo;assurer l&rsquo;assistance n\u00e9cessaire \u00e0 la communaut\u00e9 tunisienne et r\u00e9pondre \u00e0 tout changement possible.<\/p>\n\n\n\n<div class=\"wp-block-image\"><figure class=\"aligncenter size-large is-resized\"><img decoding=\"async\" src=\"http:\/\/kapitalis.com\/tunisie\/wp-content\/uploads\/2022\/02\/m4-1024x251.jpg\" alt=\"\" class=\"wp-image-381947\" width=\"500\"\/><\/figure><\/div>\n\n\n\n<p>\u00abDans ce contexte, le minist\u00e8re r\u00e9it\u00e8re son appel \u00e0 tous les membres de la communaut\u00e9 tunisienne r\u00e9sidant dans en Ukraine \u00e0 faire preuve de la plus grande prudence et vigilance et \u00e0 respecter les recommandations des autorit\u00e9s du pays de r\u00e9sidence\u00bb, ajoute encore le communiqu\u00e9.<\/p>\n\n\n\n<p>Le MAE a par ailleurs rappel\u00e9 les contacts, \u00e0 la disposition de la communaut\u00e9 tunisienne en Ukraine :<\/p>\n\n\n\n<ul class=\"wp-block-list\"><li>Ambassade de Tunisie \u00e0 Moscou : +79164125671 \/ +74956912858 \/ E-mail : ambatunis@mail.ru<\/li><li>Ambassade de Tunisie \u00e0 Varsovie : +48506753463 \/ E-mail : at.varsovie@ambtun.pl ou konsularny@ambtun.pl<\/li><li>Minist\u00e8re des Affaires \u00e9trang\u00e8res, de l&rsquo;Immigration et des Tunisiens de l&rsquo;\u00e9tranger : +21671782201<\/li><li>Pr\u00e9sident de la maison de Tunisie en Ukraine (Sofien Matoussi) : +380639778417 \/ E-mail : Ngodartunis@Gmail.com<\/li><li>Pr\u00e9sident de l&rsquo;association des Tunisiens en Ukraine (Tarak Aloui) : +380939662259<\/li><\/ul>\n\n\n\n<p class=\"has-text-align-right\"><strong>Y. N.<\/strong><\/p>\n","protected":false},"excerpt":{"rendered":"<p>La cellule de crise charg\u00e9e de suivre l\u2019\u00e9volution de la situation en Ukraine et de la mise en place du plan de rapatriement des Tunisiens qui y bloqu\u00e9s, s&rsquo;est r\u00e9uni en en pr\u00e9sence de repr\u00e9sentants des minist\u00e8res des Affaires \u00e9trang\u00e8res, de la D\u00e9fense, de l&rsquo;Int\u00e9rieur, du Transport et de la Sant\u00e9 ainsi que de la&#8230;<\/p>\n","protected":false},"author":6,"featured_media":381940,"comment_status":"open","ping_status":"open","sticky":false,"template":"","format":"standard","meta":{"footnotes":""},"categories":[997,998,2433],"tags":[2780,796,62643,1117,6842],"class_list":["post-381938","post","type-post","status-publish","format-standard","has-post-thumbnail","hentry","category-politique","category-societe","category-tunisie","tag-rapatriement","tag-russie","tag-tunisie","tag-tunisiens","tag-ukraine"],"yoast_head":"<!-- This site is optimized with the Yoast SEO plugin v26.6 - https:\/\/yoast.com\/wordpress\/plugins\/seo\/ -->\n<title>Plan de rapatriement des Tunisiens bloqu\u00e9s en Ukraine (minist\u00e8re des Affaires \u00e9trang\u00e8res) - Kapitalis<\/title>\n<meta name=\"robots\" content=\"index, follow, max-snippet:-1, max-image-preview:large, max-video-preview:-1\" \/>\n<link rel=\"canonical\" href=\"https:\/\/kapitalis.com\/tunisie\/2022\/02\/24\/plan-de-rapatriement-des-tunisiens-bloques-en-ukraine-ministere-des-affaires-etrangeres\/\" \/>\n<meta property=\"og:locale\" content=\"fr_FR\" \/>\n<meta property=\"og:type\" content=\"article\" \/>\n<meta property=\"og:title\" content=\"Plan de rapatriement des Tunisiens bloqu\u00e9s en Ukraine (minist\u00e8re des Affaires \u00e9trang\u00e8res) - Kapitalis\" \/>\n<meta property=\"og:description\" content=\"La cellule de crise charg\u00e9e de suivre l\u2019\u00e9volution de la situation en Ukraine et de la mise en place du plan de rapatriement des Tunisiens qui y bloqu\u00e9s, s&rsquo;est r\u00e9uni en en pr\u00e9sence de repr\u00e9sentants des minist\u00e8res des Affaires \u00e9trang\u00e8res, de la D\u00e9fense, de l&rsquo;Int\u00e9rieur, du Transport et de la Sant\u00e9 ainsi que de la...\" \/>\n<meta property=\"og:url\" content=\"https:\/\/kapitalis.com\/tunisie\/2022\/02\/24\/plan-de-rapatriement-des-tunisiens-bloques-en-ukraine-ministere-des-affaires-etrangeres\/\" \/>\n<meta property=\"og:site_name\" content=\"Kapitalis\" \/>\n<meta property=\"article:publisher\" content=\"https:\/\/www.facebook.com\/KapitalisInfo\/\" \/>\n<meta property=\"article:published_time\" content=\"2022-02-24T19:38:48+00:00\" \/>\n<meta property=\"article:modified_time\" content=\"2022-02-24T19:59:33+00:00\" \/>\n<meta property=\"og:image\" content=\"https:\/\/kapitalis.com\/tunisie\/wp-content\/uploads\/2022\/05\/kapitalis-logo-fb.png\" \/>\n\t<meta property=\"og:image:width\" content=\"1200\" \/>\n\t<meta property=\"og:image:height\" content=\"630\" \/>\n\t<meta property=\"og:image:type\" content=\"image\/png\" \/>\n<meta name=\"author\" content=\"Yusra NY\" \/>\n<meta name=\"twitter:card\" content=\"summary_large_image\" \/>\n<meta name=\"twitter:creator\" content=\"@KapitalisInfo\" \/>\n<meta name=\"twitter:site\" content=\"@KapitalisInfo\" \/>\n<meta name=\"twitter:label1\" content=\"\u00c9crit par\" \/>\n\t<meta name=\"twitter:data1\" content=\"Yusra NY\" \/>\n\t<meta name=\"twitter:label2\" content=\"Dur\u00e9e de lecture estim\u00e9e\" \/>\n\t<meta name=\"twitter:data2\" content=\"2 minutes\" \/>\n<script type=\"application\/ld+json\" class=\"yoast-schema-graph\">{\"@context\":\"https:\/\/schema.org\",\"@graph\":[{\"@type\":\"Article\",\"@id\":\"https:\/\/kapitalis.com\/tunisie\/2022\/02\/24\/plan-de-rapatriement-des-tunisiens-bloques-en-ukraine-ministere-des-affaires-etrangeres\/#article\",\"isPartOf\":{\"@id\":\"https:\/\/kapitalis.com\/tunisie\/2022\/02\/24\/plan-de-rapatriement-des-tunisiens-bloques-en-ukraine-ministere-des-affaires-etrangeres\/\"},\"author\":{\"name\":\"Yusra NY\",\"@id\":\"https:\/\/kapitalis.com\/tunisie\/#\/schema\/person\/74bbde0154d49d790a92aaeac5bc01d5\"},\"headline\":\"Plan de rapatriement des Tunisiens bloqu\u00e9s en Ukraine (minist\u00e8re des Affaires \u00e9trang\u00e8res)\",\"datePublished\":\"2022-02-24T19:38:48+00:00\",\"dateModified\":\"2022-02-24T19:59:33+00:00\",\"mainEntityOfPage\":{\"@id\":\"https:\/\/kapitalis.com\/tunisie\/2022\/02\/24\/plan-de-rapatriement-des-tunisiens-bloques-en-ukraine-ministere-des-affaires-etrangeres\/\"},\"wordCount\":366,\"commentCount\":3,\"publisher\":{\"@id\":\"https:\/\/kapitalis.com\/tunisie\/#organization\"},\"image\":{\"@id\":\"https:\/\/kapitalis.com\/tunisie\/2022\/02\/24\/plan-de-rapatriement-des-tunisiens-bloques-en-ukraine-ministere-des-affaires-etrangeres\/#primaryimage\"},\"thumbnailUrl\":\"\",\"keywords\":[\"rapatriement\",\"Russie\",\"Tunisie\",\"tunisiens\",\"Ukraine\"],\"articleSection\":[\"POLITIQUE\",\"SOCIETE\",\"Tunisie\"],\"inLanguage\":\"fr-FR\",\"potentialAction\":[{\"@type\":\"CommentAction\",\"name\":\"Comment\",\"target\":[\"https:\/\/kapitalis.com\/tunisie\/2022\/02\/24\/plan-de-rapatriement-des-tunisiens-bloques-en-ukraine-ministere-des-affaires-etrangeres\/#respond\"]}]},{\"@type\":\"WebPage\",\"@id\":\"https:\/\/kapitalis.com\/tunisie\/2022\/02\/24\/plan-de-rapatriement-des-tunisiens-bloques-en-ukraine-ministere-des-affaires-etrangeres\/\",\"url\":\"https:\/\/kapitalis.com\/tunisie\/2022\/02\/24\/plan-de-rapatriement-des-tunisiens-bloques-en-ukraine-ministere-des-affaires-etrangeres\/\",\"name\":\"Plan de rapatriement des Tunisiens bloqu\u00e9s en Ukraine (minist\u00e8re des Affaires \u00e9trang\u00e8res) - Kapitalis\",\"isPartOf\":{\"@id\":\"https:\/\/kapitalis.com\/tunisie\/#website\"},\"primaryImageOfPage\":{\"@id\":\"https:\/\/kapitalis.com\/tunisie\/2022\/02\/24\/plan-de-rapatriement-des-tunisiens-bloques-en-ukraine-ministere-des-affaires-etrangeres\/#primaryimage\"},\"image\":{\"@id\":\"https:\/\/kapitalis.com\/tunisie\/2022\/02\/24\/plan-de-rapatriement-des-tunisiens-bloques-en-ukraine-ministere-des-affaires-etrangeres\/#primaryimage\"},\"thumbnailUrl\":\"\",\"datePublished\":\"2022-02-24T19:38:48+00:00\",\"dateModified\":\"2022-02-24T19:59:33+00:00\",\"breadcrumb\":{\"@id\":\"https:\/\/kapitalis.com\/tunisie\/2022\/02\/24\/plan-de-rapatriement-des-tunisiens-bloques-en-ukraine-ministere-des-affaires-etrangeres\/#breadcrumb\"},\"inLanguage\":\"fr-FR\",\"potentialAction\":[{\"@type\":\"ReadAction\",\"target\":[\"https:\/\/kapitalis.com\/tunisie\/2022\/02\/24\/plan-de-rapatriement-des-tunisiens-bloques-en-ukraine-ministere-des-affaires-etrangeres\/\"]}]},{\"@type\":\"ImageObject\",\"inLanguage\":\"fr-FR\",\"@id\":\"https:\/\/kapitalis.com\/tunisie\/2022\/02\/24\/plan-de-rapatriement-des-tunisiens-bloques-en-ukraine-ministere-des-affaires-etrangeres\/#primaryimage\",\"url\":\"\",\"contentUrl\":\"\"},{\"@type\":\"BreadcrumbList\",\"@id\":\"https:\/\/kapitalis.com\/tunisie\/2022\/02\/24\/plan-de-rapatriement-des-tunisiens-bloques-en-ukraine-ministere-des-affaires-etrangeres\/#breadcrumb\",\"itemListElement\":[{\"@type\":\"ListItem\",\"position\":1,\"name\":\"Accueil\",\"item\":\"https:\/\/kapitalis.com\/tunisie\/\"},{\"@type\":\"ListItem\",\"position\":2,\"name\":\"Plan de rapatriement des Tunisiens bloqu\u00e9s en Ukraine (minist\u00e8re des Affaires \u00e9trang\u00e8res)\"}]},{\"@type\":\"WebSite\",\"@id\":\"https:\/\/kapitalis.com\/tunisie\/#website\",\"url\":\"https:\/\/kapitalis.com\/tunisie\/\",\"name\":\"Kapitalis\",\"description\":\"L&#039;actualit\u00e9 en Tunisie et dans le monde\",\"publisher\":{\"@id\":\"https:\/\/kapitalis.com\/tunisie\/#organization\"},\"potentialAction\":[{\"@type\":\"SearchAction\",\"target\":{\"@type\":\"EntryPoint\",\"urlTemplate\":\"https:\/\/kapitalis.com\/tunisie\/?s={search_term_string}\"},\"query-input\":{\"@type\":\"PropertyValueSpecification\",\"valueRequired\":true,\"valueName\":\"search_term_string\"}}],\"inLanguage\":\"fr-FR\"},{\"@type\":\"Organization\",\"@id\":\"https:\/\/kapitalis.com\/tunisie\/#organization\",\"name\":\"Kapitalis\",\"url\":\"https:\/\/kapitalis.com\/tunisie\/\",\"logo\":{\"@type\":\"ImageObject\",\"inLanguage\":\"fr-FR\",\"@id\":\"https:\/\/kapitalis.com\/tunisie\/#\/schema\/logo\/image\/\",\"url\":\"https:\/\/kapitalis.com\/tunisie\/wp-content\/uploads\/2022\/05\/Kapitalis-big-size.png\",\"contentUrl\":\"https:\/\/kapitalis.com\/tunisie\/wp-content\/uploads\/2022\/05\/Kapitalis-big-size.png\",\"width\":5000,\"height\":1500,\"caption\":\"Kapitalis\"},\"image\":{\"@id\":\"https:\/\/kapitalis.com\/tunisie\/#\/schema\/logo\/image\/\"},\"sameAs\":[\"https:\/\/www.facebook.com\/KapitalisInfo\/\",\"https:\/\/x.com\/KapitalisInfo\",\"https:\/\/www.youtube.com\/channel\/UC-yDYrHyfFBWWZaOw3FPg9Q\"]},{\"@type\":\"Person\",\"@id\":\"https:\/\/kapitalis.com\/tunisie\/#\/schema\/person\/74bbde0154d49d790a92aaeac5bc01d5\",\"name\":\"Yusra NY\",\"url\":\"https:\/\/kapitalis.com\/tunisie\/author\/yuza_adam\/\"}]}<\/script>\n<!-- \/ Yoast SEO plugin. -->","yoast_head_json":{"title":"Plan de rapatriement des Tunisiens bloqu\u00e9s en Ukraine (minist\u00e8re des Affaires \u00e9trang\u00e8res) - Kapitalis","robots":{"index":"index","follow":"follow","max-snippet":"max-snippet:-1","max-image-preview":"max-image-preview:large","max-video-preview":"max-video-preview:-1"},"canonical":"https:\/\/kapitalis.com\/tunisie\/2022\/02\/24\/plan-de-rapatriement-des-tunisiens-bloques-en-ukraine-ministere-des-affaires-etrangeres\/","og_locale":"fr_FR","og_type":"article","og_title":"Plan de rapatriement des Tunisiens bloqu\u00e9s en Ukraine (minist\u00e8re des Affaires \u00e9trang\u00e8res) - Kapitalis","og_description":"La cellule de crise charg\u00e9e de suivre l\u2019\u00e9volution de la situation en Ukraine et de la mise en place du plan de rapatriement des Tunisiens qui y bloqu\u00e9s, s&rsquo;est r\u00e9uni en en pr\u00e9sence de repr\u00e9sentants des minist\u00e8res des Affaires \u00e9trang\u00e8res, de la D\u00e9fense, de l&rsquo;Int\u00e9rieur, du Transport et de la Sant\u00e9 ainsi que de la...","og_url":"https:\/\/kapitalis.com\/tunisie\/2022\/02\/24\/plan-de-rapatriement-des-tunisiens-bloques-en-ukraine-ministere-des-affaires-etrangeres\/","og_site_name":"Kapitalis","article_publisher":"https:\/\/www.facebook.com\/KapitalisInfo\/","article_published_time":"2022-02-24T19:38:48+00:00","article_modified_time":"2022-02-24T19:59:33+00:00","og_image":[{"width":1200,"height":630,"url":"https:\/\/kapitalis.com\/tunisie\/wp-content\/uploads\/2022\/05\/kapitalis-logo-fb.png","type":"image\/png"}],"author":"Yusra NY","twitter_card":"summary_large_image","twitter_creator":"@KapitalisInfo","twitter_site":"@KapitalisInfo","twitter_misc":{"\u00c9crit par":"Yusra NY","Dur\u00e9e de lecture estim\u00e9e":"2 minutes"},"schema":{"@context":"https:\/\/schema.org","@graph":[{"@type":"Article","@id":"https:\/\/kapitalis.com\/tunisie\/2022\/02\/24\/plan-de-rapatriement-des-tunisiens-bloques-en-ukraine-ministere-des-affaires-etrangeres\/#article","isPartOf":{"@id":"https:\/\/kapitalis.com\/tunisie\/2022\/02\/24\/plan-de-rapatriement-des-tunisiens-bloques-en-ukraine-ministere-des-affaires-etrangeres\/"},"author":{"name":"Yusra NY","@id":"https:\/\/kapitalis.com\/tunisie\/#\/schema\/person\/74bbde0154d49d790a92aaeac5bc01d5"},"headline":"Plan de rapatriement des Tunisiens bloqu\u00e9s en Ukraine (minist\u00e8re des Affaires \u00e9trang\u00e8res)","datePublished":"2022-02-24T19:38:48+00:00","dateModified":"2022-02-24T19:59:33+00:00","mainEntityOfPage":{"@id":"https:\/\/kapitalis.com\/tunisie\/2022\/02\/24\/plan-de-rapatriement-des-tunisiens-bloques-en-ukraine-ministere-des-affaires-etrangeres\/"},"wordCount":366,"commentCount":3,"publisher":{"@id":"https:\/\/kapitalis.com\/tunisie\/#organization"},"image":{"@id":"https:\/\/kapitalis.com\/tunisie\/2022\/02\/24\/plan-de-rapatriement-des-tunisiens-bloques-en-ukraine-ministere-des-affaires-etrangeres\/#primaryimage"},"thumbnailUrl":"","keywords":["rapatriement","Russie","Tunisie","tunisiens","Ukraine"],"articleSection":["POLITIQUE","SOCIETE","Tunisie"],"inLanguage":"fr-FR","potentialAction":[{"@type":"CommentAction","name":"Comment","target":["https:\/\/kapitalis.com\/tunisie\/2022\/02\/24\/plan-de-rapatriement-des-tunisiens-bloques-en-ukraine-ministere-des-affaires-etrangeres\/#respond"]}]},{"@type":"WebPage","@id":"https:\/\/kapitalis.com\/tunisie\/2022\/02\/24\/plan-de-rapatriement-des-tunisiens-bloques-en-ukraine-ministere-des-affaires-etrangeres\/","url":"https:\/\/kapitalis.com\/tunisie\/2022\/02\/24\/plan-de-rapatriement-des-tunisiens-bloques-en-ukraine-ministere-des-affaires-etrangeres\/","name":"Plan de rapatriement des Tunisiens bloqu\u00e9s en Ukraine (minist\u00e8re des Affaires \u00e9trang\u00e8res) - Kapitalis","isPartOf":{"@id":"https:\/\/kapitalis.com\/tunisie\/#website"},"primaryImageOfPage":{"@id":"https:\/\/kapitalis.com\/tunisie\/2022\/02\/24\/plan-de-rapatriement-des-tunisiens-bloques-en-ukraine-ministere-des-affaires-etrangeres\/#primaryimage"},"image":{"@id":"https:\/\/kapitalis.com\/tunisie\/2022\/02\/24\/plan-de-rapatriement-des-tunisiens-bloques-en-ukraine-ministere-des-affaires-etrangeres\/#primaryimage"},"thumbnailUrl":"","datePublished":"2022-02-24T19:38:48+00:00","dateModified":"2022-02-24T19:59:33+00:00","breadcrumb":{"@id":"https:\/\/kapitalis.com\/tunisie\/2022\/02\/24\/plan-de-rapatriement-des-tunisiens-bloques-en-ukraine-ministere-des-affaires-etrangeres\/#breadcrumb"},"inLanguage":"fr-FR","potentialAction":[{"@type":"ReadAction","target":["https:\/\/kapitalis.com\/tunisie\/2022\/02\/24\/plan-de-rapatriement-des-tunisiens-bloques-en-ukraine-ministere-des-affaires-etrangeres\/"]}]},{"@type":"ImageObject","inLanguage":"fr-FR","@id":"https:\/\/kapitalis.com\/tunisie\/2022\/02\/24\/plan-de-rapatriement-des-tunisiens-bloques-en-ukraine-ministere-des-affaires-etrangeres\/#primaryimage","url":"","contentUrl":""},{"@type":"BreadcrumbList","@id":"https:\/\/kapitalis.com\/tunisie\/2022\/02\/24\/plan-de-rapatriement-des-tunisiens-bloques-en-ukraine-ministere-des-affaires-etrangeres\/#breadcrumb","itemListElement":[{"@type":"ListItem","position":1,"name":"Accueil","item":"https:\/\/kapitalis.com\/tunisie\/"},{"@type":"ListItem","position":2,"name":"Plan de rapatriement des Tunisiens bloqu\u00e9s en Ukraine (minist\u00e8re des Affaires \u00e9trang\u00e8res)"}]},{"@type":"WebSite","@id":"https:\/\/kapitalis.com\/tunisie\/#website","url":"https:\/\/kapitalis.com\/tunisie\/","name":"Kapitalis","description":"L&#039;actualit\u00e9 en Tunisie et dans le monde","publisher":{"@id":"https:\/\/kapitalis.com\/tunisie\/#organization"},"potentialAction":[{"@type":"SearchAction","target":{"@type":"EntryPoint","urlTemplate":"https:\/\/kapitalis.com\/tunisie\/?s={search_term_string}"},"query-input":{"@type":"PropertyValueSpecification","valueRequired":true,"valueName":"search_term_string"}}],"inLanguage":"fr-FR"},{"@type":"Organization","@id":"https:\/\/kapitalis.com\/tunisie\/#organization","name":"Kapitalis","url":"https:\/\/kapitalis.com\/tunisie\/","logo":{"@type":"ImageObject","inLanguage":"fr-FR","@id":"https:\/\/kapitalis.com\/tunisie\/#\/schema\/logo\/image\/","url":"https:\/\/kapitalis.com\/tunisie\/wp-content\/uploads\/2022\/05\/Kapitalis-big-size.png","contentUrl":"https:\/\/kapitalis.com\/tunisie\/wp-content\/uploads\/2022\/05\/Kapitalis-big-size.png","width":5000,"height":1500,"caption":"Kapitalis"},"image":{"@id":"https:\/\/kapitalis.com\/tunisie\/#\/schema\/logo\/image\/"},"sameAs":["https:\/\/www.facebook.com\/KapitalisInfo\/","https:\/\/x.com\/KapitalisInfo","https:\/\/www.youtube.com\/channel\/UC-yDYrHyfFBWWZaOw3FPg9Q"]},{"@type":"Person","@id":"https:\/\/kapitalis.com\/tunisie\/#\/schema\/person\/74bbde0154d49d790a92aaeac5bc01d5","name":"Yusra NY","url":"https:\/\/kapitalis.com\/tunisie\/author\/yuza_adam\/"}]}},"_links":{"self":[{"href":"https:\/\/kapitalis.com\/tunisie\/wp-json\/wp\/v2\/posts\/381938","targetHints":{"allow":["GET"]}}],"collection":[{"href":"https:\/\/kapitalis.com\/tunisie\/wp-json\/wp\/v2\/posts"}],"about":[{"href":"https:\/\/kapitalis.com\/tunisie\/wp-json\/wp\/v2\/types\/post"}],"author":[{"embeddable":true,"href":"https:\/\/kapitalis.com\/tunisie\/wp-json\/wp\/v2\/users\/6"}],"replies":[{"embeddable":true,"href":"https:\/\/kapitalis.com\/tunisie\/wp-json\/wp\/v2\/comments?post=381938"}],"version-history":[{"count":0,"href":"https:\/\/kapitalis.com\/tunisie\/wp-json\/wp\/v2\/posts\/381938\/revisions"}],"wp:featuredmedia":[{"embeddable":true,"href":"https:\/\/kapitalis.com\/tunisie\/wp-json\/wp\/v2\/media\/381940"}],"wp:attachment":[{"href":"https:\/\/kapitalis.com\/tunisie\/wp-json\/wp\/v2\/media?parent=381938"}],"wp:term":[{"taxonomy":"category","embeddable":true,"href":"https:\/\/kapitalis.com\/tunisie\/wp-json\/wp\/v2\/categories?post=381938"},{"taxonomy":"post_tag","embeddable":true,"href":"https:\/\/kapitalis.com\/tunisie\/wp-json\/wp\/v2\/tags?post=381938"}],"curies":[{"name":"wp","href":"https:\/\/api.w.org\/{rel}","templated":true}]}}