{"id":381964,"date":"2022-02-25T10:04:05","date_gmt":"2022-02-25T09:04:05","guid":{"rendered":"http:\/\/kapitalis.com\/tunisie\/?p=381964"},"modified":"2022-02-25T10:07:36","modified_gmt":"2022-02-25T09:07:36","slug":"cinema-tunisien-frida-de-mohamed-bouhjar-remporte-le-premier-prix-au-festival-de-muscat","status":"publish","type":"post","link":"https:\/\/kapitalis.com\/tunisie\/2022\/02\/25\/cinema-tunisien-frida-de-mohamed-bouhjar-remporte-le-premier-prix-au-festival-de-muscat\/","title":{"rendered":"Cin\u00e9ma tunisien : \u00ab Frida \u00bb de Mohamed Bouhjar remporte le premier prix au Festival de Muscat"},"content":{"rendered":"\n<div class=\"wp-block-image\"><figure class=\"aligncenter size-full\"><img decoding=\"async\" src=\"http:\/\/kapitalis.com\/tunisie\/wp-content\/uploads\/2022\/02\/Untitled-5-4.jpg\" alt=\"\" class=\"wp-image-381968\"\/><\/figure><\/div>\n\n\n\n<p><strong><em>Le court-m\u00e9trage tunisien \u00ab\u00a0Frida\u00a0\u00bb de Mohamed Bouhjar a remport\u00e9 le prix du meilleur court-m\u00e9trage de fiction dans le cadre de la 3<sup>e<\/sup> \u00e9dition du Festival du Cin\u00e9ma arabe de Muscat \u00e0 Oman.<\/em><\/strong><\/p>\n\n\n\n<!--more-->\n\n\n\n<p>Retenu \u00e0 la comp\u00e9tition officielle des courts-m\u00e9trages de la 32<sup>e<\/sup> \u00e9dition des Journ\u00e9es cin\u00e9matographiques de Carthage (JCC 2021) o\u00f9 il avait \u00e9t\u00e9 pr\u00e9sent\u00e9 en avant-premi\u00e8re, le court-m\u00e9trage \u00ab&nbsp;Frida&nbsp;\u00bb r\u00e9alis\u00e9 par Mohamed Bouhjar vient d\u2019\u00eatre couronn\u00e9 au Festival du Cin\u00e9ma arabe de Muscat dont la 3<sup>e<\/sup> \u00e9dition a \u00e9t\u00e9 r\u00e9cemment cl\u00f4tur\u00e9e.<\/p>\n\n\n\n<p>Le film tunisien qui a remport\u00e9 le premier prix dans la cat\u00e9gorie des court-m\u00e9trages de fiction ex-\u00e6quo avec le film marocain \u00ab&nbsp;Cendres&nbsp;\u00bb, met \u00e0 l\u2019affiche Kamel Touati et Sabeh Bouzwita et raconte l\u2019histoire de Frida, une professeure qui d\u00e9fend les valeurs de l\u2019\u00e9galit\u00e9 entre filles et gar\u00e7ons et qui doit faire face \u00e0 de nouvelles forces r\u00e9trogrades entre la complicit\u00e9 des uns et le silence des autres.<\/p>\n\n\n\n<p>\u00ab\u00a0Frida\u00a0\u00bb sera prochainement pr\u00e9sent\u00e9 dans le cadre du Festival international Music &amp; Cinema \u00e0 Marseille, pr\u00e9vu d\u2019avoir lieu du 4 au 9 avril prochain.<\/p>\n\n\n\n<p class=\"has-text-align-right\"><strong>F.B<\/strong><\/p>\n","protected":false},"excerpt":{"rendered":"<p>Le court-m\u00e9trage tunisien \u00ab\u00a0Frida\u00a0\u00bb de Mohamed Bouhjar a remport\u00e9 le prix du meilleur court-m\u00e9trage de fiction dans le cadre de la 3e \u00e9dition du Festival du Cin\u00e9ma arabe de Muscat \u00e0 Oman.<\/p>\n","protected":false},"author":26,"featured_media":381968,"comment_status":"open","ping_status":"open","sticky":false,"template":"","format":"standard","meta":{"footnotes":""},"categories":[994,2433],"tags":[9668,97623,97622,62643],"class_list":["post-381964","post","type-post","status-publish","format-standard","has-post-thumbnail","hentry","category-culture","category-tunisie","tag-cinema-tunisien","tag-festival-muscat","tag-film-frida","tag-tunisie"],"yoast_head":"<!-- This site is optimized with the Yoast SEO plugin v26.6 - https:\/\/yoast.com\/wordpress\/plugins\/seo\/ -->\n<title>Cin\u00e9ma tunisien : \u00ab Frida \u00bb de Mohamed Bouhjar remporte le premier prix au Festival de Muscat - Kapitalis<\/title>\n<meta name=\"robots\" content=\"index, follow, max-snippet:-1, max-image-preview:large, max-video-preview:-1\" \/>\n<link rel=\"canonical\" href=\"https:\/\/kapitalis.com\/tunisie\/2022\/02\/25\/cinema-tunisien-frida-de-mohamed-bouhjar-remporte-le-premier-prix-au-festival-de-muscat\/\" \/>\n<meta property=\"og:locale\" content=\"fr_FR\" \/>\n<meta property=\"og:type\" content=\"article\" \/>\n<meta property=\"og:title\" content=\"Cin\u00e9ma tunisien : \u00ab Frida \u00bb de Mohamed Bouhjar remporte le premier prix au Festival de Muscat - Kapitalis\" \/>\n<meta property=\"og:description\" content=\"Le court-m\u00e9trage tunisien \u00ab\u00a0Frida\u00a0\u00bb de Mohamed Bouhjar a remport\u00e9 le prix du meilleur court-m\u00e9trage de fiction dans le cadre de la 3e \u00e9dition du Festival du Cin\u00e9ma arabe de Muscat \u00e0 Oman.\" \/>\n<meta property=\"og:url\" content=\"https:\/\/kapitalis.com\/tunisie\/2022\/02\/25\/cinema-tunisien-frida-de-mohamed-bouhjar-remporte-le-premier-prix-au-festival-de-muscat\/\" \/>\n<meta property=\"og:site_name\" content=\"Kapitalis\" \/>\n<meta property=\"article:publisher\" content=\"https:\/\/www.facebook.com\/KapitalisInfo\/\" \/>\n<meta property=\"article:published_time\" content=\"2022-02-25T09:04:05+00:00\" \/>\n<meta property=\"article:modified_time\" content=\"2022-02-25T09:07:36+00:00\" \/>\n<meta property=\"og:image\" content=\"https:\/\/kapitalis.com\/tunisie\/wp-content\/uploads\/2022\/05\/kapitalis-logo-fb.png\" \/>\n\t<meta property=\"og:image:width\" content=\"1200\" \/>\n\t<meta property=\"og:image:height\" content=\"630\" \/>\n\t<meta property=\"og:image:type\" content=\"image\/png\" \/>\n<meta name=\"author\" content=\"Fawz BenAli\" \/>\n<meta name=\"twitter:card\" content=\"summary_large_image\" \/>\n<meta name=\"twitter:creator\" content=\"@KapitalisInfo\" \/>\n<meta name=\"twitter:site\" content=\"@KapitalisInfo\" \/>\n<meta name=\"twitter:label1\" content=\"\u00c9crit par\" \/>\n\t<meta name=\"twitter:data1\" content=\"Fawz BenAli\" \/>\n\t<meta name=\"twitter:label2\" content=\"Dur\u00e9e de lecture estim\u00e9e\" \/>\n\t<meta name=\"twitter:data2\" content=\"1 minute\" \/>\n<script type=\"application\/ld+json\" class=\"yoast-schema-graph\">{\"@context\":\"https:\/\/schema.org\",\"@graph\":[{\"@type\":\"Article\",\"@id\":\"https:\/\/kapitalis.com\/tunisie\/2022\/02\/25\/cinema-tunisien-frida-de-mohamed-bouhjar-remporte-le-premier-prix-au-festival-de-muscat\/#article\",\"isPartOf\":{\"@id\":\"https:\/\/kapitalis.com\/tunisie\/2022\/02\/25\/cinema-tunisien-frida-de-mohamed-bouhjar-remporte-le-premier-prix-au-festival-de-muscat\/\"},\"author\":{\"name\":\"Fawz BenAli\",\"@id\":\"https:\/\/kapitalis.com\/tunisie\/#\/schema\/person\/73a5ecc1f6ae540c6ed91342eadca948\"},\"headline\":\"Cin\u00e9ma tunisien : \u00ab Frida \u00bb de Mohamed Bouhjar remporte le premier prix au Festival de Muscat\",\"datePublished\":\"2022-02-25T09:04:05+00:00\",\"dateModified\":\"2022-02-25T09:07:36+00:00\",\"mainEntityOfPage\":{\"@id\":\"https:\/\/kapitalis.com\/tunisie\/2022\/02\/25\/cinema-tunisien-frida-de-mohamed-bouhjar-remporte-le-premier-prix-au-festival-de-muscat\/\"},\"wordCount\":214,\"commentCount\":0,\"publisher\":{\"@id\":\"https:\/\/kapitalis.com\/tunisie\/#organization\"},\"image\":{\"@id\":\"https:\/\/kapitalis.com\/tunisie\/2022\/02\/25\/cinema-tunisien-frida-de-mohamed-bouhjar-remporte-le-premier-prix-au-festival-de-muscat\/#primaryimage\"},\"thumbnailUrl\":\"\",\"keywords\":[\"cin\u00e9ma tunisien\",\"festival Muscat\",\"film Frida\",\"Tunisie\"],\"articleSection\":[\"CULTURE\",\"Tunisie\"],\"inLanguage\":\"fr-FR\",\"potentialAction\":[{\"@type\":\"CommentAction\",\"name\":\"Comment\",\"target\":[\"https:\/\/kapitalis.com\/tunisie\/2022\/02\/25\/cinema-tunisien-frida-de-mohamed-bouhjar-remporte-le-premier-prix-au-festival-de-muscat\/#respond\"]}]},{\"@type\":\"WebPage\",\"@id\":\"https:\/\/kapitalis.com\/tunisie\/2022\/02\/25\/cinema-tunisien-frida-de-mohamed-bouhjar-remporte-le-premier-prix-au-festival-de-muscat\/\",\"url\":\"https:\/\/kapitalis.com\/tunisie\/2022\/02\/25\/cinema-tunisien-frida-de-mohamed-bouhjar-remporte-le-premier-prix-au-festival-de-muscat\/\",\"name\":\"Cin\u00e9ma tunisien : \u00ab Frida \u00bb de Mohamed Bouhjar remporte le premier prix au Festival de Muscat - Kapitalis\",\"isPartOf\":{\"@id\":\"https:\/\/kapitalis.com\/tunisie\/#website\"},\"primaryImageOfPage\":{\"@id\":\"https:\/\/kapitalis.com\/tunisie\/2022\/02\/25\/cinema-tunisien-frida-de-mohamed-bouhjar-remporte-le-premier-prix-au-festival-de-muscat\/#primaryimage\"},\"image\":{\"@id\":\"https:\/\/kapitalis.com\/tunisie\/2022\/02\/25\/cinema-tunisien-frida-de-mohamed-bouhjar-remporte-le-premier-prix-au-festival-de-muscat\/#primaryimage\"},\"thumbnailUrl\":\"\",\"datePublished\":\"2022-02-25T09:04:05+00:00\",\"dateModified\":\"2022-02-25T09:07:36+00:00\",\"breadcrumb\":{\"@id\":\"https:\/\/kapitalis.com\/tunisie\/2022\/02\/25\/cinema-tunisien-frida-de-mohamed-bouhjar-remporte-le-premier-prix-au-festival-de-muscat\/#breadcrumb\"},\"inLanguage\":\"fr-FR\",\"potentialAction\":[{\"@type\":\"ReadAction\",\"target\":[\"https:\/\/kapitalis.com\/tunisie\/2022\/02\/25\/cinema-tunisien-frida-de-mohamed-bouhjar-remporte-le-premier-prix-au-festival-de-muscat\/\"]}]},{\"@type\":\"ImageObject\",\"inLanguage\":\"fr-FR\",\"@id\":\"https:\/\/kapitalis.com\/tunisie\/2022\/02\/25\/cinema-tunisien-frida-de-mohamed-bouhjar-remporte-le-premier-prix-au-festival-de-muscat\/#primaryimage\",\"url\":\"\",\"contentUrl\":\"\"},{\"@type\":\"BreadcrumbList\",\"@id\":\"https:\/\/kapitalis.com\/tunisie\/2022\/02\/25\/cinema-tunisien-frida-de-mohamed-bouhjar-remporte-le-premier-prix-au-festival-de-muscat\/#breadcrumb\",\"itemListElement\":[{\"@type\":\"ListItem\",\"position\":1,\"name\":\"Accueil\",\"item\":\"https:\/\/kapitalis.com\/tunisie\/\"},{\"@type\":\"ListItem\",\"position\":2,\"name\":\"Cin\u00e9ma tunisien : \u00ab Frida \u00bb de Mohamed Bouhjar remporte le premier prix au Festival de Muscat\"}]},{\"@type\":\"WebSite\",\"@id\":\"https:\/\/kapitalis.com\/tunisie\/#website\",\"url\":\"https:\/\/kapitalis.com\/tunisie\/\",\"name\":\"Kapitalis\",\"description\":\"L&#039;actualit\u00e9 en Tunisie et dans le monde\",\"publisher\":{\"@id\":\"https:\/\/kapitalis.com\/tunisie\/#organization\"},\"potentialAction\":[{\"@type\":\"SearchAction\",\"target\":{\"@type\":\"EntryPoint\",\"urlTemplate\":\"https:\/\/kapitalis.com\/tunisie\/?s={search_term_string}\"},\"query-input\":{\"@type\":\"PropertyValueSpecification\",\"valueRequired\":true,\"valueName\":\"search_term_string\"}}],\"inLanguage\":\"fr-FR\"},{\"@type\":\"Organization\",\"@id\":\"https:\/\/kapitalis.com\/tunisie\/#organization\",\"name\":\"Kapitalis\",\"url\":\"https:\/\/kapitalis.com\/tunisie\/\",\"logo\":{\"@type\":\"ImageObject\",\"inLanguage\":\"fr-FR\",\"@id\":\"https:\/\/kapitalis.com\/tunisie\/#\/schema\/logo\/image\/\",\"url\":\"https:\/\/kapitalis.com\/tunisie\/wp-content\/uploads\/2022\/05\/Kapitalis-big-size.png\",\"contentUrl\":\"https:\/\/kapitalis.com\/tunisie\/wp-content\/uploads\/2022\/05\/Kapitalis-big-size.png\",\"width\":5000,\"height\":1500,\"caption\":\"Kapitalis\"},\"image\":{\"@id\":\"https:\/\/kapitalis.com\/tunisie\/#\/schema\/logo\/image\/\"},\"sameAs\":[\"https:\/\/www.facebook.com\/KapitalisInfo\/\",\"https:\/\/x.com\/KapitalisInfo\",\"https:\/\/www.youtube.com\/channel\/UC-yDYrHyfFBWWZaOw3FPg9Q\"]},{\"@type\":\"Person\",\"@id\":\"https:\/\/kapitalis.com\/tunisie\/#\/schema\/person\/73a5ecc1f6ae540c6ed91342eadca948\",\"name\":\"Fawz BenAli\",\"url\":\"https:\/\/kapitalis.com\/tunisie\/author\/fawz\/\"}]}<\/script>\n<!-- \/ Yoast SEO plugin. -->","yoast_head_json":{"title":"Cin\u00e9ma tunisien : \u00ab Frida \u00bb de Mohamed Bouhjar remporte le premier prix au Festival de Muscat - Kapitalis","robots":{"index":"index","follow":"follow","max-snippet":"max-snippet:-1","max-image-preview":"max-image-preview:large","max-video-preview":"max-video-preview:-1"},"canonical":"https:\/\/kapitalis.com\/tunisie\/2022\/02\/25\/cinema-tunisien-frida-de-mohamed-bouhjar-remporte-le-premier-prix-au-festival-de-muscat\/","og_locale":"fr_FR","og_type":"article","og_title":"Cin\u00e9ma tunisien : \u00ab Frida \u00bb de Mohamed Bouhjar remporte le premier prix au Festival de Muscat - Kapitalis","og_description":"Le court-m\u00e9trage tunisien \u00ab\u00a0Frida\u00a0\u00bb de Mohamed Bouhjar a remport\u00e9 le prix du meilleur court-m\u00e9trage de fiction dans le cadre de la 3e \u00e9dition du Festival du Cin\u00e9ma arabe de Muscat \u00e0 Oman.","og_url":"https:\/\/kapitalis.com\/tunisie\/2022\/02\/25\/cinema-tunisien-frida-de-mohamed-bouhjar-remporte-le-premier-prix-au-festival-de-muscat\/","og_site_name":"Kapitalis","article_publisher":"https:\/\/www.facebook.com\/KapitalisInfo\/","article_published_time":"2022-02-25T09:04:05+00:00","article_modified_time":"2022-02-25T09:07:36+00:00","og_image":[{"width":1200,"height":630,"url":"https:\/\/kapitalis.com\/tunisie\/wp-content\/uploads\/2022\/05\/kapitalis-logo-fb.png","type":"image\/png"}],"author":"Fawz BenAli","twitter_card":"summary_large_image","twitter_creator":"@KapitalisInfo","twitter_site":"@KapitalisInfo","twitter_misc":{"\u00c9crit par":"Fawz BenAli","Dur\u00e9e de lecture estim\u00e9e":"1 minute"},"schema":{"@context":"https:\/\/schema.org","@graph":[{"@type":"Article","@id":"https:\/\/kapitalis.com\/tunisie\/2022\/02\/25\/cinema-tunisien-frida-de-mohamed-bouhjar-remporte-le-premier-prix-au-festival-de-muscat\/#article","isPartOf":{"@id":"https:\/\/kapitalis.com\/tunisie\/2022\/02\/25\/cinema-tunisien-frida-de-mohamed-bouhjar-remporte-le-premier-prix-au-festival-de-muscat\/"},"author":{"name":"Fawz BenAli","@id":"https:\/\/kapitalis.com\/tunisie\/#\/schema\/person\/73a5ecc1f6ae540c6ed91342eadca948"},"headline":"Cin\u00e9ma tunisien : \u00ab Frida \u00bb de Mohamed Bouhjar remporte le premier prix au Festival de Muscat","datePublished":"2022-02-25T09:04:05+00:00","dateModified":"2022-02-25T09:07:36+00:00","mainEntityOfPage":{"@id":"https:\/\/kapitalis.com\/tunisie\/2022\/02\/25\/cinema-tunisien-frida-de-mohamed-bouhjar-remporte-le-premier-prix-au-festival-de-muscat\/"},"wordCount":214,"commentCount":0,"publisher":{"@id":"https:\/\/kapitalis.com\/tunisie\/#organization"},"image":{"@id":"https:\/\/kapitalis.com\/tunisie\/2022\/02\/25\/cinema-tunisien-frida-de-mohamed-bouhjar-remporte-le-premier-prix-au-festival-de-muscat\/#primaryimage"},"thumbnailUrl":"","keywords":["cin\u00e9ma tunisien","festival Muscat","film Frida","Tunisie"],"articleSection":["CULTURE","Tunisie"],"inLanguage":"fr-FR","potentialAction":[{"@type":"CommentAction","name":"Comment","target":["https:\/\/kapitalis.com\/tunisie\/2022\/02\/25\/cinema-tunisien-frida-de-mohamed-bouhjar-remporte-le-premier-prix-au-festival-de-muscat\/#respond"]}]},{"@type":"WebPage","@id":"https:\/\/kapitalis.com\/tunisie\/2022\/02\/25\/cinema-tunisien-frida-de-mohamed-bouhjar-remporte-le-premier-prix-au-festival-de-muscat\/","url":"https:\/\/kapitalis.com\/tunisie\/2022\/02\/25\/cinema-tunisien-frida-de-mohamed-bouhjar-remporte-le-premier-prix-au-festival-de-muscat\/","name":"Cin\u00e9ma tunisien : \u00ab Frida \u00bb de Mohamed Bouhjar remporte le premier prix au Festival de Muscat - Kapitalis","isPartOf":{"@id":"https:\/\/kapitalis.com\/tunisie\/#website"},"primaryImageOfPage":{"@id":"https:\/\/kapitalis.com\/tunisie\/2022\/02\/25\/cinema-tunisien-frida-de-mohamed-bouhjar-remporte-le-premier-prix-au-festival-de-muscat\/#primaryimage"},"image":{"@id":"https:\/\/kapitalis.com\/tunisie\/2022\/02\/25\/cinema-tunisien-frida-de-mohamed-bouhjar-remporte-le-premier-prix-au-festival-de-muscat\/#primaryimage"},"thumbnailUrl":"","datePublished":"2022-02-25T09:04:05+00:00","dateModified":"2022-02-25T09:07:36+00:00","breadcrumb":{"@id":"https:\/\/kapitalis.com\/tunisie\/2022\/02\/25\/cinema-tunisien-frida-de-mohamed-bouhjar-remporte-le-premier-prix-au-festival-de-muscat\/#breadcrumb"},"inLanguage":"fr-FR","potentialAction":[{"@type":"ReadAction","target":["https:\/\/kapitalis.com\/tunisie\/2022\/02\/25\/cinema-tunisien-frida-de-mohamed-bouhjar-remporte-le-premier-prix-au-festival-de-muscat\/"]}]},{"@type":"ImageObject","inLanguage":"fr-FR","@id":"https:\/\/kapitalis.com\/tunisie\/2022\/02\/25\/cinema-tunisien-frida-de-mohamed-bouhjar-remporte-le-premier-prix-au-festival-de-muscat\/#primaryimage","url":"","contentUrl":""},{"@type":"BreadcrumbList","@id":"https:\/\/kapitalis.com\/tunisie\/2022\/02\/25\/cinema-tunisien-frida-de-mohamed-bouhjar-remporte-le-premier-prix-au-festival-de-muscat\/#breadcrumb","itemListElement":[{"@type":"ListItem","position":1,"name":"Accueil","item":"https:\/\/kapitalis.com\/tunisie\/"},{"@type":"ListItem","position":2,"name":"Cin\u00e9ma tunisien : \u00ab Frida \u00bb de Mohamed Bouhjar remporte le premier prix au Festival de Muscat"}]},{"@type":"WebSite","@id":"https:\/\/kapitalis.com\/tunisie\/#website","url":"https:\/\/kapitalis.com\/tunisie\/","name":"Kapitalis","description":"L&#039;actualit\u00e9 en Tunisie et dans le monde","publisher":{"@id":"https:\/\/kapitalis.com\/tunisie\/#organization"},"potentialAction":[{"@type":"SearchAction","target":{"@type":"EntryPoint","urlTemplate":"https:\/\/kapitalis.com\/tunisie\/?s={search_term_string}"},"query-input":{"@type":"PropertyValueSpecification","valueRequired":true,"valueName":"search_term_string"}}],"inLanguage":"fr-FR"},{"@type":"Organization","@id":"https:\/\/kapitalis.com\/tunisie\/#organization","name":"Kapitalis","url":"https:\/\/kapitalis.com\/tunisie\/","logo":{"@type":"ImageObject","inLanguage":"fr-FR","@id":"https:\/\/kapitalis.com\/tunisie\/#\/schema\/logo\/image\/","url":"https:\/\/kapitalis.com\/tunisie\/wp-content\/uploads\/2022\/05\/Kapitalis-big-size.png","contentUrl":"https:\/\/kapitalis.com\/tunisie\/wp-content\/uploads\/2022\/05\/Kapitalis-big-size.png","width":5000,"height":1500,"caption":"Kapitalis"},"image":{"@id":"https:\/\/kapitalis.com\/tunisie\/#\/schema\/logo\/image\/"},"sameAs":["https:\/\/www.facebook.com\/KapitalisInfo\/","https:\/\/x.com\/KapitalisInfo","https:\/\/www.youtube.com\/channel\/UC-yDYrHyfFBWWZaOw3FPg9Q"]},{"@type":"Person","@id":"https:\/\/kapitalis.com\/tunisie\/#\/schema\/person\/73a5ecc1f6ae540c6ed91342eadca948","name":"Fawz BenAli","url":"https:\/\/kapitalis.com\/tunisie\/author\/fawz\/"}]}},"_links":{"self":[{"href":"https:\/\/kapitalis.com\/tunisie\/wp-json\/wp\/v2\/posts\/381964","targetHints":{"allow":["GET"]}}],"collection":[{"href":"https:\/\/kapitalis.com\/tunisie\/wp-json\/wp\/v2\/posts"}],"about":[{"href":"https:\/\/kapitalis.com\/tunisie\/wp-json\/wp\/v2\/types\/post"}],"author":[{"embeddable":true,"href":"https:\/\/kapitalis.com\/tunisie\/wp-json\/wp\/v2\/users\/26"}],"replies":[{"embeddable":true,"href":"https:\/\/kapitalis.com\/tunisie\/wp-json\/wp\/v2\/comments?post=381964"}],"version-history":[{"count":0,"href":"https:\/\/kapitalis.com\/tunisie\/wp-json\/wp\/v2\/posts\/381964\/revisions"}],"wp:featuredmedia":[{"embeddable":true,"href":"https:\/\/kapitalis.com\/tunisie\/wp-json\/wp\/v2\/media\/381968"}],"wp:attachment":[{"href":"https:\/\/kapitalis.com\/tunisie\/wp-json\/wp\/v2\/media?parent=381964"}],"wp:term":[{"taxonomy":"category","embeddable":true,"href":"https:\/\/kapitalis.com\/tunisie\/wp-json\/wp\/v2\/categories?post=381964"},{"taxonomy":"post_tag","embeddable":true,"href":"https:\/\/kapitalis.com\/tunisie\/wp-json\/wp\/v2\/tags?post=381964"}],"curies":[{"name":"wp","href":"https:\/\/api.w.org\/{rel}","templated":true}]}}