{"id":382028,"date":"2022-02-25T19:01:28","date_gmt":"2022-02-25T18:01:28","guid":{"rendered":"http:\/\/kapitalis.com\/tunisie\/?p=382028"},"modified":"2022-02-25T19:05:26","modified_gmt":"2022-02-25T18:05:26","slug":"assassinat-de-mohamed-brahmi-nouveau-report-de-lexamen-de-laffaire","status":"publish","type":"post","link":"https:\/\/kapitalis.com\/tunisie\/2022\/02\/25\/assassinat-de-mohamed-brahmi-nouveau-report-de-lexamen-de-laffaire\/","title":{"rendered":"Assassinat de Mohamed Brahmi : Nouveau report de l\u2019examen de l\u2019affaire"},"content":{"rendered":"\n<div class=\"wp-block-image\"><figure class=\"aligncenter size-full\"><img decoding=\"async\" src=\"http:\/\/kapitalis.com\/tunisie\/wp-content\/uploads\/2015\/05\/Brahmi1.jpg\" alt=\"\" class=\"wp-image-389\"\/><\/figure><\/div>\n\n\n\n<p><strong><em>L\u2019examen de l\u2019affaire sur l\u2019assassinat du martyr Mohamed Brahmi, dirigeant de gauche<\/em><\/strong> <strong><em>assassin\u00e9 le 25 juillet 2013 par des extr\u00e9mistes religieux, a \u00e9t\u00e9 report\u00e9 au 31 mai 2022, et ce, \u00e0 la demande des avocats des parties civiles.<\/em><\/strong><\/p>\n\n\n\n<!--more-->\n\n\n\n<p>C&rsquo;est ce qu&rsquo;a annonc\u00e9 a annonc\u00e9 le bureau de communication du Tribunal de premi\u00e8re instance de Tunis, dans un communiqu\u00e9 publi\u00e9, ce vendredi 25 f\u00e9vrier 2022, diffus\u00e9 par l&rsquo;agence Tap.<\/p>\n\n\n\n<p>La m\u00eame source a rappel\u00e9 que le 1er novembre dernier, la chambre criminelle sp\u00e9cialis\u00e9e dans les affaires de terrorisme pr\u00e8s le Tribunal de premi\u00e8re instance de Tunis avait d\u00e9cid\u00e9 le report de l\u2019examen de l\u2019affaire de l\u2019assassinat de Brahmi au 25 f\u00e9vrier, en rejetant les demandes de lib\u00e9ration visant certains accus\u00e9s.<\/p>\n\n\n\n<p>Notons que le Comit\u00e9 de d\u00e9fense des martyrs Chokri Bela\u00efd et Mohamed Brahmi, pointe du doigt le parti islamiste Ennahdha dans les assassinats politiques,sachant que des plaintes ont \u00e9t\u00e9 d\u00e9pos\u00e9es contre le chef d&rsquo;Ennahdha Rached Ghannouchi et plusieurs autres dirigeants de ce parti pour corruption, soutien au terrorisme et espionnage au profit d\u2019Etats \u00e9trangers.<\/p>\n\n\n\n<p class=\"has-text-align-right\"><strong>Y. N.<\/strong><\/p>\n\n\n\n<figure class=\"wp-block-embed is-type-wp-embed is-provider-kapitalis wp-block-embed-kapitalis\"><div class=\"wp-block-embed__wrapper\">\n<blockquote class=\"wp-embedded-content\" data-secret=\"SG0KnNi2Bp\"><a href=\"https:\/\/kapitalis.com\/tunisie\/2022\/02\/10\/me-khaled-awainiya-ennahdha-et-les-partis-islamistes-sont-des-agents-de-letranger\/\">Me Khaled Awainiya : \u00abEnnahdha et les partis islamistes sont des agents de l&rsquo;\u00e9tranger\u00bb<\/a><\/blockquote><iframe loading=\"lazy\" class=\"wp-embedded-content\" sandbox=\"allow-scripts\" security=\"restricted\" style=\"position: absolute; clip: rect(1px, 1px, 1px, 1px);\" title=\"\u00ab\u00a0Me Khaled Awainiya : \u00abEnnahdha et les partis islamistes sont des agents de l&rsquo;\u00e9tranger\u00bb\u00a0\u00bb &#8212; Kapitalis\" src=\"https:\/\/kapitalis.com\/tunisie\/2022\/02\/10\/me-khaled-awainiya-ennahdha-et-les-partis-islamistes-sont-des-agents-de-letranger\/embed\/#?secret=E2Ijvzuo61#?secret=SG0KnNi2Bp\" data-secret=\"SG0KnNi2Bp\" width=\"600\" height=\"338\" frameborder=\"0\" marginwidth=\"0\" marginheight=\"0\" scrolling=\"no\"><\/iframe>\n<\/div><\/figure>\n","protected":false},"excerpt":{"rendered":"<p>L\u2019examen de l\u2019affaire sur l\u2019assassinat du martyr Mohamed Brahmi, dirigeant de gauche assassin\u00e9 le 25 juillet 2013 par des extr\u00e9mistes religieux, a \u00e9t\u00e9 report\u00e9 au 31 mai 2022, et ce, \u00e0 la demande des avocats des parties civiles.<\/p>\n","protected":false},"author":6,"featured_media":0,"comment_status":"open","ping_status":"open","sticky":false,"template":"","format":"standard","meta":{"footnotes":""},"categories":[997,998,2433],"tags":[97636,64355,625,5440,921,62643],"class_list":["post-382028","post","type-post","status-publish","format-standard","hentry","category-politique","category-societe","category-tunisie","tag-assassinat-poltique","tag-justice","tag-mohamed-brahmi","tag-report","tag-tribunal","tag-tunisie"],"yoast_head":"<!-- This site is optimized with the Yoast SEO plugin v26.6 - https:\/\/yoast.com\/wordpress\/plugins\/seo\/ -->\n<title>Assassinat de Mohamed Brahmi : Nouveau report de l\u2019examen de l\u2019affaire - Kapitalis<\/title>\n<meta name=\"robots\" content=\"index, follow, max-snippet:-1, max-image-preview:large, max-video-preview:-1\" \/>\n<link rel=\"canonical\" href=\"https:\/\/kapitalis.com\/tunisie\/2022\/02\/25\/assassinat-de-mohamed-brahmi-nouveau-report-de-lexamen-de-laffaire\/\" \/>\n<meta property=\"og:locale\" content=\"fr_FR\" \/>\n<meta property=\"og:type\" content=\"article\" \/>\n<meta property=\"og:title\" content=\"Assassinat de Mohamed Brahmi : Nouveau report de l\u2019examen de l\u2019affaire - Kapitalis\" \/>\n<meta property=\"og:description\" content=\"L\u2019examen de l\u2019affaire sur l\u2019assassinat du martyr Mohamed Brahmi, dirigeant de gauche assassin\u00e9 le 25 juillet 2013 par des extr\u00e9mistes religieux, a \u00e9t\u00e9 report\u00e9 au 31 mai 2022, et ce, \u00e0 la demande des avocats des parties civiles.\" \/>\n<meta property=\"og:url\" content=\"https:\/\/kapitalis.com\/tunisie\/2022\/02\/25\/assassinat-de-mohamed-brahmi-nouveau-report-de-lexamen-de-laffaire\/\" \/>\n<meta property=\"og:site_name\" content=\"Kapitalis\" \/>\n<meta property=\"article:publisher\" content=\"https:\/\/www.facebook.com\/KapitalisInfo\/\" \/>\n<meta property=\"article:published_time\" content=\"2022-02-25T18:01:28+00:00\" \/>\n<meta property=\"article:modified_time\" content=\"2022-02-25T18:05:26+00:00\" \/>\n<meta property=\"og:image\" content=\"http:\/\/kapitalis.com\/tunisie\/wp-content\/uploads\/2015\/05\/Brahmi1.jpg\" \/>\n<meta name=\"author\" content=\"Yusra NY\" \/>\n<meta name=\"twitter:card\" content=\"summary_large_image\" \/>\n<meta name=\"twitter:creator\" content=\"@KapitalisInfo\" \/>\n<meta name=\"twitter:site\" content=\"@KapitalisInfo\" \/>\n<meta name=\"twitter:label1\" content=\"\u00c9crit par\" \/>\n\t<meta name=\"twitter:data1\" content=\"Yusra NY\" \/>\n\t<meta name=\"twitter:label2\" content=\"Dur\u00e9e de lecture estim\u00e9e\" \/>\n\t<meta name=\"twitter:data2\" content=\"1 minute\" \/>\n<script type=\"application\/ld+json\" class=\"yoast-schema-graph\">{\"@context\":\"https:\/\/schema.org\",\"@graph\":[{\"@type\":\"Article\",\"@id\":\"https:\/\/kapitalis.com\/tunisie\/2022\/02\/25\/assassinat-de-mohamed-brahmi-nouveau-report-de-lexamen-de-laffaire\/#article\",\"isPartOf\":{\"@id\":\"https:\/\/kapitalis.com\/tunisie\/2022\/02\/25\/assassinat-de-mohamed-brahmi-nouveau-report-de-lexamen-de-laffaire\/\"},\"author\":{\"name\":\"Yusra NY\",\"@id\":\"https:\/\/kapitalis.com\/tunisie\/#\/schema\/person\/74bbde0154d49d790a92aaeac5bc01d5\"},\"headline\":\"Assassinat de Mohamed Brahmi : Nouveau report de l\u2019examen de l\u2019affaire\",\"datePublished\":\"2022-02-25T18:01:28+00:00\",\"dateModified\":\"2022-02-25T18:05:26+00:00\",\"mainEntityOfPage\":{\"@id\":\"https:\/\/kapitalis.com\/tunisie\/2022\/02\/25\/assassinat-de-mohamed-brahmi-nouveau-report-de-lexamen-de-laffaire\/\"},\"wordCount\":208,\"commentCount\":3,\"publisher\":{\"@id\":\"https:\/\/kapitalis.com\/tunisie\/#organization\"},\"image\":{\"@id\":\"https:\/\/kapitalis.com\/tunisie\/2022\/02\/25\/assassinat-de-mohamed-brahmi-nouveau-report-de-lexamen-de-laffaire\/#primaryimage\"},\"thumbnailUrl\":\"http:\/\/kapitalis.com\/tunisie\/wp-content\/uploads\/2015\/05\/Brahmi1.jpg\",\"keywords\":[\"assassinat poltique\",\"justice\",\"Mohamed Brahmi\",\"report\",\"tribunal\",\"Tunisie\"],\"articleSection\":[\"POLITIQUE\",\"SOCIETE\",\"Tunisie\"],\"inLanguage\":\"fr-FR\",\"potentialAction\":[{\"@type\":\"CommentAction\",\"name\":\"Comment\",\"target\":[\"https:\/\/kapitalis.com\/tunisie\/2022\/02\/25\/assassinat-de-mohamed-brahmi-nouveau-report-de-lexamen-de-laffaire\/#respond\"]}]},{\"@type\":\"WebPage\",\"@id\":\"https:\/\/kapitalis.com\/tunisie\/2022\/02\/25\/assassinat-de-mohamed-brahmi-nouveau-report-de-lexamen-de-laffaire\/\",\"url\":\"https:\/\/kapitalis.com\/tunisie\/2022\/02\/25\/assassinat-de-mohamed-brahmi-nouveau-report-de-lexamen-de-laffaire\/\",\"name\":\"Assassinat de Mohamed Brahmi : Nouveau report de l\u2019examen de l\u2019affaire - Kapitalis\",\"isPartOf\":{\"@id\":\"https:\/\/kapitalis.com\/tunisie\/#website\"},\"primaryImageOfPage\":{\"@id\":\"https:\/\/kapitalis.com\/tunisie\/2022\/02\/25\/assassinat-de-mohamed-brahmi-nouveau-report-de-lexamen-de-laffaire\/#primaryimage\"},\"image\":{\"@id\":\"https:\/\/kapitalis.com\/tunisie\/2022\/02\/25\/assassinat-de-mohamed-brahmi-nouveau-report-de-lexamen-de-laffaire\/#primaryimage\"},\"thumbnailUrl\":\"http:\/\/kapitalis.com\/tunisie\/wp-content\/uploads\/2015\/05\/Brahmi1.jpg\",\"datePublished\":\"2022-02-25T18:01:28+00:00\",\"dateModified\":\"2022-02-25T18:05:26+00:00\",\"breadcrumb\":{\"@id\":\"https:\/\/kapitalis.com\/tunisie\/2022\/02\/25\/assassinat-de-mohamed-brahmi-nouveau-report-de-lexamen-de-laffaire\/#breadcrumb\"},\"inLanguage\":\"fr-FR\",\"potentialAction\":[{\"@type\":\"ReadAction\",\"target\":[\"https:\/\/kapitalis.com\/tunisie\/2022\/02\/25\/assassinat-de-mohamed-brahmi-nouveau-report-de-lexamen-de-laffaire\/\"]}]},{\"@type\":\"ImageObject\",\"inLanguage\":\"fr-FR\",\"@id\":\"https:\/\/kapitalis.com\/tunisie\/2022\/02\/25\/assassinat-de-mohamed-brahmi-nouveau-report-de-lexamen-de-laffaire\/#primaryimage\",\"url\":\"\",\"contentUrl\":\"\"},{\"@type\":\"BreadcrumbList\",\"@id\":\"https:\/\/kapitalis.com\/tunisie\/2022\/02\/25\/assassinat-de-mohamed-brahmi-nouveau-report-de-lexamen-de-laffaire\/#breadcrumb\",\"itemListElement\":[{\"@type\":\"ListItem\",\"position\":1,\"name\":\"Accueil\",\"item\":\"https:\/\/kapitalis.com\/tunisie\/\"},{\"@type\":\"ListItem\",\"position\":2,\"name\":\"Assassinat de Mohamed Brahmi : Nouveau report de l\u2019examen de l\u2019affaire\"}]},{\"@type\":\"WebSite\",\"@id\":\"https:\/\/kapitalis.com\/tunisie\/#website\",\"url\":\"https:\/\/kapitalis.com\/tunisie\/\",\"name\":\"Kapitalis\",\"description\":\"L&#039;actualit\u00e9 en Tunisie et dans le monde\",\"publisher\":{\"@id\":\"https:\/\/kapitalis.com\/tunisie\/#organization\"},\"potentialAction\":[{\"@type\":\"SearchAction\",\"target\":{\"@type\":\"EntryPoint\",\"urlTemplate\":\"https:\/\/kapitalis.com\/tunisie\/?s={search_term_string}\"},\"query-input\":{\"@type\":\"PropertyValueSpecification\",\"valueRequired\":true,\"valueName\":\"search_term_string\"}}],\"inLanguage\":\"fr-FR\"},{\"@type\":\"Organization\",\"@id\":\"https:\/\/kapitalis.com\/tunisie\/#organization\",\"name\":\"Kapitalis\",\"url\":\"https:\/\/kapitalis.com\/tunisie\/\",\"logo\":{\"@type\":\"ImageObject\",\"inLanguage\":\"fr-FR\",\"@id\":\"https:\/\/kapitalis.com\/tunisie\/#\/schema\/logo\/image\/\",\"url\":\"https:\/\/kapitalis.com\/tunisie\/wp-content\/uploads\/2022\/05\/Kapitalis-big-size.png\",\"contentUrl\":\"https:\/\/kapitalis.com\/tunisie\/wp-content\/uploads\/2022\/05\/Kapitalis-big-size.png\",\"width\":5000,\"height\":1500,\"caption\":\"Kapitalis\"},\"image\":{\"@id\":\"https:\/\/kapitalis.com\/tunisie\/#\/schema\/logo\/image\/\"},\"sameAs\":[\"https:\/\/www.facebook.com\/KapitalisInfo\/\",\"https:\/\/x.com\/KapitalisInfo\",\"https:\/\/www.youtube.com\/channel\/UC-yDYrHyfFBWWZaOw3FPg9Q\"]},{\"@type\":\"Person\",\"@id\":\"https:\/\/kapitalis.com\/tunisie\/#\/schema\/person\/74bbde0154d49d790a92aaeac5bc01d5\",\"name\":\"Yusra NY\",\"url\":\"https:\/\/kapitalis.com\/tunisie\/author\/yuza_adam\/\"}]}<\/script>\n<!-- \/ Yoast SEO plugin. -->","yoast_head_json":{"title":"Assassinat de Mohamed Brahmi : Nouveau report de l\u2019examen de l\u2019affaire - Kapitalis","robots":{"index":"index","follow":"follow","max-snippet":"max-snippet:-1","max-image-preview":"max-image-preview:large","max-video-preview":"max-video-preview:-1"},"canonical":"https:\/\/kapitalis.com\/tunisie\/2022\/02\/25\/assassinat-de-mohamed-brahmi-nouveau-report-de-lexamen-de-laffaire\/","og_locale":"fr_FR","og_type":"article","og_title":"Assassinat de Mohamed Brahmi : Nouveau report de l\u2019examen de l\u2019affaire - Kapitalis","og_description":"L\u2019examen de l\u2019affaire sur l\u2019assassinat du martyr Mohamed Brahmi, dirigeant de gauche assassin\u00e9 le 25 juillet 2013 par des extr\u00e9mistes religieux, a \u00e9t\u00e9 report\u00e9 au 31 mai 2022, et ce, \u00e0 la demande des avocats des parties civiles.","og_url":"https:\/\/kapitalis.com\/tunisie\/2022\/02\/25\/assassinat-de-mohamed-brahmi-nouveau-report-de-lexamen-de-laffaire\/","og_site_name":"Kapitalis","article_publisher":"https:\/\/www.facebook.com\/KapitalisInfo\/","article_published_time":"2022-02-25T18:01:28+00:00","article_modified_time":"2022-02-25T18:05:26+00:00","og_image":[{"url":"http:\/\/kapitalis.com\/tunisie\/wp-content\/uploads\/2015\/05\/Brahmi1.jpg","type":"","width":"","height":""}],"author":"Yusra NY","twitter_card":"summary_large_image","twitter_creator":"@KapitalisInfo","twitter_site":"@KapitalisInfo","twitter_misc":{"\u00c9crit par":"Yusra NY","Dur\u00e9e de lecture estim\u00e9e":"1 minute"},"schema":{"@context":"https:\/\/schema.org","@graph":[{"@type":"Article","@id":"https:\/\/kapitalis.com\/tunisie\/2022\/02\/25\/assassinat-de-mohamed-brahmi-nouveau-report-de-lexamen-de-laffaire\/#article","isPartOf":{"@id":"https:\/\/kapitalis.com\/tunisie\/2022\/02\/25\/assassinat-de-mohamed-brahmi-nouveau-report-de-lexamen-de-laffaire\/"},"author":{"name":"Yusra NY","@id":"https:\/\/kapitalis.com\/tunisie\/#\/schema\/person\/74bbde0154d49d790a92aaeac5bc01d5"},"headline":"Assassinat de Mohamed Brahmi : Nouveau report de l\u2019examen de l\u2019affaire","datePublished":"2022-02-25T18:01:28+00:00","dateModified":"2022-02-25T18:05:26+00:00","mainEntityOfPage":{"@id":"https:\/\/kapitalis.com\/tunisie\/2022\/02\/25\/assassinat-de-mohamed-brahmi-nouveau-report-de-lexamen-de-laffaire\/"},"wordCount":208,"commentCount":3,"publisher":{"@id":"https:\/\/kapitalis.com\/tunisie\/#organization"},"image":{"@id":"https:\/\/kapitalis.com\/tunisie\/2022\/02\/25\/assassinat-de-mohamed-brahmi-nouveau-report-de-lexamen-de-laffaire\/#primaryimage"},"thumbnailUrl":"http:\/\/kapitalis.com\/tunisie\/wp-content\/uploads\/2015\/05\/Brahmi1.jpg","keywords":["assassinat poltique","justice","Mohamed Brahmi","report","tribunal","Tunisie"],"articleSection":["POLITIQUE","SOCIETE","Tunisie"],"inLanguage":"fr-FR","potentialAction":[{"@type":"CommentAction","name":"Comment","target":["https:\/\/kapitalis.com\/tunisie\/2022\/02\/25\/assassinat-de-mohamed-brahmi-nouveau-report-de-lexamen-de-laffaire\/#respond"]}]},{"@type":"WebPage","@id":"https:\/\/kapitalis.com\/tunisie\/2022\/02\/25\/assassinat-de-mohamed-brahmi-nouveau-report-de-lexamen-de-laffaire\/","url":"https:\/\/kapitalis.com\/tunisie\/2022\/02\/25\/assassinat-de-mohamed-brahmi-nouveau-report-de-lexamen-de-laffaire\/","name":"Assassinat de Mohamed Brahmi : Nouveau report de l\u2019examen de l\u2019affaire - Kapitalis","isPartOf":{"@id":"https:\/\/kapitalis.com\/tunisie\/#website"},"primaryImageOfPage":{"@id":"https:\/\/kapitalis.com\/tunisie\/2022\/02\/25\/assassinat-de-mohamed-brahmi-nouveau-report-de-lexamen-de-laffaire\/#primaryimage"},"image":{"@id":"https:\/\/kapitalis.com\/tunisie\/2022\/02\/25\/assassinat-de-mohamed-brahmi-nouveau-report-de-lexamen-de-laffaire\/#primaryimage"},"thumbnailUrl":"http:\/\/kapitalis.com\/tunisie\/wp-content\/uploads\/2015\/05\/Brahmi1.jpg","datePublished":"2022-02-25T18:01:28+00:00","dateModified":"2022-02-25T18:05:26+00:00","breadcrumb":{"@id":"https:\/\/kapitalis.com\/tunisie\/2022\/02\/25\/assassinat-de-mohamed-brahmi-nouveau-report-de-lexamen-de-laffaire\/#breadcrumb"},"inLanguage":"fr-FR","potentialAction":[{"@type":"ReadAction","target":["https:\/\/kapitalis.com\/tunisie\/2022\/02\/25\/assassinat-de-mohamed-brahmi-nouveau-report-de-lexamen-de-laffaire\/"]}]},{"@type":"ImageObject","inLanguage":"fr-FR","@id":"https:\/\/kapitalis.com\/tunisie\/2022\/02\/25\/assassinat-de-mohamed-brahmi-nouveau-report-de-lexamen-de-laffaire\/#primaryimage","url":"","contentUrl":""},{"@type":"BreadcrumbList","@id":"https:\/\/kapitalis.com\/tunisie\/2022\/02\/25\/assassinat-de-mohamed-brahmi-nouveau-report-de-lexamen-de-laffaire\/#breadcrumb","itemListElement":[{"@type":"ListItem","position":1,"name":"Accueil","item":"https:\/\/kapitalis.com\/tunisie\/"},{"@type":"ListItem","position":2,"name":"Assassinat de Mohamed Brahmi : Nouveau report de l\u2019examen de l\u2019affaire"}]},{"@type":"WebSite","@id":"https:\/\/kapitalis.com\/tunisie\/#website","url":"https:\/\/kapitalis.com\/tunisie\/","name":"Kapitalis","description":"L&#039;actualit\u00e9 en Tunisie et dans le monde","publisher":{"@id":"https:\/\/kapitalis.com\/tunisie\/#organization"},"potentialAction":[{"@type":"SearchAction","target":{"@type":"EntryPoint","urlTemplate":"https:\/\/kapitalis.com\/tunisie\/?s={search_term_string}"},"query-input":{"@type":"PropertyValueSpecification","valueRequired":true,"valueName":"search_term_string"}}],"inLanguage":"fr-FR"},{"@type":"Organization","@id":"https:\/\/kapitalis.com\/tunisie\/#organization","name":"Kapitalis","url":"https:\/\/kapitalis.com\/tunisie\/","logo":{"@type":"ImageObject","inLanguage":"fr-FR","@id":"https:\/\/kapitalis.com\/tunisie\/#\/schema\/logo\/image\/","url":"https:\/\/kapitalis.com\/tunisie\/wp-content\/uploads\/2022\/05\/Kapitalis-big-size.png","contentUrl":"https:\/\/kapitalis.com\/tunisie\/wp-content\/uploads\/2022\/05\/Kapitalis-big-size.png","width":5000,"height":1500,"caption":"Kapitalis"},"image":{"@id":"https:\/\/kapitalis.com\/tunisie\/#\/schema\/logo\/image\/"},"sameAs":["https:\/\/www.facebook.com\/KapitalisInfo\/","https:\/\/x.com\/KapitalisInfo","https:\/\/www.youtube.com\/channel\/UC-yDYrHyfFBWWZaOw3FPg9Q"]},{"@type":"Person","@id":"https:\/\/kapitalis.com\/tunisie\/#\/schema\/person\/74bbde0154d49d790a92aaeac5bc01d5","name":"Yusra NY","url":"https:\/\/kapitalis.com\/tunisie\/author\/yuza_adam\/"}]}},"_links":{"self":[{"href":"https:\/\/kapitalis.com\/tunisie\/wp-json\/wp\/v2\/posts\/382028","targetHints":{"allow":["GET"]}}],"collection":[{"href":"https:\/\/kapitalis.com\/tunisie\/wp-json\/wp\/v2\/posts"}],"about":[{"href":"https:\/\/kapitalis.com\/tunisie\/wp-json\/wp\/v2\/types\/post"}],"author":[{"embeddable":true,"href":"https:\/\/kapitalis.com\/tunisie\/wp-json\/wp\/v2\/users\/6"}],"replies":[{"embeddable":true,"href":"https:\/\/kapitalis.com\/tunisie\/wp-json\/wp\/v2\/comments?post=382028"}],"version-history":[{"count":0,"href":"https:\/\/kapitalis.com\/tunisie\/wp-json\/wp\/v2\/posts\/382028\/revisions"}],"wp:attachment":[{"href":"https:\/\/kapitalis.com\/tunisie\/wp-json\/wp\/v2\/media?parent=382028"}],"wp:term":[{"taxonomy":"category","embeddable":true,"href":"https:\/\/kapitalis.com\/tunisie\/wp-json\/wp\/v2\/categories?post=382028"},{"taxonomy":"post_tag","embeddable":true,"href":"https:\/\/kapitalis.com\/tunisie\/wp-json\/wp\/v2\/tags?post=382028"}],"curies":[{"name":"wp","href":"https:\/\/api.w.org\/{rel}","templated":true}]}}