{"id":382382,"date":"2022-03-01T16:04:41","date_gmt":"2022-03-01T15:04:41","guid":{"rendered":"http:\/\/kapitalis.com\/tunisie\/?p=382382"},"modified":"2022-03-01T16:12:28","modified_gmt":"2022-03-01T15:12:28","slug":"ahmed-nejib-chebbi-la-tunisie-ne-dependra-pas-de-saied-sil-refuse-de-participer-au-dialogue","status":"publish","type":"post","link":"https:\/\/kapitalis.com\/tunisie\/2022\/03\/01\/ahmed-nejib-chebbi-la-tunisie-ne-dependra-pas-de-saied-sil-refuse-de-participer-au-dialogue\/","title":{"rendered":"Ahmed N\u00e9jib Chebbi : \u00abLa Tunisie ne d\u00e9pendra pas de Sa\u00efed s&rsquo;il refuse de participer au dialogue\u00bb"},"content":{"rendered":"\n<div class=\"wp-block-image\"><figure class=\"aligncenter size-full\"><img decoding=\"async\" src=\"http:\/\/kapitalis.com\/tunisie\/wp-content\/uploads\/2019\/10\/chebbi-saied.jpg\" alt=\"\" class=\"wp-image-244641\"\/><\/figure><\/div>\n\n\n\n<p><strong><em>Le membre du parti Al-Amal, Ahmed N\u00e9jib Chebbi, a indiqu\u00e9, ce mardi 1er mars 2022, qu&rsquo;il ne met pas en doute la l\u00e9gitimit\u00e9 du pr\u00e9sident de la r\u00e9publique, Ka\u00efs Sa\u00efed, consid\u00e9rant, toutefois, qu&rsquo;il est \u00abune partie prenante de la crise\u00bb et qu&rsquo;il a viol\u00e9 la constitution.<\/em><\/strong><\/p>\n\n\n\n<!--more-->\n\n\n\n<p>Et d&rsquo;ajouter, au micro de Shems FM, que la Tunisie n&rsquo;en sera pas d\u00e9pendante s&rsquo;il d\u00e9cide de ne pas participer au dialogue national.<\/p>\n\n\n\n<p>N\u00e9jib Chebbi a, par ailleurs, estim\u00e9 que le probl\u00e8me en Tunisie r\u00e9side dans les int\u00e9r\u00eats personnels et l&rsquo;incapacit\u00e9 \u00e0 percevoir l&rsquo;int\u00e9r\u00eat public comme une priorit\u00e9.<\/p>\n\n\n\n<p>Et d&rsquo;ajouter que la question de la loi \u00e9lectorale est actuellement secondaire, car \u00ab<em>il s&rsquo;agit un miroir qui refl\u00e8te la r\u00e9alit\u00e9, et si la r\u00e9alit\u00e9 est fragment\u00e9e, alors le Parlement sera fragment\u00e9<\/em>\u00bb&#8230;  \u00ab<em>La base est la situation politique. Ensuite viendra la r\u00e9forme de la loi \u00e9lectorale<\/em>\u00bb, a-t-il conclu.<\/p>\n\n\n\n<p class=\"has-text-align-right\"><strong>C. B. Y.<\/strong><\/p>\n","protected":false},"excerpt":{"rendered":"<p>Le membre du parti Al-Amal, Ahmed N\u00e9jib Chebbi, a indiqu\u00e9, ce mardi 1er mars 2022, qu&rsquo;il ne met pas en doute la l\u00e9gitimit\u00e9 du pr\u00e9sident de la r\u00e9publique, Ka\u00efs Sa\u00efed, consid\u00e9rant, toutefois, qu&rsquo;il est \u00abune partie prenante de la crise\u00bb et qu&rsquo;il a viol\u00e9 la constitution.<\/p>\n","protected":false},"author":24,"featured_media":0,"comment_status":"open","ping_status":"open","sticky":false,"template":"","format":"standard","meta":{"footnotes":""},"categories":[997,2433],"tags":[6350,2447,76012],"class_list":["post-382382","post","type-post","status-publish","format-standard","hentry","category-politique","category-tunisie","tag-ahmed-nejib-chebbi","tag-dialogue-national","tag-kais-saied-2"],"yoast_head":"<!-- This site is optimized with the Yoast SEO plugin v26.6 - https:\/\/yoast.com\/wordpress\/plugins\/seo\/ -->\n<title>Ahmed N\u00e9jib Chebbi : \u00abLa Tunisie ne d\u00e9pendra pas de Sa\u00efed s&#039;il refuse de participer au dialogue\u00bb - Kapitalis<\/title>\n<meta name=\"robots\" content=\"index, follow, max-snippet:-1, max-image-preview:large, max-video-preview:-1\" \/>\n<link rel=\"canonical\" href=\"https:\/\/kapitalis.com\/tunisie\/2022\/03\/01\/ahmed-nejib-chebbi-la-tunisie-ne-dependra-pas-de-saied-sil-refuse-de-participer-au-dialogue\/\" \/>\n<meta property=\"og:locale\" content=\"fr_FR\" \/>\n<meta property=\"og:type\" content=\"article\" \/>\n<meta property=\"og:title\" content=\"Ahmed N\u00e9jib Chebbi : \u00abLa Tunisie ne d\u00e9pendra pas de Sa\u00efed s&#039;il refuse de participer au dialogue\u00bb - Kapitalis\" \/>\n<meta property=\"og:description\" content=\"Le membre du parti Al-Amal, Ahmed N\u00e9jib Chebbi, a indiqu\u00e9, ce mardi 1er mars 2022, qu&rsquo;il ne met pas en doute la l\u00e9gitimit\u00e9 du pr\u00e9sident de la r\u00e9publique, Ka\u00efs Sa\u00efed, consid\u00e9rant, toutefois, qu&rsquo;il est \u00abune partie prenante de la crise\u00bb et qu&rsquo;il a viol\u00e9 la constitution.\" \/>\n<meta property=\"og:url\" content=\"https:\/\/kapitalis.com\/tunisie\/2022\/03\/01\/ahmed-nejib-chebbi-la-tunisie-ne-dependra-pas-de-saied-sil-refuse-de-participer-au-dialogue\/\" \/>\n<meta property=\"og:site_name\" content=\"Kapitalis\" \/>\n<meta property=\"article:publisher\" content=\"https:\/\/www.facebook.com\/KapitalisInfo\/\" \/>\n<meta property=\"article:published_time\" content=\"2022-03-01T15:04:41+00:00\" \/>\n<meta property=\"article:modified_time\" content=\"2022-03-01T15:12:28+00:00\" \/>\n<meta property=\"og:image\" content=\"http:\/\/kapitalis.com\/tunisie\/wp-content\/uploads\/2019\/10\/chebbi-saied.jpg\" \/>\n<meta name=\"author\" content=\"Cherif Benyounes\" \/>\n<meta name=\"twitter:card\" content=\"summary_large_image\" \/>\n<meta name=\"twitter:creator\" content=\"@KapitalisInfo\" \/>\n<meta name=\"twitter:site\" content=\"@KapitalisInfo\" \/>\n<meta name=\"twitter:label1\" content=\"\u00c9crit par\" \/>\n\t<meta name=\"twitter:data1\" content=\"Cherif Benyounes\" \/>\n\t<meta name=\"twitter:label2\" content=\"Dur\u00e9e de lecture estim\u00e9e\" \/>\n\t<meta name=\"twitter:data2\" content=\"1 minute\" \/>\n<script type=\"application\/ld+json\" class=\"yoast-schema-graph\">{\"@context\":\"https:\/\/schema.org\",\"@graph\":[{\"@type\":\"Article\",\"@id\":\"https:\/\/kapitalis.com\/tunisie\/2022\/03\/01\/ahmed-nejib-chebbi-la-tunisie-ne-dependra-pas-de-saied-sil-refuse-de-participer-au-dialogue\/#article\",\"isPartOf\":{\"@id\":\"https:\/\/kapitalis.com\/tunisie\/2022\/03\/01\/ahmed-nejib-chebbi-la-tunisie-ne-dependra-pas-de-saied-sil-refuse-de-participer-au-dialogue\/\"},\"author\":{\"name\":\"Cherif Benyounes\",\"@id\":\"https:\/\/kapitalis.com\/tunisie\/#\/schema\/person\/b35b8d631961131107263178aeb8019e\"},\"headline\":\"Ahmed N\u00e9jib Chebbi : \u00abLa Tunisie ne d\u00e9pendra pas de Sa\u00efed s&rsquo;il refuse de participer au dialogue\u00bb\",\"datePublished\":\"2022-03-01T15:04:41+00:00\",\"dateModified\":\"2022-03-01T15:12:28+00:00\",\"mainEntityOfPage\":{\"@id\":\"https:\/\/kapitalis.com\/tunisie\/2022\/03\/01\/ahmed-nejib-chebbi-la-tunisie-ne-dependra-pas-de-saied-sil-refuse-de-participer-au-dialogue\/\"},\"wordCount\":183,\"commentCount\":9,\"publisher\":{\"@id\":\"https:\/\/kapitalis.com\/tunisie\/#organization\"},\"image\":{\"@id\":\"https:\/\/kapitalis.com\/tunisie\/2022\/03\/01\/ahmed-nejib-chebbi-la-tunisie-ne-dependra-pas-de-saied-sil-refuse-de-participer-au-dialogue\/#primaryimage\"},\"thumbnailUrl\":\"http:\/\/kapitalis.com\/tunisie\/wp-content\/uploads\/2019\/10\/chebbi-saied.jpg\",\"keywords\":[\"Ahmed N\u00e9jib Chebbi\",\"dialogue national\",\"Ka\u00efs Sa\u00efed\"],\"articleSection\":[\"POLITIQUE\",\"Tunisie\"],\"inLanguage\":\"fr-FR\",\"potentialAction\":[{\"@type\":\"CommentAction\",\"name\":\"Comment\",\"target\":[\"https:\/\/kapitalis.com\/tunisie\/2022\/03\/01\/ahmed-nejib-chebbi-la-tunisie-ne-dependra-pas-de-saied-sil-refuse-de-participer-au-dialogue\/#respond\"]}]},{\"@type\":\"WebPage\",\"@id\":\"https:\/\/kapitalis.com\/tunisie\/2022\/03\/01\/ahmed-nejib-chebbi-la-tunisie-ne-dependra-pas-de-saied-sil-refuse-de-participer-au-dialogue\/\",\"url\":\"https:\/\/kapitalis.com\/tunisie\/2022\/03\/01\/ahmed-nejib-chebbi-la-tunisie-ne-dependra-pas-de-saied-sil-refuse-de-participer-au-dialogue\/\",\"name\":\"Ahmed N\u00e9jib Chebbi : \u00abLa Tunisie ne d\u00e9pendra pas de Sa\u00efed s'il refuse de participer au dialogue\u00bb - Kapitalis\",\"isPartOf\":{\"@id\":\"https:\/\/kapitalis.com\/tunisie\/#website\"},\"primaryImageOfPage\":{\"@id\":\"https:\/\/kapitalis.com\/tunisie\/2022\/03\/01\/ahmed-nejib-chebbi-la-tunisie-ne-dependra-pas-de-saied-sil-refuse-de-participer-au-dialogue\/#primaryimage\"},\"image\":{\"@id\":\"https:\/\/kapitalis.com\/tunisie\/2022\/03\/01\/ahmed-nejib-chebbi-la-tunisie-ne-dependra-pas-de-saied-sil-refuse-de-participer-au-dialogue\/#primaryimage\"},\"thumbnailUrl\":\"http:\/\/kapitalis.com\/tunisie\/wp-content\/uploads\/2019\/10\/chebbi-saied.jpg\",\"datePublished\":\"2022-03-01T15:04:41+00:00\",\"dateModified\":\"2022-03-01T15:12:28+00:00\",\"breadcrumb\":{\"@id\":\"https:\/\/kapitalis.com\/tunisie\/2022\/03\/01\/ahmed-nejib-chebbi-la-tunisie-ne-dependra-pas-de-saied-sil-refuse-de-participer-au-dialogue\/#breadcrumb\"},\"inLanguage\":\"fr-FR\",\"potentialAction\":[{\"@type\":\"ReadAction\",\"target\":[\"https:\/\/kapitalis.com\/tunisie\/2022\/03\/01\/ahmed-nejib-chebbi-la-tunisie-ne-dependra-pas-de-saied-sil-refuse-de-participer-au-dialogue\/\"]}]},{\"@type\":\"ImageObject\",\"inLanguage\":\"fr-FR\",\"@id\":\"https:\/\/kapitalis.com\/tunisie\/2022\/03\/01\/ahmed-nejib-chebbi-la-tunisie-ne-dependra-pas-de-saied-sil-refuse-de-participer-au-dialogue\/#primaryimage\",\"url\":\"\",\"contentUrl\":\"\"},{\"@type\":\"BreadcrumbList\",\"@id\":\"https:\/\/kapitalis.com\/tunisie\/2022\/03\/01\/ahmed-nejib-chebbi-la-tunisie-ne-dependra-pas-de-saied-sil-refuse-de-participer-au-dialogue\/#breadcrumb\",\"itemListElement\":[{\"@type\":\"ListItem\",\"position\":1,\"name\":\"Accueil\",\"item\":\"https:\/\/kapitalis.com\/tunisie\/\"},{\"@type\":\"ListItem\",\"position\":2,\"name\":\"Ahmed N\u00e9jib Chebbi : \u00abLa Tunisie ne d\u00e9pendra pas de Sa\u00efed s&rsquo;il refuse de participer au dialogue\u00bb\"}]},{\"@type\":\"WebSite\",\"@id\":\"https:\/\/kapitalis.com\/tunisie\/#website\",\"url\":\"https:\/\/kapitalis.com\/tunisie\/\",\"name\":\"Kapitalis\",\"description\":\"L&#039;actualit\u00e9 en Tunisie et dans le monde\",\"publisher\":{\"@id\":\"https:\/\/kapitalis.com\/tunisie\/#organization\"},\"potentialAction\":[{\"@type\":\"SearchAction\",\"target\":{\"@type\":\"EntryPoint\",\"urlTemplate\":\"https:\/\/kapitalis.com\/tunisie\/?s={search_term_string}\"},\"query-input\":{\"@type\":\"PropertyValueSpecification\",\"valueRequired\":true,\"valueName\":\"search_term_string\"}}],\"inLanguage\":\"fr-FR\"},{\"@type\":\"Organization\",\"@id\":\"https:\/\/kapitalis.com\/tunisie\/#organization\",\"name\":\"Kapitalis\",\"url\":\"https:\/\/kapitalis.com\/tunisie\/\",\"logo\":{\"@type\":\"ImageObject\",\"inLanguage\":\"fr-FR\",\"@id\":\"https:\/\/kapitalis.com\/tunisie\/#\/schema\/logo\/image\/\",\"url\":\"https:\/\/kapitalis.com\/tunisie\/wp-content\/uploads\/2022\/05\/Kapitalis-big-size.png\",\"contentUrl\":\"https:\/\/kapitalis.com\/tunisie\/wp-content\/uploads\/2022\/05\/Kapitalis-big-size.png\",\"width\":5000,\"height\":1500,\"caption\":\"Kapitalis\"},\"image\":{\"@id\":\"https:\/\/kapitalis.com\/tunisie\/#\/schema\/logo\/image\/\"},\"sameAs\":[\"https:\/\/www.facebook.com\/KapitalisInfo\/\",\"https:\/\/x.com\/KapitalisInfo\",\"https:\/\/www.youtube.com\/channel\/UC-yDYrHyfFBWWZaOw3FPg9Q\"]},{\"@type\":\"Person\",\"@id\":\"https:\/\/kapitalis.com\/tunisie\/#\/schema\/person\/b35b8d631961131107263178aeb8019e\",\"name\":\"Cherif Benyounes\",\"url\":\"https:\/\/kapitalis.com\/tunisie\/author\/cherif\/\"}]}<\/script>\n<!-- \/ Yoast SEO plugin. -->","yoast_head_json":{"title":"Ahmed N\u00e9jib Chebbi : \u00abLa Tunisie ne d\u00e9pendra pas de Sa\u00efed s'il refuse de participer au dialogue\u00bb - Kapitalis","robots":{"index":"index","follow":"follow","max-snippet":"max-snippet:-1","max-image-preview":"max-image-preview:large","max-video-preview":"max-video-preview:-1"},"canonical":"https:\/\/kapitalis.com\/tunisie\/2022\/03\/01\/ahmed-nejib-chebbi-la-tunisie-ne-dependra-pas-de-saied-sil-refuse-de-participer-au-dialogue\/","og_locale":"fr_FR","og_type":"article","og_title":"Ahmed N\u00e9jib Chebbi : \u00abLa Tunisie ne d\u00e9pendra pas de Sa\u00efed s'il refuse de participer au dialogue\u00bb - Kapitalis","og_description":"Le membre du parti Al-Amal, Ahmed N\u00e9jib Chebbi, a indiqu\u00e9, ce mardi 1er mars 2022, qu&rsquo;il ne met pas en doute la l\u00e9gitimit\u00e9 du pr\u00e9sident de la r\u00e9publique, Ka\u00efs Sa\u00efed, consid\u00e9rant, toutefois, qu&rsquo;il est \u00abune partie prenante de la crise\u00bb et qu&rsquo;il a viol\u00e9 la constitution.","og_url":"https:\/\/kapitalis.com\/tunisie\/2022\/03\/01\/ahmed-nejib-chebbi-la-tunisie-ne-dependra-pas-de-saied-sil-refuse-de-participer-au-dialogue\/","og_site_name":"Kapitalis","article_publisher":"https:\/\/www.facebook.com\/KapitalisInfo\/","article_published_time":"2022-03-01T15:04:41+00:00","article_modified_time":"2022-03-01T15:12:28+00:00","og_image":[{"url":"http:\/\/kapitalis.com\/tunisie\/wp-content\/uploads\/2019\/10\/chebbi-saied.jpg","type":"","width":"","height":""}],"author":"Cherif Benyounes","twitter_card":"summary_large_image","twitter_creator":"@KapitalisInfo","twitter_site":"@KapitalisInfo","twitter_misc":{"\u00c9crit par":"Cherif Benyounes","Dur\u00e9e de lecture estim\u00e9e":"1 minute"},"schema":{"@context":"https:\/\/schema.org","@graph":[{"@type":"Article","@id":"https:\/\/kapitalis.com\/tunisie\/2022\/03\/01\/ahmed-nejib-chebbi-la-tunisie-ne-dependra-pas-de-saied-sil-refuse-de-participer-au-dialogue\/#article","isPartOf":{"@id":"https:\/\/kapitalis.com\/tunisie\/2022\/03\/01\/ahmed-nejib-chebbi-la-tunisie-ne-dependra-pas-de-saied-sil-refuse-de-participer-au-dialogue\/"},"author":{"name":"Cherif Benyounes","@id":"https:\/\/kapitalis.com\/tunisie\/#\/schema\/person\/b35b8d631961131107263178aeb8019e"},"headline":"Ahmed N\u00e9jib Chebbi : \u00abLa Tunisie ne d\u00e9pendra pas de Sa\u00efed s&rsquo;il refuse de participer au dialogue\u00bb","datePublished":"2022-03-01T15:04:41+00:00","dateModified":"2022-03-01T15:12:28+00:00","mainEntityOfPage":{"@id":"https:\/\/kapitalis.com\/tunisie\/2022\/03\/01\/ahmed-nejib-chebbi-la-tunisie-ne-dependra-pas-de-saied-sil-refuse-de-participer-au-dialogue\/"},"wordCount":183,"commentCount":9,"publisher":{"@id":"https:\/\/kapitalis.com\/tunisie\/#organization"},"image":{"@id":"https:\/\/kapitalis.com\/tunisie\/2022\/03\/01\/ahmed-nejib-chebbi-la-tunisie-ne-dependra-pas-de-saied-sil-refuse-de-participer-au-dialogue\/#primaryimage"},"thumbnailUrl":"http:\/\/kapitalis.com\/tunisie\/wp-content\/uploads\/2019\/10\/chebbi-saied.jpg","keywords":["Ahmed N\u00e9jib Chebbi","dialogue national","Ka\u00efs Sa\u00efed"],"articleSection":["POLITIQUE","Tunisie"],"inLanguage":"fr-FR","potentialAction":[{"@type":"CommentAction","name":"Comment","target":["https:\/\/kapitalis.com\/tunisie\/2022\/03\/01\/ahmed-nejib-chebbi-la-tunisie-ne-dependra-pas-de-saied-sil-refuse-de-participer-au-dialogue\/#respond"]}]},{"@type":"WebPage","@id":"https:\/\/kapitalis.com\/tunisie\/2022\/03\/01\/ahmed-nejib-chebbi-la-tunisie-ne-dependra-pas-de-saied-sil-refuse-de-participer-au-dialogue\/","url":"https:\/\/kapitalis.com\/tunisie\/2022\/03\/01\/ahmed-nejib-chebbi-la-tunisie-ne-dependra-pas-de-saied-sil-refuse-de-participer-au-dialogue\/","name":"Ahmed N\u00e9jib Chebbi : \u00abLa Tunisie ne d\u00e9pendra pas de Sa\u00efed s'il refuse de participer au dialogue\u00bb - Kapitalis","isPartOf":{"@id":"https:\/\/kapitalis.com\/tunisie\/#website"},"primaryImageOfPage":{"@id":"https:\/\/kapitalis.com\/tunisie\/2022\/03\/01\/ahmed-nejib-chebbi-la-tunisie-ne-dependra-pas-de-saied-sil-refuse-de-participer-au-dialogue\/#primaryimage"},"image":{"@id":"https:\/\/kapitalis.com\/tunisie\/2022\/03\/01\/ahmed-nejib-chebbi-la-tunisie-ne-dependra-pas-de-saied-sil-refuse-de-participer-au-dialogue\/#primaryimage"},"thumbnailUrl":"http:\/\/kapitalis.com\/tunisie\/wp-content\/uploads\/2019\/10\/chebbi-saied.jpg","datePublished":"2022-03-01T15:04:41+00:00","dateModified":"2022-03-01T15:12:28+00:00","breadcrumb":{"@id":"https:\/\/kapitalis.com\/tunisie\/2022\/03\/01\/ahmed-nejib-chebbi-la-tunisie-ne-dependra-pas-de-saied-sil-refuse-de-participer-au-dialogue\/#breadcrumb"},"inLanguage":"fr-FR","potentialAction":[{"@type":"ReadAction","target":["https:\/\/kapitalis.com\/tunisie\/2022\/03\/01\/ahmed-nejib-chebbi-la-tunisie-ne-dependra-pas-de-saied-sil-refuse-de-participer-au-dialogue\/"]}]},{"@type":"ImageObject","inLanguage":"fr-FR","@id":"https:\/\/kapitalis.com\/tunisie\/2022\/03\/01\/ahmed-nejib-chebbi-la-tunisie-ne-dependra-pas-de-saied-sil-refuse-de-participer-au-dialogue\/#primaryimage","url":"","contentUrl":""},{"@type":"BreadcrumbList","@id":"https:\/\/kapitalis.com\/tunisie\/2022\/03\/01\/ahmed-nejib-chebbi-la-tunisie-ne-dependra-pas-de-saied-sil-refuse-de-participer-au-dialogue\/#breadcrumb","itemListElement":[{"@type":"ListItem","position":1,"name":"Accueil","item":"https:\/\/kapitalis.com\/tunisie\/"},{"@type":"ListItem","position":2,"name":"Ahmed N\u00e9jib Chebbi : \u00abLa Tunisie ne d\u00e9pendra pas de Sa\u00efed s&rsquo;il refuse de participer au dialogue\u00bb"}]},{"@type":"WebSite","@id":"https:\/\/kapitalis.com\/tunisie\/#website","url":"https:\/\/kapitalis.com\/tunisie\/","name":"Kapitalis","description":"L&#039;actualit\u00e9 en Tunisie et dans le monde","publisher":{"@id":"https:\/\/kapitalis.com\/tunisie\/#organization"},"potentialAction":[{"@type":"SearchAction","target":{"@type":"EntryPoint","urlTemplate":"https:\/\/kapitalis.com\/tunisie\/?s={search_term_string}"},"query-input":{"@type":"PropertyValueSpecification","valueRequired":true,"valueName":"search_term_string"}}],"inLanguage":"fr-FR"},{"@type":"Organization","@id":"https:\/\/kapitalis.com\/tunisie\/#organization","name":"Kapitalis","url":"https:\/\/kapitalis.com\/tunisie\/","logo":{"@type":"ImageObject","inLanguage":"fr-FR","@id":"https:\/\/kapitalis.com\/tunisie\/#\/schema\/logo\/image\/","url":"https:\/\/kapitalis.com\/tunisie\/wp-content\/uploads\/2022\/05\/Kapitalis-big-size.png","contentUrl":"https:\/\/kapitalis.com\/tunisie\/wp-content\/uploads\/2022\/05\/Kapitalis-big-size.png","width":5000,"height":1500,"caption":"Kapitalis"},"image":{"@id":"https:\/\/kapitalis.com\/tunisie\/#\/schema\/logo\/image\/"},"sameAs":["https:\/\/www.facebook.com\/KapitalisInfo\/","https:\/\/x.com\/KapitalisInfo","https:\/\/www.youtube.com\/channel\/UC-yDYrHyfFBWWZaOw3FPg9Q"]},{"@type":"Person","@id":"https:\/\/kapitalis.com\/tunisie\/#\/schema\/person\/b35b8d631961131107263178aeb8019e","name":"Cherif Benyounes","url":"https:\/\/kapitalis.com\/tunisie\/author\/cherif\/"}]}},"_links":{"self":[{"href":"https:\/\/kapitalis.com\/tunisie\/wp-json\/wp\/v2\/posts\/382382","targetHints":{"allow":["GET"]}}],"collection":[{"href":"https:\/\/kapitalis.com\/tunisie\/wp-json\/wp\/v2\/posts"}],"about":[{"href":"https:\/\/kapitalis.com\/tunisie\/wp-json\/wp\/v2\/types\/post"}],"author":[{"embeddable":true,"href":"https:\/\/kapitalis.com\/tunisie\/wp-json\/wp\/v2\/users\/24"}],"replies":[{"embeddable":true,"href":"https:\/\/kapitalis.com\/tunisie\/wp-json\/wp\/v2\/comments?post=382382"}],"version-history":[{"count":0,"href":"https:\/\/kapitalis.com\/tunisie\/wp-json\/wp\/v2\/posts\/382382\/revisions"}],"wp:attachment":[{"href":"https:\/\/kapitalis.com\/tunisie\/wp-json\/wp\/v2\/media?parent=382382"}],"wp:term":[{"taxonomy":"category","embeddable":true,"href":"https:\/\/kapitalis.com\/tunisie\/wp-json\/wp\/v2\/categories?post=382382"},{"taxonomy":"post_tag","embeddable":true,"href":"https:\/\/kapitalis.com\/tunisie\/wp-json\/wp\/v2\/tags?post=382382"}],"curies":[{"name":"wp","href":"https:\/\/api.w.org\/{rel}","templated":true}]}}