{"id":382392,"date":"2022-03-01T16:51:40","date_gmt":"2022-03-01T15:51:40","guid":{"rendered":"http:\/\/kapitalis.com\/tunisie\/?p=382392"},"modified":"2022-03-01T16:55:38","modified_gmt":"2022-03-01T15:55:38","slug":"tunisie-le-pdl-met-en-garde-contre-les-dangers-de-la-prolongation-des-mesures-du-25-juillet","status":"publish","type":"post","link":"https:\/\/kapitalis.com\/tunisie\/2022\/03\/01\/tunisie-le-pdl-met-en-garde-contre-les-dangers-de-la-prolongation-des-mesures-du-25-juillet\/","title":{"rendered":"Tunisie : Le PDL met en garde contre les dangers de la prolongation des mesures du 25 juillet"},"content":{"rendered":"\n<div class=\"wp-block-image\"><figure class=\"aligncenter size-full\"><img decoding=\"async\" src=\"http:\/\/kapitalis.com\/tunisie\/wp-content\/uploads\/2020\/05\/PDL-Abir-Moussi.jpg\" alt=\"\" class=\"wp-image-297180\"\/><\/figure><\/div>\n\n\n\n<p><strong><em>La crise financi\u00e8re, \u00e9conomique et sociale est en train de s&rsquo;aggraver pendant la prolongation d\u00e9lib\u00e9r\u00e9e des mesures exceptionnelles du 25 juillet, a estim\u00e9, aujourd&rsquo;hui, mardi 1er mars 2022, le Parti destourien libre (PDL), mettant en garde contre le pouvoir unilat\u00e9ral du pr\u00e9sident de la r\u00e9publique, Ka\u00efs Sa\u00efed, \u00abdans le but de r\u00e9aliser des projets politiques personnels\u00bb.<\/em><\/strong><\/p>\n\n\n\n<!--more-->\n\n\n\n<p>Le parti, favorable \u00e0 la dissolution de l&rsquo;Assembl\u00e9e des repr\u00e9sentants du peuple (ARP) et \u00e0 des l\u00e9gislatives anticip\u00e9es a, dans le m\u00eame contexte, fait part de son inqui\u00e9tude \u00e0 propos des \u00ab<em>graves r\u00e9percussions des d\u00e9cisions gouvernementales successives d\u2019augmenter le prix du carburant<\/em>\u00bb, ajoutant que cela va mener \u00e0 la hausse du co\u00fbt de la production et la d\u00e9t\u00e9rioration du pouvoir d\u2019achat des citoyens.<\/p>\n\n\n\n<p>\u00ab<em>Le gouvernement actuel, d\u00e9sign\u00e9 par d\u00e9cret pr\u00e9sidentiel va \u00e0 l\u2019encontre des dispositions de l\u2019article 80 de la Constitution et est d\u00e9pourvu de tout soutien politique et social lui permettant de s\u2019engager aupr\u00e8s des Tunisiens \u00e0 mettre en \u0153uvre des programmes de r\u00e9forme \u00e0 long et moyen terme<\/em>\u00bb, lit-on encore dans le communiqu\u00e9 du PDL. <\/p>\n\n\n\n<p>Le parti de Abir Moussi a, par ailleurs, annonc\u00e9 une marche suivie d\u2019un rassemblement de protestation, le 13 mars courant, \u00e0 Tunis, pour r\u00e9clamer un calendrier pr\u00e9cis sur la fin des d\u00e9lais des mesures exceptionnelles.\u00a0<\/p>\n\n\n\n<p><\/p>\n","protected":false},"excerpt":{"rendered":"<p>La crise financi\u00e8re, \u00e9conomique et sociale est en train de s&rsquo;aggraver pendant la prolongation d\u00e9lib\u00e9r\u00e9e des mesures exceptionnelles du 25 juillet, a estim\u00e9, aujourd&rsquo;hui, mardi 1er mars 2022, le Parti destourien libre (PDL), mettant en garde contre le pouvoir unilat\u00e9ral du pr\u00e9sident de la r\u00e9publique, Ka\u00efs Sa\u00efed, \u00abdans le but de r\u00e9aliser des projets politiques&#8230;<\/p>\n","protected":false},"author":24,"featured_media":0,"comment_status":"open","ping_status":"open","sticky":false,"template":"","format":"standard","meta":{"footnotes":""},"categories":[997,2433],"tags":[15144,76012,33536,62643],"class_list":["post-382392","post","type-post","status-publish","format-standard","hentry","category-politique","category-tunisie","tag-abir-moussi","tag-kais-saied-2","tag-pdl","tag-tunisie"],"yoast_head":"<!-- This site is optimized with the Yoast SEO plugin v26.6 - https:\/\/yoast.com\/wordpress\/plugins\/seo\/ -->\n<title>Tunisie : Le PDL met en garde contre les dangers de la prolongation des mesures du 25 juillet - Kapitalis<\/title>\n<meta name=\"robots\" content=\"index, follow, max-snippet:-1, max-image-preview:large, max-video-preview:-1\" \/>\n<link rel=\"canonical\" href=\"https:\/\/kapitalis.com\/tunisie\/2022\/03\/01\/tunisie-le-pdl-met-en-garde-contre-les-dangers-de-la-prolongation-des-mesures-du-25-juillet\/\" \/>\n<meta property=\"og:locale\" content=\"fr_FR\" \/>\n<meta property=\"og:type\" content=\"article\" \/>\n<meta property=\"og:title\" content=\"Tunisie : Le PDL met en garde contre les dangers de la prolongation des mesures du 25 juillet - Kapitalis\" \/>\n<meta property=\"og:description\" content=\"La crise financi\u00e8re, \u00e9conomique et sociale est en train de s&rsquo;aggraver pendant la prolongation d\u00e9lib\u00e9r\u00e9e des mesures exceptionnelles du 25 juillet, a estim\u00e9, aujourd&rsquo;hui, mardi 1er mars 2022, le Parti destourien libre (PDL), mettant en garde contre le pouvoir unilat\u00e9ral du pr\u00e9sident de la r\u00e9publique, Ka\u00efs Sa\u00efed, \u00abdans le but de r\u00e9aliser des projets politiques...\" \/>\n<meta property=\"og:url\" content=\"https:\/\/kapitalis.com\/tunisie\/2022\/03\/01\/tunisie-le-pdl-met-en-garde-contre-les-dangers-de-la-prolongation-des-mesures-du-25-juillet\/\" \/>\n<meta property=\"og:site_name\" content=\"Kapitalis\" \/>\n<meta property=\"article:publisher\" content=\"https:\/\/www.facebook.com\/KapitalisInfo\/\" \/>\n<meta property=\"article:published_time\" content=\"2022-03-01T15:51:40+00:00\" \/>\n<meta property=\"article:modified_time\" content=\"2022-03-01T15:55:38+00:00\" \/>\n<meta property=\"og:image\" content=\"http:\/\/kapitalis.com\/tunisie\/wp-content\/uploads\/2020\/05\/PDL-Abir-Moussi.jpg\" \/>\n<meta name=\"author\" content=\"Cherif Benyounes\" \/>\n<meta name=\"twitter:card\" content=\"summary_large_image\" \/>\n<meta name=\"twitter:creator\" content=\"@KapitalisInfo\" \/>\n<meta name=\"twitter:site\" content=\"@KapitalisInfo\" \/>\n<meta name=\"twitter:label1\" content=\"\u00c9crit par\" \/>\n\t<meta name=\"twitter:data1\" content=\"Cherif Benyounes\" \/>\n\t<meta name=\"twitter:label2\" content=\"Dur\u00e9e de lecture estim\u00e9e\" \/>\n\t<meta name=\"twitter:data2\" content=\"1 minute\" \/>\n<script type=\"application\/ld+json\" class=\"yoast-schema-graph\">{\"@context\":\"https:\/\/schema.org\",\"@graph\":[{\"@type\":\"Article\",\"@id\":\"https:\/\/kapitalis.com\/tunisie\/2022\/03\/01\/tunisie-le-pdl-met-en-garde-contre-les-dangers-de-la-prolongation-des-mesures-du-25-juillet\/#article\",\"isPartOf\":{\"@id\":\"https:\/\/kapitalis.com\/tunisie\/2022\/03\/01\/tunisie-le-pdl-met-en-garde-contre-les-dangers-de-la-prolongation-des-mesures-du-25-juillet\/\"},\"author\":{\"name\":\"Cherif Benyounes\",\"@id\":\"https:\/\/kapitalis.com\/tunisie\/#\/schema\/person\/b35b8d631961131107263178aeb8019e\"},\"headline\":\"Tunisie : Le PDL met en garde contre les dangers de la prolongation des mesures du 25 juillet\",\"datePublished\":\"2022-03-01T15:51:40+00:00\",\"dateModified\":\"2022-03-01T15:55:38+00:00\",\"mainEntityOfPage\":{\"@id\":\"https:\/\/kapitalis.com\/tunisie\/2022\/03\/01\/tunisie-le-pdl-met-en-garde-contre-les-dangers-de-la-prolongation-des-mesures-du-25-juillet\/\"},\"wordCount\":248,\"commentCount\":2,\"publisher\":{\"@id\":\"https:\/\/kapitalis.com\/tunisie\/#organization\"},\"image\":{\"@id\":\"https:\/\/kapitalis.com\/tunisie\/2022\/03\/01\/tunisie-le-pdl-met-en-garde-contre-les-dangers-de-la-prolongation-des-mesures-du-25-juillet\/#primaryimage\"},\"thumbnailUrl\":\"http:\/\/kapitalis.com\/tunisie\/wp-content\/uploads\/2020\/05\/PDL-Abir-Moussi.jpg\",\"keywords\":[\"Abir Moussi\",\"Ka\u00efs Sa\u00efed\",\"PDL\",\"Tunisie\"],\"articleSection\":[\"POLITIQUE\",\"Tunisie\"],\"inLanguage\":\"fr-FR\",\"potentialAction\":[{\"@type\":\"CommentAction\",\"name\":\"Comment\",\"target\":[\"https:\/\/kapitalis.com\/tunisie\/2022\/03\/01\/tunisie-le-pdl-met-en-garde-contre-les-dangers-de-la-prolongation-des-mesures-du-25-juillet\/#respond\"]}]},{\"@type\":\"WebPage\",\"@id\":\"https:\/\/kapitalis.com\/tunisie\/2022\/03\/01\/tunisie-le-pdl-met-en-garde-contre-les-dangers-de-la-prolongation-des-mesures-du-25-juillet\/\",\"url\":\"https:\/\/kapitalis.com\/tunisie\/2022\/03\/01\/tunisie-le-pdl-met-en-garde-contre-les-dangers-de-la-prolongation-des-mesures-du-25-juillet\/\",\"name\":\"Tunisie : Le PDL met en garde contre les dangers de la prolongation des mesures du 25 juillet - Kapitalis\",\"isPartOf\":{\"@id\":\"https:\/\/kapitalis.com\/tunisie\/#website\"},\"primaryImageOfPage\":{\"@id\":\"https:\/\/kapitalis.com\/tunisie\/2022\/03\/01\/tunisie-le-pdl-met-en-garde-contre-les-dangers-de-la-prolongation-des-mesures-du-25-juillet\/#primaryimage\"},\"image\":{\"@id\":\"https:\/\/kapitalis.com\/tunisie\/2022\/03\/01\/tunisie-le-pdl-met-en-garde-contre-les-dangers-de-la-prolongation-des-mesures-du-25-juillet\/#primaryimage\"},\"thumbnailUrl\":\"http:\/\/kapitalis.com\/tunisie\/wp-content\/uploads\/2020\/05\/PDL-Abir-Moussi.jpg\",\"datePublished\":\"2022-03-01T15:51:40+00:00\",\"dateModified\":\"2022-03-01T15:55:38+00:00\",\"breadcrumb\":{\"@id\":\"https:\/\/kapitalis.com\/tunisie\/2022\/03\/01\/tunisie-le-pdl-met-en-garde-contre-les-dangers-de-la-prolongation-des-mesures-du-25-juillet\/#breadcrumb\"},\"inLanguage\":\"fr-FR\",\"potentialAction\":[{\"@type\":\"ReadAction\",\"target\":[\"https:\/\/kapitalis.com\/tunisie\/2022\/03\/01\/tunisie-le-pdl-met-en-garde-contre-les-dangers-de-la-prolongation-des-mesures-du-25-juillet\/\"]}]},{\"@type\":\"ImageObject\",\"inLanguage\":\"fr-FR\",\"@id\":\"https:\/\/kapitalis.com\/tunisie\/2022\/03\/01\/tunisie-le-pdl-met-en-garde-contre-les-dangers-de-la-prolongation-des-mesures-du-25-juillet\/#primaryimage\",\"url\":\"\",\"contentUrl\":\"\"},{\"@type\":\"BreadcrumbList\",\"@id\":\"https:\/\/kapitalis.com\/tunisie\/2022\/03\/01\/tunisie-le-pdl-met-en-garde-contre-les-dangers-de-la-prolongation-des-mesures-du-25-juillet\/#breadcrumb\",\"itemListElement\":[{\"@type\":\"ListItem\",\"position\":1,\"name\":\"Accueil\",\"item\":\"https:\/\/kapitalis.com\/tunisie\/\"},{\"@type\":\"ListItem\",\"position\":2,\"name\":\"Tunisie : Le PDL met en garde contre les dangers de la prolongation des mesures du 25 juillet\"}]},{\"@type\":\"WebSite\",\"@id\":\"https:\/\/kapitalis.com\/tunisie\/#website\",\"url\":\"https:\/\/kapitalis.com\/tunisie\/\",\"name\":\"Kapitalis\",\"description\":\"L&#039;actualit\u00e9 en Tunisie et dans le monde\",\"publisher\":{\"@id\":\"https:\/\/kapitalis.com\/tunisie\/#organization\"},\"potentialAction\":[{\"@type\":\"SearchAction\",\"target\":{\"@type\":\"EntryPoint\",\"urlTemplate\":\"https:\/\/kapitalis.com\/tunisie\/?s={search_term_string}\"},\"query-input\":{\"@type\":\"PropertyValueSpecification\",\"valueRequired\":true,\"valueName\":\"search_term_string\"}}],\"inLanguage\":\"fr-FR\"},{\"@type\":\"Organization\",\"@id\":\"https:\/\/kapitalis.com\/tunisie\/#organization\",\"name\":\"Kapitalis\",\"url\":\"https:\/\/kapitalis.com\/tunisie\/\",\"logo\":{\"@type\":\"ImageObject\",\"inLanguage\":\"fr-FR\",\"@id\":\"https:\/\/kapitalis.com\/tunisie\/#\/schema\/logo\/image\/\",\"url\":\"https:\/\/kapitalis.com\/tunisie\/wp-content\/uploads\/2022\/05\/Kapitalis-big-size.png\",\"contentUrl\":\"https:\/\/kapitalis.com\/tunisie\/wp-content\/uploads\/2022\/05\/Kapitalis-big-size.png\",\"width\":5000,\"height\":1500,\"caption\":\"Kapitalis\"},\"image\":{\"@id\":\"https:\/\/kapitalis.com\/tunisie\/#\/schema\/logo\/image\/\"},\"sameAs\":[\"https:\/\/www.facebook.com\/KapitalisInfo\/\",\"https:\/\/x.com\/KapitalisInfo\",\"https:\/\/www.youtube.com\/channel\/UC-yDYrHyfFBWWZaOw3FPg9Q\"]},{\"@type\":\"Person\",\"@id\":\"https:\/\/kapitalis.com\/tunisie\/#\/schema\/person\/b35b8d631961131107263178aeb8019e\",\"name\":\"Cherif Benyounes\",\"url\":\"https:\/\/kapitalis.com\/tunisie\/author\/cherif\/\"}]}<\/script>\n<!-- \/ Yoast SEO plugin. -->","yoast_head_json":{"title":"Tunisie : Le PDL met en garde contre les dangers de la prolongation des mesures du 25 juillet - Kapitalis","robots":{"index":"index","follow":"follow","max-snippet":"max-snippet:-1","max-image-preview":"max-image-preview:large","max-video-preview":"max-video-preview:-1"},"canonical":"https:\/\/kapitalis.com\/tunisie\/2022\/03\/01\/tunisie-le-pdl-met-en-garde-contre-les-dangers-de-la-prolongation-des-mesures-du-25-juillet\/","og_locale":"fr_FR","og_type":"article","og_title":"Tunisie : Le PDL met en garde contre les dangers de la prolongation des mesures du 25 juillet - Kapitalis","og_description":"La crise financi\u00e8re, \u00e9conomique et sociale est en train de s&rsquo;aggraver pendant la prolongation d\u00e9lib\u00e9r\u00e9e des mesures exceptionnelles du 25 juillet, a estim\u00e9, aujourd&rsquo;hui, mardi 1er mars 2022, le Parti destourien libre (PDL), mettant en garde contre le pouvoir unilat\u00e9ral du pr\u00e9sident de la r\u00e9publique, Ka\u00efs Sa\u00efed, \u00abdans le but de r\u00e9aliser des projets politiques...","og_url":"https:\/\/kapitalis.com\/tunisie\/2022\/03\/01\/tunisie-le-pdl-met-en-garde-contre-les-dangers-de-la-prolongation-des-mesures-du-25-juillet\/","og_site_name":"Kapitalis","article_publisher":"https:\/\/www.facebook.com\/KapitalisInfo\/","article_published_time":"2022-03-01T15:51:40+00:00","article_modified_time":"2022-03-01T15:55:38+00:00","og_image":[{"url":"http:\/\/kapitalis.com\/tunisie\/wp-content\/uploads\/2020\/05\/PDL-Abir-Moussi.jpg","type":"","width":"","height":""}],"author":"Cherif Benyounes","twitter_card":"summary_large_image","twitter_creator":"@KapitalisInfo","twitter_site":"@KapitalisInfo","twitter_misc":{"\u00c9crit par":"Cherif Benyounes","Dur\u00e9e de lecture estim\u00e9e":"1 minute"},"schema":{"@context":"https:\/\/schema.org","@graph":[{"@type":"Article","@id":"https:\/\/kapitalis.com\/tunisie\/2022\/03\/01\/tunisie-le-pdl-met-en-garde-contre-les-dangers-de-la-prolongation-des-mesures-du-25-juillet\/#article","isPartOf":{"@id":"https:\/\/kapitalis.com\/tunisie\/2022\/03\/01\/tunisie-le-pdl-met-en-garde-contre-les-dangers-de-la-prolongation-des-mesures-du-25-juillet\/"},"author":{"name":"Cherif Benyounes","@id":"https:\/\/kapitalis.com\/tunisie\/#\/schema\/person\/b35b8d631961131107263178aeb8019e"},"headline":"Tunisie : Le PDL met en garde contre les dangers de la prolongation des mesures du 25 juillet","datePublished":"2022-03-01T15:51:40+00:00","dateModified":"2022-03-01T15:55:38+00:00","mainEntityOfPage":{"@id":"https:\/\/kapitalis.com\/tunisie\/2022\/03\/01\/tunisie-le-pdl-met-en-garde-contre-les-dangers-de-la-prolongation-des-mesures-du-25-juillet\/"},"wordCount":248,"commentCount":2,"publisher":{"@id":"https:\/\/kapitalis.com\/tunisie\/#organization"},"image":{"@id":"https:\/\/kapitalis.com\/tunisie\/2022\/03\/01\/tunisie-le-pdl-met-en-garde-contre-les-dangers-de-la-prolongation-des-mesures-du-25-juillet\/#primaryimage"},"thumbnailUrl":"http:\/\/kapitalis.com\/tunisie\/wp-content\/uploads\/2020\/05\/PDL-Abir-Moussi.jpg","keywords":["Abir Moussi","Ka\u00efs Sa\u00efed","PDL","Tunisie"],"articleSection":["POLITIQUE","Tunisie"],"inLanguage":"fr-FR","potentialAction":[{"@type":"CommentAction","name":"Comment","target":["https:\/\/kapitalis.com\/tunisie\/2022\/03\/01\/tunisie-le-pdl-met-en-garde-contre-les-dangers-de-la-prolongation-des-mesures-du-25-juillet\/#respond"]}]},{"@type":"WebPage","@id":"https:\/\/kapitalis.com\/tunisie\/2022\/03\/01\/tunisie-le-pdl-met-en-garde-contre-les-dangers-de-la-prolongation-des-mesures-du-25-juillet\/","url":"https:\/\/kapitalis.com\/tunisie\/2022\/03\/01\/tunisie-le-pdl-met-en-garde-contre-les-dangers-de-la-prolongation-des-mesures-du-25-juillet\/","name":"Tunisie : Le PDL met en garde contre les dangers de la prolongation des mesures du 25 juillet - Kapitalis","isPartOf":{"@id":"https:\/\/kapitalis.com\/tunisie\/#website"},"primaryImageOfPage":{"@id":"https:\/\/kapitalis.com\/tunisie\/2022\/03\/01\/tunisie-le-pdl-met-en-garde-contre-les-dangers-de-la-prolongation-des-mesures-du-25-juillet\/#primaryimage"},"image":{"@id":"https:\/\/kapitalis.com\/tunisie\/2022\/03\/01\/tunisie-le-pdl-met-en-garde-contre-les-dangers-de-la-prolongation-des-mesures-du-25-juillet\/#primaryimage"},"thumbnailUrl":"http:\/\/kapitalis.com\/tunisie\/wp-content\/uploads\/2020\/05\/PDL-Abir-Moussi.jpg","datePublished":"2022-03-01T15:51:40+00:00","dateModified":"2022-03-01T15:55:38+00:00","breadcrumb":{"@id":"https:\/\/kapitalis.com\/tunisie\/2022\/03\/01\/tunisie-le-pdl-met-en-garde-contre-les-dangers-de-la-prolongation-des-mesures-du-25-juillet\/#breadcrumb"},"inLanguage":"fr-FR","potentialAction":[{"@type":"ReadAction","target":["https:\/\/kapitalis.com\/tunisie\/2022\/03\/01\/tunisie-le-pdl-met-en-garde-contre-les-dangers-de-la-prolongation-des-mesures-du-25-juillet\/"]}]},{"@type":"ImageObject","inLanguage":"fr-FR","@id":"https:\/\/kapitalis.com\/tunisie\/2022\/03\/01\/tunisie-le-pdl-met-en-garde-contre-les-dangers-de-la-prolongation-des-mesures-du-25-juillet\/#primaryimage","url":"","contentUrl":""},{"@type":"BreadcrumbList","@id":"https:\/\/kapitalis.com\/tunisie\/2022\/03\/01\/tunisie-le-pdl-met-en-garde-contre-les-dangers-de-la-prolongation-des-mesures-du-25-juillet\/#breadcrumb","itemListElement":[{"@type":"ListItem","position":1,"name":"Accueil","item":"https:\/\/kapitalis.com\/tunisie\/"},{"@type":"ListItem","position":2,"name":"Tunisie : Le PDL met en garde contre les dangers de la prolongation des mesures du 25 juillet"}]},{"@type":"WebSite","@id":"https:\/\/kapitalis.com\/tunisie\/#website","url":"https:\/\/kapitalis.com\/tunisie\/","name":"Kapitalis","description":"L&#039;actualit\u00e9 en Tunisie et dans le monde","publisher":{"@id":"https:\/\/kapitalis.com\/tunisie\/#organization"},"potentialAction":[{"@type":"SearchAction","target":{"@type":"EntryPoint","urlTemplate":"https:\/\/kapitalis.com\/tunisie\/?s={search_term_string}"},"query-input":{"@type":"PropertyValueSpecification","valueRequired":true,"valueName":"search_term_string"}}],"inLanguage":"fr-FR"},{"@type":"Organization","@id":"https:\/\/kapitalis.com\/tunisie\/#organization","name":"Kapitalis","url":"https:\/\/kapitalis.com\/tunisie\/","logo":{"@type":"ImageObject","inLanguage":"fr-FR","@id":"https:\/\/kapitalis.com\/tunisie\/#\/schema\/logo\/image\/","url":"https:\/\/kapitalis.com\/tunisie\/wp-content\/uploads\/2022\/05\/Kapitalis-big-size.png","contentUrl":"https:\/\/kapitalis.com\/tunisie\/wp-content\/uploads\/2022\/05\/Kapitalis-big-size.png","width":5000,"height":1500,"caption":"Kapitalis"},"image":{"@id":"https:\/\/kapitalis.com\/tunisie\/#\/schema\/logo\/image\/"},"sameAs":["https:\/\/www.facebook.com\/KapitalisInfo\/","https:\/\/x.com\/KapitalisInfo","https:\/\/www.youtube.com\/channel\/UC-yDYrHyfFBWWZaOw3FPg9Q"]},{"@type":"Person","@id":"https:\/\/kapitalis.com\/tunisie\/#\/schema\/person\/b35b8d631961131107263178aeb8019e","name":"Cherif Benyounes","url":"https:\/\/kapitalis.com\/tunisie\/author\/cherif\/"}]}},"_links":{"self":[{"href":"https:\/\/kapitalis.com\/tunisie\/wp-json\/wp\/v2\/posts\/382392","targetHints":{"allow":["GET"]}}],"collection":[{"href":"https:\/\/kapitalis.com\/tunisie\/wp-json\/wp\/v2\/posts"}],"about":[{"href":"https:\/\/kapitalis.com\/tunisie\/wp-json\/wp\/v2\/types\/post"}],"author":[{"embeddable":true,"href":"https:\/\/kapitalis.com\/tunisie\/wp-json\/wp\/v2\/users\/24"}],"replies":[{"embeddable":true,"href":"https:\/\/kapitalis.com\/tunisie\/wp-json\/wp\/v2\/comments?post=382392"}],"version-history":[{"count":0,"href":"https:\/\/kapitalis.com\/tunisie\/wp-json\/wp\/v2\/posts\/382392\/revisions"}],"wp:attachment":[{"href":"https:\/\/kapitalis.com\/tunisie\/wp-json\/wp\/v2\/media?parent=382392"}],"wp:term":[{"taxonomy":"category","embeddable":true,"href":"https:\/\/kapitalis.com\/tunisie\/wp-json\/wp\/v2\/categories?post=382392"},{"taxonomy":"post_tag","embeddable":true,"href":"https:\/\/kapitalis.com\/tunisie\/wp-json\/wp\/v2\/tags?post=382392"}],"curies":[{"name":"wp","href":"https:\/\/api.w.org\/{rel}","templated":true}]}}