{"id":382470,"date":"2022-03-02T13:20:40","date_gmt":"2022-03-02T12:20:40","guid":{"rendered":"http:\/\/kapitalis.com\/tunisie\/?p=382470"},"modified":"2022-03-02T13:23:03","modified_gmt":"2022-03-02T12:23:03","slug":"ghodwa-de-dhafer-el-abidine-une-premiere-experience-de-realisation-couronnee-de-succes","status":"publish","type":"post","link":"https:\/\/kapitalis.com\/tunisie\/2022\/03\/02\/ghodwa-de-dhafer-el-abidine-une-premiere-experience-de-realisation-couronnee-de-succes\/","title":{"rendered":"\u00ab Ghodwa \u00bb de Dhafer El Abidine : Une premi\u00e8re exp\u00e9rience de r\u00e9alisation couronn\u00e9e de succ\u00e8s"},"content":{"rendered":"\n<div class=\"wp-block-image\"><figure class=\"aligncenter size-full\"><img decoding=\"async\" src=\"http:\/\/kapitalis.com\/tunisie\/wp-content\/uploads\/2022\/03\/Untitled-1.jpg\" alt=\"\" class=\"wp-image-382523\"\/><\/figure><\/div>\n\n\n\n<p><strong><em>\u00ab\u00a0Ghodwa\u00a0\u00bb, premier film r\u00e9alis\u00e9 par Dhafer El Abidine, dans lequel il joue \u00e9galement le r\u00f4le principal, sort aujourd\u2019hui dans les salles de cin\u00e9ma en Tunisie. L\u2019histoire \u00e9mouvante d\u2019un p\u00e8re et d\u2019un fils, dans le tumulte d\u2019une Tunisie qui se cherche encore.<\/em><\/strong><\/p>\n\n\n\n<p>Par <strong>Fawz Benali<\/strong><\/p>\n\n\n\n<!--more-->\n\n\n\n<p>Il aurait aim\u00e9 le pr\u00e9senter en premi\u00e8re mondiale aux Journ\u00e9es cin\u00e9matographiques de Carthage (JCC 2021), mais le comit\u00e9 de s\u00e9lection en a d\u00e9cid\u00e9 autrement puisque \u00ab&nbsp;Ghodwa&nbsp;\u00bb de Dhafer El Abidine n\u2019avait pas \u00e9t\u00e9 retenu \u00e0 la comp\u00e9tition officielle de la 32<sup>e<\/sup> \u00e9dition des JCC. L\u2019acteur reconverti en r\u00e9alisateur a pr\u00e9f\u00e9r\u00e9 retirer son film du festival pour le pr\u00e9senter \u00e0 la 43<sup>e<\/sup> \u00e9dition du Festival international du Film du Caire o\u00f9 il a remport\u00e9 le Prix de la F\u00e9d\u00e9ration internationale de la Critique (Fipresci).<\/p>\n\n\n\n<h3 class=\"wp-block-heading\"><strong>Apr\u00e8s l\u2019Egypte et l\u2019Arabie-Saoudite, le film arrive enfin en Tunisie<\/strong><\/h3>\n\n\n\n<p>Une cons\u00e9cration qui a fait couler beaucoup d\u2019encore. Le film aurait-il \u00e9t\u00e9 injustement \u00e9cart\u00e9 des JCC&nbsp;? C\u2019est en tut cas ce que beaucoup d\u2019artistes, de critiques et de journalistes ont laiss\u00e9 entendre. Le cin\u00e9aste et directeur des JCC Ridha B\u00e9hi s\u2019\u00e9tait exprim\u00e9 sur la pol\u00e9mique, qui n\u2019avait pas lieu d\u2019\u00eatre, rappelant que <em>le choix des films de la s\u00e9lection ne rel\u00e8ve pas de la comp\u00e9tence de la direction du festival, mais de celle d\u2019une commission ind\u00e9pendante.<\/em><\/p>\n\n\n\n<p>Ainsi, apr\u00e8s son passage couronn\u00e9 de succ\u00e8s au Festival du Caire, puis au Red Sea Festival, \u00ab&nbsp;Ghodwa&nbsp;\u00bb sort d\u00e8s aujourd\u2019hui dans nos salles de cin\u00e9ma. Un film produit par Dora Bouchoucha, marquant le d\u00e9but de la carri\u00e8re de Dhafer El Abidine en tant que r\u00e9alisateur.<\/p>\n\n\n\n<p>Apr\u00e8s avoir jou\u00e9 dans de nombreuses productions cin\u00e9matographiques et t\u00e9l\u00e9visuelles aussi bien en Tunisie, dans le monde arabe et \u00e0 l\u2019\u00e9tranger, et apr\u00e8s avoir acquis une notori\u00e9t\u00e9 internationale, l\u2019acteur tunisien Dhafer El Abidine d\u00e9cide de passer de l\u2019autre c\u00f4t\u00e9 de la cam\u00e9ra pour raconter une histoire qui lui tenait \u00e0 c\u0153ur et dont les premi\u00e8res lignes du sc\u00e9nario sont n\u00e9es au d\u00e9but de la pand\u00e9mie du Coronavirus (Covid-19) suite \u00e0 l\u2019interruption du tournage d\u2019une s\u00e9rie dans laquelle il jouait. \u00ab&nbsp;<em>J\u2019avais l\u2019id\u00e9e en t\u00eate depuis un certain temps. Je sentais qu\u2019il \u00e9tait temps de travailler sur autre chose de tr\u00e8s diff\u00e9rent de ce que j\u2019avais fait jusque-l\u00e0. La premi\u00e8re version a pris quelques mois et le sc\u00e9nario final \u00e9tait pr\u00eat environ cinq mois plus tard<\/em>&nbsp;\u00bb, explique Dhafer El Abidine.<\/p>\n\n\n\n<div class=\"wp-block-columns is-layout-flex wp-container-core-columns-is-layout-9d6595d7 wp-block-columns-is-layout-flex\">\n<div class=\"wp-block-column is-layout-flow wp-block-column-is-layout-flow\">\n<figure class=\"wp-block-image size-full\"><img decoding=\"async\" src=\"http:\/\/kapitalis.com\/tunisie\/wp-content\/uploads\/2022\/03\/Untitled-6.jpg\" alt=\"\" class=\"wp-image-382524\"\/><\/figure>\n<\/div>\n\n\n\n<div class=\"wp-block-column is-layout-flow wp-block-column-is-layout-flow\">\n<figure class=\"wp-block-image size-full\"><img decoding=\"async\" src=\"http:\/\/kapitalis.com\/tunisie\/wp-content\/uploads\/2022\/03\/Untitled-4.jpg\" alt=\"\" class=\"wp-image-382525\"\/><\/figure>\n<\/div>\n<\/div>\n\n\n\n<p>Le film raconte l\u2019histoire de Habib (jou\u00e9 par Dhafer El Abidine) un avocat et fervent d\u00e9fenseur des droits de l\u2019Homme ayant \u00e9t\u00e9 opprim\u00e9 durant les ann\u00e9es de la dictature, et son fils (jou\u00e9 par Ahmed Berrhouma) un adolescent de 15 ans. Le film est essentiellement centr\u00e9 autour de cette relation p\u00e8re fils o\u00f9 les r\u00f4les s\u2019inversent suite \u00e0 la d\u00e9t\u00e9rioration de l\u2019\u00e9tat de sant\u00e9 du p\u00e8re.<\/p>\n\n\n\n<p>Dans un environnement social chaotique, Habib et Ahmed doivent prendre des d\u00e9cisions qui d\u00e9cideront de leur avenir, d\u2019o\u00f9 le choix du titre \u00ab&nbsp;Ghodwa&nbsp;\u00bb (Demain). \u00ab&nbsp;<em>Le titre \u00ab\u00a0Ghodwa\u00a0\u00bb est tr\u00e8s pertinent pour l&rsquo;histoire. C&rsquo;est \u00e9galement tr\u00e8s pertinent pour la Tunisie, car apr\u00e8s les dix ann\u00e9es de voyage post-R\u00e9volution que nous avons travers\u00e9es, les choix que nous faisons aujourd&rsquo;hui affecteront notre avenir et les g\u00e9n\u00e9rations \u00e0 venir<\/em>&nbsp;\u00bb, souligne Dhafer El Abidine.<\/p>\n\n\n\n<h3 class=\"wp-block-heading\"><strong>Dhafer El Abidine ma\u00eetre de son sujet<\/strong><\/h3>\n\n\n\n<p>Acteur principal, r\u00e9alisateur, cosc\u00e9nariste (avec Ahmed Amer) et coproducteur de son film, Dhafer El Abidine a r\u00e9ussi le d\u00e9fi d\u2019\u00eatre des deux c\u00f4t\u00e9s de la cam\u00e9ra, en choisissant notamment de ne pas passer par le processus de production conventionnel, mais d\u2019investir ses propres moyens de financement (comme l\u2019a fait entre-autres Abdelhamid Bouchnak avec \u00ab&nbsp;Dachra&nbsp;\u00bb qui fut d\u2019ailleurs un franc succ\u00e8s national et international).<\/p>\n\n\n\n<p>Avec l\u2019aide de la productrice Dora Bouchoucha, Dhafer El Abidine a pu mener son projet \u00e0 terme et rester ma\u00eetre de son sujet comme il a souhait\u00e9 l\u2019\u00eatre. \u00ab&nbsp;<em>Quand j&rsquo;ai fini d&rsquo;\u00e9crire le sc\u00e9nario, la premi\u00e8re personne \u00e0 laquelle j&rsquo;ai pens\u00e9 a \u00e9t\u00e9 Dora et je lui ai envoy\u00e9 le sc\u00e9nario. Elle l&rsquo;a lu au d\u00e9but de l&rsquo;ann\u00e9e 2021 et un mois et demi plus tard, nous \u00e9tions en pr\u00e9-production. Trois mois apr\u00e8s notre premi\u00e8re discussion sur le sc\u00e9nario, nous \u00e9tions d\u00e9j\u00e0 en train de tourner<\/em>&nbsp;\u00bb, nous-confie Dhafer El Abidine.<\/p>\n\n\n\n<div class=\"wp-block-columns is-layout-flex wp-container-core-columns-is-layout-9d6595d7 wp-block-columns-is-layout-flex\">\n<div class=\"wp-block-column is-layout-flow wp-block-column-is-layout-flow\">\n<figure class=\"wp-block-image size-full\"><img decoding=\"async\" src=\"http:\/\/kapitalis.com\/tunisie\/wp-content\/uploads\/2022\/03\/Untitled-3-1.jpg\" alt=\"\" class=\"wp-image-382526\"\/><\/figure>\n<\/div>\n\n\n\n<div class=\"wp-block-column is-layout-flow wp-block-column-is-layout-flow\">\n<figure class=\"wp-block-image size-full\"><img decoding=\"async\" src=\"http:\/\/kapitalis.com\/tunisie\/wp-content\/uploads\/2022\/03\/Untitled-2.jpg\" alt=\"\" class=\"wp-image-382527\"\/><\/figure>\n<\/div>\n<\/div>\n\n\n\n<p>De son c\u00f4t\u00e9 Dora Bouchoucha dit avoir \u00e9t\u00e9 tr\u00e8s enthousiaste \u00e0 l\u2019id\u00e9e du film et fi\u00e8re d\u2019avoir fait partie de cette aventure. \u00ab&nbsp;<em>Je connais Dhafer depuis plus de 20 ans, depuis ses d\u00e9buts dans le domaine du cin\u00e9ma. (\u2026) Je pense que c&rsquo;est pour cela que Dhafer m&rsquo;a envoy\u00e9 son sc\u00e9nario d\u00e8s qu&rsquo;il a su qu&rsquo;il avait un bon projet. Je l&rsquo;ai lu tr\u00e8s rapidement et j&rsquo;ai trouv\u00e9 qu&rsquo;il \u00e9tait vraiment bon. (\u2026) Je savais que Dhafer \u00e9tait pr\u00eat \u00e0 passer derri\u00e8re la cam\u00e9ra et j&rsquo;ai fait tout ce que je pouvais pour l&rsquo;aider \u00e0 faire le film qu&rsquo;il voulait faire. (\u2026) J&rsquo;\u00e9tais tr\u00e8s souvent sur le plateau avec lui pour l&rsquo;\u00e9pauler, mais j&rsquo;ai \u00e9t\u00e9 surprise par sa concentration sur chaque d\u00e9tail et sa ma\u00eetrise du plateau alors que c&rsquo;\u00e9tait sa premi\u00e8re exp\u00e9rience en tant que r\u00e9alisateur<\/em>&nbsp;\u00bb, explique la productrice.<\/p>\n\n\n\n<p>En plus de Dhafer El Abidine et du jeune acteur Ahmed Berhouma (qui joue pour la premi\u00e8re fois son r\u00f4le principal et qui figure \u00e9galement dans \u00ab&nbsp;<em>Streams<\/em>&nbsp;\u00bb de Mehdi Hmili), le casting du film r\u00e9unit aussi Najla Ben Abdallah, Bahri Rahali, Ghanem Zrelli et Rabeb Sra\u00efri.<\/p>\n","protected":false},"excerpt":{"rendered":"<p>\u00ab\u00a0Ghodwa\u00a0\u00bb, premier film r\u00e9alis\u00e9 par Dhafer El Abidine, dans lequel il joue \u00e9galement le r\u00f4le principal, sort aujourd\u2019hui dans les salles de cin\u00e9ma en Tunisie. L\u2019histoire \u00e9mouvante d\u2019un p\u00e8re et d\u2019un fils, dans le tumulte d\u2019une Tunisie qui se cherche encore. Par Fawz Benali<\/p>\n","protected":false},"author":26,"featured_media":382523,"comment_status":"open","ping_status":"open","sticky":false,"template":"","format":"standard","meta":{"footnotes":""},"categories":[992,994,2433],"tags":[9668,78556,14720,97316,62643],"class_list":["post-382470","post","type-post","status-publish","format-standard","has-post-thumbnail","hentry","category-a-la-une","category-culture","category-tunisie","tag-cinema-tunisien","tag-dhafer-el-abidine-2","tag-dora-bouchoucha","tag-film-ghodwa","tag-tunisie"],"yoast_head":"<!-- This site is optimized with the Yoast SEO plugin v26.6 - https:\/\/yoast.com\/wordpress\/plugins\/seo\/ -->\n<title>\u00ab Ghodwa \u00bb de Dhafer El Abidine : Une premi\u00e8re exp\u00e9rience de r\u00e9alisation couronn\u00e9e de succ\u00e8s - Kapitalis<\/title>\n<meta name=\"robots\" content=\"index, follow, max-snippet:-1, max-image-preview:large, max-video-preview:-1\" \/>\n<link rel=\"canonical\" href=\"https:\/\/kapitalis.com\/tunisie\/2022\/03\/02\/ghodwa-de-dhafer-el-abidine-une-premiere-experience-de-realisation-couronnee-de-succes\/\" \/>\n<meta property=\"og:locale\" content=\"fr_FR\" \/>\n<meta property=\"og:type\" content=\"article\" \/>\n<meta property=\"og:title\" content=\"\u00ab Ghodwa \u00bb de Dhafer El Abidine : Une premi\u00e8re exp\u00e9rience de r\u00e9alisation couronn\u00e9e de succ\u00e8s - Kapitalis\" \/>\n<meta property=\"og:description\" content=\"\u00ab\u00a0Ghodwa\u00a0\u00bb, premier film r\u00e9alis\u00e9 par Dhafer El Abidine, dans lequel il joue \u00e9galement le r\u00f4le principal, sort aujourd\u2019hui dans les salles de cin\u00e9ma en Tunisie. L\u2019histoire \u00e9mouvante d\u2019un p\u00e8re et d\u2019un fils, dans le tumulte d\u2019une Tunisie qui se cherche encore. Par Fawz Benali\" \/>\n<meta property=\"og:url\" content=\"https:\/\/kapitalis.com\/tunisie\/2022\/03\/02\/ghodwa-de-dhafer-el-abidine-une-premiere-experience-de-realisation-couronnee-de-succes\/\" \/>\n<meta property=\"og:site_name\" content=\"Kapitalis\" \/>\n<meta property=\"article:publisher\" content=\"https:\/\/www.facebook.com\/KapitalisInfo\/\" \/>\n<meta property=\"article:published_time\" content=\"2022-03-02T12:20:40+00:00\" \/>\n<meta property=\"article:modified_time\" content=\"2022-03-02T12:23:03+00:00\" \/>\n<meta property=\"og:image\" content=\"https:\/\/kapitalis.com\/tunisie\/wp-content\/uploads\/2022\/05\/kapitalis-logo-fb.png\" \/>\n\t<meta property=\"og:image:width\" content=\"1200\" \/>\n\t<meta property=\"og:image:height\" content=\"630\" \/>\n\t<meta property=\"og:image:type\" content=\"image\/png\" \/>\n<meta name=\"author\" content=\"Fawz BenAli\" \/>\n<meta name=\"twitter:card\" content=\"summary_large_image\" \/>\n<meta name=\"twitter:creator\" content=\"@KapitalisInfo\" \/>\n<meta name=\"twitter:site\" content=\"@KapitalisInfo\" \/>\n<meta name=\"twitter:label1\" content=\"\u00c9crit par\" \/>\n\t<meta name=\"twitter:data1\" content=\"Fawz BenAli\" \/>\n\t<meta name=\"twitter:label2\" content=\"Dur\u00e9e de lecture estim\u00e9e\" \/>\n\t<meta name=\"twitter:data2\" content=\"5 minutes\" \/>\n<script type=\"application\/ld+json\" class=\"yoast-schema-graph\">{\"@context\":\"https:\/\/schema.org\",\"@graph\":[{\"@type\":\"Article\",\"@id\":\"https:\/\/kapitalis.com\/tunisie\/2022\/03\/02\/ghodwa-de-dhafer-el-abidine-une-premiere-experience-de-realisation-couronnee-de-succes\/#article\",\"isPartOf\":{\"@id\":\"https:\/\/kapitalis.com\/tunisie\/2022\/03\/02\/ghodwa-de-dhafer-el-abidine-une-premiere-experience-de-realisation-couronnee-de-succes\/\"},\"author\":{\"name\":\"Fawz BenAli\",\"@id\":\"https:\/\/kapitalis.com\/tunisie\/#\/schema\/person\/73a5ecc1f6ae540c6ed91342eadca948\"},\"headline\":\"\u00ab Ghodwa \u00bb de Dhafer El Abidine : Une premi\u00e8re exp\u00e9rience de r\u00e9alisation couronn\u00e9e de succ\u00e8s\",\"datePublished\":\"2022-03-02T12:20:40+00:00\",\"dateModified\":\"2022-03-02T12:23:03+00:00\",\"mainEntityOfPage\":{\"@id\":\"https:\/\/kapitalis.com\/tunisie\/2022\/03\/02\/ghodwa-de-dhafer-el-abidine-une-premiere-experience-de-realisation-couronnee-de-succes\/\"},\"wordCount\":1043,\"commentCount\":0,\"publisher\":{\"@id\":\"https:\/\/kapitalis.com\/tunisie\/#organization\"},\"image\":{\"@id\":\"https:\/\/kapitalis.com\/tunisie\/2022\/03\/02\/ghodwa-de-dhafer-el-abidine-une-premiere-experience-de-realisation-couronnee-de-succes\/#primaryimage\"},\"thumbnailUrl\":\"\",\"keywords\":[\"cin\u00e9ma tunisien\",\"dhafer el abidine\",\"Dora Bouchoucha\",\"film Ghodwa\",\"Tunisie\"],\"articleSection\":[\"A LA UNE\",\"CULTURE\",\"Tunisie\"],\"inLanguage\":\"fr-FR\",\"potentialAction\":[{\"@type\":\"CommentAction\",\"name\":\"Comment\",\"target\":[\"https:\/\/kapitalis.com\/tunisie\/2022\/03\/02\/ghodwa-de-dhafer-el-abidine-une-premiere-experience-de-realisation-couronnee-de-succes\/#respond\"]}]},{\"@type\":\"WebPage\",\"@id\":\"https:\/\/kapitalis.com\/tunisie\/2022\/03\/02\/ghodwa-de-dhafer-el-abidine-une-premiere-experience-de-realisation-couronnee-de-succes\/\",\"url\":\"https:\/\/kapitalis.com\/tunisie\/2022\/03\/02\/ghodwa-de-dhafer-el-abidine-une-premiere-experience-de-realisation-couronnee-de-succes\/\",\"name\":\"\u00ab Ghodwa \u00bb de Dhafer El Abidine : Une premi\u00e8re exp\u00e9rience de r\u00e9alisation couronn\u00e9e de succ\u00e8s - Kapitalis\",\"isPartOf\":{\"@id\":\"https:\/\/kapitalis.com\/tunisie\/#website\"},\"primaryImageOfPage\":{\"@id\":\"https:\/\/kapitalis.com\/tunisie\/2022\/03\/02\/ghodwa-de-dhafer-el-abidine-une-premiere-experience-de-realisation-couronnee-de-succes\/#primaryimage\"},\"image\":{\"@id\":\"https:\/\/kapitalis.com\/tunisie\/2022\/03\/02\/ghodwa-de-dhafer-el-abidine-une-premiere-experience-de-realisation-couronnee-de-succes\/#primaryimage\"},\"thumbnailUrl\":\"\",\"datePublished\":\"2022-03-02T12:20:40+00:00\",\"dateModified\":\"2022-03-02T12:23:03+00:00\",\"breadcrumb\":{\"@id\":\"https:\/\/kapitalis.com\/tunisie\/2022\/03\/02\/ghodwa-de-dhafer-el-abidine-une-premiere-experience-de-realisation-couronnee-de-succes\/#breadcrumb\"},\"inLanguage\":\"fr-FR\",\"potentialAction\":[{\"@type\":\"ReadAction\",\"target\":[\"https:\/\/kapitalis.com\/tunisie\/2022\/03\/02\/ghodwa-de-dhafer-el-abidine-une-premiere-experience-de-realisation-couronnee-de-succes\/\"]}]},{\"@type\":\"ImageObject\",\"inLanguage\":\"fr-FR\",\"@id\":\"https:\/\/kapitalis.com\/tunisie\/2022\/03\/02\/ghodwa-de-dhafer-el-abidine-une-premiere-experience-de-realisation-couronnee-de-succes\/#primaryimage\",\"url\":\"\",\"contentUrl\":\"\"},{\"@type\":\"BreadcrumbList\",\"@id\":\"https:\/\/kapitalis.com\/tunisie\/2022\/03\/02\/ghodwa-de-dhafer-el-abidine-une-premiere-experience-de-realisation-couronnee-de-succes\/#breadcrumb\",\"itemListElement\":[{\"@type\":\"ListItem\",\"position\":1,\"name\":\"Accueil\",\"item\":\"https:\/\/kapitalis.com\/tunisie\/\"},{\"@type\":\"ListItem\",\"position\":2,\"name\":\"\u00ab Ghodwa \u00bb de Dhafer El Abidine : Une premi\u00e8re exp\u00e9rience de r\u00e9alisation couronn\u00e9e de succ\u00e8s\"}]},{\"@type\":\"WebSite\",\"@id\":\"https:\/\/kapitalis.com\/tunisie\/#website\",\"url\":\"https:\/\/kapitalis.com\/tunisie\/\",\"name\":\"Kapitalis\",\"description\":\"L&#039;actualit\u00e9 en Tunisie et dans le monde\",\"publisher\":{\"@id\":\"https:\/\/kapitalis.com\/tunisie\/#organization\"},\"potentialAction\":[{\"@type\":\"SearchAction\",\"target\":{\"@type\":\"EntryPoint\",\"urlTemplate\":\"https:\/\/kapitalis.com\/tunisie\/?s={search_term_string}\"},\"query-input\":{\"@type\":\"PropertyValueSpecification\",\"valueRequired\":true,\"valueName\":\"search_term_string\"}}],\"inLanguage\":\"fr-FR\"},{\"@type\":\"Organization\",\"@id\":\"https:\/\/kapitalis.com\/tunisie\/#organization\",\"name\":\"Kapitalis\",\"url\":\"https:\/\/kapitalis.com\/tunisie\/\",\"logo\":{\"@type\":\"ImageObject\",\"inLanguage\":\"fr-FR\",\"@id\":\"https:\/\/kapitalis.com\/tunisie\/#\/schema\/logo\/image\/\",\"url\":\"https:\/\/kapitalis.com\/tunisie\/wp-content\/uploads\/2022\/05\/Kapitalis-big-size.png\",\"contentUrl\":\"https:\/\/kapitalis.com\/tunisie\/wp-content\/uploads\/2022\/05\/Kapitalis-big-size.png\",\"width\":5000,\"height\":1500,\"caption\":\"Kapitalis\"},\"image\":{\"@id\":\"https:\/\/kapitalis.com\/tunisie\/#\/schema\/logo\/image\/\"},\"sameAs\":[\"https:\/\/www.facebook.com\/KapitalisInfo\/\",\"https:\/\/x.com\/KapitalisInfo\",\"https:\/\/www.youtube.com\/channel\/UC-yDYrHyfFBWWZaOw3FPg9Q\"]},{\"@type\":\"Person\",\"@id\":\"https:\/\/kapitalis.com\/tunisie\/#\/schema\/person\/73a5ecc1f6ae540c6ed91342eadca948\",\"name\":\"Fawz BenAli\",\"url\":\"https:\/\/kapitalis.com\/tunisie\/author\/fawz\/\"}]}<\/script>\n<!-- \/ Yoast SEO plugin. -->","yoast_head_json":{"title":"\u00ab Ghodwa \u00bb de Dhafer El Abidine : Une premi\u00e8re exp\u00e9rience de r\u00e9alisation couronn\u00e9e de succ\u00e8s - Kapitalis","robots":{"index":"index","follow":"follow","max-snippet":"max-snippet:-1","max-image-preview":"max-image-preview:large","max-video-preview":"max-video-preview:-1"},"canonical":"https:\/\/kapitalis.com\/tunisie\/2022\/03\/02\/ghodwa-de-dhafer-el-abidine-une-premiere-experience-de-realisation-couronnee-de-succes\/","og_locale":"fr_FR","og_type":"article","og_title":"\u00ab Ghodwa \u00bb de Dhafer El Abidine : Une premi\u00e8re exp\u00e9rience de r\u00e9alisation couronn\u00e9e de succ\u00e8s - Kapitalis","og_description":"\u00ab\u00a0Ghodwa\u00a0\u00bb, premier film r\u00e9alis\u00e9 par Dhafer El Abidine, dans lequel il joue \u00e9galement le r\u00f4le principal, sort aujourd\u2019hui dans les salles de cin\u00e9ma en Tunisie. L\u2019histoire \u00e9mouvante d\u2019un p\u00e8re et d\u2019un fils, dans le tumulte d\u2019une Tunisie qui se cherche encore. Par Fawz Benali","og_url":"https:\/\/kapitalis.com\/tunisie\/2022\/03\/02\/ghodwa-de-dhafer-el-abidine-une-premiere-experience-de-realisation-couronnee-de-succes\/","og_site_name":"Kapitalis","article_publisher":"https:\/\/www.facebook.com\/KapitalisInfo\/","article_published_time":"2022-03-02T12:20:40+00:00","article_modified_time":"2022-03-02T12:23:03+00:00","og_image":[{"width":1200,"height":630,"url":"https:\/\/kapitalis.com\/tunisie\/wp-content\/uploads\/2022\/05\/kapitalis-logo-fb.png","type":"image\/png"}],"author":"Fawz BenAli","twitter_card":"summary_large_image","twitter_creator":"@KapitalisInfo","twitter_site":"@KapitalisInfo","twitter_misc":{"\u00c9crit par":"Fawz BenAli","Dur\u00e9e de lecture estim\u00e9e":"5 minutes"},"schema":{"@context":"https:\/\/schema.org","@graph":[{"@type":"Article","@id":"https:\/\/kapitalis.com\/tunisie\/2022\/03\/02\/ghodwa-de-dhafer-el-abidine-une-premiere-experience-de-realisation-couronnee-de-succes\/#article","isPartOf":{"@id":"https:\/\/kapitalis.com\/tunisie\/2022\/03\/02\/ghodwa-de-dhafer-el-abidine-une-premiere-experience-de-realisation-couronnee-de-succes\/"},"author":{"name":"Fawz BenAli","@id":"https:\/\/kapitalis.com\/tunisie\/#\/schema\/person\/73a5ecc1f6ae540c6ed91342eadca948"},"headline":"\u00ab Ghodwa \u00bb de Dhafer El Abidine : Une premi\u00e8re exp\u00e9rience de r\u00e9alisation couronn\u00e9e de succ\u00e8s","datePublished":"2022-03-02T12:20:40+00:00","dateModified":"2022-03-02T12:23:03+00:00","mainEntityOfPage":{"@id":"https:\/\/kapitalis.com\/tunisie\/2022\/03\/02\/ghodwa-de-dhafer-el-abidine-une-premiere-experience-de-realisation-couronnee-de-succes\/"},"wordCount":1043,"commentCount":0,"publisher":{"@id":"https:\/\/kapitalis.com\/tunisie\/#organization"},"image":{"@id":"https:\/\/kapitalis.com\/tunisie\/2022\/03\/02\/ghodwa-de-dhafer-el-abidine-une-premiere-experience-de-realisation-couronnee-de-succes\/#primaryimage"},"thumbnailUrl":"","keywords":["cin\u00e9ma tunisien","dhafer el abidine","Dora Bouchoucha","film Ghodwa","Tunisie"],"articleSection":["A LA UNE","CULTURE","Tunisie"],"inLanguage":"fr-FR","potentialAction":[{"@type":"CommentAction","name":"Comment","target":["https:\/\/kapitalis.com\/tunisie\/2022\/03\/02\/ghodwa-de-dhafer-el-abidine-une-premiere-experience-de-realisation-couronnee-de-succes\/#respond"]}]},{"@type":"WebPage","@id":"https:\/\/kapitalis.com\/tunisie\/2022\/03\/02\/ghodwa-de-dhafer-el-abidine-une-premiere-experience-de-realisation-couronnee-de-succes\/","url":"https:\/\/kapitalis.com\/tunisie\/2022\/03\/02\/ghodwa-de-dhafer-el-abidine-une-premiere-experience-de-realisation-couronnee-de-succes\/","name":"\u00ab Ghodwa \u00bb de Dhafer El Abidine : Une premi\u00e8re exp\u00e9rience de r\u00e9alisation couronn\u00e9e de succ\u00e8s - Kapitalis","isPartOf":{"@id":"https:\/\/kapitalis.com\/tunisie\/#website"},"primaryImageOfPage":{"@id":"https:\/\/kapitalis.com\/tunisie\/2022\/03\/02\/ghodwa-de-dhafer-el-abidine-une-premiere-experience-de-realisation-couronnee-de-succes\/#primaryimage"},"image":{"@id":"https:\/\/kapitalis.com\/tunisie\/2022\/03\/02\/ghodwa-de-dhafer-el-abidine-une-premiere-experience-de-realisation-couronnee-de-succes\/#primaryimage"},"thumbnailUrl":"","datePublished":"2022-03-02T12:20:40+00:00","dateModified":"2022-03-02T12:23:03+00:00","breadcrumb":{"@id":"https:\/\/kapitalis.com\/tunisie\/2022\/03\/02\/ghodwa-de-dhafer-el-abidine-une-premiere-experience-de-realisation-couronnee-de-succes\/#breadcrumb"},"inLanguage":"fr-FR","potentialAction":[{"@type":"ReadAction","target":["https:\/\/kapitalis.com\/tunisie\/2022\/03\/02\/ghodwa-de-dhafer-el-abidine-une-premiere-experience-de-realisation-couronnee-de-succes\/"]}]},{"@type":"ImageObject","inLanguage":"fr-FR","@id":"https:\/\/kapitalis.com\/tunisie\/2022\/03\/02\/ghodwa-de-dhafer-el-abidine-une-premiere-experience-de-realisation-couronnee-de-succes\/#primaryimage","url":"","contentUrl":""},{"@type":"BreadcrumbList","@id":"https:\/\/kapitalis.com\/tunisie\/2022\/03\/02\/ghodwa-de-dhafer-el-abidine-une-premiere-experience-de-realisation-couronnee-de-succes\/#breadcrumb","itemListElement":[{"@type":"ListItem","position":1,"name":"Accueil","item":"https:\/\/kapitalis.com\/tunisie\/"},{"@type":"ListItem","position":2,"name":"\u00ab Ghodwa \u00bb de Dhafer El Abidine : Une premi\u00e8re exp\u00e9rience de r\u00e9alisation couronn\u00e9e de succ\u00e8s"}]},{"@type":"WebSite","@id":"https:\/\/kapitalis.com\/tunisie\/#website","url":"https:\/\/kapitalis.com\/tunisie\/","name":"Kapitalis","description":"L&#039;actualit\u00e9 en Tunisie et dans le monde","publisher":{"@id":"https:\/\/kapitalis.com\/tunisie\/#organization"},"potentialAction":[{"@type":"SearchAction","target":{"@type":"EntryPoint","urlTemplate":"https:\/\/kapitalis.com\/tunisie\/?s={search_term_string}"},"query-input":{"@type":"PropertyValueSpecification","valueRequired":true,"valueName":"search_term_string"}}],"inLanguage":"fr-FR"},{"@type":"Organization","@id":"https:\/\/kapitalis.com\/tunisie\/#organization","name":"Kapitalis","url":"https:\/\/kapitalis.com\/tunisie\/","logo":{"@type":"ImageObject","inLanguage":"fr-FR","@id":"https:\/\/kapitalis.com\/tunisie\/#\/schema\/logo\/image\/","url":"https:\/\/kapitalis.com\/tunisie\/wp-content\/uploads\/2022\/05\/Kapitalis-big-size.png","contentUrl":"https:\/\/kapitalis.com\/tunisie\/wp-content\/uploads\/2022\/05\/Kapitalis-big-size.png","width":5000,"height":1500,"caption":"Kapitalis"},"image":{"@id":"https:\/\/kapitalis.com\/tunisie\/#\/schema\/logo\/image\/"},"sameAs":["https:\/\/www.facebook.com\/KapitalisInfo\/","https:\/\/x.com\/KapitalisInfo","https:\/\/www.youtube.com\/channel\/UC-yDYrHyfFBWWZaOw3FPg9Q"]},{"@type":"Person","@id":"https:\/\/kapitalis.com\/tunisie\/#\/schema\/person\/73a5ecc1f6ae540c6ed91342eadca948","name":"Fawz BenAli","url":"https:\/\/kapitalis.com\/tunisie\/author\/fawz\/"}]}},"_links":{"self":[{"href":"https:\/\/kapitalis.com\/tunisie\/wp-json\/wp\/v2\/posts\/382470","targetHints":{"allow":["GET"]}}],"collection":[{"href":"https:\/\/kapitalis.com\/tunisie\/wp-json\/wp\/v2\/posts"}],"about":[{"href":"https:\/\/kapitalis.com\/tunisie\/wp-json\/wp\/v2\/types\/post"}],"author":[{"embeddable":true,"href":"https:\/\/kapitalis.com\/tunisie\/wp-json\/wp\/v2\/users\/26"}],"replies":[{"embeddable":true,"href":"https:\/\/kapitalis.com\/tunisie\/wp-json\/wp\/v2\/comments?post=382470"}],"version-history":[{"count":0,"href":"https:\/\/kapitalis.com\/tunisie\/wp-json\/wp\/v2\/posts\/382470\/revisions"}],"wp:featuredmedia":[{"embeddable":true,"href":"https:\/\/kapitalis.com\/tunisie\/wp-json\/wp\/v2\/media\/382523"}],"wp:attachment":[{"href":"https:\/\/kapitalis.com\/tunisie\/wp-json\/wp\/v2\/media?parent=382470"}],"wp:term":[{"taxonomy":"category","embeddable":true,"href":"https:\/\/kapitalis.com\/tunisie\/wp-json\/wp\/v2\/categories?post=382470"},{"taxonomy":"post_tag","embeddable":true,"href":"https:\/\/kapitalis.com\/tunisie\/wp-json\/wp\/v2\/tags?post=382470"}],"curies":[{"name":"wp","href":"https:\/\/api.w.org\/{rel}","templated":true}]}}