{"id":382544,"date":"2022-03-02T15:06:00","date_gmt":"2022-03-02T14:06:00","guid":{"rendered":"http:\/\/kapitalis.com\/tunisie\/?p=382544"},"modified":"2022-03-02T15:51:33","modified_gmt":"2022-03-02T14:51:33","slug":"tunisie-protestations-contre-lamendement-de-la-loi-organisant-les-associations","status":"publish","type":"post","link":"https:\/\/kapitalis.com\/tunisie\/2022\/03\/02\/tunisie-protestations-contre-lamendement-de-la-loi-organisant-les-associations\/","title":{"rendered":"Tunisie : Protestations contre l&rsquo;amendement de la loi organisant les associations"},"content":{"rendered":"\n<div class=\"wp-block-image\"><figure class=\"aligncenter size-full\"><img decoding=\"async\" src=\"http:\/\/kapitalis.com\/tunisie\/wp-content\/uploads\/2022\/01\/Kais-Saied.jpg\" alt=\"\" class=\"wp-image-375548\"\/><\/figure><\/div>\n\n\n\n<p><strong><em>Lors d\u2019une rencontre organis\u00e9e, ce mercredi 2 mars 2022, \u00e0 Tunis, par l\u2019Union des Tunisiens ind\u00e9pendants pour la libert\u00e9 (UTIL), les repr\u00e9sentants de plusieurs associations ont exprim\u00e9 leur refus de l\u2019amendement du d\u00e9cret-loi n<sup>o<\/sup> 88 organisant les associations, \u00e9voqu\u00e9 par le pr\u00e9sident de la r\u00e9publique, Ka\u00efs Sa\u00efed.<\/em><\/strong><\/p>\n\n\n\n<!--more-->\n\n\n\n<p>Selon eux, l&rsquo;amendement restreindrait les activit\u00e9s des associations, et permettrait au pouvoir ex\u00e9cutif d&rsquo;avoir la mainmise dessus.<\/p>\n\n\n\n<p>Le pr\u00e9sident de l\u2019UTIL, Moez Ali, a indiqu\u00e9&nbsp;que les participants \u00e0 la rencontre feront tout pour emp\u00eacher l\u2019amendement de ce texte de loi rappelant le r\u00f4le important jou\u00e9 par les associations en Tunisie pour prot\u00e9ger le pays et d\u00e9fendre les droits humains et la d\u00e9mocratie notamment depuis la r\u00e9volution.<\/p>\n\n\n\n<p>Il a, par ailleurs, expliqu\u00e9 que l\u2019amendement en question portera sur l\u2019interdiction du financement \u00e9tranger des associations, alors que les lois en vigueur permettent de contr\u00f4ler l\u2019utilisation des financements \u00e9trangers, lesquels passent n\u00e9cessairement par la Banque centrale et la Commission des analyses financi\u00e8res.<\/p>\n\n\n\n<p>De son c\u00f4t\u00e9, la pr\u00e9sidente de l\u2019Association tunisienne des femmes d\u00e9mocrates (ATFD), Nayla Zoghlami, a annonc\u00e9, dans une d\u00e9claration accord\u00e9e \u00e0 Jawhra FM, des manifestations et des sit-in dans la p\u00e9riode \u00e0 venir contre ledit amendement, ajoutant que l\u2019Etat doit assumer sa responsabilit\u00e9 et contr\u00f4ler les financements des associations en coordination avec la Banque centrale, la pr\u00e9sidence du gouvernement, la Douane tunisiens et les autres intervenants.<\/p>\n\n\n\n<p class=\"has-text-align-right\"><strong>C. B. Y.<\/strong><\/p>\n","protected":false},"excerpt":{"rendered":"<p>Lors d\u2019une rencontre organis\u00e9e, ce mercredi 2 mars 2022, \u00e0 Tunis, par l\u2019Union des Tunisiens ind\u00e9pendants pour la libert\u00e9 (UTIL), les repr\u00e9sentants de plusieurs associations ont exprim\u00e9 leur refus de l\u2019amendement du d\u00e9cret-loi no 88 organisant les associations, \u00e9voqu\u00e9 par le pr\u00e9sident de la r\u00e9publique, Ka\u00efs Sa\u00efed.<\/p>\n","protected":false},"author":24,"featured_media":0,"comment_status":"open","ping_status":"open","sticky":false,"template":"","format":"standard","meta":{"footnotes":""},"categories":[997,2433],"tags":[97756,97757,76012],"class_list":["post-382544","post","type-post","status-publish","format-standard","hentry","category-politique","category-tunisie","tag-amendement-de-la-loi-organisant-les-associations","tag-decret-loi-no-88","tag-kais-saied-2"],"yoast_head":"<!-- This site is optimized with the Yoast SEO plugin v26.6 - https:\/\/yoast.com\/wordpress\/plugins\/seo\/ -->\n<title>Tunisie : Protestations contre l&#039;amendement de la loi organisant les associations - Kapitalis<\/title>\n<meta name=\"robots\" content=\"index, follow, max-snippet:-1, max-image-preview:large, max-video-preview:-1\" \/>\n<link rel=\"canonical\" href=\"https:\/\/kapitalis.com\/tunisie\/2022\/03\/02\/tunisie-protestations-contre-lamendement-de-la-loi-organisant-les-associations\/\" \/>\n<meta property=\"og:locale\" content=\"fr_FR\" \/>\n<meta property=\"og:type\" content=\"article\" \/>\n<meta property=\"og:title\" content=\"Tunisie : Protestations contre l&#039;amendement de la loi organisant les associations - Kapitalis\" \/>\n<meta property=\"og:description\" content=\"Lors d\u2019une rencontre organis\u00e9e, ce mercredi 2 mars 2022, \u00e0 Tunis, par l\u2019Union des Tunisiens ind\u00e9pendants pour la libert\u00e9 (UTIL), les repr\u00e9sentants de plusieurs associations ont exprim\u00e9 leur refus de l\u2019amendement du d\u00e9cret-loi no 88 organisant les associations, \u00e9voqu\u00e9 par le pr\u00e9sident de la r\u00e9publique, Ka\u00efs Sa\u00efed.\" \/>\n<meta property=\"og:url\" content=\"https:\/\/kapitalis.com\/tunisie\/2022\/03\/02\/tunisie-protestations-contre-lamendement-de-la-loi-organisant-les-associations\/\" \/>\n<meta property=\"og:site_name\" content=\"Kapitalis\" \/>\n<meta property=\"article:publisher\" content=\"https:\/\/www.facebook.com\/KapitalisInfo\/\" \/>\n<meta property=\"article:published_time\" content=\"2022-03-02T14:06:00+00:00\" \/>\n<meta property=\"article:modified_time\" content=\"2022-03-02T14:51:33+00:00\" \/>\n<meta property=\"og:image\" content=\"http:\/\/kapitalis.com\/tunisie\/wp-content\/uploads\/2022\/01\/Kais-Saied.jpg\" \/>\n<meta name=\"author\" content=\"Cherif Benyounes\" \/>\n<meta name=\"twitter:card\" content=\"summary_large_image\" \/>\n<meta name=\"twitter:creator\" content=\"@KapitalisInfo\" \/>\n<meta name=\"twitter:site\" content=\"@KapitalisInfo\" \/>\n<meta name=\"twitter:label1\" content=\"\u00c9crit par\" \/>\n\t<meta name=\"twitter:data1\" content=\"Cherif Benyounes\" \/>\n\t<meta name=\"twitter:label2\" content=\"Dur\u00e9e de lecture estim\u00e9e\" \/>\n\t<meta name=\"twitter:data2\" content=\"1 minute\" \/>\n<script type=\"application\/ld+json\" class=\"yoast-schema-graph\">{\"@context\":\"https:\/\/schema.org\",\"@graph\":[{\"@type\":\"Article\",\"@id\":\"https:\/\/kapitalis.com\/tunisie\/2022\/03\/02\/tunisie-protestations-contre-lamendement-de-la-loi-organisant-les-associations\/#article\",\"isPartOf\":{\"@id\":\"https:\/\/kapitalis.com\/tunisie\/2022\/03\/02\/tunisie-protestations-contre-lamendement-de-la-loi-organisant-les-associations\/\"},\"author\":{\"name\":\"Cherif Benyounes\",\"@id\":\"https:\/\/kapitalis.com\/tunisie\/#\/schema\/person\/b35b8d631961131107263178aeb8019e\"},\"headline\":\"Tunisie : Protestations contre l&rsquo;amendement de la loi organisant les associations\",\"datePublished\":\"2022-03-02T14:06:00+00:00\",\"dateModified\":\"2022-03-02T14:51:33+00:00\",\"mainEntityOfPage\":{\"@id\":\"https:\/\/kapitalis.com\/tunisie\/2022\/03\/02\/tunisie-protestations-contre-lamendement-de-la-loi-organisant-les-associations\/\"},\"wordCount\":268,\"commentCount\":5,\"publisher\":{\"@id\":\"https:\/\/kapitalis.com\/tunisie\/#organization\"},\"image\":{\"@id\":\"https:\/\/kapitalis.com\/tunisie\/2022\/03\/02\/tunisie-protestations-contre-lamendement-de-la-loi-organisant-les-associations\/#primaryimage\"},\"thumbnailUrl\":\"http:\/\/kapitalis.com\/tunisie\/wp-content\/uploads\/2022\/01\/Kais-Saied.jpg\",\"keywords\":[\"amendement de la loi organisant les associations\",\"d\u00e9cret-loi no 88\",\"Ka\u00efs Sa\u00efed\"],\"articleSection\":[\"POLITIQUE\",\"Tunisie\"],\"inLanguage\":\"fr-FR\",\"potentialAction\":[{\"@type\":\"CommentAction\",\"name\":\"Comment\",\"target\":[\"https:\/\/kapitalis.com\/tunisie\/2022\/03\/02\/tunisie-protestations-contre-lamendement-de-la-loi-organisant-les-associations\/#respond\"]}]},{\"@type\":\"WebPage\",\"@id\":\"https:\/\/kapitalis.com\/tunisie\/2022\/03\/02\/tunisie-protestations-contre-lamendement-de-la-loi-organisant-les-associations\/\",\"url\":\"https:\/\/kapitalis.com\/tunisie\/2022\/03\/02\/tunisie-protestations-contre-lamendement-de-la-loi-organisant-les-associations\/\",\"name\":\"Tunisie : Protestations contre l'amendement de la loi organisant les associations - Kapitalis\",\"isPartOf\":{\"@id\":\"https:\/\/kapitalis.com\/tunisie\/#website\"},\"primaryImageOfPage\":{\"@id\":\"https:\/\/kapitalis.com\/tunisie\/2022\/03\/02\/tunisie-protestations-contre-lamendement-de-la-loi-organisant-les-associations\/#primaryimage\"},\"image\":{\"@id\":\"https:\/\/kapitalis.com\/tunisie\/2022\/03\/02\/tunisie-protestations-contre-lamendement-de-la-loi-organisant-les-associations\/#primaryimage\"},\"thumbnailUrl\":\"http:\/\/kapitalis.com\/tunisie\/wp-content\/uploads\/2022\/01\/Kais-Saied.jpg\",\"datePublished\":\"2022-03-02T14:06:00+00:00\",\"dateModified\":\"2022-03-02T14:51:33+00:00\",\"breadcrumb\":{\"@id\":\"https:\/\/kapitalis.com\/tunisie\/2022\/03\/02\/tunisie-protestations-contre-lamendement-de-la-loi-organisant-les-associations\/#breadcrumb\"},\"inLanguage\":\"fr-FR\",\"potentialAction\":[{\"@type\":\"ReadAction\",\"target\":[\"https:\/\/kapitalis.com\/tunisie\/2022\/03\/02\/tunisie-protestations-contre-lamendement-de-la-loi-organisant-les-associations\/\"]}]},{\"@type\":\"ImageObject\",\"inLanguage\":\"fr-FR\",\"@id\":\"https:\/\/kapitalis.com\/tunisie\/2022\/03\/02\/tunisie-protestations-contre-lamendement-de-la-loi-organisant-les-associations\/#primaryimage\",\"url\":\"\",\"contentUrl\":\"\"},{\"@type\":\"BreadcrumbList\",\"@id\":\"https:\/\/kapitalis.com\/tunisie\/2022\/03\/02\/tunisie-protestations-contre-lamendement-de-la-loi-organisant-les-associations\/#breadcrumb\",\"itemListElement\":[{\"@type\":\"ListItem\",\"position\":1,\"name\":\"Accueil\",\"item\":\"https:\/\/kapitalis.com\/tunisie\/\"},{\"@type\":\"ListItem\",\"position\":2,\"name\":\"Tunisie : Protestations contre l&rsquo;amendement de la loi organisant les associations\"}]},{\"@type\":\"WebSite\",\"@id\":\"https:\/\/kapitalis.com\/tunisie\/#website\",\"url\":\"https:\/\/kapitalis.com\/tunisie\/\",\"name\":\"Kapitalis\",\"description\":\"L&#039;actualit\u00e9 en Tunisie et dans le monde\",\"publisher\":{\"@id\":\"https:\/\/kapitalis.com\/tunisie\/#organization\"},\"potentialAction\":[{\"@type\":\"SearchAction\",\"target\":{\"@type\":\"EntryPoint\",\"urlTemplate\":\"https:\/\/kapitalis.com\/tunisie\/?s={search_term_string}\"},\"query-input\":{\"@type\":\"PropertyValueSpecification\",\"valueRequired\":true,\"valueName\":\"search_term_string\"}}],\"inLanguage\":\"fr-FR\"},{\"@type\":\"Organization\",\"@id\":\"https:\/\/kapitalis.com\/tunisie\/#organization\",\"name\":\"Kapitalis\",\"url\":\"https:\/\/kapitalis.com\/tunisie\/\",\"logo\":{\"@type\":\"ImageObject\",\"inLanguage\":\"fr-FR\",\"@id\":\"https:\/\/kapitalis.com\/tunisie\/#\/schema\/logo\/image\/\",\"url\":\"https:\/\/kapitalis.com\/tunisie\/wp-content\/uploads\/2022\/05\/Kapitalis-big-size.png\",\"contentUrl\":\"https:\/\/kapitalis.com\/tunisie\/wp-content\/uploads\/2022\/05\/Kapitalis-big-size.png\",\"width\":5000,\"height\":1500,\"caption\":\"Kapitalis\"},\"image\":{\"@id\":\"https:\/\/kapitalis.com\/tunisie\/#\/schema\/logo\/image\/\"},\"sameAs\":[\"https:\/\/www.facebook.com\/KapitalisInfo\/\",\"https:\/\/x.com\/KapitalisInfo\",\"https:\/\/www.youtube.com\/channel\/UC-yDYrHyfFBWWZaOw3FPg9Q\"]},{\"@type\":\"Person\",\"@id\":\"https:\/\/kapitalis.com\/tunisie\/#\/schema\/person\/b35b8d631961131107263178aeb8019e\",\"name\":\"Cherif Benyounes\",\"url\":\"https:\/\/kapitalis.com\/tunisie\/author\/cherif\/\"}]}<\/script>\n<!-- \/ Yoast SEO plugin. -->","yoast_head_json":{"title":"Tunisie : Protestations contre l'amendement de la loi organisant les associations - Kapitalis","robots":{"index":"index","follow":"follow","max-snippet":"max-snippet:-1","max-image-preview":"max-image-preview:large","max-video-preview":"max-video-preview:-1"},"canonical":"https:\/\/kapitalis.com\/tunisie\/2022\/03\/02\/tunisie-protestations-contre-lamendement-de-la-loi-organisant-les-associations\/","og_locale":"fr_FR","og_type":"article","og_title":"Tunisie : Protestations contre l'amendement de la loi organisant les associations - Kapitalis","og_description":"Lors d\u2019une rencontre organis\u00e9e, ce mercredi 2 mars 2022, \u00e0 Tunis, par l\u2019Union des Tunisiens ind\u00e9pendants pour la libert\u00e9 (UTIL), les repr\u00e9sentants de plusieurs associations ont exprim\u00e9 leur refus de l\u2019amendement du d\u00e9cret-loi no 88 organisant les associations, \u00e9voqu\u00e9 par le pr\u00e9sident de la r\u00e9publique, Ka\u00efs Sa\u00efed.","og_url":"https:\/\/kapitalis.com\/tunisie\/2022\/03\/02\/tunisie-protestations-contre-lamendement-de-la-loi-organisant-les-associations\/","og_site_name":"Kapitalis","article_publisher":"https:\/\/www.facebook.com\/KapitalisInfo\/","article_published_time":"2022-03-02T14:06:00+00:00","article_modified_time":"2022-03-02T14:51:33+00:00","og_image":[{"url":"http:\/\/kapitalis.com\/tunisie\/wp-content\/uploads\/2022\/01\/Kais-Saied.jpg","type":"","width":"","height":""}],"author":"Cherif Benyounes","twitter_card":"summary_large_image","twitter_creator":"@KapitalisInfo","twitter_site":"@KapitalisInfo","twitter_misc":{"\u00c9crit par":"Cherif Benyounes","Dur\u00e9e de lecture estim\u00e9e":"1 minute"},"schema":{"@context":"https:\/\/schema.org","@graph":[{"@type":"Article","@id":"https:\/\/kapitalis.com\/tunisie\/2022\/03\/02\/tunisie-protestations-contre-lamendement-de-la-loi-organisant-les-associations\/#article","isPartOf":{"@id":"https:\/\/kapitalis.com\/tunisie\/2022\/03\/02\/tunisie-protestations-contre-lamendement-de-la-loi-organisant-les-associations\/"},"author":{"name":"Cherif Benyounes","@id":"https:\/\/kapitalis.com\/tunisie\/#\/schema\/person\/b35b8d631961131107263178aeb8019e"},"headline":"Tunisie : Protestations contre l&rsquo;amendement de la loi organisant les associations","datePublished":"2022-03-02T14:06:00+00:00","dateModified":"2022-03-02T14:51:33+00:00","mainEntityOfPage":{"@id":"https:\/\/kapitalis.com\/tunisie\/2022\/03\/02\/tunisie-protestations-contre-lamendement-de-la-loi-organisant-les-associations\/"},"wordCount":268,"commentCount":5,"publisher":{"@id":"https:\/\/kapitalis.com\/tunisie\/#organization"},"image":{"@id":"https:\/\/kapitalis.com\/tunisie\/2022\/03\/02\/tunisie-protestations-contre-lamendement-de-la-loi-organisant-les-associations\/#primaryimage"},"thumbnailUrl":"http:\/\/kapitalis.com\/tunisie\/wp-content\/uploads\/2022\/01\/Kais-Saied.jpg","keywords":["amendement de la loi organisant les associations","d\u00e9cret-loi no 88","Ka\u00efs Sa\u00efed"],"articleSection":["POLITIQUE","Tunisie"],"inLanguage":"fr-FR","potentialAction":[{"@type":"CommentAction","name":"Comment","target":["https:\/\/kapitalis.com\/tunisie\/2022\/03\/02\/tunisie-protestations-contre-lamendement-de-la-loi-organisant-les-associations\/#respond"]}]},{"@type":"WebPage","@id":"https:\/\/kapitalis.com\/tunisie\/2022\/03\/02\/tunisie-protestations-contre-lamendement-de-la-loi-organisant-les-associations\/","url":"https:\/\/kapitalis.com\/tunisie\/2022\/03\/02\/tunisie-protestations-contre-lamendement-de-la-loi-organisant-les-associations\/","name":"Tunisie : Protestations contre l'amendement de la loi organisant les associations - Kapitalis","isPartOf":{"@id":"https:\/\/kapitalis.com\/tunisie\/#website"},"primaryImageOfPage":{"@id":"https:\/\/kapitalis.com\/tunisie\/2022\/03\/02\/tunisie-protestations-contre-lamendement-de-la-loi-organisant-les-associations\/#primaryimage"},"image":{"@id":"https:\/\/kapitalis.com\/tunisie\/2022\/03\/02\/tunisie-protestations-contre-lamendement-de-la-loi-organisant-les-associations\/#primaryimage"},"thumbnailUrl":"http:\/\/kapitalis.com\/tunisie\/wp-content\/uploads\/2022\/01\/Kais-Saied.jpg","datePublished":"2022-03-02T14:06:00+00:00","dateModified":"2022-03-02T14:51:33+00:00","breadcrumb":{"@id":"https:\/\/kapitalis.com\/tunisie\/2022\/03\/02\/tunisie-protestations-contre-lamendement-de-la-loi-organisant-les-associations\/#breadcrumb"},"inLanguage":"fr-FR","potentialAction":[{"@type":"ReadAction","target":["https:\/\/kapitalis.com\/tunisie\/2022\/03\/02\/tunisie-protestations-contre-lamendement-de-la-loi-organisant-les-associations\/"]}]},{"@type":"ImageObject","inLanguage":"fr-FR","@id":"https:\/\/kapitalis.com\/tunisie\/2022\/03\/02\/tunisie-protestations-contre-lamendement-de-la-loi-organisant-les-associations\/#primaryimage","url":"","contentUrl":""},{"@type":"BreadcrumbList","@id":"https:\/\/kapitalis.com\/tunisie\/2022\/03\/02\/tunisie-protestations-contre-lamendement-de-la-loi-organisant-les-associations\/#breadcrumb","itemListElement":[{"@type":"ListItem","position":1,"name":"Accueil","item":"https:\/\/kapitalis.com\/tunisie\/"},{"@type":"ListItem","position":2,"name":"Tunisie : Protestations contre l&rsquo;amendement de la loi organisant les associations"}]},{"@type":"WebSite","@id":"https:\/\/kapitalis.com\/tunisie\/#website","url":"https:\/\/kapitalis.com\/tunisie\/","name":"Kapitalis","description":"L&#039;actualit\u00e9 en Tunisie et dans le monde","publisher":{"@id":"https:\/\/kapitalis.com\/tunisie\/#organization"},"potentialAction":[{"@type":"SearchAction","target":{"@type":"EntryPoint","urlTemplate":"https:\/\/kapitalis.com\/tunisie\/?s={search_term_string}"},"query-input":{"@type":"PropertyValueSpecification","valueRequired":true,"valueName":"search_term_string"}}],"inLanguage":"fr-FR"},{"@type":"Organization","@id":"https:\/\/kapitalis.com\/tunisie\/#organization","name":"Kapitalis","url":"https:\/\/kapitalis.com\/tunisie\/","logo":{"@type":"ImageObject","inLanguage":"fr-FR","@id":"https:\/\/kapitalis.com\/tunisie\/#\/schema\/logo\/image\/","url":"https:\/\/kapitalis.com\/tunisie\/wp-content\/uploads\/2022\/05\/Kapitalis-big-size.png","contentUrl":"https:\/\/kapitalis.com\/tunisie\/wp-content\/uploads\/2022\/05\/Kapitalis-big-size.png","width":5000,"height":1500,"caption":"Kapitalis"},"image":{"@id":"https:\/\/kapitalis.com\/tunisie\/#\/schema\/logo\/image\/"},"sameAs":["https:\/\/www.facebook.com\/KapitalisInfo\/","https:\/\/x.com\/KapitalisInfo","https:\/\/www.youtube.com\/channel\/UC-yDYrHyfFBWWZaOw3FPg9Q"]},{"@type":"Person","@id":"https:\/\/kapitalis.com\/tunisie\/#\/schema\/person\/b35b8d631961131107263178aeb8019e","name":"Cherif Benyounes","url":"https:\/\/kapitalis.com\/tunisie\/author\/cherif\/"}]}},"_links":{"self":[{"href":"https:\/\/kapitalis.com\/tunisie\/wp-json\/wp\/v2\/posts\/382544","targetHints":{"allow":["GET"]}}],"collection":[{"href":"https:\/\/kapitalis.com\/tunisie\/wp-json\/wp\/v2\/posts"}],"about":[{"href":"https:\/\/kapitalis.com\/tunisie\/wp-json\/wp\/v2\/types\/post"}],"author":[{"embeddable":true,"href":"https:\/\/kapitalis.com\/tunisie\/wp-json\/wp\/v2\/users\/24"}],"replies":[{"embeddable":true,"href":"https:\/\/kapitalis.com\/tunisie\/wp-json\/wp\/v2\/comments?post=382544"}],"version-history":[{"count":0,"href":"https:\/\/kapitalis.com\/tunisie\/wp-json\/wp\/v2\/posts\/382544\/revisions"}],"wp:attachment":[{"href":"https:\/\/kapitalis.com\/tunisie\/wp-json\/wp\/v2\/media?parent=382544"}],"wp:term":[{"taxonomy":"category","embeddable":true,"href":"https:\/\/kapitalis.com\/tunisie\/wp-json\/wp\/v2\/categories?post=382544"},{"taxonomy":"post_tag","embeddable":true,"href":"https:\/\/kapitalis.com\/tunisie\/wp-json\/wp\/v2\/tags?post=382544"}],"curies":[{"name":"wp","href":"https:\/\/api.w.org\/{rel}","templated":true}]}}