{"id":382740,"date":"2022-03-04T07:47:12","date_gmt":"2022-03-04T06:47:12","guid":{"rendered":"http:\/\/kapitalis.com\/tunisie\/?p=382740"},"modified":"2022-03-04T07:49:55","modified_gmt":"2022-03-04T06:49:55","slug":"sfax-accueille-les-22e-journees-du-livre-et-de-la-creation","status":"publish","type":"post","link":"https:\/\/kapitalis.com\/tunisie\/2022\/03\/04\/sfax-accueille-les-22e-journees-du-livre-et-de-la-creation\/","title":{"rendered":"Sfax accueille les 22e Journ\u00e9es du livre et de la cr\u00e9ation"},"content":{"rendered":"\n<div class=\"wp-block-image\"><figure class=\"aligncenter size-full\"><img decoding=\"async\" src=\"http:\/\/kapitalis.com\/tunisie\/wp-content\/uploads\/2022\/03\/Journees-du-livre-et-de-la-creeation-Sfax.jpg\" alt=\"\" class=\"wp-image-382741\"\/><\/figure><\/div>\n\n\n\n<p><strong><em>La Facult\u00e9 des lettres et sciences humaines de Sfax organise, du 4 au 10 mars 2022, une s\u00e9ries d&rsquo;activit\u00e9s scientifiques, culturelles et cr\u00e9atives \u00e0 l&rsquo;occasion de la 22<sup>e<\/sup> \u00e9dition des Journ\u00e9es du livre et de la cr\u00e9ation<\/em><\/strong>.<\/p>\n\n\n\n<!--more-->\n\n\n\n<p>Au programme de cette \u00e9dition, organis\u00e9 en collaboration avec l\u2019Universit\u00e9 de Sfax, la pr\u00e9sentation de pr\u00e8s d&rsquo;une vingtaine d&rsquo;ouvrages, des conf\u00e9rences, des journ\u00e9es d&rsquo;\u00e9tude, des s\u00e9minaires, des formations, des workshops, des rencontres po\u00e9tiques, des concours entre \u00e9tudiants et divers \u00e9v\u00e9nements culturels et sportifs.<\/p>\n\n\n\n<p>Pour Sofien Cha\u00e2ri, directeur des \u00e9tudes \u00e0 la Facult\u00e9 des lettres et sciences humaines de Sfax, ces journ\u00e9es repr\u00e9sentent une opportunit\u00e9 pour tous les d\u00e9partements et structures de recherche pour promouvoir une dynamique scientifique et intellectuelle au sein de l&rsquo;\u00e9tablissement. En raison du Covid-19, l\u2019\u00e9dition 2020-2021 n\u2019a pas eu lieu, et c\u2019est ce qui explique la grande participation et l\u2019engagement enthousiaste, aussi bien de la part des enseignants que des \u00e9tudiants, pour garantir la r\u00e9ussite de cette \u00e9dition et pour lui donner un contenu scientifique et culturel dense, a-t-il ajout\u00e9.<\/p>\n\n\n\n<p>L&rsquo;inauguration des Journ\u00e9es du livre et de la cr\u00e9ation est pr\u00e9vue ce vendredi 4 mars. Le recteur de l\u2019Universit\u00e9 de Sfax, Abdelwahed Mokni, la doyenne de la Facult\u00e9 des lettres et des sciences humaines, N\u00e9jiba Ckhir et le directeur des \u00e9tudes, Sofien Cha\u00e2ri interviendront \u00e0 cette occasion.<\/p>\n\n\n\n<p>Gr\u00e2ce \u00e0 la richesse de la mati\u00e8re et \u00e0 la diversit\u00e9 des activit\u00e9s, ces journ\u00e9es participeront au rayonnement litt\u00e9raire, scientifique et culturel non seulement \u00e0 l\u2019\u00e9chelle de la facult\u00e9 et de l\u2019universit\u00e9 mais aussi dans toute la ville de Sfax.<\/p>\n\n\n\n<p>La cl\u00f4ture de cette session aura lieu le jeudi 10 mars avec une journ\u00e9e d&rsquo;\u00e9tude sur le th\u00e8me&nbsp;: <em>\u00abLa pand\u00e9mie et ses manifestations entre sciences sociales et litt\u00e9rature\u00bb.<\/em><\/p>\n\n\n\n<p>Au cours de ces journ\u00e9es, la Facult\u00e9 des lettres et sciences humaines de Sfax se transformera en espace d\u2019accueil et assurera des animations qui font valoir la cr\u00e9ativit\u00e9 dans divers domaines, y compris ceux de la culture, du patrimoine et des arts.<\/p>\n\n\n\n<p>A cet \u00e9gard, un \u00e9v\u00e9nement d\u00e9di\u00e9 \u00e0 l&rsquo;\u00e9change culturel se tiendra sur la Grande Place. International Day, organis\u00e9 par l&rsquo;Ustand Club du d\u00e9partement d&rsquo;anglais. Il vise \u00e0 c\u00e9l\u00e9brer l\u2019\u00e9change avec les \u00e9tudiants \u00e9trangers de diff\u00e9rentes nationalit\u00e9s et sp\u00e9cialit\u00e9s.<\/p>\n\n\n\n<p>Le m\u00eame club organise dans le m\u00eame espace une activit\u00e9 d&rsquo;animation culturelle qui m\u00eale le plaisir de lire \u00e0 celui de d\u00e9guster&nbsp;: <em>\u00abRead and Taste\u00bb<\/em>.<\/p>\n\n\n\n<p>Une s\u00e9rie d&rsquo;ateliers dans les domaines de la restauration, de la mosa\u00efque, du dessin, de l&rsquo;expression, de la broderie, de la teinture et des couleurs se d\u00e9rouleront dans la petite cour de la facult\u00e9.<\/p>\n\n\n\n<p>Outre les ateliers cr\u00e9atifs, les pr\u00e9sentations de livres et les sessions de formation, portant, entre autres, sur les techniques et les arts de la communication, cette nouvelle \u00e9dition des Journ\u00e9es du livre et de la cr\u00e9ation se caract\u00e9rise par l&rsquo;organisation de deux concours pour les \u00e9tudiants. Le premier portera sur <em>\u00abLa cr\u00e9ativit\u00e9 au temps de l&rsquo;\u00e9pid\u00e9mie\u00bb<\/em>, et s&rsquo;adresse \u00e0 tous les \u00e9tudiants des vingt institutions universitaires de Sfax, Il couvrira les domaines suivants&nbsp;: <em>\u00abarticles journalistiques\u00bb, \u00abpo\u00e9sie et conte\u00bb, \u00abarts plastiques\u00bb, \u00abphotographie\u00bb, \u00abcr\u00e9ativit\u00e9 scientifique\u00bb<\/em> et <em>\u00abcr\u00e9ativit\u00e9 num\u00e9rique\u00bb<\/em>.<\/p>\n\n\n\n<p><a><\/a>Quant au deuxi\u00e8me concours, il s&rsquo;adresse aux \u00e9tudiants du journalisme cross media et choisira la meilleure couverture journalistique.<\/p>\n\n\n\n<p>Il est \u00e9galement pr\u00e9vu que les \u00e9tudiants du master en journalisme cross media se lancent dans la conception et la mise en place d\u2019une plateforme de m\u00e9dias \u00e9lectroniques sous la direction de leurs enseignants.<\/p>\n","protected":false},"excerpt":{"rendered":"<p>La Facult\u00e9 des lettres et sciences humaines de Sfax organise, du 4 au 10 mars 2022, une s\u00e9ries d&rsquo;activit\u00e9s scientifiques, culturelles et cr\u00e9atives \u00e0 l&rsquo;occasion de la 22e \u00e9dition des Journ\u00e9es du livre et de la cr\u00e9ation.<\/p>\n","protected":false},"author":8,"featured_media":382741,"comment_status":"open","ping_status":"open","sticky":false,"template":"","format":"standard","meta":{"footnotes":""},"categories":[994,2433],"tags":[97798,97796,97799,823,97797,33263],"class_list":["post-382740","post","type-post","status-publish","format-standard","has-post-thumbnail","hentry","category-culture","category-tunisie","tag-abdelwahed-mokni","tag-journees-du-livre-et-de-la-creation","tag-nejiba-ckhir","tag-sfax","tag-sofien-chaari","tag-universite-de-sfax"],"yoast_head":"<!-- This site is optimized with the Yoast SEO plugin v26.6 - https:\/\/yoast.com\/wordpress\/plugins\/seo\/ -->\n<title>Sfax accueille les 22e Journ\u00e9es du livre et de la cr\u00e9ation - Kapitalis<\/title>\n<meta name=\"robots\" content=\"index, follow, max-snippet:-1, max-image-preview:large, max-video-preview:-1\" \/>\n<link rel=\"canonical\" href=\"https:\/\/kapitalis.com\/tunisie\/2022\/03\/04\/sfax-accueille-les-22e-journees-du-livre-et-de-la-creation\/\" \/>\n<meta property=\"og:locale\" content=\"fr_FR\" \/>\n<meta property=\"og:type\" content=\"article\" \/>\n<meta property=\"og:title\" content=\"Sfax accueille les 22e Journ\u00e9es du livre et de la cr\u00e9ation - Kapitalis\" \/>\n<meta property=\"og:description\" content=\"La Facult\u00e9 des lettres et sciences humaines de Sfax organise, du 4 au 10 mars 2022, une s\u00e9ries d&rsquo;activit\u00e9s scientifiques, culturelles et cr\u00e9atives \u00e0 l&rsquo;occasion de la 22e \u00e9dition des Journ\u00e9es du livre et de la cr\u00e9ation.\" \/>\n<meta property=\"og:url\" content=\"https:\/\/kapitalis.com\/tunisie\/2022\/03\/04\/sfax-accueille-les-22e-journees-du-livre-et-de-la-creation\/\" \/>\n<meta property=\"og:site_name\" content=\"Kapitalis\" \/>\n<meta property=\"article:publisher\" content=\"https:\/\/www.facebook.com\/KapitalisInfo\/\" \/>\n<meta property=\"article:published_time\" content=\"2022-03-04T06:47:12+00:00\" \/>\n<meta property=\"article:modified_time\" content=\"2022-03-04T06:49:55+00:00\" \/>\n<meta property=\"og:image\" content=\"https:\/\/kapitalis.com\/tunisie\/wp-content\/uploads\/2022\/05\/kapitalis-logo-fb.png\" \/>\n\t<meta property=\"og:image:width\" content=\"1200\" \/>\n\t<meta property=\"og:image:height\" content=\"630\" \/>\n\t<meta property=\"og:image:type\" content=\"image\/png\" \/>\n<meta name=\"author\" content=\"webmaster kapitalis\" \/>\n<meta name=\"twitter:card\" content=\"summary_large_image\" \/>\n<meta name=\"twitter:creator\" content=\"@KapitalisInfo\" \/>\n<meta name=\"twitter:site\" content=\"@KapitalisInfo\" \/>\n<meta name=\"twitter:label1\" content=\"\u00c9crit par\" \/>\n\t<meta name=\"twitter:data1\" content=\"webmaster kapitalis\" \/>\n\t<meta name=\"twitter:label2\" content=\"Dur\u00e9e de lecture estim\u00e9e\" \/>\n\t<meta name=\"twitter:data2\" content=\"3 minutes\" \/>\n<script type=\"application\/ld+json\" class=\"yoast-schema-graph\">{\"@context\":\"https:\/\/schema.org\",\"@graph\":[{\"@type\":\"Article\",\"@id\":\"https:\/\/kapitalis.com\/tunisie\/2022\/03\/04\/sfax-accueille-les-22e-journees-du-livre-et-de-la-creation\/#article\",\"isPartOf\":{\"@id\":\"https:\/\/kapitalis.com\/tunisie\/2022\/03\/04\/sfax-accueille-les-22e-journees-du-livre-et-de-la-creation\/\"},\"author\":{\"name\":\"webmaster kapitalis\",\"@id\":\"https:\/\/kapitalis.com\/tunisie\/#\/schema\/person\/d71f33a9ca44f7bad4698210b480c8e9\"},\"headline\":\"Sfax accueille les 22e Journ\u00e9es du livre et de la cr\u00e9ation\",\"datePublished\":\"2022-03-04T06:47:12+00:00\",\"dateModified\":\"2022-03-04T06:49:55+00:00\",\"mainEntityOfPage\":{\"@id\":\"https:\/\/kapitalis.com\/tunisie\/2022\/03\/04\/sfax-accueille-les-22e-journees-du-livre-et-de-la-creation\/\"},\"wordCount\":643,\"commentCount\":0,\"publisher\":{\"@id\":\"https:\/\/kapitalis.com\/tunisie\/#organization\"},\"image\":{\"@id\":\"https:\/\/kapitalis.com\/tunisie\/2022\/03\/04\/sfax-accueille-les-22e-journees-du-livre-et-de-la-creation\/#primaryimage\"},\"thumbnailUrl\":\"\",\"keywords\":[\"Abdelwahed Mokni\",\"Journ\u00e9es du livre et de la cr\u00e9ation\",\"N\u00e9jiba Ckhir\",\"Sfax\",\"Sofien Cha\u00e2ri\",\"Universit\u00e9 de Sfax\"],\"articleSection\":[\"CULTURE\",\"Tunisie\"],\"inLanguage\":\"fr-FR\",\"potentialAction\":[{\"@type\":\"CommentAction\",\"name\":\"Comment\",\"target\":[\"https:\/\/kapitalis.com\/tunisie\/2022\/03\/04\/sfax-accueille-les-22e-journees-du-livre-et-de-la-creation\/#respond\"]}]},{\"@type\":\"WebPage\",\"@id\":\"https:\/\/kapitalis.com\/tunisie\/2022\/03\/04\/sfax-accueille-les-22e-journees-du-livre-et-de-la-creation\/\",\"url\":\"https:\/\/kapitalis.com\/tunisie\/2022\/03\/04\/sfax-accueille-les-22e-journees-du-livre-et-de-la-creation\/\",\"name\":\"Sfax accueille les 22e Journ\u00e9es du livre et de la cr\u00e9ation - Kapitalis\",\"isPartOf\":{\"@id\":\"https:\/\/kapitalis.com\/tunisie\/#website\"},\"primaryImageOfPage\":{\"@id\":\"https:\/\/kapitalis.com\/tunisie\/2022\/03\/04\/sfax-accueille-les-22e-journees-du-livre-et-de-la-creation\/#primaryimage\"},\"image\":{\"@id\":\"https:\/\/kapitalis.com\/tunisie\/2022\/03\/04\/sfax-accueille-les-22e-journees-du-livre-et-de-la-creation\/#primaryimage\"},\"thumbnailUrl\":\"\",\"datePublished\":\"2022-03-04T06:47:12+00:00\",\"dateModified\":\"2022-03-04T06:49:55+00:00\",\"breadcrumb\":{\"@id\":\"https:\/\/kapitalis.com\/tunisie\/2022\/03\/04\/sfax-accueille-les-22e-journees-du-livre-et-de-la-creation\/#breadcrumb\"},\"inLanguage\":\"fr-FR\",\"potentialAction\":[{\"@type\":\"ReadAction\",\"target\":[\"https:\/\/kapitalis.com\/tunisie\/2022\/03\/04\/sfax-accueille-les-22e-journees-du-livre-et-de-la-creation\/\"]}]},{\"@type\":\"ImageObject\",\"inLanguage\":\"fr-FR\",\"@id\":\"https:\/\/kapitalis.com\/tunisie\/2022\/03\/04\/sfax-accueille-les-22e-journees-du-livre-et-de-la-creation\/#primaryimage\",\"url\":\"\",\"contentUrl\":\"\"},{\"@type\":\"BreadcrumbList\",\"@id\":\"https:\/\/kapitalis.com\/tunisie\/2022\/03\/04\/sfax-accueille-les-22e-journees-du-livre-et-de-la-creation\/#breadcrumb\",\"itemListElement\":[{\"@type\":\"ListItem\",\"position\":1,\"name\":\"Accueil\",\"item\":\"https:\/\/kapitalis.com\/tunisie\/\"},{\"@type\":\"ListItem\",\"position\":2,\"name\":\"Sfax accueille les 22e Journ\u00e9es du livre et de la cr\u00e9ation\"}]},{\"@type\":\"WebSite\",\"@id\":\"https:\/\/kapitalis.com\/tunisie\/#website\",\"url\":\"https:\/\/kapitalis.com\/tunisie\/\",\"name\":\"Kapitalis\",\"description\":\"L&#039;actualit\u00e9 en Tunisie et dans le monde\",\"publisher\":{\"@id\":\"https:\/\/kapitalis.com\/tunisie\/#organization\"},\"potentialAction\":[{\"@type\":\"SearchAction\",\"target\":{\"@type\":\"EntryPoint\",\"urlTemplate\":\"https:\/\/kapitalis.com\/tunisie\/?s={search_term_string}\"},\"query-input\":{\"@type\":\"PropertyValueSpecification\",\"valueRequired\":true,\"valueName\":\"search_term_string\"}}],\"inLanguage\":\"fr-FR\"},{\"@type\":\"Organization\",\"@id\":\"https:\/\/kapitalis.com\/tunisie\/#organization\",\"name\":\"Kapitalis\",\"url\":\"https:\/\/kapitalis.com\/tunisie\/\",\"logo\":{\"@type\":\"ImageObject\",\"inLanguage\":\"fr-FR\",\"@id\":\"https:\/\/kapitalis.com\/tunisie\/#\/schema\/logo\/image\/\",\"url\":\"https:\/\/kapitalis.com\/tunisie\/wp-content\/uploads\/2022\/05\/Kapitalis-big-size.png\",\"contentUrl\":\"https:\/\/kapitalis.com\/tunisie\/wp-content\/uploads\/2022\/05\/Kapitalis-big-size.png\",\"width\":5000,\"height\":1500,\"caption\":\"Kapitalis\"},\"image\":{\"@id\":\"https:\/\/kapitalis.com\/tunisie\/#\/schema\/logo\/image\/\"},\"sameAs\":[\"https:\/\/www.facebook.com\/KapitalisInfo\/\",\"https:\/\/x.com\/KapitalisInfo\",\"https:\/\/www.youtube.com\/channel\/UC-yDYrHyfFBWWZaOw3FPg9Q\"]},{\"@type\":\"Person\",\"@id\":\"https:\/\/kapitalis.com\/tunisie\/#\/schema\/person\/d71f33a9ca44f7bad4698210b480c8e9\",\"name\":\"webmaster kapitalis\",\"url\":\"https:\/\/kapitalis.com\/tunisie\/author\/webmaster-kapitalis\/\"}]}<\/script>\n<!-- \/ Yoast SEO plugin. -->","yoast_head_json":{"title":"Sfax accueille les 22e Journ\u00e9es du livre et de la cr\u00e9ation - Kapitalis","robots":{"index":"index","follow":"follow","max-snippet":"max-snippet:-1","max-image-preview":"max-image-preview:large","max-video-preview":"max-video-preview:-1"},"canonical":"https:\/\/kapitalis.com\/tunisie\/2022\/03\/04\/sfax-accueille-les-22e-journees-du-livre-et-de-la-creation\/","og_locale":"fr_FR","og_type":"article","og_title":"Sfax accueille les 22e Journ\u00e9es du livre et de la cr\u00e9ation - Kapitalis","og_description":"La Facult\u00e9 des lettres et sciences humaines de Sfax organise, du 4 au 10 mars 2022, une s\u00e9ries d&rsquo;activit\u00e9s scientifiques, culturelles et cr\u00e9atives \u00e0 l&rsquo;occasion de la 22e \u00e9dition des Journ\u00e9es du livre et de la cr\u00e9ation.","og_url":"https:\/\/kapitalis.com\/tunisie\/2022\/03\/04\/sfax-accueille-les-22e-journees-du-livre-et-de-la-creation\/","og_site_name":"Kapitalis","article_publisher":"https:\/\/www.facebook.com\/KapitalisInfo\/","article_published_time":"2022-03-04T06:47:12+00:00","article_modified_time":"2022-03-04T06:49:55+00:00","og_image":[{"width":1200,"height":630,"url":"https:\/\/kapitalis.com\/tunisie\/wp-content\/uploads\/2022\/05\/kapitalis-logo-fb.png","type":"image\/png"}],"author":"webmaster kapitalis","twitter_card":"summary_large_image","twitter_creator":"@KapitalisInfo","twitter_site":"@KapitalisInfo","twitter_misc":{"\u00c9crit par":"webmaster kapitalis","Dur\u00e9e de lecture estim\u00e9e":"3 minutes"},"schema":{"@context":"https:\/\/schema.org","@graph":[{"@type":"Article","@id":"https:\/\/kapitalis.com\/tunisie\/2022\/03\/04\/sfax-accueille-les-22e-journees-du-livre-et-de-la-creation\/#article","isPartOf":{"@id":"https:\/\/kapitalis.com\/tunisie\/2022\/03\/04\/sfax-accueille-les-22e-journees-du-livre-et-de-la-creation\/"},"author":{"name":"webmaster kapitalis","@id":"https:\/\/kapitalis.com\/tunisie\/#\/schema\/person\/d71f33a9ca44f7bad4698210b480c8e9"},"headline":"Sfax accueille les 22e Journ\u00e9es du livre et de la cr\u00e9ation","datePublished":"2022-03-04T06:47:12+00:00","dateModified":"2022-03-04T06:49:55+00:00","mainEntityOfPage":{"@id":"https:\/\/kapitalis.com\/tunisie\/2022\/03\/04\/sfax-accueille-les-22e-journees-du-livre-et-de-la-creation\/"},"wordCount":643,"commentCount":0,"publisher":{"@id":"https:\/\/kapitalis.com\/tunisie\/#organization"},"image":{"@id":"https:\/\/kapitalis.com\/tunisie\/2022\/03\/04\/sfax-accueille-les-22e-journees-du-livre-et-de-la-creation\/#primaryimage"},"thumbnailUrl":"","keywords":["Abdelwahed Mokni","Journ\u00e9es du livre et de la cr\u00e9ation","N\u00e9jiba Ckhir","Sfax","Sofien Cha\u00e2ri","Universit\u00e9 de Sfax"],"articleSection":["CULTURE","Tunisie"],"inLanguage":"fr-FR","potentialAction":[{"@type":"CommentAction","name":"Comment","target":["https:\/\/kapitalis.com\/tunisie\/2022\/03\/04\/sfax-accueille-les-22e-journees-du-livre-et-de-la-creation\/#respond"]}]},{"@type":"WebPage","@id":"https:\/\/kapitalis.com\/tunisie\/2022\/03\/04\/sfax-accueille-les-22e-journees-du-livre-et-de-la-creation\/","url":"https:\/\/kapitalis.com\/tunisie\/2022\/03\/04\/sfax-accueille-les-22e-journees-du-livre-et-de-la-creation\/","name":"Sfax accueille les 22e Journ\u00e9es du livre et de la cr\u00e9ation - Kapitalis","isPartOf":{"@id":"https:\/\/kapitalis.com\/tunisie\/#website"},"primaryImageOfPage":{"@id":"https:\/\/kapitalis.com\/tunisie\/2022\/03\/04\/sfax-accueille-les-22e-journees-du-livre-et-de-la-creation\/#primaryimage"},"image":{"@id":"https:\/\/kapitalis.com\/tunisie\/2022\/03\/04\/sfax-accueille-les-22e-journees-du-livre-et-de-la-creation\/#primaryimage"},"thumbnailUrl":"","datePublished":"2022-03-04T06:47:12+00:00","dateModified":"2022-03-04T06:49:55+00:00","breadcrumb":{"@id":"https:\/\/kapitalis.com\/tunisie\/2022\/03\/04\/sfax-accueille-les-22e-journees-du-livre-et-de-la-creation\/#breadcrumb"},"inLanguage":"fr-FR","potentialAction":[{"@type":"ReadAction","target":["https:\/\/kapitalis.com\/tunisie\/2022\/03\/04\/sfax-accueille-les-22e-journees-du-livre-et-de-la-creation\/"]}]},{"@type":"ImageObject","inLanguage":"fr-FR","@id":"https:\/\/kapitalis.com\/tunisie\/2022\/03\/04\/sfax-accueille-les-22e-journees-du-livre-et-de-la-creation\/#primaryimage","url":"","contentUrl":""},{"@type":"BreadcrumbList","@id":"https:\/\/kapitalis.com\/tunisie\/2022\/03\/04\/sfax-accueille-les-22e-journees-du-livre-et-de-la-creation\/#breadcrumb","itemListElement":[{"@type":"ListItem","position":1,"name":"Accueil","item":"https:\/\/kapitalis.com\/tunisie\/"},{"@type":"ListItem","position":2,"name":"Sfax accueille les 22e Journ\u00e9es du livre et de la cr\u00e9ation"}]},{"@type":"WebSite","@id":"https:\/\/kapitalis.com\/tunisie\/#website","url":"https:\/\/kapitalis.com\/tunisie\/","name":"Kapitalis","description":"L&#039;actualit\u00e9 en Tunisie et dans le monde","publisher":{"@id":"https:\/\/kapitalis.com\/tunisie\/#organization"},"potentialAction":[{"@type":"SearchAction","target":{"@type":"EntryPoint","urlTemplate":"https:\/\/kapitalis.com\/tunisie\/?s={search_term_string}"},"query-input":{"@type":"PropertyValueSpecification","valueRequired":true,"valueName":"search_term_string"}}],"inLanguage":"fr-FR"},{"@type":"Organization","@id":"https:\/\/kapitalis.com\/tunisie\/#organization","name":"Kapitalis","url":"https:\/\/kapitalis.com\/tunisie\/","logo":{"@type":"ImageObject","inLanguage":"fr-FR","@id":"https:\/\/kapitalis.com\/tunisie\/#\/schema\/logo\/image\/","url":"https:\/\/kapitalis.com\/tunisie\/wp-content\/uploads\/2022\/05\/Kapitalis-big-size.png","contentUrl":"https:\/\/kapitalis.com\/tunisie\/wp-content\/uploads\/2022\/05\/Kapitalis-big-size.png","width":5000,"height":1500,"caption":"Kapitalis"},"image":{"@id":"https:\/\/kapitalis.com\/tunisie\/#\/schema\/logo\/image\/"},"sameAs":["https:\/\/www.facebook.com\/KapitalisInfo\/","https:\/\/x.com\/KapitalisInfo","https:\/\/www.youtube.com\/channel\/UC-yDYrHyfFBWWZaOw3FPg9Q"]},{"@type":"Person","@id":"https:\/\/kapitalis.com\/tunisie\/#\/schema\/person\/d71f33a9ca44f7bad4698210b480c8e9","name":"webmaster kapitalis","url":"https:\/\/kapitalis.com\/tunisie\/author\/webmaster-kapitalis\/"}]}},"_links":{"self":[{"href":"https:\/\/kapitalis.com\/tunisie\/wp-json\/wp\/v2\/posts\/382740","targetHints":{"allow":["GET"]}}],"collection":[{"href":"https:\/\/kapitalis.com\/tunisie\/wp-json\/wp\/v2\/posts"}],"about":[{"href":"https:\/\/kapitalis.com\/tunisie\/wp-json\/wp\/v2\/types\/post"}],"author":[{"embeddable":true,"href":"https:\/\/kapitalis.com\/tunisie\/wp-json\/wp\/v2\/users\/8"}],"replies":[{"embeddable":true,"href":"https:\/\/kapitalis.com\/tunisie\/wp-json\/wp\/v2\/comments?post=382740"}],"version-history":[{"count":0,"href":"https:\/\/kapitalis.com\/tunisie\/wp-json\/wp\/v2\/posts\/382740\/revisions"}],"wp:featuredmedia":[{"embeddable":true,"href":"https:\/\/kapitalis.com\/tunisie\/wp-json\/wp\/v2\/media\/382741"}],"wp:attachment":[{"href":"https:\/\/kapitalis.com\/tunisie\/wp-json\/wp\/v2\/media?parent=382740"}],"wp:term":[{"taxonomy":"category","embeddable":true,"href":"https:\/\/kapitalis.com\/tunisie\/wp-json\/wp\/v2\/categories?post=382740"},{"taxonomy":"post_tag","embeddable":true,"href":"https:\/\/kapitalis.com\/tunisie\/wp-json\/wp\/v2\/tags?post=382740"}],"curies":[{"name":"wp","href":"https:\/\/api.w.org\/{rel}","templated":true}]}}