{"id":382878,"date":"2022-03-05T19:29:42","date_gmt":"2022-03-05T18:29:42","guid":{"rendered":"http:\/\/kapitalis.com\/tunisie\/?p=382878"},"modified":"2022-03-05T19:33:14","modified_gmt":"2022-03-05T18:33:14","slug":"tunisie-arrestation-dune-terroriste-qui-planifiait-des-kidnappings-et-une-attaque-kamikaze","status":"publish","type":"post","link":"https:\/\/kapitalis.com\/tunisie\/2022\/03\/05\/tunisie-arrestation-dune-terroriste-qui-planifiait-des-kidnappings-et-une-attaque-kamikaze\/","title":{"rendered":"Tunisie : Arrestation d&rsquo;une terroriste qui planifiait des kidnappings et une attaque kamikaze"},"content":{"rendered":"\n<div class=\"wp-block-image\"><figure class=\"aligncenter size-full\"><img decoding=\"async\" src=\"http:\/\/kapitalis.com\/tunisie\/wp-content\/uploads\/2022\/03\/nisab-terroriste-lutte-contre-terrorisme.jpg\" alt=\"\" class=\"wp-image-382881\"\/><\/figure><\/div>\n\n\n\n<p><em><strong>Le minist\u00e8re de l&rsquo;Int\u00e9rieur a annonc\u00e9 ,ce samedi 4 mars 2022, l&rsquo;arrestation d&rsquo;une terroriste qui planifiait de kidnapper des enfants de s\u00e9curitaires et de militaires pour faire du chantage aux autorit\u00e9s dans le but de faire lib\u00e9rer des prisonniers terroristes. Elle avait \u00e9galement planifi\u00e9 une attaque kamikaze<\/strong><\/em>&#8230;<\/p>\n\n\n\n<!--more-->\n\n\n\n<p>L&rsquo;op\u00e9ration a \u00e9t\u00e9 men\u00e9e par le brigade antiterroriste relevant de la Garde nationale et les services de renseignements, et ce, en coordination avec le p\u00f4le judiciaire antiterroriste, indique le d\u00e9partement de l&rsquo;Int\u00e9rieur, en ajoutant que les investigations ont permis l&rsquo;attestation de la takfiriste qui avait d\u00e9j\u00e0 purg\u00e9 une peine pour une affaire terroriste.<\/p>\n\n\n\n<p>Le minist\u00e8re pr\u00e9cise aussi que la terroriste avait planifi\u00e9 de mener une attaque kamikaze visant des b\u00e2timents s\u00e9curitaires, avec une ceinture explosive qu&rsquo;elle avait pr\u00e9par\u00e9 elle-m\u00eame.<\/p>\n\n\n\n<p>D\u00e9f\u00e9r\u00e9e devant le juge du p\u00f4le antiterroriste, elle a fait l&rsquo;objet d&rsquo;un mandat de d\u00e9p\u00f4t.<\/p>\n\n\n\n<p class=\"has-text-align-right\"><strong>Y. N.<\/strong><\/p>\n","protected":false},"excerpt":{"rendered":"<p>Le minist\u00e8re de l&rsquo;Int\u00e9rieur a annonc\u00e9 ,ce samedi 4 mars 2022, l&rsquo;arrestation d&rsquo;une terroriste qui planifiait de kidnapper des enfants de s\u00e9curitaires et de militaires pour faire du chantage aux autorit\u00e9s dans le but de faire lib\u00e9rer des prisonniers terroristes. Elle avait \u00e9galement planifi\u00e9 une attaque kamikaze&#8230;<\/p>\n","protected":false},"author":6,"featured_media":382881,"comment_status":"open","ping_status":"open","sticky":false,"template":"","format":"standard","meta":{"footnotes":""},"categories":[998,2433],"tags":[1270,1571,9697,97841,897,898,62643],"class_list":["post-382878","post","type-post","status-publish","format-standard","has-post-thumbnail","hentry","category-societe","category-tunisie","tag-attaque","tag-ceinture-explosive","tag-kamikaze","tag-kidnappings","tag-terrorisme","tag-terroriste","tag-tunisie"],"yoast_head":"<!-- This site is optimized with the Yoast SEO plugin v26.6 - https:\/\/yoast.com\/wordpress\/plugins\/seo\/ -->\n<title>Tunisie : Arrestation d&#039;une terroriste qui planifiait des kidnappings et une attaque kamikaze - Kapitalis<\/title>\n<meta name=\"robots\" content=\"index, follow, max-snippet:-1, max-image-preview:large, max-video-preview:-1\" \/>\n<link rel=\"canonical\" href=\"https:\/\/kapitalis.com\/tunisie\/2022\/03\/05\/tunisie-arrestation-dune-terroriste-qui-planifiait-des-kidnappings-et-une-attaque-kamikaze\/\" \/>\n<meta property=\"og:locale\" content=\"fr_FR\" \/>\n<meta property=\"og:type\" content=\"article\" \/>\n<meta property=\"og:title\" content=\"Tunisie : Arrestation d&#039;une terroriste qui planifiait des kidnappings et une attaque kamikaze - Kapitalis\" \/>\n<meta property=\"og:description\" content=\"Le minist\u00e8re de l&rsquo;Int\u00e9rieur a annonc\u00e9 ,ce samedi 4 mars 2022, l&rsquo;arrestation d&rsquo;une terroriste qui planifiait de kidnapper des enfants de s\u00e9curitaires et de militaires pour faire du chantage aux autorit\u00e9s dans le but de faire lib\u00e9rer des prisonniers terroristes. Elle avait \u00e9galement planifi\u00e9 une attaque kamikaze&#8230;\" \/>\n<meta property=\"og:url\" content=\"https:\/\/kapitalis.com\/tunisie\/2022\/03\/05\/tunisie-arrestation-dune-terroriste-qui-planifiait-des-kidnappings-et-une-attaque-kamikaze\/\" \/>\n<meta property=\"og:site_name\" content=\"Kapitalis\" \/>\n<meta property=\"article:publisher\" content=\"https:\/\/www.facebook.com\/KapitalisInfo\/\" \/>\n<meta property=\"article:published_time\" content=\"2022-03-05T18:29:42+00:00\" \/>\n<meta property=\"article:modified_time\" content=\"2022-03-05T18:33:14+00:00\" \/>\n<meta property=\"og:image\" content=\"https:\/\/kapitalis.com\/tunisie\/wp-content\/uploads\/2022\/05\/kapitalis-logo-fb.png\" \/>\n\t<meta property=\"og:image:width\" content=\"1200\" \/>\n\t<meta property=\"og:image:height\" content=\"630\" \/>\n\t<meta property=\"og:image:type\" content=\"image\/png\" \/>\n<meta name=\"author\" content=\"Yusra NY\" \/>\n<meta name=\"twitter:card\" content=\"summary_large_image\" \/>\n<meta name=\"twitter:creator\" content=\"@KapitalisInfo\" \/>\n<meta name=\"twitter:site\" content=\"@KapitalisInfo\" \/>\n<meta name=\"twitter:label1\" content=\"\u00c9crit par\" \/>\n\t<meta name=\"twitter:data1\" content=\"Yusra NY\" \/>\n\t<meta name=\"twitter:label2\" content=\"Dur\u00e9e de lecture estim\u00e9e\" \/>\n\t<meta name=\"twitter:data2\" content=\"1 minute\" \/>\n<script type=\"application\/ld+json\" class=\"yoast-schema-graph\">{\"@context\":\"https:\/\/schema.org\",\"@graph\":[{\"@type\":\"Article\",\"@id\":\"https:\/\/kapitalis.com\/tunisie\/2022\/03\/05\/tunisie-arrestation-dune-terroriste-qui-planifiait-des-kidnappings-et-une-attaque-kamikaze\/#article\",\"isPartOf\":{\"@id\":\"https:\/\/kapitalis.com\/tunisie\/2022\/03\/05\/tunisie-arrestation-dune-terroriste-qui-planifiait-des-kidnappings-et-une-attaque-kamikaze\/\"},\"author\":{\"name\":\"Yusra NY\",\"@id\":\"https:\/\/kapitalis.com\/tunisie\/#\/schema\/person\/74bbde0154d49d790a92aaeac5bc01d5\"},\"headline\":\"Tunisie : Arrestation d&rsquo;une terroriste qui planifiait des kidnappings et une attaque kamikaze\",\"datePublished\":\"2022-03-05T18:29:42+00:00\",\"dateModified\":\"2022-03-05T18:33:14+00:00\",\"mainEntityOfPage\":{\"@id\":\"https:\/\/kapitalis.com\/tunisie\/2022\/03\/05\/tunisie-arrestation-dune-terroriste-qui-planifiait-des-kidnappings-et-une-attaque-kamikaze\/\"},\"wordCount\":176,\"commentCount\":0,\"publisher\":{\"@id\":\"https:\/\/kapitalis.com\/tunisie\/#organization\"},\"image\":{\"@id\":\"https:\/\/kapitalis.com\/tunisie\/2022\/03\/05\/tunisie-arrestation-dune-terroriste-qui-planifiait-des-kidnappings-et-une-attaque-kamikaze\/#primaryimage\"},\"thumbnailUrl\":\"\",\"keywords\":[\"attaque\",\"ceinture explosive\",\"kamikaze\",\"kidnappings\",\"terrorisme\",\"terroriste\",\"Tunisie\"],\"articleSection\":[\"SOCIETE\",\"Tunisie\"],\"inLanguage\":\"fr-FR\",\"potentialAction\":[{\"@type\":\"CommentAction\",\"name\":\"Comment\",\"target\":[\"https:\/\/kapitalis.com\/tunisie\/2022\/03\/05\/tunisie-arrestation-dune-terroriste-qui-planifiait-des-kidnappings-et-une-attaque-kamikaze\/#respond\"]}]},{\"@type\":\"WebPage\",\"@id\":\"https:\/\/kapitalis.com\/tunisie\/2022\/03\/05\/tunisie-arrestation-dune-terroriste-qui-planifiait-des-kidnappings-et-une-attaque-kamikaze\/\",\"url\":\"https:\/\/kapitalis.com\/tunisie\/2022\/03\/05\/tunisie-arrestation-dune-terroriste-qui-planifiait-des-kidnappings-et-une-attaque-kamikaze\/\",\"name\":\"Tunisie : Arrestation d'une terroriste qui planifiait des kidnappings et une attaque kamikaze - Kapitalis\",\"isPartOf\":{\"@id\":\"https:\/\/kapitalis.com\/tunisie\/#website\"},\"primaryImageOfPage\":{\"@id\":\"https:\/\/kapitalis.com\/tunisie\/2022\/03\/05\/tunisie-arrestation-dune-terroriste-qui-planifiait-des-kidnappings-et-une-attaque-kamikaze\/#primaryimage\"},\"image\":{\"@id\":\"https:\/\/kapitalis.com\/tunisie\/2022\/03\/05\/tunisie-arrestation-dune-terroriste-qui-planifiait-des-kidnappings-et-une-attaque-kamikaze\/#primaryimage\"},\"thumbnailUrl\":\"\",\"datePublished\":\"2022-03-05T18:29:42+00:00\",\"dateModified\":\"2022-03-05T18:33:14+00:00\",\"breadcrumb\":{\"@id\":\"https:\/\/kapitalis.com\/tunisie\/2022\/03\/05\/tunisie-arrestation-dune-terroriste-qui-planifiait-des-kidnappings-et-une-attaque-kamikaze\/#breadcrumb\"},\"inLanguage\":\"fr-FR\",\"potentialAction\":[{\"@type\":\"ReadAction\",\"target\":[\"https:\/\/kapitalis.com\/tunisie\/2022\/03\/05\/tunisie-arrestation-dune-terroriste-qui-planifiait-des-kidnappings-et-une-attaque-kamikaze\/\"]}]},{\"@type\":\"ImageObject\",\"inLanguage\":\"fr-FR\",\"@id\":\"https:\/\/kapitalis.com\/tunisie\/2022\/03\/05\/tunisie-arrestation-dune-terroriste-qui-planifiait-des-kidnappings-et-une-attaque-kamikaze\/#primaryimage\",\"url\":\"\",\"contentUrl\":\"\"},{\"@type\":\"BreadcrumbList\",\"@id\":\"https:\/\/kapitalis.com\/tunisie\/2022\/03\/05\/tunisie-arrestation-dune-terroriste-qui-planifiait-des-kidnappings-et-une-attaque-kamikaze\/#breadcrumb\",\"itemListElement\":[{\"@type\":\"ListItem\",\"position\":1,\"name\":\"Accueil\",\"item\":\"https:\/\/kapitalis.com\/tunisie\/\"},{\"@type\":\"ListItem\",\"position\":2,\"name\":\"Tunisie : Arrestation d&rsquo;une terroriste qui planifiait des kidnappings et une attaque kamikaze\"}]},{\"@type\":\"WebSite\",\"@id\":\"https:\/\/kapitalis.com\/tunisie\/#website\",\"url\":\"https:\/\/kapitalis.com\/tunisie\/\",\"name\":\"Kapitalis\",\"description\":\"L&#039;actualit\u00e9 en Tunisie et dans le monde\",\"publisher\":{\"@id\":\"https:\/\/kapitalis.com\/tunisie\/#organization\"},\"potentialAction\":[{\"@type\":\"SearchAction\",\"target\":{\"@type\":\"EntryPoint\",\"urlTemplate\":\"https:\/\/kapitalis.com\/tunisie\/?s={search_term_string}\"},\"query-input\":{\"@type\":\"PropertyValueSpecification\",\"valueRequired\":true,\"valueName\":\"search_term_string\"}}],\"inLanguage\":\"fr-FR\"},{\"@type\":\"Organization\",\"@id\":\"https:\/\/kapitalis.com\/tunisie\/#organization\",\"name\":\"Kapitalis\",\"url\":\"https:\/\/kapitalis.com\/tunisie\/\",\"logo\":{\"@type\":\"ImageObject\",\"inLanguage\":\"fr-FR\",\"@id\":\"https:\/\/kapitalis.com\/tunisie\/#\/schema\/logo\/image\/\",\"url\":\"https:\/\/kapitalis.com\/tunisie\/wp-content\/uploads\/2022\/05\/Kapitalis-big-size.png\",\"contentUrl\":\"https:\/\/kapitalis.com\/tunisie\/wp-content\/uploads\/2022\/05\/Kapitalis-big-size.png\",\"width\":5000,\"height\":1500,\"caption\":\"Kapitalis\"},\"image\":{\"@id\":\"https:\/\/kapitalis.com\/tunisie\/#\/schema\/logo\/image\/\"},\"sameAs\":[\"https:\/\/www.facebook.com\/KapitalisInfo\/\",\"https:\/\/x.com\/KapitalisInfo\",\"https:\/\/www.youtube.com\/channel\/UC-yDYrHyfFBWWZaOw3FPg9Q\"]},{\"@type\":\"Person\",\"@id\":\"https:\/\/kapitalis.com\/tunisie\/#\/schema\/person\/74bbde0154d49d790a92aaeac5bc01d5\",\"name\":\"Yusra NY\",\"url\":\"https:\/\/kapitalis.com\/tunisie\/author\/yuza_adam\/\"}]}<\/script>\n<!-- \/ Yoast SEO plugin. -->","yoast_head_json":{"title":"Tunisie : Arrestation d'une terroriste qui planifiait des kidnappings et une attaque kamikaze - Kapitalis","robots":{"index":"index","follow":"follow","max-snippet":"max-snippet:-1","max-image-preview":"max-image-preview:large","max-video-preview":"max-video-preview:-1"},"canonical":"https:\/\/kapitalis.com\/tunisie\/2022\/03\/05\/tunisie-arrestation-dune-terroriste-qui-planifiait-des-kidnappings-et-une-attaque-kamikaze\/","og_locale":"fr_FR","og_type":"article","og_title":"Tunisie : Arrestation d'une terroriste qui planifiait des kidnappings et une attaque kamikaze - Kapitalis","og_description":"Le minist\u00e8re de l&rsquo;Int\u00e9rieur a annonc\u00e9 ,ce samedi 4 mars 2022, l&rsquo;arrestation d&rsquo;une terroriste qui planifiait de kidnapper des enfants de s\u00e9curitaires et de militaires pour faire du chantage aux autorit\u00e9s dans le but de faire lib\u00e9rer des prisonniers terroristes. Elle avait \u00e9galement planifi\u00e9 une attaque kamikaze&#8230;","og_url":"https:\/\/kapitalis.com\/tunisie\/2022\/03\/05\/tunisie-arrestation-dune-terroriste-qui-planifiait-des-kidnappings-et-une-attaque-kamikaze\/","og_site_name":"Kapitalis","article_publisher":"https:\/\/www.facebook.com\/KapitalisInfo\/","article_published_time":"2022-03-05T18:29:42+00:00","article_modified_time":"2022-03-05T18:33:14+00:00","og_image":[{"width":1200,"height":630,"url":"https:\/\/kapitalis.com\/tunisie\/wp-content\/uploads\/2022\/05\/kapitalis-logo-fb.png","type":"image\/png"}],"author":"Yusra NY","twitter_card":"summary_large_image","twitter_creator":"@KapitalisInfo","twitter_site":"@KapitalisInfo","twitter_misc":{"\u00c9crit par":"Yusra NY","Dur\u00e9e de lecture estim\u00e9e":"1 minute"},"schema":{"@context":"https:\/\/schema.org","@graph":[{"@type":"Article","@id":"https:\/\/kapitalis.com\/tunisie\/2022\/03\/05\/tunisie-arrestation-dune-terroriste-qui-planifiait-des-kidnappings-et-une-attaque-kamikaze\/#article","isPartOf":{"@id":"https:\/\/kapitalis.com\/tunisie\/2022\/03\/05\/tunisie-arrestation-dune-terroriste-qui-planifiait-des-kidnappings-et-une-attaque-kamikaze\/"},"author":{"name":"Yusra NY","@id":"https:\/\/kapitalis.com\/tunisie\/#\/schema\/person\/74bbde0154d49d790a92aaeac5bc01d5"},"headline":"Tunisie : Arrestation d&rsquo;une terroriste qui planifiait des kidnappings et une attaque kamikaze","datePublished":"2022-03-05T18:29:42+00:00","dateModified":"2022-03-05T18:33:14+00:00","mainEntityOfPage":{"@id":"https:\/\/kapitalis.com\/tunisie\/2022\/03\/05\/tunisie-arrestation-dune-terroriste-qui-planifiait-des-kidnappings-et-une-attaque-kamikaze\/"},"wordCount":176,"commentCount":0,"publisher":{"@id":"https:\/\/kapitalis.com\/tunisie\/#organization"},"image":{"@id":"https:\/\/kapitalis.com\/tunisie\/2022\/03\/05\/tunisie-arrestation-dune-terroriste-qui-planifiait-des-kidnappings-et-une-attaque-kamikaze\/#primaryimage"},"thumbnailUrl":"","keywords":["attaque","ceinture explosive","kamikaze","kidnappings","terrorisme","terroriste","Tunisie"],"articleSection":["SOCIETE","Tunisie"],"inLanguage":"fr-FR","potentialAction":[{"@type":"CommentAction","name":"Comment","target":["https:\/\/kapitalis.com\/tunisie\/2022\/03\/05\/tunisie-arrestation-dune-terroriste-qui-planifiait-des-kidnappings-et-une-attaque-kamikaze\/#respond"]}]},{"@type":"WebPage","@id":"https:\/\/kapitalis.com\/tunisie\/2022\/03\/05\/tunisie-arrestation-dune-terroriste-qui-planifiait-des-kidnappings-et-une-attaque-kamikaze\/","url":"https:\/\/kapitalis.com\/tunisie\/2022\/03\/05\/tunisie-arrestation-dune-terroriste-qui-planifiait-des-kidnappings-et-une-attaque-kamikaze\/","name":"Tunisie : Arrestation d'une terroriste qui planifiait des kidnappings et une attaque kamikaze - Kapitalis","isPartOf":{"@id":"https:\/\/kapitalis.com\/tunisie\/#website"},"primaryImageOfPage":{"@id":"https:\/\/kapitalis.com\/tunisie\/2022\/03\/05\/tunisie-arrestation-dune-terroriste-qui-planifiait-des-kidnappings-et-une-attaque-kamikaze\/#primaryimage"},"image":{"@id":"https:\/\/kapitalis.com\/tunisie\/2022\/03\/05\/tunisie-arrestation-dune-terroriste-qui-planifiait-des-kidnappings-et-une-attaque-kamikaze\/#primaryimage"},"thumbnailUrl":"","datePublished":"2022-03-05T18:29:42+00:00","dateModified":"2022-03-05T18:33:14+00:00","breadcrumb":{"@id":"https:\/\/kapitalis.com\/tunisie\/2022\/03\/05\/tunisie-arrestation-dune-terroriste-qui-planifiait-des-kidnappings-et-une-attaque-kamikaze\/#breadcrumb"},"inLanguage":"fr-FR","potentialAction":[{"@type":"ReadAction","target":["https:\/\/kapitalis.com\/tunisie\/2022\/03\/05\/tunisie-arrestation-dune-terroriste-qui-planifiait-des-kidnappings-et-une-attaque-kamikaze\/"]}]},{"@type":"ImageObject","inLanguage":"fr-FR","@id":"https:\/\/kapitalis.com\/tunisie\/2022\/03\/05\/tunisie-arrestation-dune-terroriste-qui-planifiait-des-kidnappings-et-une-attaque-kamikaze\/#primaryimage","url":"","contentUrl":""},{"@type":"BreadcrumbList","@id":"https:\/\/kapitalis.com\/tunisie\/2022\/03\/05\/tunisie-arrestation-dune-terroriste-qui-planifiait-des-kidnappings-et-une-attaque-kamikaze\/#breadcrumb","itemListElement":[{"@type":"ListItem","position":1,"name":"Accueil","item":"https:\/\/kapitalis.com\/tunisie\/"},{"@type":"ListItem","position":2,"name":"Tunisie : Arrestation d&rsquo;une terroriste qui planifiait des kidnappings et une attaque kamikaze"}]},{"@type":"WebSite","@id":"https:\/\/kapitalis.com\/tunisie\/#website","url":"https:\/\/kapitalis.com\/tunisie\/","name":"Kapitalis","description":"L&#039;actualit\u00e9 en Tunisie et dans le monde","publisher":{"@id":"https:\/\/kapitalis.com\/tunisie\/#organization"},"potentialAction":[{"@type":"SearchAction","target":{"@type":"EntryPoint","urlTemplate":"https:\/\/kapitalis.com\/tunisie\/?s={search_term_string}"},"query-input":{"@type":"PropertyValueSpecification","valueRequired":true,"valueName":"search_term_string"}}],"inLanguage":"fr-FR"},{"@type":"Organization","@id":"https:\/\/kapitalis.com\/tunisie\/#organization","name":"Kapitalis","url":"https:\/\/kapitalis.com\/tunisie\/","logo":{"@type":"ImageObject","inLanguage":"fr-FR","@id":"https:\/\/kapitalis.com\/tunisie\/#\/schema\/logo\/image\/","url":"https:\/\/kapitalis.com\/tunisie\/wp-content\/uploads\/2022\/05\/Kapitalis-big-size.png","contentUrl":"https:\/\/kapitalis.com\/tunisie\/wp-content\/uploads\/2022\/05\/Kapitalis-big-size.png","width":5000,"height":1500,"caption":"Kapitalis"},"image":{"@id":"https:\/\/kapitalis.com\/tunisie\/#\/schema\/logo\/image\/"},"sameAs":["https:\/\/www.facebook.com\/KapitalisInfo\/","https:\/\/x.com\/KapitalisInfo","https:\/\/www.youtube.com\/channel\/UC-yDYrHyfFBWWZaOw3FPg9Q"]},{"@type":"Person","@id":"https:\/\/kapitalis.com\/tunisie\/#\/schema\/person\/74bbde0154d49d790a92aaeac5bc01d5","name":"Yusra NY","url":"https:\/\/kapitalis.com\/tunisie\/author\/yuza_adam\/"}]}},"_links":{"self":[{"href":"https:\/\/kapitalis.com\/tunisie\/wp-json\/wp\/v2\/posts\/382878","targetHints":{"allow":["GET"]}}],"collection":[{"href":"https:\/\/kapitalis.com\/tunisie\/wp-json\/wp\/v2\/posts"}],"about":[{"href":"https:\/\/kapitalis.com\/tunisie\/wp-json\/wp\/v2\/types\/post"}],"author":[{"embeddable":true,"href":"https:\/\/kapitalis.com\/tunisie\/wp-json\/wp\/v2\/users\/6"}],"replies":[{"embeddable":true,"href":"https:\/\/kapitalis.com\/tunisie\/wp-json\/wp\/v2\/comments?post=382878"}],"version-history":[{"count":0,"href":"https:\/\/kapitalis.com\/tunisie\/wp-json\/wp\/v2\/posts\/382878\/revisions"}],"wp:featuredmedia":[{"embeddable":true,"href":"https:\/\/kapitalis.com\/tunisie\/wp-json\/wp\/v2\/media\/382881"}],"wp:attachment":[{"href":"https:\/\/kapitalis.com\/tunisie\/wp-json\/wp\/v2\/media?parent=382878"}],"wp:term":[{"taxonomy":"category","embeddable":true,"href":"https:\/\/kapitalis.com\/tunisie\/wp-json\/wp\/v2\/categories?post=382878"},{"taxonomy":"post_tag","embeddable":true,"href":"https:\/\/kapitalis.com\/tunisie\/wp-json\/wp\/v2\/tags?post=382878"}],"curies":[{"name":"wp","href":"https:\/\/api.w.org\/{rel}","templated":true}]}}