{"id":382968,"date":"2022-03-07T09:59:48","date_gmt":"2022-03-07T08:59:48","guid":{"rendered":"http:\/\/kapitalis.com\/tunisie\/?p=382968"},"modified":"2022-03-07T10:02:50","modified_gmt":"2022-03-07T09:02:50","slug":"tunisie-al-joumhouri-estime-que-kais-saied-a-echoue-a-faire-face-a-la-crise","status":"publish","type":"post","link":"https:\/\/kapitalis.com\/tunisie\/2022\/03\/07\/tunisie-al-joumhouri-estime-que-kais-saied-a-echoue-a-faire-face-a-la-crise\/","title":{"rendered":"Tunisie : Al-Joumhouri estime que Ka\u00efs Sa\u00efed a \u00e9chou\u00e9 \u00e0 faire face \u00e0 la crise"},"content":{"rendered":"\n<div class=\"wp-block-image\"><figure class=\"aligncenter size-full\"><img decoding=\"async\" src=\"http:\/\/kapitalis.com\/tunisie\/wp-content\/uploads\/2016\/02\/Issam-Chebbi.jpg\" alt=\"\" class=\"wp-image-40804\"\/><figcaption><em>Issam Chebbi.<\/em><\/figcaption><\/figure><\/div>\n\n\n\n<p><strong><em>Le parti Al-Joumhouri met en garde contre la concentration du pouvoir entre les mains du pr\u00e9sident de la r\u00e9publique et les nominations dans l&rsquo;administration bas\u00e9es sur la loyaut\u00e9 envers lui, reproches que beaucoup d&rsquo;analystes, y compris parmi les partisans de Ka\u00efs Sa\u00efed, adressent \u00e0 ce dernier.<\/em><\/strong><\/p>\n\n\n\n<!--more-->\n\n\n\n<p>Dans un communiqu\u00e9 publi\u00e9 dimanche 6 mars 2022, le parti Al-Joumhouri a appel\u00e9 \u00e0 l&rsquo;organisation d&rsquo;un <em>\u00abdialogue national inclusif\u00bb<\/em>, c&rsquo;est-\u00e0-dire incluant Ennahdha et la Coalition Al-Karama, rejet\u00e9s par plusieurs formations lib\u00e9rales ou de gauche, et \u00e0 la formation d&rsquo;un <em>\u00abgouvernement de salut national\u00bb<\/em> pour sortir la Tunisie de la crise. Car, selon lui,<em> \u00abl&rsquo;autorit\u00e9 du 25-Juillet\u00bb<\/em>, par allusion aux mesures d&rsquo;exception annonc\u00e9es par le pr\u00e9sident Ka\u00efs Sa\u00efed le 25 juillet 2021, n&rsquo;a pas r\u00e9ussi \u00e0 faire face \u00e0 la crise \u00e0 tous les niveaux et \u00e0 freiner les prix, la corruption et la sp\u00e9culation.<\/p>\n\n\n\n<p>Par ailleurs, le parti regrette, \u00e0 juste titre, l&rsquo;absence de vision pour mobiliser les ressources de l&rsquo;Etat et relancer les moteurs de l&rsquo;\u00e9conomie nationale, estimant que le <em>\u00abdialogue national inclusif\u00bb <\/em>auquel il appelle est <em>\u00abune opportunit\u00e9 unique de sortie de crise actuelle\u00bb <\/em>et<em> <\/em>r\u00e9it\u00e9rant son soutien \u00e0 l&rsquo;initiative de la coordination des partis sociaux-d\u00e9mocrates. <em>\u00abIl faut intensifier les consultations et cr\u00e9er un climat politique propice au lancement de ce dialogue et former un gouvernement de salut national\u00bb,<\/em> a-t-il estim\u00e9.<\/p>\n\n\n\n<p>Le parti conduit par Issam Chebbi, qui s&rsquo;inscrit dans une ligne d&rsquo;opposition frontale au pr\u00e9sident Ka\u00efs Sa\u00efed, quitte \u00e0 s&rsquo;allier au parti islamiste Ennahdha, qu&rsquo;il avait longtemps accus\u00e9 d&rsquo;\u00eatre responsable de la d\u00e9cennie de mal-gouvernance ayant conduit la Tunisie \u00e0 la crise actuelle, juge \u00e9galement n\u00e9cessaire d&rsquo;assurer la reprise du processus constitutionnel, de s&rsquo;accorder sur des r\u00e9formes politiques urgentes et d&rsquo;organiser des \u00e9lections g\u00e9n\u00e9rales selon une feuille de route claire.<\/p>\n\n\n\n<p>Al-Joumhouri a enfin mis en garde contre la concentration du pouvoir entre les mains du pr\u00e9sident de la r\u00e9publique et les nominations dans l&rsquo;administration bas\u00e9es sur la loyaut\u00e9 envers lui, reproches que beaucoup d&rsquo;analystes, y compris parmi les partisans de M. Sa\u00efed, adressent \u00e0 ce dernier, qui n&rsquo;\u00e9coute que ce qu&rsquo;il dit lui-m\u00eame et s&rsquo;enferme dans le d\u00e9ni de la r\u00e9alit\u00e9, donnant ainsi du grain \u00e0 moudre \u00e0 ses opposants.<\/p>\n\n\n\n<p><strong>I. B.<\/strong><\/p>\n","protected":false},"excerpt":{"rendered":"<p>Le parti Al-Joumhouri met en garde contre la concentration du pouvoir entre les mains du pr\u00e9sident de la r\u00e9publique et les nominations dans l&rsquo;administration bas\u00e9es sur la loyaut\u00e9 envers lui, reproches que beaucoup d&rsquo;analystes, y compris parmi les partisans de Ka\u00efs Sa\u00efed, adressent \u00e0 ce dernier.<\/p>\n","protected":false},"author":8,"featured_media":0,"comment_status":"open","ping_status":"open","sticky":false,"template":"","format":"standard","meta":{"footnotes":""},"categories":[997,2433],"tags":[97875,49543,91191,97873,76012,97874,62643],"class_list":["post-382968","post","type-post","status-publish","format-standard","hentry","category-politique","category-tunisie","tag-dialogue-national-inclusif","tag-ennahdha","tag-gouvernement-de-salut-national","tag-issam-chebbi-2","tag-kais-saied-2","tag-parti-al-joumhouri","tag-tunisie"],"yoast_head":"<!-- This site is optimized with the Yoast SEO plugin v26.6 - https:\/\/yoast.com\/wordpress\/plugins\/seo\/ -->\n<title>Tunisie : Al-Joumhouri estime que Ka\u00efs Sa\u00efed a \u00e9chou\u00e9 \u00e0 faire face \u00e0 la crise - Kapitalis<\/title>\n<meta name=\"robots\" content=\"index, follow, max-snippet:-1, max-image-preview:large, max-video-preview:-1\" \/>\n<link rel=\"canonical\" href=\"https:\/\/kapitalis.com\/tunisie\/2022\/03\/07\/tunisie-al-joumhouri-estime-que-kais-saied-a-echoue-a-faire-face-a-la-crise\/\" \/>\n<meta property=\"og:locale\" content=\"fr_FR\" \/>\n<meta property=\"og:type\" content=\"article\" \/>\n<meta property=\"og:title\" content=\"Tunisie : Al-Joumhouri estime que Ka\u00efs Sa\u00efed a \u00e9chou\u00e9 \u00e0 faire face \u00e0 la crise - Kapitalis\" \/>\n<meta property=\"og:description\" content=\"Le parti Al-Joumhouri met en garde contre la concentration du pouvoir entre les mains du pr\u00e9sident de la r\u00e9publique et les nominations dans l&rsquo;administration bas\u00e9es sur la loyaut\u00e9 envers lui, reproches que beaucoup d&rsquo;analystes, y compris parmi les partisans de Ka\u00efs Sa\u00efed, adressent \u00e0 ce dernier.\" \/>\n<meta property=\"og:url\" content=\"https:\/\/kapitalis.com\/tunisie\/2022\/03\/07\/tunisie-al-joumhouri-estime-que-kais-saied-a-echoue-a-faire-face-a-la-crise\/\" \/>\n<meta property=\"og:site_name\" content=\"Kapitalis\" \/>\n<meta property=\"article:publisher\" content=\"https:\/\/www.facebook.com\/KapitalisInfo\/\" \/>\n<meta property=\"article:published_time\" content=\"2022-03-07T08:59:48+00:00\" \/>\n<meta property=\"article:modified_time\" content=\"2022-03-07T09:02:50+00:00\" \/>\n<meta property=\"og:image\" content=\"http:\/\/kapitalis.com\/tunisie\/wp-content\/uploads\/2016\/02\/Issam-Chebbi.jpg\" \/>\n<meta name=\"author\" content=\"webmaster kapitalis\" \/>\n<meta name=\"twitter:card\" content=\"summary_large_image\" \/>\n<meta name=\"twitter:creator\" content=\"@KapitalisInfo\" \/>\n<meta name=\"twitter:site\" content=\"@KapitalisInfo\" \/>\n<meta name=\"twitter:label1\" content=\"\u00c9crit par\" \/>\n\t<meta name=\"twitter:data1\" content=\"webmaster kapitalis\" \/>\n\t<meta name=\"twitter:label2\" content=\"Dur\u00e9e de lecture estim\u00e9e\" \/>\n\t<meta name=\"twitter:data2\" content=\"2 minutes\" \/>\n<script type=\"application\/ld+json\" class=\"yoast-schema-graph\">{\"@context\":\"https:\/\/schema.org\",\"@graph\":[{\"@type\":\"Article\",\"@id\":\"https:\/\/kapitalis.com\/tunisie\/2022\/03\/07\/tunisie-al-joumhouri-estime-que-kais-saied-a-echoue-a-faire-face-a-la-crise\/#article\",\"isPartOf\":{\"@id\":\"https:\/\/kapitalis.com\/tunisie\/2022\/03\/07\/tunisie-al-joumhouri-estime-que-kais-saied-a-echoue-a-faire-face-a-la-crise\/\"},\"author\":{\"name\":\"webmaster kapitalis\",\"@id\":\"https:\/\/kapitalis.com\/tunisie\/#\/schema\/person\/d71f33a9ca44f7bad4698210b480c8e9\"},\"headline\":\"Tunisie : Al-Joumhouri estime que Ka\u00efs Sa\u00efed a \u00e9chou\u00e9 \u00e0 faire face \u00e0 la crise\",\"datePublished\":\"2022-03-07T08:59:48+00:00\",\"dateModified\":\"2022-03-07T09:02:50+00:00\",\"mainEntityOfPage\":{\"@id\":\"https:\/\/kapitalis.com\/tunisie\/2022\/03\/07\/tunisie-al-joumhouri-estime-que-kais-saied-a-echoue-a-faire-face-a-la-crise\/\"},\"wordCount\":395,\"commentCount\":2,\"publisher\":{\"@id\":\"https:\/\/kapitalis.com\/tunisie\/#organization\"},\"image\":{\"@id\":\"https:\/\/kapitalis.com\/tunisie\/2022\/03\/07\/tunisie-al-joumhouri-estime-que-kais-saied-a-echoue-a-faire-face-a-la-crise\/#primaryimage\"},\"thumbnailUrl\":\"http:\/\/kapitalis.com\/tunisie\/wp-content\/uploads\/2016\/02\/Issam-Chebbi.jpg\",\"keywords\":[\"dialogue national inclusif\",\"Ennahdha\",\"gouvernement de salut national\",\"Issam Chebbi.\",\"Ka\u00efs Sa\u00efed\",\"parti Al-Joumhouri\",\"Tunisie\"],\"articleSection\":[\"POLITIQUE\",\"Tunisie\"],\"inLanguage\":\"fr-FR\",\"potentialAction\":[{\"@type\":\"CommentAction\",\"name\":\"Comment\",\"target\":[\"https:\/\/kapitalis.com\/tunisie\/2022\/03\/07\/tunisie-al-joumhouri-estime-que-kais-saied-a-echoue-a-faire-face-a-la-crise\/#respond\"]}]},{\"@type\":\"WebPage\",\"@id\":\"https:\/\/kapitalis.com\/tunisie\/2022\/03\/07\/tunisie-al-joumhouri-estime-que-kais-saied-a-echoue-a-faire-face-a-la-crise\/\",\"url\":\"https:\/\/kapitalis.com\/tunisie\/2022\/03\/07\/tunisie-al-joumhouri-estime-que-kais-saied-a-echoue-a-faire-face-a-la-crise\/\",\"name\":\"Tunisie : Al-Joumhouri estime que Ka\u00efs Sa\u00efed a \u00e9chou\u00e9 \u00e0 faire face \u00e0 la crise - Kapitalis\",\"isPartOf\":{\"@id\":\"https:\/\/kapitalis.com\/tunisie\/#website\"},\"primaryImageOfPage\":{\"@id\":\"https:\/\/kapitalis.com\/tunisie\/2022\/03\/07\/tunisie-al-joumhouri-estime-que-kais-saied-a-echoue-a-faire-face-a-la-crise\/#primaryimage\"},\"image\":{\"@id\":\"https:\/\/kapitalis.com\/tunisie\/2022\/03\/07\/tunisie-al-joumhouri-estime-que-kais-saied-a-echoue-a-faire-face-a-la-crise\/#primaryimage\"},\"thumbnailUrl\":\"http:\/\/kapitalis.com\/tunisie\/wp-content\/uploads\/2016\/02\/Issam-Chebbi.jpg\",\"datePublished\":\"2022-03-07T08:59:48+00:00\",\"dateModified\":\"2022-03-07T09:02:50+00:00\",\"breadcrumb\":{\"@id\":\"https:\/\/kapitalis.com\/tunisie\/2022\/03\/07\/tunisie-al-joumhouri-estime-que-kais-saied-a-echoue-a-faire-face-a-la-crise\/#breadcrumb\"},\"inLanguage\":\"fr-FR\",\"potentialAction\":[{\"@type\":\"ReadAction\",\"target\":[\"https:\/\/kapitalis.com\/tunisie\/2022\/03\/07\/tunisie-al-joumhouri-estime-que-kais-saied-a-echoue-a-faire-face-a-la-crise\/\"]}]},{\"@type\":\"ImageObject\",\"inLanguage\":\"fr-FR\",\"@id\":\"https:\/\/kapitalis.com\/tunisie\/2022\/03\/07\/tunisie-al-joumhouri-estime-que-kais-saied-a-echoue-a-faire-face-a-la-crise\/#primaryimage\",\"url\":\"http:\/\/kapitalis.com\/tunisie\/wp-content\/uploads\/2016\/02\/Issam-Chebbi.jpg\",\"contentUrl\":\"http:\/\/kapitalis.com\/tunisie\/wp-content\/uploads\/2016\/02\/Issam-Chebbi.jpg\"},{\"@type\":\"BreadcrumbList\",\"@id\":\"https:\/\/kapitalis.com\/tunisie\/2022\/03\/07\/tunisie-al-joumhouri-estime-que-kais-saied-a-echoue-a-faire-face-a-la-crise\/#breadcrumb\",\"itemListElement\":[{\"@type\":\"ListItem\",\"position\":1,\"name\":\"Accueil\",\"item\":\"https:\/\/kapitalis.com\/tunisie\/\"},{\"@type\":\"ListItem\",\"position\":2,\"name\":\"Tunisie : Al-Joumhouri estime que Ka\u00efs Sa\u00efed a \u00e9chou\u00e9 \u00e0 faire face \u00e0 la crise\"}]},{\"@type\":\"WebSite\",\"@id\":\"https:\/\/kapitalis.com\/tunisie\/#website\",\"url\":\"https:\/\/kapitalis.com\/tunisie\/\",\"name\":\"Kapitalis\",\"description\":\"L&#039;actualit\u00e9 en Tunisie et dans le monde\",\"publisher\":{\"@id\":\"https:\/\/kapitalis.com\/tunisie\/#organization\"},\"potentialAction\":[{\"@type\":\"SearchAction\",\"target\":{\"@type\":\"EntryPoint\",\"urlTemplate\":\"https:\/\/kapitalis.com\/tunisie\/?s={search_term_string}\"},\"query-input\":{\"@type\":\"PropertyValueSpecification\",\"valueRequired\":true,\"valueName\":\"search_term_string\"}}],\"inLanguage\":\"fr-FR\"},{\"@type\":\"Organization\",\"@id\":\"https:\/\/kapitalis.com\/tunisie\/#organization\",\"name\":\"Kapitalis\",\"url\":\"https:\/\/kapitalis.com\/tunisie\/\",\"logo\":{\"@type\":\"ImageObject\",\"inLanguage\":\"fr-FR\",\"@id\":\"https:\/\/kapitalis.com\/tunisie\/#\/schema\/logo\/image\/\",\"url\":\"https:\/\/kapitalis.com\/tunisie\/wp-content\/uploads\/2022\/05\/Kapitalis-big-size.png\",\"contentUrl\":\"https:\/\/kapitalis.com\/tunisie\/wp-content\/uploads\/2022\/05\/Kapitalis-big-size.png\",\"width\":5000,\"height\":1500,\"caption\":\"Kapitalis\"},\"image\":{\"@id\":\"https:\/\/kapitalis.com\/tunisie\/#\/schema\/logo\/image\/\"},\"sameAs\":[\"https:\/\/www.facebook.com\/KapitalisInfo\/\",\"https:\/\/x.com\/KapitalisInfo\",\"https:\/\/www.youtube.com\/channel\/UC-yDYrHyfFBWWZaOw3FPg9Q\"]},{\"@type\":\"Person\",\"@id\":\"https:\/\/kapitalis.com\/tunisie\/#\/schema\/person\/d71f33a9ca44f7bad4698210b480c8e9\",\"name\":\"webmaster kapitalis\",\"url\":\"https:\/\/kapitalis.com\/tunisie\/author\/webmaster-kapitalis\/\"}]}<\/script>\n<!-- \/ Yoast SEO plugin. -->","yoast_head_json":{"title":"Tunisie : Al-Joumhouri estime que Ka\u00efs Sa\u00efed a \u00e9chou\u00e9 \u00e0 faire face \u00e0 la crise - Kapitalis","robots":{"index":"index","follow":"follow","max-snippet":"max-snippet:-1","max-image-preview":"max-image-preview:large","max-video-preview":"max-video-preview:-1"},"canonical":"https:\/\/kapitalis.com\/tunisie\/2022\/03\/07\/tunisie-al-joumhouri-estime-que-kais-saied-a-echoue-a-faire-face-a-la-crise\/","og_locale":"fr_FR","og_type":"article","og_title":"Tunisie : Al-Joumhouri estime que Ka\u00efs Sa\u00efed a \u00e9chou\u00e9 \u00e0 faire face \u00e0 la crise - Kapitalis","og_description":"Le parti Al-Joumhouri met en garde contre la concentration du pouvoir entre les mains du pr\u00e9sident de la r\u00e9publique et les nominations dans l&rsquo;administration bas\u00e9es sur la loyaut\u00e9 envers lui, reproches que beaucoup d&rsquo;analystes, y compris parmi les partisans de Ka\u00efs Sa\u00efed, adressent \u00e0 ce dernier.","og_url":"https:\/\/kapitalis.com\/tunisie\/2022\/03\/07\/tunisie-al-joumhouri-estime-que-kais-saied-a-echoue-a-faire-face-a-la-crise\/","og_site_name":"Kapitalis","article_publisher":"https:\/\/www.facebook.com\/KapitalisInfo\/","article_published_time":"2022-03-07T08:59:48+00:00","article_modified_time":"2022-03-07T09:02:50+00:00","og_image":[{"url":"http:\/\/kapitalis.com\/tunisie\/wp-content\/uploads\/2016\/02\/Issam-Chebbi.jpg","type":"","width":"","height":""}],"author":"webmaster kapitalis","twitter_card":"summary_large_image","twitter_creator":"@KapitalisInfo","twitter_site":"@KapitalisInfo","twitter_misc":{"\u00c9crit par":"webmaster kapitalis","Dur\u00e9e de lecture estim\u00e9e":"2 minutes"},"schema":{"@context":"https:\/\/schema.org","@graph":[{"@type":"Article","@id":"https:\/\/kapitalis.com\/tunisie\/2022\/03\/07\/tunisie-al-joumhouri-estime-que-kais-saied-a-echoue-a-faire-face-a-la-crise\/#article","isPartOf":{"@id":"https:\/\/kapitalis.com\/tunisie\/2022\/03\/07\/tunisie-al-joumhouri-estime-que-kais-saied-a-echoue-a-faire-face-a-la-crise\/"},"author":{"name":"webmaster kapitalis","@id":"https:\/\/kapitalis.com\/tunisie\/#\/schema\/person\/d71f33a9ca44f7bad4698210b480c8e9"},"headline":"Tunisie : Al-Joumhouri estime que Ka\u00efs Sa\u00efed a \u00e9chou\u00e9 \u00e0 faire face \u00e0 la crise","datePublished":"2022-03-07T08:59:48+00:00","dateModified":"2022-03-07T09:02:50+00:00","mainEntityOfPage":{"@id":"https:\/\/kapitalis.com\/tunisie\/2022\/03\/07\/tunisie-al-joumhouri-estime-que-kais-saied-a-echoue-a-faire-face-a-la-crise\/"},"wordCount":395,"commentCount":2,"publisher":{"@id":"https:\/\/kapitalis.com\/tunisie\/#organization"},"image":{"@id":"https:\/\/kapitalis.com\/tunisie\/2022\/03\/07\/tunisie-al-joumhouri-estime-que-kais-saied-a-echoue-a-faire-face-a-la-crise\/#primaryimage"},"thumbnailUrl":"http:\/\/kapitalis.com\/tunisie\/wp-content\/uploads\/2016\/02\/Issam-Chebbi.jpg","keywords":["dialogue national inclusif","Ennahdha","gouvernement de salut national","Issam Chebbi.","Ka\u00efs Sa\u00efed","parti Al-Joumhouri","Tunisie"],"articleSection":["POLITIQUE","Tunisie"],"inLanguage":"fr-FR","potentialAction":[{"@type":"CommentAction","name":"Comment","target":["https:\/\/kapitalis.com\/tunisie\/2022\/03\/07\/tunisie-al-joumhouri-estime-que-kais-saied-a-echoue-a-faire-face-a-la-crise\/#respond"]}]},{"@type":"WebPage","@id":"https:\/\/kapitalis.com\/tunisie\/2022\/03\/07\/tunisie-al-joumhouri-estime-que-kais-saied-a-echoue-a-faire-face-a-la-crise\/","url":"https:\/\/kapitalis.com\/tunisie\/2022\/03\/07\/tunisie-al-joumhouri-estime-que-kais-saied-a-echoue-a-faire-face-a-la-crise\/","name":"Tunisie : Al-Joumhouri estime que Ka\u00efs Sa\u00efed a \u00e9chou\u00e9 \u00e0 faire face \u00e0 la crise - Kapitalis","isPartOf":{"@id":"https:\/\/kapitalis.com\/tunisie\/#website"},"primaryImageOfPage":{"@id":"https:\/\/kapitalis.com\/tunisie\/2022\/03\/07\/tunisie-al-joumhouri-estime-que-kais-saied-a-echoue-a-faire-face-a-la-crise\/#primaryimage"},"image":{"@id":"https:\/\/kapitalis.com\/tunisie\/2022\/03\/07\/tunisie-al-joumhouri-estime-que-kais-saied-a-echoue-a-faire-face-a-la-crise\/#primaryimage"},"thumbnailUrl":"http:\/\/kapitalis.com\/tunisie\/wp-content\/uploads\/2016\/02\/Issam-Chebbi.jpg","datePublished":"2022-03-07T08:59:48+00:00","dateModified":"2022-03-07T09:02:50+00:00","breadcrumb":{"@id":"https:\/\/kapitalis.com\/tunisie\/2022\/03\/07\/tunisie-al-joumhouri-estime-que-kais-saied-a-echoue-a-faire-face-a-la-crise\/#breadcrumb"},"inLanguage":"fr-FR","potentialAction":[{"@type":"ReadAction","target":["https:\/\/kapitalis.com\/tunisie\/2022\/03\/07\/tunisie-al-joumhouri-estime-que-kais-saied-a-echoue-a-faire-face-a-la-crise\/"]}]},{"@type":"ImageObject","inLanguage":"fr-FR","@id":"https:\/\/kapitalis.com\/tunisie\/2022\/03\/07\/tunisie-al-joumhouri-estime-que-kais-saied-a-echoue-a-faire-face-a-la-crise\/#primaryimage","url":"http:\/\/kapitalis.com\/tunisie\/wp-content\/uploads\/2016\/02\/Issam-Chebbi.jpg","contentUrl":"http:\/\/kapitalis.com\/tunisie\/wp-content\/uploads\/2016\/02\/Issam-Chebbi.jpg"},{"@type":"BreadcrumbList","@id":"https:\/\/kapitalis.com\/tunisie\/2022\/03\/07\/tunisie-al-joumhouri-estime-que-kais-saied-a-echoue-a-faire-face-a-la-crise\/#breadcrumb","itemListElement":[{"@type":"ListItem","position":1,"name":"Accueil","item":"https:\/\/kapitalis.com\/tunisie\/"},{"@type":"ListItem","position":2,"name":"Tunisie : Al-Joumhouri estime que Ka\u00efs Sa\u00efed a \u00e9chou\u00e9 \u00e0 faire face \u00e0 la crise"}]},{"@type":"WebSite","@id":"https:\/\/kapitalis.com\/tunisie\/#website","url":"https:\/\/kapitalis.com\/tunisie\/","name":"Kapitalis","description":"L&#039;actualit\u00e9 en Tunisie et dans le monde","publisher":{"@id":"https:\/\/kapitalis.com\/tunisie\/#organization"},"potentialAction":[{"@type":"SearchAction","target":{"@type":"EntryPoint","urlTemplate":"https:\/\/kapitalis.com\/tunisie\/?s={search_term_string}"},"query-input":{"@type":"PropertyValueSpecification","valueRequired":true,"valueName":"search_term_string"}}],"inLanguage":"fr-FR"},{"@type":"Organization","@id":"https:\/\/kapitalis.com\/tunisie\/#organization","name":"Kapitalis","url":"https:\/\/kapitalis.com\/tunisie\/","logo":{"@type":"ImageObject","inLanguage":"fr-FR","@id":"https:\/\/kapitalis.com\/tunisie\/#\/schema\/logo\/image\/","url":"https:\/\/kapitalis.com\/tunisie\/wp-content\/uploads\/2022\/05\/Kapitalis-big-size.png","contentUrl":"https:\/\/kapitalis.com\/tunisie\/wp-content\/uploads\/2022\/05\/Kapitalis-big-size.png","width":5000,"height":1500,"caption":"Kapitalis"},"image":{"@id":"https:\/\/kapitalis.com\/tunisie\/#\/schema\/logo\/image\/"},"sameAs":["https:\/\/www.facebook.com\/KapitalisInfo\/","https:\/\/x.com\/KapitalisInfo","https:\/\/www.youtube.com\/channel\/UC-yDYrHyfFBWWZaOw3FPg9Q"]},{"@type":"Person","@id":"https:\/\/kapitalis.com\/tunisie\/#\/schema\/person\/d71f33a9ca44f7bad4698210b480c8e9","name":"webmaster kapitalis","url":"https:\/\/kapitalis.com\/tunisie\/author\/webmaster-kapitalis\/"}]}},"_links":{"self":[{"href":"https:\/\/kapitalis.com\/tunisie\/wp-json\/wp\/v2\/posts\/382968","targetHints":{"allow":["GET"]}}],"collection":[{"href":"https:\/\/kapitalis.com\/tunisie\/wp-json\/wp\/v2\/posts"}],"about":[{"href":"https:\/\/kapitalis.com\/tunisie\/wp-json\/wp\/v2\/types\/post"}],"author":[{"embeddable":true,"href":"https:\/\/kapitalis.com\/tunisie\/wp-json\/wp\/v2\/users\/8"}],"replies":[{"embeddable":true,"href":"https:\/\/kapitalis.com\/tunisie\/wp-json\/wp\/v2\/comments?post=382968"}],"version-history":[{"count":0,"href":"https:\/\/kapitalis.com\/tunisie\/wp-json\/wp\/v2\/posts\/382968\/revisions"}],"wp:attachment":[{"href":"https:\/\/kapitalis.com\/tunisie\/wp-json\/wp\/v2\/media?parent=382968"}],"wp:term":[{"taxonomy":"category","embeddable":true,"href":"https:\/\/kapitalis.com\/tunisie\/wp-json\/wp\/v2\/categories?post=382968"},{"taxonomy":"post_tag","embeddable":true,"href":"https:\/\/kapitalis.com\/tunisie\/wp-json\/wp\/v2\/tags?post=382968"}],"curies":[{"name":"wp","href":"https:\/\/api.w.org\/{rel}","templated":true}]}}