{"id":382998,"date":"2022-03-07T12:23:19","date_gmt":"2022-03-07T11:23:19","guid":{"rendered":"http:\/\/kapitalis.com\/tunisie\/?p=382998"},"modified":"2022-03-07T12:24:55","modified_gmt":"2022-03-07T11:24:55","slug":"tunisie-laffaire-qatar-charity-devant-la-chambre-criminelle","status":"publish","type":"post","link":"https:\/\/kapitalis.com\/tunisie\/2022\/03\/07\/tunisie-laffaire-qatar-charity-devant-la-chambre-criminelle\/","title":{"rendered":"Tunisie : L&rsquo;affaire Qatar Charity devant la chambre criminelle"},"content":{"rendered":"\n<div class=\"wp-block-image\"><figure class=\"aligncenter size-full\"><img decoding=\"async\" src=\"http:\/\/kapitalis.com\/tunisie\/wp-content\/uploads\/2021\/12\/Qatar-charity.jpg\" alt=\"\" class=\"wp-image-372970\"\/><\/figure><\/div>\n\n\n\n<p><strong><em>La chambre d&rsquo;accusation de la Cour d&rsquo;appel de Tunis a confirm\u00e9 la d\u00e9cision de la chambre du Tribunal de premi\u00e8re instance de Tunis 2, de classer l&rsquo;affaire Qatar Charity, en raison de son caract\u00e8re criminel.<\/em><\/strong><\/p>\n\n\n\n<!--more-->\n\n\n\n<p>C&rsquo;est ce que rapporte, ce lundi 7 mars 2022, Mosa\u00efque fm.<\/p>\n\n\n\n<p>Rappelons qu&rsquo;il s&rsquo;agit d&rsquo;une affaire de d\u00e9tournement de fonds, concernant des aides sociales provenant du Qatar, et plus pr\u00e9cis\u00e9ment de l\u2019association Qatar Charity, destin\u00e9es aux r\u00e9gions de Mallassine, Sijoumi et cit\u00e9 Zohour.<\/p>\n\n\n\n<p>L\u2019enqu\u00eate avait \u00e9t\u00e9 lanc\u00e9e, il y a quelques mois, gr\u00e2ce \u00e0 une plainte relative \u00e0 un \u00e9change de violence, et avec l\u2019avanc\u00e9e des recherches, il s\u2019est av\u00e9r\u00e9 que derri\u00e8re cette bagarre se cachaient des soup\u00e7ons de corruption et de d\u00e9tournement de fonds s\u2019\u00e9levant \u00e0 au moins 2 millions de dinars, selon le porte-parole de la Garde nationale, Houssem Eddine Jebabli.<\/p>\n\n\n\n<p>L&rsquo;enqu\u00eate concerne un ancien cadre\u00a0\u00e0 la pr\u00e9sidence de la r\u00e9publique sous B\u00e9ji Ca\u00efd Essebsi, un d\u00e9l\u00e9gu\u00e9 de Sijoumi, des omdas et des repr\u00e9sentants de la soci\u00e9t\u00e9 civile.<\/p>\n\n\n\n<p>Sur d\u00e9cision de la chambre d&rsquo;accusation, le dossier a \u00e9t\u00e9 renvoy\u00e9 au parquet pour le d\u00e9f\u00e9rer \u00e0 la chambre criminelle.<\/p>\n\n\n\n<p class=\"has-text-align-right\"><strong>C. B. Y.<\/strong><\/p>\n","protected":false},"excerpt":{"rendered":"<p>La chambre d&rsquo;accusation de la Cour d&rsquo;appel de Tunis a confirm\u00e9 la d\u00e9cision de la chambre du Tribunal de premi\u00e8re instance de Tunis 2, de classer l&rsquo;affaire Qatar Charity, en raison de son caract\u00e8re criminel.<\/p>\n","protected":false},"author":24,"featured_media":0,"comment_status":"open","ping_status":"open","sticky":false,"template":"","format":"standard","meta":{"footnotes":""},"categories":[998,2433],"tags":[1108,32325],"class_list":["post-382998","post","type-post","status-publish","format-standard","hentry","category-societe","category-tunisie","tag-beji-caid-essebsi","tag-qatar-charity"],"yoast_head":"<!-- This site is optimized with the Yoast SEO plugin v26.6 - https:\/\/yoast.com\/wordpress\/plugins\/seo\/ -->\n<title>Tunisie : L&#039;affaire Qatar Charity devant la chambre criminelle - Kapitalis<\/title>\n<meta name=\"robots\" content=\"index, follow, max-snippet:-1, max-image-preview:large, max-video-preview:-1\" \/>\n<link rel=\"canonical\" href=\"https:\/\/kapitalis.com\/tunisie\/2022\/03\/07\/tunisie-laffaire-qatar-charity-devant-la-chambre-criminelle\/\" \/>\n<meta property=\"og:locale\" content=\"fr_FR\" \/>\n<meta property=\"og:type\" content=\"article\" \/>\n<meta property=\"og:title\" content=\"Tunisie : L&#039;affaire Qatar Charity devant la chambre criminelle - Kapitalis\" \/>\n<meta property=\"og:description\" content=\"La chambre d&rsquo;accusation de la Cour d&rsquo;appel de Tunis a confirm\u00e9 la d\u00e9cision de la chambre du Tribunal de premi\u00e8re instance de Tunis 2, de classer l&rsquo;affaire Qatar Charity, en raison de son caract\u00e8re criminel.\" \/>\n<meta property=\"og:url\" content=\"https:\/\/kapitalis.com\/tunisie\/2022\/03\/07\/tunisie-laffaire-qatar-charity-devant-la-chambre-criminelle\/\" \/>\n<meta property=\"og:site_name\" content=\"Kapitalis\" \/>\n<meta property=\"article:publisher\" content=\"https:\/\/www.facebook.com\/KapitalisInfo\/\" \/>\n<meta property=\"article:published_time\" content=\"2022-03-07T11:23:19+00:00\" \/>\n<meta property=\"article:modified_time\" content=\"2022-03-07T11:24:55+00:00\" \/>\n<meta property=\"og:image\" content=\"http:\/\/kapitalis.com\/tunisie\/wp-content\/uploads\/2021\/12\/Qatar-charity.jpg\" \/>\n<meta name=\"author\" content=\"Cherif Benyounes\" \/>\n<meta name=\"twitter:card\" content=\"summary_large_image\" \/>\n<meta name=\"twitter:creator\" content=\"@KapitalisInfo\" \/>\n<meta name=\"twitter:site\" content=\"@KapitalisInfo\" \/>\n<meta name=\"twitter:label1\" content=\"\u00c9crit par\" \/>\n\t<meta name=\"twitter:data1\" content=\"Cherif Benyounes\" \/>\n\t<meta name=\"twitter:label2\" content=\"Dur\u00e9e de lecture estim\u00e9e\" \/>\n\t<meta name=\"twitter:data2\" content=\"1 minute\" \/>\n<script type=\"application\/ld+json\" class=\"yoast-schema-graph\">{\"@context\":\"https:\/\/schema.org\",\"@graph\":[{\"@type\":\"Article\",\"@id\":\"https:\/\/kapitalis.com\/tunisie\/2022\/03\/07\/tunisie-laffaire-qatar-charity-devant-la-chambre-criminelle\/#article\",\"isPartOf\":{\"@id\":\"https:\/\/kapitalis.com\/tunisie\/2022\/03\/07\/tunisie-laffaire-qatar-charity-devant-la-chambre-criminelle\/\"},\"author\":{\"name\":\"Cherif Benyounes\",\"@id\":\"https:\/\/kapitalis.com\/tunisie\/#\/schema\/person\/b35b8d631961131107263178aeb8019e\"},\"headline\":\"Tunisie : L&rsquo;affaire Qatar Charity devant la chambre criminelle\",\"datePublished\":\"2022-03-07T11:23:19+00:00\",\"dateModified\":\"2022-03-07T11:24:55+00:00\",\"mainEntityOfPage\":{\"@id\":\"https:\/\/kapitalis.com\/tunisie\/2022\/03\/07\/tunisie-laffaire-qatar-charity-devant-la-chambre-criminelle\/\"},\"wordCount\":222,\"commentCount\":1,\"publisher\":{\"@id\":\"https:\/\/kapitalis.com\/tunisie\/#organization\"},\"image\":{\"@id\":\"https:\/\/kapitalis.com\/tunisie\/2022\/03\/07\/tunisie-laffaire-qatar-charity-devant-la-chambre-criminelle\/#primaryimage\"},\"thumbnailUrl\":\"http:\/\/kapitalis.com\/tunisie\/wp-content\/uploads\/2021\/12\/Qatar-charity.jpg\",\"keywords\":[\"B\u00e9ji Ca\u00efd Essebsi\",\"Qatar Charity\"],\"articleSection\":[\"SOCIETE\",\"Tunisie\"],\"inLanguage\":\"fr-FR\",\"potentialAction\":[{\"@type\":\"CommentAction\",\"name\":\"Comment\",\"target\":[\"https:\/\/kapitalis.com\/tunisie\/2022\/03\/07\/tunisie-laffaire-qatar-charity-devant-la-chambre-criminelle\/#respond\"]}]},{\"@type\":\"WebPage\",\"@id\":\"https:\/\/kapitalis.com\/tunisie\/2022\/03\/07\/tunisie-laffaire-qatar-charity-devant-la-chambre-criminelle\/\",\"url\":\"https:\/\/kapitalis.com\/tunisie\/2022\/03\/07\/tunisie-laffaire-qatar-charity-devant-la-chambre-criminelle\/\",\"name\":\"Tunisie : L'affaire Qatar Charity devant la chambre criminelle - Kapitalis\",\"isPartOf\":{\"@id\":\"https:\/\/kapitalis.com\/tunisie\/#website\"},\"primaryImageOfPage\":{\"@id\":\"https:\/\/kapitalis.com\/tunisie\/2022\/03\/07\/tunisie-laffaire-qatar-charity-devant-la-chambre-criminelle\/#primaryimage\"},\"image\":{\"@id\":\"https:\/\/kapitalis.com\/tunisie\/2022\/03\/07\/tunisie-laffaire-qatar-charity-devant-la-chambre-criminelle\/#primaryimage\"},\"thumbnailUrl\":\"http:\/\/kapitalis.com\/tunisie\/wp-content\/uploads\/2021\/12\/Qatar-charity.jpg\",\"datePublished\":\"2022-03-07T11:23:19+00:00\",\"dateModified\":\"2022-03-07T11:24:55+00:00\",\"breadcrumb\":{\"@id\":\"https:\/\/kapitalis.com\/tunisie\/2022\/03\/07\/tunisie-laffaire-qatar-charity-devant-la-chambre-criminelle\/#breadcrumb\"},\"inLanguage\":\"fr-FR\",\"potentialAction\":[{\"@type\":\"ReadAction\",\"target\":[\"https:\/\/kapitalis.com\/tunisie\/2022\/03\/07\/tunisie-laffaire-qatar-charity-devant-la-chambre-criminelle\/\"]}]},{\"@type\":\"ImageObject\",\"inLanguage\":\"fr-FR\",\"@id\":\"https:\/\/kapitalis.com\/tunisie\/2022\/03\/07\/tunisie-laffaire-qatar-charity-devant-la-chambre-criminelle\/#primaryimage\",\"url\":\"\",\"contentUrl\":\"\"},{\"@type\":\"BreadcrumbList\",\"@id\":\"https:\/\/kapitalis.com\/tunisie\/2022\/03\/07\/tunisie-laffaire-qatar-charity-devant-la-chambre-criminelle\/#breadcrumb\",\"itemListElement\":[{\"@type\":\"ListItem\",\"position\":1,\"name\":\"Accueil\",\"item\":\"https:\/\/kapitalis.com\/tunisie\/\"},{\"@type\":\"ListItem\",\"position\":2,\"name\":\"Tunisie : L&rsquo;affaire Qatar Charity devant la chambre criminelle\"}]},{\"@type\":\"WebSite\",\"@id\":\"https:\/\/kapitalis.com\/tunisie\/#website\",\"url\":\"https:\/\/kapitalis.com\/tunisie\/\",\"name\":\"Kapitalis\",\"description\":\"L&#039;actualit\u00e9 en Tunisie et dans le monde\",\"publisher\":{\"@id\":\"https:\/\/kapitalis.com\/tunisie\/#organization\"},\"potentialAction\":[{\"@type\":\"SearchAction\",\"target\":{\"@type\":\"EntryPoint\",\"urlTemplate\":\"https:\/\/kapitalis.com\/tunisie\/?s={search_term_string}\"},\"query-input\":{\"@type\":\"PropertyValueSpecification\",\"valueRequired\":true,\"valueName\":\"search_term_string\"}}],\"inLanguage\":\"fr-FR\"},{\"@type\":\"Organization\",\"@id\":\"https:\/\/kapitalis.com\/tunisie\/#organization\",\"name\":\"Kapitalis\",\"url\":\"https:\/\/kapitalis.com\/tunisie\/\",\"logo\":{\"@type\":\"ImageObject\",\"inLanguage\":\"fr-FR\",\"@id\":\"https:\/\/kapitalis.com\/tunisie\/#\/schema\/logo\/image\/\",\"url\":\"https:\/\/kapitalis.com\/tunisie\/wp-content\/uploads\/2022\/05\/Kapitalis-big-size.png\",\"contentUrl\":\"https:\/\/kapitalis.com\/tunisie\/wp-content\/uploads\/2022\/05\/Kapitalis-big-size.png\",\"width\":5000,\"height\":1500,\"caption\":\"Kapitalis\"},\"image\":{\"@id\":\"https:\/\/kapitalis.com\/tunisie\/#\/schema\/logo\/image\/\"},\"sameAs\":[\"https:\/\/www.facebook.com\/KapitalisInfo\/\",\"https:\/\/x.com\/KapitalisInfo\",\"https:\/\/www.youtube.com\/channel\/UC-yDYrHyfFBWWZaOw3FPg9Q\"]},{\"@type\":\"Person\",\"@id\":\"https:\/\/kapitalis.com\/tunisie\/#\/schema\/person\/b35b8d631961131107263178aeb8019e\",\"name\":\"Cherif Benyounes\",\"url\":\"https:\/\/kapitalis.com\/tunisie\/author\/cherif\/\"}]}<\/script>\n<!-- \/ Yoast SEO plugin. -->","yoast_head_json":{"title":"Tunisie : L'affaire Qatar Charity devant la chambre criminelle - Kapitalis","robots":{"index":"index","follow":"follow","max-snippet":"max-snippet:-1","max-image-preview":"max-image-preview:large","max-video-preview":"max-video-preview:-1"},"canonical":"https:\/\/kapitalis.com\/tunisie\/2022\/03\/07\/tunisie-laffaire-qatar-charity-devant-la-chambre-criminelle\/","og_locale":"fr_FR","og_type":"article","og_title":"Tunisie : L'affaire Qatar Charity devant la chambre criminelle - Kapitalis","og_description":"La chambre d&rsquo;accusation de la Cour d&rsquo;appel de Tunis a confirm\u00e9 la d\u00e9cision de la chambre du Tribunal de premi\u00e8re instance de Tunis 2, de classer l&rsquo;affaire Qatar Charity, en raison de son caract\u00e8re criminel.","og_url":"https:\/\/kapitalis.com\/tunisie\/2022\/03\/07\/tunisie-laffaire-qatar-charity-devant-la-chambre-criminelle\/","og_site_name":"Kapitalis","article_publisher":"https:\/\/www.facebook.com\/KapitalisInfo\/","article_published_time":"2022-03-07T11:23:19+00:00","article_modified_time":"2022-03-07T11:24:55+00:00","og_image":[{"url":"http:\/\/kapitalis.com\/tunisie\/wp-content\/uploads\/2021\/12\/Qatar-charity.jpg","type":"","width":"","height":""}],"author":"Cherif Benyounes","twitter_card":"summary_large_image","twitter_creator":"@KapitalisInfo","twitter_site":"@KapitalisInfo","twitter_misc":{"\u00c9crit par":"Cherif Benyounes","Dur\u00e9e de lecture estim\u00e9e":"1 minute"},"schema":{"@context":"https:\/\/schema.org","@graph":[{"@type":"Article","@id":"https:\/\/kapitalis.com\/tunisie\/2022\/03\/07\/tunisie-laffaire-qatar-charity-devant-la-chambre-criminelle\/#article","isPartOf":{"@id":"https:\/\/kapitalis.com\/tunisie\/2022\/03\/07\/tunisie-laffaire-qatar-charity-devant-la-chambre-criminelle\/"},"author":{"name":"Cherif Benyounes","@id":"https:\/\/kapitalis.com\/tunisie\/#\/schema\/person\/b35b8d631961131107263178aeb8019e"},"headline":"Tunisie : L&rsquo;affaire Qatar Charity devant la chambre criminelle","datePublished":"2022-03-07T11:23:19+00:00","dateModified":"2022-03-07T11:24:55+00:00","mainEntityOfPage":{"@id":"https:\/\/kapitalis.com\/tunisie\/2022\/03\/07\/tunisie-laffaire-qatar-charity-devant-la-chambre-criminelle\/"},"wordCount":222,"commentCount":1,"publisher":{"@id":"https:\/\/kapitalis.com\/tunisie\/#organization"},"image":{"@id":"https:\/\/kapitalis.com\/tunisie\/2022\/03\/07\/tunisie-laffaire-qatar-charity-devant-la-chambre-criminelle\/#primaryimage"},"thumbnailUrl":"http:\/\/kapitalis.com\/tunisie\/wp-content\/uploads\/2021\/12\/Qatar-charity.jpg","keywords":["B\u00e9ji Ca\u00efd Essebsi","Qatar Charity"],"articleSection":["SOCIETE","Tunisie"],"inLanguage":"fr-FR","potentialAction":[{"@type":"CommentAction","name":"Comment","target":["https:\/\/kapitalis.com\/tunisie\/2022\/03\/07\/tunisie-laffaire-qatar-charity-devant-la-chambre-criminelle\/#respond"]}]},{"@type":"WebPage","@id":"https:\/\/kapitalis.com\/tunisie\/2022\/03\/07\/tunisie-laffaire-qatar-charity-devant-la-chambre-criminelle\/","url":"https:\/\/kapitalis.com\/tunisie\/2022\/03\/07\/tunisie-laffaire-qatar-charity-devant-la-chambre-criminelle\/","name":"Tunisie : L'affaire Qatar Charity devant la chambre criminelle - Kapitalis","isPartOf":{"@id":"https:\/\/kapitalis.com\/tunisie\/#website"},"primaryImageOfPage":{"@id":"https:\/\/kapitalis.com\/tunisie\/2022\/03\/07\/tunisie-laffaire-qatar-charity-devant-la-chambre-criminelle\/#primaryimage"},"image":{"@id":"https:\/\/kapitalis.com\/tunisie\/2022\/03\/07\/tunisie-laffaire-qatar-charity-devant-la-chambre-criminelle\/#primaryimage"},"thumbnailUrl":"http:\/\/kapitalis.com\/tunisie\/wp-content\/uploads\/2021\/12\/Qatar-charity.jpg","datePublished":"2022-03-07T11:23:19+00:00","dateModified":"2022-03-07T11:24:55+00:00","breadcrumb":{"@id":"https:\/\/kapitalis.com\/tunisie\/2022\/03\/07\/tunisie-laffaire-qatar-charity-devant-la-chambre-criminelle\/#breadcrumb"},"inLanguage":"fr-FR","potentialAction":[{"@type":"ReadAction","target":["https:\/\/kapitalis.com\/tunisie\/2022\/03\/07\/tunisie-laffaire-qatar-charity-devant-la-chambre-criminelle\/"]}]},{"@type":"ImageObject","inLanguage":"fr-FR","@id":"https:\/\/kapitalis.com\/tunisie\/2022\/03\/07\/tunisie-laffaire-qatar-charity-devant-la-chambre-criminelle\/#primaryimage","url":"","contentUrl":""},{"@type":"BreadcrumbList","@id":"https:\/\/kapitalis.com\/tunisie\/2022\/03\/07\/tunisie-laffaire-qatar-charity-devant-la-chambre-criminelle\/#breadcrumb","itemListElement":[{"@type":"ListItem","position":1,"name":"Accueil","item":"https:\/\/kapitalis.com\/tunisie\/"},{"@type":"ListItem","position":2,"name":"Tunisie : L&rsquo;affaire Qatar Charity devant la chambre criminelle"}]},{"@type":"WebSite","@id":"https:\/\/kapitalis.com\/tunisie\/#website","url":"https:\/\/kapitalis.com\/tunisie\/","name":"Kapitalis","description":"L&#039;actualit\u00e9 en Tunisie et dans le monde","publisher":{"@id":"https:\/\/kapitalis.com\/tunisie\/#organization"},"potentialAction":[{"@type":"SearchAction","target":{"@type":"EntryPoint","urlTemplate":"https:\/\/kapitalis.com\/tunisie\/?s={search_term_string}"},"query-input":{"@type":"PropertyValueSpecification","valueRequired":true,"valueName":"search_term_string"}}],"inLanguage":"fr-FR"},{"@type":"Organization","@id":"https:\/\/kapitalis.com\/tunisie\/#organization","name":"Kapitalis","url":"https:\/\/kapitalis.com\/tunisie\/","logo":{"@type":"ImageObject","inLanguage":"fr-FR","@id":"https:\/\/kapitalis.com\/tunisie\/#\/schema\/logo\/image\/","url":"https:\/\/kapitalis.com\/tunisie\/wp-content\/uploads\/2022\/05\/Kapitalis-big-size.png","contentUrl":"https:\/\/kapitalis.com\/tunisie\/wp-content\/uploads\/2022\/05\/Kapitalis-big-size.png","width":5000,"height":1500,"caption":"Kapitalis"},"image":{"@id":"https:\/\/kapitalis.com\/tunisie\/#\/schema\/logo\/image\/"},"sameAs":["https:\/\/www.facebook.com\/KapitalisInfo\/","https:\/\/x.com\/KapitalisInfo","https:\/\/www.youtube.com\/channel\/UC-yDYrHyfFBWWZaOw3FPg9Q"]},{"@type":"Person","@id":"https:\/\/kapitalis.com\/tunisie\/#\/schema\/person\/b35b8d631961131107263178aeb8019e","name":"Cherif Benyounes","url":"https:\/\/kapitalis.com\/tunisie\/author\/cherif\/"}]}},"_links":{"self":[{"href":"https:\/\/kapitalis.com\/tunisie\/wp-json\/wp\/v2\/posts\/382998","targetHints":{"allow":["GET"]}}],"collection":[{"href":"https:\/\/kapitalis.com\/tunisie\/wp-json\/wp\/v2\/posts"}],"about":[{"href":"https:\/\/kapitalis.com\/tunisie\/wp-json\/wp\/v2\/types\/post"}],"author":[{"embeddable":true,"href":"https:\/\/kapitalis.com\/tunisie\/wp-json\/wp\/v2\/users\/24"}],"replies":[{"embeddable":true,"href":"https:\/\/kapitalis.com\/tunisie\/wp-json\/wp\/v2\/comments?post=382998"}],"version-history":[{"count":0,"href":"https:\/\/kapitalis.com\/tunisie\/wp-json\/wp\/v2\/posts\/382998\/revisions"}],"wp:attachment":[{"href":"https:\/\/kapitalis.com\/tunisie\/wp-json\/wp\/v2\/media?parent=382998"}],"wp:term":[{"taxonomy":"category","embeddable":true,"href":"https:\/\/kapitalis.com\/tunisie\/wp-json\/wp\/v2\/categories?post=382998"},{"taxonomy":"post_tag","embeddable":true,"href":"https:\/\/kapitalis.com\/tunisie\/wp-json\/wp\/v2\/tags?post=382998"}],"curies":[{"name":"wp","href":"https:\/\/api.w.org\/{rel}","templated":true}]}}