{"id":383074,"date":"2022-03-08T00:08:54","date_gmt":"2022-03-07T23:08:54","guid":{"rendered":"http:\/\/kapitalis.com\/tunisie\/?p=383074"},"modified":"2022-03-08T01:07:04","modified_gmt":"2022-03-08T00:07:04","slug":"tunisie-premieres-photos-de-bhiri-apres-sa-sortie-de-lhopital","status":"publish","type":"post","link":"https:\/\/kapitalis.com\/tunisie\/2022\/03\/08\/tunisie-premieres-photos-de-bhiri-apres-sa-sortie-de-lhopital\/","title":{"rendered":"Tunisie : Premi\u00e8res photos de Bhiri apr\u00e8s sa sortie de l&rsquo;h\u00f4pital"},"content":{"rendered":"\n<div class=\"wp-block-image\"><figure class=\"aligncenter size-full\"><img decoding=\"async\" src=\"http:\/\/kapitalis.com\/tunisie\/wp-content\/uploads\/2022\/03\/Bhiri-hopital.jpg\" alt=\"\" class=\"wp-image-383084\"\/><\/figure><\/div>\n\n\n\n<p><strong><em>Samir Dilou a publi\u00e9, ce soir, des photos du dirigeant Ennahdha Noureddine Bhiri, les premi\u00e8res apr\u00e8s sa sortie de l&rsquo;h\u00f4pital, suite \u00e0 la lev\u00e9e de la r\u00e9sidence surveill\u00e9e, \u00e0 laquelle il \u00e9tait soumis depuis le 31 d\u00e9cembre dernier.<\/em><\/strong><\/p>\n\n\n\n<!--more-->\n\n\n\n<p>Dans un post publi\u00e9, dans la soir\u00e9e de ce lundi 7 mars 2022, sur sa page Facebook, Samir Dilou membre du comit\u00e9 de d\u00e9fense du dirigeant Ennahdha et ancien ministre de la Justice, a repris la phrase du communiqu\u00e9 du minist\u00e8re de l&rsquo;Int\u00e9rieur, qui a qualifi\u00e9 l&rsquo;\u00e9tat de sant\u00e9 de son client, de \u00abnormale\u00bb &#8230; une mani\u00e8re de contredire cette information d&rsquo;autant que Bhiri est m\u00e9connaissable sur la premi\u00e8re photo publi\u00e9e par son avocat. Sur les deux autres qui ont suivi, il semble cependant moins fatigu\u00e9.<\/p>\n\n\n\n<figure class=\"wp-block-gallery columns-2 is-cropped wp-block-gallery-1 is-layout-flex wp-block-gallery-is-layout-flex\"><ul class=\"blocks-gallery-grid\"><li class=\"blocks-gallery-item\"><figure><img decoding=\"async\" src=\"http:\/\/kapitalis.com\/tunisie\/wp-content\/uploads\/2022\/03\/ak-1024x768.jpg\" alt=\"\" data-id=\"383086\" data-full-url=\"http:\/\/kapitalis.com\/tunisie\/wp-content\/uploads\/2022\/03\/ak.jpg\" data-link=\"http:\/\/kapitalis.com\/tunisie\/2022\/03\/08\/tunisie-premiere-photo-de-bhiri-apres-sa-sortie-de-lhopital\/ak\/\" class=\"wp-image-383086\"\/><\/figure><\/li><li class=\"blocks-gallery-item\"><figure><img decoding=\"async\" src=\"http:\/\/kapitalis.com\/tunisie\/wp-content\/uploads\/2022\/03\/s2.jpg\" alt=\"\" data-id=\"383087\" data-full-url=\"http:\/\/kapitalis.com\/tunisie\/wp-content\/uploads\/2022\/03\/s2.jpg\" data-link=\"http:\/\/kapitalis.com\/tunisie\/2022\/03\/08\/tunisie-premiere-photo-de-bhiri-apres-sa-sortie-de-lhopital\/s2-11\/\" class=\"wp-image-383087\"\/><\/figure><\/li><\/ul><\/figure>\n\n\n\n<p>On rappellera que depuis qu&rsquo;il a \u00e9t\u00e9 plac\u00e9 en r\u00e9sidence surveill\u00e9e, le 31 d\u00e9cembre 2021; pour suspicion de liens dans une affaire \u00e0 caract\u00e8re terroriste, Noureddine Bhiri, aurait entam\u00e9 une gr\u00e8ve de la faim sauvage, refusant, selon le parti islamiste Ennahdha, de se nourrir et de prendre ses m\u00e9dicaments alors qu&rsquo;il souffre de maladies chroniques et a donc \u00e9t\u00e9 admis \u00e0 l\u2019h\u00f4pital Bougatfa de Bizerte, et ce <em>\u00abdurant les 65 jours de d\u00e9tention forc\u00e9e\u00bb<\/em>, selon les termes du parti de Ghannouchi.<\/p>\n\n\n\n<p>Notons aussi que le minist\u00e8re de l&rsquo;Int\u00e9rieur, qui a annonc\u00e9, la lev\u00e9e de cette mesure, a pr\u00e9cis\u00e9 que cette d\u00e9cision co\u00efncide avec la mise en place du Conseil de la magistrature provisoire, et vise  \u00e0 permettre \u00e0 la justice d&rsquo;entreprendre les proc\u00e9dures judiciaires l&rsquo;encontre de Bhiri, sachant que l&rsquo;assignation \u00e0 r\u00e9sidence a \u00e9galement \u00e9t\u00e9 lev\u00e9e pour Fathi Baldi, le cadre s\u00e9curitaire li\u00e9e dans la m\u00eame affaire.<\/p>\n\n\n\n<p class=\"has-text-align-right\"><strong>Y. N.<\/strong><\/p>\n\n\n\n<figure class=\"wp-block-embed is-type-wp-embed is-provider-kapitalis wp-block-embed-kapitalis\"><div class=\"wp-block-embed__wrapper\">\n<blockquote class=\"wp-embedded-content\" data-secret=\"wFEzSm5u0S\"><a href=\"https:\/\/kapitalis.com\/tunisie\/2022\/03\/07\/tunisie-levee-de-la-residence-surveillee-pour-bhiri-et-baldi\/\">Tunisie : Lev\u00e9e de la r\u00e9sidence surveill\u00e9e pour Bhiri et Baldi<\/a><\/blockquote><iframe loading=\"lazy\" class=\"wp-embedded-content\" sandbox=\"allow-scripts\" security=\"restricted\" style=\"position: absolute; clip: rect(1px, 1px, 1px, 1px);\" title=\"\u00ab\u00a0Tunisie : Lev\u00e9e de la r\u00e9sidence surveill\u00e9e pour Bhiri et Baldi\u00a0\u00bb &#8212; Kapitalis\" src=\"https:\/\/kapitalis.com\/tunisie\/2022\/03\/07\/tunisie-levee-de-la-residence-surveillee-pour-bhiri-et-baldi\/embed\/#?secret=33tDZWeB2j#?secret=wFEzSm5u0S\" data-secret=\"wFEzSm5u0S\" width=\"600\" height=\"338\" frameborder=\"0\" marginwidth=\"0\" marginheight=\"0\" scrolling=\"no\"><\/iframe>\n<\/div><\/figure>\n","protected":false},"excerpt":{"rendered":"<p>Samir Dilou a publi\u00e9, ce soir, des photos du dirigeant Ennahdha Noureddine Bhiri, les premi\u00e8res apr\u00e8s sa sortie de l&rsquo;h\u00f4pital, suite \u00e0 la lev\u00e9e de la r\u00e9sidence surveill\u00e9e, \u00e0 laquelle il \u00e9tait soumis depuis le 31 d\u00e9cembre dernier.<\/p>\n","protected":false},"author":6,"featured_media":383077,"comment_status":"open","ping_status":"open","sticky":false,"template":"","format":"standard","meta":{"footnotes":""},"categories":[997,2433],"tags":[80370,49543,97909,3756,62643],"class_list":["post-383074","post","type-post","status-publish","format-standard","has-post-thumbnail","hentry","category-politique","category-tunisie","tag-bhiri","tag-ennahdha","tag-hopital-bizerte","tag-samir-dilou","tag-tunisie"],"yoast_head":"<!-- This site is optimized with the Yoast SEO plugin v26.6 - https:\/\/yoast.com\/wordpress\/plugins\/seo\/ -->\n<title>Tunisie : Premi\u00e8res photos de Bhiri apr\u00e8s sa sortie de l&#039;h\u00f4pital - Kapitalis<\/title>\n<meta name=\"robots\" content=\"index, follow, max-snippet:-1, max-image-preview:large, max-video-preview:-1\" \/>\n<link rel=\"canonical\" href=\"https:\/\/kapitalis.com\/tunisie\/2022\/03\/08\/tunisie-premieres-photos-de-bhiri-apres-sa-sortie-de-lhopital\/\" \/>\n<meta property=\"og:locale\" content=\"fr_FR\" \/>\n<meta property=\"og:type\" content=\"article\" \/>\n<meta property=\"og:title\" content=\"Tunisie : Premi\u00e8res photos de Bhiri apr\u00e8s sa sortie de l&#039;h\u00f4pital - Kapitalis\" \/>\n<meta property=\"og:description\" content=\"Samir Dilou a publi\u00e9, ce soir, des photos du dirigeant Ennahdha Noureddine Bhiri, les premi\u00e8res apr\u00e8s sa sortie de l&rsquo;h\u00f4pital, suite \u00e0 la lev\u00e9e de la r\u00e9sidence surveill\u00e9e, \u00e0 laquelle il \u00e9tait soumis depuis le 31 d\u00e9cembre dernier.\" \/>\n<meta property=\"og:url\" content=\"https:\/\/kapitalis.com\/tunisie\/2022\/03\/08\/tunisie-premieres-photos-de-bhiri-apres-sa-sortie-de-lhopital\/\" \/>\n<meta property=\"og:site_name\" content=\"Kapitalis\" \/>\n<meta property=\"article:publisher\" content=\"https:\/\/www.facebook.com\/KapitalisInfo\/\" \/>\n<meta property=\"article:published_time\" content=\"2022-03-07T23:08:54+00:00\" \/>\n<meta property=\"article:modified_time\" content=\"2022-03-08T00:07:04+00:00\" \/>\n<meta property=\"og:image\" content=\"https:\/\/kapitalis.com\/tunisie\/wp-content\/uploads\/2022\/05\/kapitalis-logo-fb.png\" \/>\n\t<meta property=\"og:image:width\" content=\"1200\" \/>\n\t<meta property=\"og:image:height\" content=\"630\" \/>\n\t<meta property=\"og:image:type\" content=\"image\/png\" \/>\n<meta name=\"author\" content=\"Yusra NY\" \/>\n<meta name=\"twitter:card\" content=\"summary_large_image\" \/>\n<meta name=\"twitter:creator\" content=\"@KapitalisInfo\" \/>\n<meta name=\"twitter:site\" content=\"@KapitalisInfo\" \/>\n<meta name=\"twitter:label1\" content=\"\u00c9crit par\" \/>\n\t<meta name=\"twitter:data1\" content=\"Yusra NY\" \/>\n\t<meta name=\"twitter:label2\" content=\"Dur\u00e9e de lecture estim\u00e9e\" \/>\n\t<meta name=\"twitter:data2\" content=\"2 minutes\" \/>\n<script type=\"application\/ld+json\" class=\"yoast-schema-graph\">{\"@context\":\"https:\/\/schema.org\",\"@graph\":[{\"@type\":\"Article\",\"@id\":\"https:\/\/kapitalis.com\/tunisie\/2022\/03\/08\/tunisie-premieres-photos-de-bhiri-apres-sa-sortie-de-lhopital\/#article\",\"isPartOf\":{\"@id\":\"https:\/\/kapitalis.com\/tunisie\/2022\/03\/08\/tunisie-premieres-photos-de-bhiri-apres-sa-sortie-de-lhopital\/\"},\"author\":{\"name\":\"Yusra NY\",\"@id\":\"https:\/\/kapitalis.com\/tunisie\/#\/schema\/person\/74bbde0154d49d790a92aaeac5bc01d5\"},\"headline\":\"Tunisie : Premi\u00e8res photos de Bhiri apr\u00e8s sa sortie de l&rsquo;h\u00f4pital\",\"datePublished\":\"2022-03-07T23:08:54+00:00\",\"dateModified\":\"2022-03-08T00:07:04+00:00\",\"mainEntityOfPage\":{\"@id\":\"https:\/\/kapitalis.com\/tunisie\/2022\/03\/08\/tunisie-premieres-photos-de-bhiri-apres-sa-sortie-de-lhopital\/\"},\"wordCount\":315,\"commentCount\":11,\"publisher\":{\"@id\":\"https:\/\/kapitalis.com\/tunisie\/#organization\"},\"image\":{\"@id\":\"https:\/\/kapitalis.com\/tunisie\/2022\/03\/08\/tunisie-premieres-photos-de-bhiri-apres-sa-sortie-de-lhopital\/#primaryimage\"},\"thumbnailUrl\":\"\",\"keywords\":[\"Bhiri\",\"Ennahdha\",\"h\u00f4pital Bizerte\",\"Samir Dilou\",\"Tunisie\"],\"articleSection\":[\"POLITIQUE\",\"Tunisie\"],\"inLanguage\":\"fr-FR\",\"potentialAction\":[{\"@type\":\"CommentAction\",\"name\":\"Comment\",\"target\":[\"https:\/\/kapitalis.com\/tunisie\/2022\/03\/08\/tunisie-premieres-photos-de-bhiri-apres-sa-sortie-de-lhopital\/#respond\"]}]},{\"@type\":\"WebPage\",\"@id\":\"https:\/\/kapitalis.com\/tunisie\/2022\/03\/08\/tunisie-premieres-photos-de-bhiri-apres-sa-sortie-de-lhopital\/\",\"url\":\"https:\/\/kapitalis.com\/tunisie\/2022\/03\/08\/tunisie-premieres-photos-de-bhiri-apres-sa-sortie-de-lhopital\/\",\"name\":\"Tunisie : Premi\u00e8res photos de Bhiri apr\u00e8s sa sortie de l'h\u00f4pital - Kapitalis\",\"isPartOf\":{\"@id\":\"https:\/\/kapitalis.com\/tunisie\/#website\"},\"primaryImageOfPage\":{\"@id\":\"https:\/\/kapitalis.com\/tunisie\/2022\/03\/08\/tunisie-premieres-photos-de-bhiri-apres-sa-sortie-de-lhopital\/#primaryimage\"},\"image\":{\"@id\":\"https:\/\/kapitalis.com\/tunisie\/2022\/03\/08\/tunisie-premieres-photos-de-bhiri-apres-sa-sortie-de-lhopital\/#primaryimage\"},\"thumbnailUrl\":\"\",\"datePublished\":\"2022-03-07T23:08:54+00:00\",\"dateModified\":\"2022-03-08T00:07:04+00:00\",\"breadcrumb\":{\"@id\":\"https:\/\/kapitalis.com\/tunisie\/2022\/03\/08\/tunisie-premieres-photos-de-bhiri-apres-sa-sortie-de-lhopital\/#breadcrumb\"},\"inLanguage\":\"fr-FR\",\"potentialAction\":[{\"@type\":\"ReadAction\",\"target\":[\"https:\/\/kapitalis.com\/tunisie\/2022\/03\/08\/tunisie-premieres-photos-de-bhiri-apres-sa-sortie-de-lhopital\/\"]}]},{\"@type\":\"ImageObject\",\"inLanguage\":\"fr-FR\",\"@id\":\"https:\/\/kapitalis.com\/tunisie\/2022\/03\/08\/tunisie-premieres-photos-de-bhiri-apres-sa-sortie-de-lhopital\/#primaryimage\",\"url\":\"\",\"contentUrl\":\"\"},{\"@type\":\"BreadcrumbList\",\"@id\":\"https:\/\/kapitalis.com\/tunisie\/2022\/03\/08\/tunisie-premieres-photos-de-bhiri-apres-sa-sortie-de-lhopital\/#breadcrumb\",\"itemListElement\":[{\"@type\":\"ListItem\",\"position\":1,\"name\":\"Accueil\",\"item\":\"https:\/\/kapitalis.com\/tunisie\/\"},{\"@type\":\"ListItem\",\"position\":2,\"name\":\"Tunisie : Premi\u00e8res photos de Bhiri apr\u00e8s sa sortie de l&rsquo;h\u00f4pital\"}]},{\"@type\":\"WebSite\",\"@id\":\"https:\/\/kapitalis.com\/tunisie\/#website\",\"url\":\"https:\/\/kapitalis.com\/tunisie\/\",\"name\":\"Kapitalis\",\"description\":\"L&#039;actualit\u00e9 en Tunisie et dans le monde\",\"publisher\":{\"@id\":\"https:\/\/kapitalis.com\/tunisie\/#organization\"},\"potentialAction\":[{\"@type\":\"SearchAction\",\"target\":{\"@type\":\"EntryPoint\",\"urlTemplate\":\"https:\/\/kapitalis.com\/tunisie\/?s={search_term_string}\"},\"query-input\":{\"@type\":\"PropertyValueSpecification\",\"valueRequired\":true,\"valueName\":\"search_term_string\"}}],\"inLanguage\":\"fr-FR\"},{\"@type\":\"Organization\",\"@id\":\"https:\/\/kapitalis.com\/tunisie\/#organization\",\"name\":\"Kapitalis\",\"url\":\"https:\/\/kapitalis.com\/tunisie\/\",\"logo\":{\"@type\":\"ImageObject\",\"inLanguage\":\"fr-FR\",\"@id\":\"https:\/\/kapitalis.com\/tunisie\/#\/schema\/logo\/image\/\",\"url\":\"https:\/\/kapitalis.com\/tunisie\/wp-content\/uploads\/2022\/05\/Kapitalis-big-size.png\",\"contentUrl\":\"https:\/\/kapitalis.com\/tunisie\/wp-content\/uploads\/2022\/05\/Kapitalis-big-size.png\",\"width\":5000,\"height\":1500,\"caption\":\"Kapitalis\"},\"image\":{\"@id\":\"https:\/\/kapitalis.com\/tunisie\/#\/schema\/logo\/image\/\"},\"sameAs\":[\"https:\/\/www.facebook.com\/KapitalisInfo\/\",\"https:\/\/x.com\/KapitalisInfo\",\"https:\/\/www.youtube.com\/channel\/UC-yDYrHyfFBWWZaOw3FPg9Q\"]},{\"@type\":\"Person\",\"@id\":\"https:\/\/kapitalis.com\/tunisie\/#\/schema\/person\/74bbde0154d49d790a92aaeac5bc01d5\",\"name\":\"Yusra NY\",\"url\":\"https:\/\/kapitalis.com\/tunisie\/author\/yuza_adam\/\"}]}<\/script>\n<!-- \/ Yoast SEO plugin. -->","yoast_head_json":{"title":"Tunisie : Premi\u00e8res photos de Bhiri apr\u00e8s sa sortie de l'h\u00f4pital - Kapitalis","robots":{"index":"index","follow":"follow","max-snippet":"max-snippet:-1","max-image-preview":"max-image-preview:large","max-video-preview":"max-video-preview:-1"},"canonical":"https:\/\/kapitalis.com\/tunisie\/2022\/03\/08\/tunisie-premieres-photos-de-bhiri-apres-sa-sortie-de-lhopital\/","og_locale":"fr_FR","og_type":"article","og_title":"Tunisie : Premi\u00e8res photos de Bhiri apr\u00e8s sa sortie de l'h\u00f4pital - Kapitalis","og_description":"Samir Dilou a publi\u00e9, ce soir, des photos du dirigeant Ennahdha Noureddine Bhiri, les premi\u00e8res apr\u00e8s sa sortie de l&rsquo;h\u00f4pital, suite \u00e0 la lev\u00e9e de la r\u00e9sidence surveill\u00e9e, \u00e0 laquelle il \u00e9tait soumis depuis le 31 d\u00e9cembre dernier.","og_url":"https:\/\/kapitalis.com\/tunisie\/2022\/03\/08\/tunisie-premieres-photos-de-bhiri-apres-sa-sortie-de-lhopital\/","og_site_name":"Kapitalis","article_publisher":"https:\/\/www.facebook.com\/KapitalisInfo\/","article_published_time":"2022-03-07T23:08:54+00:00","article_modified_time":"2022-03-08T00:07:04+00:00","og_image":[{"width":1200,"height":630,"url":"https:\/\/kapitalis.com\/tunisie\/wp-content\/uploads\/2022\/05\/kapitalis-logo-fb.png","type":"image\/png"}],"author":"Yusra NY","twitter_card":"summary_large_image","twitter_creator":"@KapitalisInfo","twitter_site":"@KapitalisInfo","twitter_misc":{"\u00c9crit par":"Yusra NY","Dur\u00e9e de lecture estim\u00e9e":"2 minutes"},"schema":{"@context":"https:\/\/schema.org","@graph":[{"@type":"Article","@id":"https:\/\/kapitalis.com\/tunisie\/2022\/03\/08\/tunisie-premieres-photos-de-bhiri-apres-sa-sortie-de-lhopital\/#article","isPartOf":{"@id":"https:\/\/kapitalis.com\/tunisie\/2022\/03\/08\/tunisie-premieres-photos-de-bhiri-apres-sa-sortie-de-lhopital\/"},"author":{"name":"Yusra NY","@id":"https:\/\/kapitalis.com\/tunisie\/#\/schema\/person\/74bbde0154d49d790a92aaeac5bc01d5"},"headline":"Tunisie : Premi\u00e8res photos de Bhiri apr\u00e8s sa sortie de l&rsquo;h\u00f4pital","datePublished":"2022-03-07T23:08:54+00:00","dateModified":"2022-03-08T00:07:04+00:00","mainEntityOfPage":{"@id":"https:\/\/kapitalis.com\/tunisie\/2022\/03\/08\/tunisie-premieres-photos-de-bhiri-apres-sa-sortie-de-lhopital\/"},"wordCount":315,"commentCount":11,"publisher":{"@id":"https:\/\/kapitalis.com\/tunisie\/#organization"},"image":{"@id":"https:\/\/kapitalis.com\/tunisie\/2022\/03\/08\/tunisie-premieres-photos-de-bhiri-apres-sa-sortie-de-lhopital\/#primaryimage"},"thumbnailUrl":"","keywords":["Bhiri","Ennahdha","h\u00f4pital Bizerte","Samir Dilou","Tunisie"],"articleSection":["POLITIQUE","Tunisie"],"inLanguage":"fr-FR","potentialAction":[{"@type":"CommentAction","name":"Comment","target":["https:\/\/kapitalis.com\/tunisie\/2022\/03\/08\/tunisie-premieres-photos-de-bhiri-apres-sa-sortie-de-lhopital\/#respond"]}]},{"@type":"WebPage","@id":"https:\/\/kapitalis.com\/tunisie\/2022\/03\/08\/tunisie-premieres-photos-de-bhiri-apres-sa-sortie-de-lhopital\/","url":"https:\/\/kapitalis.com\/tunisie\/2022\/03\/08\/tunisie-premieres-photos-de-bhiri-apres-sa-sortie-de-lhopital\/","name":"Tunisie : Premi\u00e8res photos de Bhiri apr\u00e8s sa sortie de l'h\u00f4pital - Kapitalis","isPartOf":{"@id":"https:\/\/kapitalis.com\/tunisie\/#website"},"primaryImageOfPage":{"@id":"https:\/\/kapitalis.com\/tunisie\/2022\/03\/08\/tunisie-premieres-photos-de-bhiri-apres-sa-sortie-de-lhopital\/#primaryimage"},"image":{"@id":"https:\/\/kapitalis.com\/tunisie\/2022\/03\/08\/tunisie-premieres-photos-de-bhiri-apres-sa-sortie-de-lhopital\/#primaryimage"},"thumbnailUrl":"","datePublished":"2022-03-07T23:08:54+00:00","dateModified":"2022-03-08T00:07:04+00:00","breadcrumb":{"@id":"https:\/\/kapitalis.com\/tunisie\/2022\/03\/08\/tunisie-premieres-photos-de-bhiri-apres-sa-sortie-de-lhopital\/#breadcrumb"},"inLanguage":"fr-FR","potentialAction":[{"@type":"ReadAction","target":["https:\/\/kapitalis.com\/tunisie\/2022\/03\/08\/tunisie-premieres-photos-de-bhiri-apres-sa-sortie-de-lhopital\/"]}]},{"@type":"ImageObject","inLanguage":"fr-FR","@id":"https:\/\/kapitalis.com\/tunisie\/2022\/03\/08\/tunisie-premieres-photos-de-bhiri-apres-sa-sortie-de-lhopital\/#primaryimage","url":"","contentUrl":""},{"@type":"BreadcrumbList","@id":"https:\/\/kapitalis.com\/tunisie\/2022\/03\/08\/tunisie-premieres-photos-de-bhiri-apres-sa-sortie-de-lhopital\/#breadcrumb","itemListElement":[{"@type":"ListItem","position":1,"name":"Accueil","item":"https:\/\/kapitalis.com\/tunisie\/"},{"@type":"ListItem","position":2,"name":"Tunisie : Premi\u00e8res photos de Bhiri apr\u00e8s sa sortie de l&rsquo;h\u00f4pital"}]},{"@type":"WebSite","@id":"https:\/\/kapitalis.com\/tunisie\/#website","url":"https:\/\/kapitalis.com\/tunisie\/","name":"Kapitalis","description":"L&#039;actualit\u00e9 en Tunisie et dans le monde","publisher":{"@id":"https:\/\/kapitalis.com\/tunisie\/#organization"},"potentialAction":[{"@type":"SearchAction","target":{"@type":"EntryPoint","urlTemplate":"https:\/\/kapitalis.com\/tunisie\/?s={search_term_string}"},"query-input":{"@type":"PropertyValueSpecification","valueRequired":true,"valueName":"search_term_string"}}],"inLanguage":"fr-FR"},{"@type":"Organization","@id":"https:\/\/kapitalis.com\/tunisie\/#organization","name":"Kapitalis","url":"https:\/\/kapitalis.com\/tunisie\/","logo":{"@type":"ImageObject","inLanguage":"fr-FR","@id":"https:\/\/kapitalis.com\/tunisie\/#\/schema\/logo\/image\/","url":"https:\/\/kapitalis.com\/tunisie\/wp-content\/uploads\/2022\/05\/Kapitalis-big-size.png","contentUrl":"https:\/\/kapitalis.com\/tunisie\/wp-content\/uploads\/2022\/05\/Kapitalis-big-size.png","width":5000,"height":1500,"caption":"Kapitalis"},"image":{"@id":"https:\/\/kapitalis.com\/tunisie\/#\/schema\/logo\/image\/"},"sameAs":["https:\/\/www.facebook.com\/KapitalisInfo\/","https:\/\/x.com\/KapitalisInfo","https:\/\/www.youtube.com\/channel\/UC-yDYrHyfFBWWZaOw3FPg9Q"]},{"@type":"Person","@id":"https:\/\/kapitalis.com\/tunisie\/#\/schema\/person\/74bbde0154d49d790a92aaeac5bc01d5","name":"Yusra NY","url":"https:\/\/kapitalis.com\/tunisie\/author\/yuza_adam\/"}]}},"_links":{"self":[{"href":"https:\/\/kapitalis.com\/tunisie\/wp-json\/wp\/v2\/posts\/383074","targetHints":{"allow":["GET"]}}],"collection":[{"href":"https:\/\/kapitalis.com\/tunisie\/wp-json\/wp\/v2\/posts"}],"about":[{"href":"https:\/\/kapitalis.com\/tunisie\/wp-json\/wp\/v2\/types\/post"}],"author":[{"embeddable":true,"href":"https:\/\/kapitalis.com\/tunisie\/wp-json\/wp\/v2\/users\/6"}],"replies":[{"embeddable":true,"href":"https:\/\/kapitalis.com\/tunisie\/wp-json\/wp\/v2\/comments?post=383074"}],"version-history":[{"count":0,"href":"https:\/\/kapitalis.com\/tunisie\/wp-json\/wp\/v2\/posts\/383074\/revisions"}],"wp:featuredmedia":[{"embeddable":true,"href":"https:\/\/kapitalis.com\/tunisie\/wp-json\/wp\/v2\/media\/383077"}],"wp:attachment":[{"href":"https:\/\/kapitalis.com\/tunisie\/wp-json\/wp\/v2\/media?parent=383074"}],"wp:term":[{"taxonomy":"category","embeddable":true,"href":"https:\/\/kapitalis.com\/tunisie\/wp-json\/wp\/v2\/categories?post=383074"},{"taxonomy":"post_tag","embeddable":true,"href":"https:\/\/kapitalis.com\/tunisie\/wp-json\/wp\/v2\/tags?post=383074"}],"curies":[{"name":"wp","href":"https:\/\/api.w.org\/{rel}","templated":true}]}}