{"id":38311,"date":"2016-02-05T16:39:57","date_gmt":"2016-02-05T15:39:57","guid":{"rendered":"http:\/\/kapitalis.com\/tunisie\/?p=38311"},"modified":"2016-02-05T16:44:50","modified_gmt":"2016-02-05T15:44:50","slug":"nidaa-tounes-demission-de-mounir-jilani-coordinateur-de-gabes","status":"publish","type":"post","link":"https:\/\/kapitalis.com\/tunisie\/2016\/02\/05\/nidaa-tounes-demission-de-mounir-jilani-coordinateur-de-gabes\/","title":{"rendered":"Nidaa Tounes : D\u00e9mission de Mounir Jilani, coordinateur de Gab\u00e8s"},"content":{"rendered":"<p style=\"text-align: center;\"><img loading=\"lazy\" decoding=\"async\" class=\"alignnone size-full wp-image-3483\" src=\"http:\/\/kapitalis.com\/tunisie\/wp-content\/uploads\/2015\/06\/Siege-de-Nidaa-Tounes.jpg\" alt=\"Siege-de-Nidaa-Tounes\" width=\"626\" height=\"380\" \/><\/p>\n<p style=\"text-align: left;\"><em><strong>Le coordinateur r\u00e9gional de Nidaa Tounes \u00e0 Gab\u00e8s a pr\u00e9sent\u00e9 sa d\u00e9mission, aujourd\u2019hui, vendredi 5 f\u00e9vrier 2016.<\/strong><\/em><\/p>\n<p style=\"text-align: left;\"><!--more--><\/p>\n<p style=\"text-align: left;\">Selon le correspondant de Mosa\u00efque FM dans la r\u00e9gion, la division du parti \u00e0 l\u2019\u00e9chelle nationale et les probl\u00e8mes \u00e0 l\u2019int\u00e9rieur du bureau r\u00e9gional de Gab\u00e8s sont \u00e0 l\u2019origine de cette d\u00e9mission.<\/p>\n<p style=\"text-align: left;\">Selon des sources au sein du parti, plusieurs autres coordinateurs r\u00e9gionaux de Nidaa vont embo\u00eeter le pas \u00e0 M. Jilani.<\/p>\n<p style=\"text-align: left;\">Cette cascade de d\u00e9missions, qui a touch\u00e9 de nombreux dirigeants du parti et de membres de son bloc parlementaire, fait suite au tr\u00e8s controvers\u00e9 congr\u00e8s de Sousse, les 9 et 10 janvier 2016, qui s&rsquo;est sold\u00e9 par une reprise en main des structures par Hafedh Ca\u00efd Essebsi, le fils du pr\u00e9sident de la r\u00e9publique B\u00e9ji Ca\u00efd Essebsi, entour\u00e9 d&rsquo;une cour de courtisans int\u00e9ress\u00e9s.<\/p>\n<p style=\"text-align: right;\"><strong>Z. A.<\/strong><\/p>\n","protected":false},"excerpt":{"rendered":"<p>Le coordinateur r\u00e9gional de Nidaa Tounes \u00e0 Gab\u00e8s a pr\u00e9sent\u00e9 sa d\u00e9mission, aujourd\u2019hui, vendredi 5 f\u00e9vrier 2016.<\/p>\n","protected":false},"author":8,"featured_media":0,"comment_status":"open","ping_status":"open","sticky":false,"template":"","format":"standard","meta":{"footnotes":""},"categories":[997,2433],"tags":[406],"class_list":["post-38311","post","type-post","status-publish","format-standard","hentry","category-politique","category-tunisie","tag-gabes"],"yoast_head":"<!-- This site is optimized with the Yoast SEO plugin v26.6 - https:\/\/yoast.com\/wordpress\/plugins\/seo\/ -->\n<title>Nidaa Tounes : D\u00e9mission de Mounir Jilani, coordinateur de Gab\u00e8s - Kapitalis<\/title>\n<meta name=\"robots\" content=\"index, follow, max-snippet:-1, max-image-preview:large, max-video-preview:-1\" \/>\n<link rel=\"canonical\" href=\"https:\/\/kapitalis.com\/tunisie\/2016\/02\/05\/nidaa-tounes-demission-de-mounir-jilani-coordinateur-de-gabes\/\" \/>\n<meta property=\"og:locale\" content=\"fr_FR\" \/>\n<meta property=\"og:type\" content=\"article\" \/>\n<meta property=\"og:title\" content=\"Nidaa Tounes : D\u00e9mission de Mounir Jilani, coordinateur de Gab\u00e8s - Kapitalis\" \/>\n<meta property=\"og:description\" content=\"Le coordinateur r\u00e9gional de Nidaa Tounes \u00e0 Gab\u00e8s a pr\u00e9sent\u00e9 sa d\u00e9mission, aujourd\u2019hui, vendredi 5 f\u00e9vrier 2016.\" \/>\n<meta property=\"og:url\" content=\"https:\/\/kapitalis.com\/tunisie\/2016\/02\/05\/nidaa-tounes-demission-de-mounir-jilani-coordinateur-de-gabes\/\" \/>\n<meta property=\"og:site_name\" content=\"Kapitalis\" \/>\n<meta property=\"article:publisher\" content=\"https:\/\/www.facebook.com\/KapitalisInfo\/\" \/>\n<meta property=\"article:published_time\" content=\"2016-02-05T15:39:57+00:00\" \/>\n<meta property=\"article:modified_time\" content=\"2016-02-05T15:44:50+00:00\" \/>\n<meta property=\"og:image\" content=\"http:\/\/kapitalis.com\/tunisie\/wp-content\/uploads\/2015\/06\/Siege-de-Nidaa-Tounes.jpg\" \/>\n<meta name=\"author\" content=\"webmaster kapitalis\" \/>\n<meta name=\"twitter:card\" content=\"summary_large_image\" \/>\n<meta name=\"twitter:creator\" content=\"@KapitalisInfo\" \/>\n<meta name=\"twitter:site\" content=\"@KapitalisInfo\" \/>\n<meta name=\"twitter:label1\" content=\"\u00c9crit par\" \/>\n\t<meta name=\"twitter:data1\" content=\"webmaster kapitalis\" \/>\n\t<meta name=\"twitter:label2\" content=\"Dur\u00e9e de lecture estim\u00e9e\" \/>\n\t<meta name=\"twitter:data2\" content=\"1 minute\" \/>\n<script type=\"application\/ld+json\" class=\"yoast-schema-graph\">{\"@context\":\"https:\/\/schema.org\",\"@graph\":[{\"@type\":\"Article\",\"@id\":\"https:\/\/kapitalis.com\/tunisie\/2016\/02\/05\/nidaa-tounes-demission-de-mounir-jilani-coordinateur-de-gabes\/#article\",\"isPartOf\":{\"@id\":\"https:\/\/kapitalis.com\/tunisie\/2016\/02\/05\/nidaa-tounes-demission-de-mounir-jilani-coordinateur-de-gabes\/\"},\"author\":{\"name\":\"webmaster kapitalis\",\"@id\":\"https:\/\/kapitalis.com\/tunisie\/#\/schema\/person\/d71f33a9ca44f7bad4698210b480c8e9\"},\"headline\":\"Nidaa Tounes : D\u00e9mission de Mounir Jilani, coordinateur de Gab\u00e8s\",\"datePublished\":\"2016-02-05T15:39:57+00:00\",\"dateModified\":\"2016-02-05T15:44:50+00:00\",\"mainEntityOfPage\":{\"@id\":\"https:\/\/kapitalis.com\/tunisie\/2016\/02\/05\/nidaa-tounes-demission-de-mounir-jilani-coordinateur-de-gabes\/\"},\"wordCount\":163,\"commentCount\":1,\"publisher\":{\"@id\":\"https:\/\/kapitalis.com\/tunisie\/#organization\"},\"image\":{\"@id\":\"https:\/\/kapitalis.com\/tunisie\/2016\/02\/05\/nidaa-tounes-demission-de-mounir-jilani-coordinateur-de-gabes\/#primaryimage\"},\"thumbnailUrl\":\"http:\/\/kapitalis.com\/tunisie\/wp-content\/uploads\/2015\/06\/Siege-de-Nidaa-Tounes.jpg\",\"keywords\":[\"Gab\u00e8s\"],\"articleSection\":[\"POLITIQUE\",\"Tunisie\"],\"inLanguage\":\"fr-FR\",\"potentialAction\":[{\"@type\":\"CommentAction\",\"name\":\"Comment\",\"target\":[\"https:\/\/kapitalis.com\/tunisie\/2016\/02\/05\/nidaa-tounes-demission-de-mounir-jilani-coordinateur-de-gabes\/#respond\"]}]},{\"@type\":\"WebPage\",\"@id\":\"https:\/\/kapitalis.com\/tunisie\/2016\/02\/05\/nidaa-tounes-demission-de-mounir-jilani-coordinateur-de-gabes\/\",\"url\":\"https:\/\/kapitalis.com\/tunisie\/2016\/02\/05\/nidaa-tounes-demission-de-mounir-jilani-coordinateur-de-gabes\/\",\"name\":\"Nidaa Tounes : D\u00e9mission de Mounir Jilani, coordinateur de Gab\u00e8s - Kapitalis\",\"isPartOf\":{\"@id\":\"https:\/\/kapitalis.com\/tunisie\/#website\"},\"primaryImageOfPage\":{\"@id\":\"https:\/\/kapitalis.com\/tunisie\/2016\/02\/05\/nidaa-tounes-demission-de-mounir-jilani-coordinateur-de-gabes\/#primaryimage\"},\"image\":{\"@id\":\"https:\/\/kapitalis.com\/tunisie\/2016\/02\/05\/nidaa-tounes-demission-de-mounir-jilani-coordinateur-de-gabes\/#primaryimage\"},\"thumbnailUrl\":\"http:\/\/kapitalis.com\/tunisie\/wp-content\/uploads\/2015\/06\/Siege-de-Nidaa-Tounes.jpg\",\"datePublished\":\"2016-02-05T15:39:57+00:00\",\"dateModified\":\"2016-02-05T15:44:50+00:00\",\"breadcrumb\":{\"@id\":\"https:\/\/kapitalis.com\/tunisie\/2016\/02\/05\/nidaa-tounes-demission-de-mounir-jilani-coordinateur-de-gabes\/#breadcrumb\"},\"inLanguage\":\"fr-FR\",\"potentialAction\":[{\"@type\":\"ReadAction\",\"target\":[\"https:\/\/kapitalis.com\/tunisie\/2016\/02\/05\/nidaa-tounes-demission-de-mounir-jilani-coordinateur-de-gabes\/\"]}]},{\"@type\":\"ImageObject\",\"inLanguage\":\"fr-FR\",\"@id\":\"https:\/\/kapitalis.com\/tunisie\/2016\/02\/05\/nidaa-tounes-demission-de-mounir-jilani-coordinateur-de-gabes\/#primaryimage\",\"url\":\"http:\/\/kapitalis.com\/tunisie\/wp-content\/uploads\/2015\/06\/Siege-de-Nidaa-Tounes.jpg\",\"contentUrl\":\"http:\/\/kapitalis.com\/tunisie\/wp-content\/uploads\/2015\/06\/Siege-de-Nidaa-Tounes.jpg\"},{\"@type\":\"BreadcrumbList\",\"@id\":\"https:\/\/kapitalis.com\/tunisie\/2016\/02\/05\/nidaa-tounes-demission-de-mounir-jilani-coordinateur-de-gabes\/#breadcrumb\",\"itemListElement\":[{\"@type\":\"ListItem\",\"position\":1,\"name\":\"Accueil\",\"item\":\"https:\/\/kapitalis.com\/tunisie\/\"},{\"@type\":\"ListItem\",\"position\":2,\"name\":\"Nidaa Tounes : D\u00e9mission de Mounir Jilani, coordinateur de Gab\u00e8s\"}]},{\"@type\":\"WebSite\",\"@id\":\"https:\/\/kapitalis.com\/tunisie\/#website\",\"url\":\"https:\/\/kapitalis.com\/tunisie\/\",\"name\":\"Kapitalis\",\"description\":\"L&#039;actualit\u00e9 en Tunisie et dans le monde\",\"publisher\":{\"@id\":\"https:\/\/kapitalis.com\/tunisie\/#organization\"},\"potentialAction\":[{\"@type\":\"SearchAction\",\"target\":{\"@type\":\"EntryPoint\",\"urlTemplate\":\"https:\/\/kapitalis.com\/tunisie\/?s={search_term_string}\"},\"query-input\":{\"@type\":\"PropertyValueSpecification\",\"valueRequired\":true,\"valueName\":\"search_term_string\"}}],\"inLanguage\":\"fr-FR\"},{\"@type\":\"Organization\",\"@id\":\"https:\/\/kapitalis.com\/tunisie\/#organization\",\"name\":\"Kapitalis\",\"url\":\"https:\/\/kapitalis.com\/tunisie\/\",\"logo\":{\"@type\":\"ImageObject\",\"inLanguage\":\"fr-FR\",\"@id\":\"https:\/\/kapitalis.com\/tunisie\/#\/schema\/logo\/image\/\",\"url\":\"https:\/\/kapitalis.com\/tunisie\/wp-content\/uploads\/2022\/05\/Kapitalis-big-size.png\",\"contentUrl\":\"https:\/\/kapitalis.com\/tunisie\/wp-content\/uploads\/2022\/05\/Kapitalis-big-size.png\",\"width\":5000,\"height\":1500,\"caption\":\"Kapitalis\"},\"image\":{\"@id\":\"https:\/\/kapitalis.com\/tunisie\/#\/schema\/logo\/image\/\"},\"sameAs\":[\"https:\/\/www.facebook.com\/KapitalisInfo\/\",\"https:\/\/x.com\/KapitalisInfo\",\"https:\/\/www.youtube.com\/channel\/UC-yDYrHyfFBWWZaOw3FPg9Q\"]},{\"@type\":\"Person\",\"@id\":\"https:\/\/kapitalis.com\/tunisie\/#\/schema\/person\/d71f33a9ca44f7bad4698210b480c8e9\",\"name\":\"webmaster kapitalis\",\"url\":\"https:\/\/kapitalis.com\/tunisie\/author\/webmaster-kapitalis\/\"}]}<\/script>\n<!-- \/ Yoast SEO plugin. -->","yoast_head_json":{"title":"Nidaa Tounes : D\u00e9mission de Mounir Jilani, coordinateur de Gab\u00e8s - Kapitalis","robots":{"index":"index","follow":"follow","max-snippet":"max-snippet:-1","max-image-preview":"max-image-preview:large","max-video-preview":"max-video-preview:-1"},"canonical":"https:\/\/kapitalis.com\/tunisie\/2016\/02\/05\/nidaa-tounes-demission-de-mounir-jilani-coordinateur-de-gabes\/","og_locale":"fr_FR","og_type":"article","og_title":"Nidaa Tounes : D\u00e9mission de Mounir Jilani, coordinateur de Gab\u00e8s - Kapitalis","og_description":"Le coordinateur r\u00e9gional de Nidaa Tounes \u00e0 Gab\u00e8s a pr\u00e9sent\u00e9 sa d\u00e9mission, aujourd\u2019hui, vendredi 5 f\u00e9vrier 2016.","og_url":"https:\/\/kapitalis.com\/tunisie\/2016\/02\/05\/nidaa-tounes-demission-de-mounir-jilani-coordinateur-de-gabes\/","og_site_name":"Kapitalis","article_publisher":"https:\/\/www.facebook.com\/KapitalisInfo\/","article_published_time":"2016-02-05T15:39:57+00:00","article_modified_time":"2016-02-05T15:44:50+00:00","og_image":[{"url":"http:\/\/kapitalis.com\/tunisie\/wp-content\/uploads\/2015\/06\/Siege-de-Nidaa-Tounes.jpg","type":"","width":"","height":""}],"author":"webmaster kapitalis","twitter_card":"summary_large_image","twitter_creator":"@KapitalisInfo","twitter_site":"@KapitalisInfo","twitter_misc":{"\u00c9crit par":"webmaster kapitalis","Dur\u00e9e de lecture estim\u00e9e":"1 minute"},"schema":{"@context":"https:\/\/schema.org","@graph":[{"@type":"Article","@id":"https:\/\/kapitalis.com\/tunisie\/2016\/02\/05\/nidaa-tounes-demission-de-mounir-jilani-coordinateur-de-gabes\/#article","isPartOf":{"@id":"https:\/\/kapitalis.com\/tunisie\/2016\/02\/05\/nidaa-tounes-demission-de-mounir-jilani-coordinateur-de-gabes\/"},"author":{"name":"webmaster kapitalis","@id":"https:\/\/kapitalis.com\/tunisie\/#\/schema\/person\/d71f33a9ca44f7bad4698210b480c8e9"},"headline":"Nidaa Tounes : D\u00e9mission de Mounir Jilani, coordinateur de Gab\u00e8s","datePublished":"2016-02-05T15:39:57+00:00","dateModified":"2016-02-05T15:44:50+00:00","mainEntityOfPage":{"@id":"https:\/\/kapitalis.com\/tunisie\/2016\/02\/05\/nidaa-tounes-demission-de-mounir-jilani-coordinateur-de-gabes\/"},"wordCount":163,"commentCount":1,"publisher":{"@id":"https:\/\/kapitalis.com\/tunisie\/#organization"},"image":{"@id":"https:\/\/kapitalis.com\/tunisie\/2016\/02\/05\/nidaa-tounes-demission-de-mounir-jilani-coordinateur-de-gabes\/#primaryimage"},"thumbnailUrl":"http:\/\/kapitalis.com\/tunisie\/wp-content\/uploads\/2015\/06\/Siege-de-Nidaa-Tounes.jpg","keywords":["Gab\u00e8s"],"articleSection":["POLITIQUE","Tunisie"],"inLanguage":"fr-FR","potentialAction":[{"@type":"CommentAction","name":"Comment","target":["https:\/\/kapitalis.com\/tunisie\/2016\/02\/05\/nidaa-tounes-demission-de-mounir-jilani-coordinateur-de-gabes\/#respond"]}]},{"@type":"WebPage","@id":"https:\/\/kapitalis.com\/tunisie\/2016\/02\/05\/nidaa-tounes-demission-de-mounir-jilani-coordinateur-de-gabes\/","url":"https:\/\/kapitalis.com\/tunisie\/2016\/02\/05\/nidaa-tounes-demission-de-mounir-jilani-coordinateur-de-gabes\/","name":"Nidaa Tounes : D\u00e9mission de Mounir Jilani, coordinateur de Gab\u00e8s - Kapitalis","isPartOf":{"@id":"https:\/\/kapitalis.com\/tunisie\/#website"},"primaryImageOfPage":{"@id":"https:\/\/kapitalis.com\/tunisie\/2016\/02\/05\/nidaa-tounes-demission-de-mounir-jilani-coordinateur-de-gabes\/#primaryimage"},"image":{"@id":"https:\/\/kapitalis.com\/tunisie\/2016\/02\/05\/nidaa-tounes-demission-de-mounir-jilani-coordinateur-de-gabes\/#primaryimage"},"thumbnailUrl":"http:\/\/kapitalis.com\/tunisie\/wp-content\/uploads\/2015\/06\/Siege-de-Nidaa-Tounes.jpg","datePublished":"2016-02-05T15:39:57+00:00","dateModified":"2016-02-05T15:44:50+00:00","breadcrumb":{"@id":"https:\/\/kapitalis.com\/tunisie\/2016\/02\/05\/nidaa-tounes-demission-de-mounir-jilani-coordinateur-de-gabes\/#breadcrumb"},"inLanguage":"fr-FR","potentialAction":[{"@type":"ReadAction","target":["https:\/\/kapitalis.com\/tunisie\/2016\/02\/05\/nidaa-tounes-demission-de-mounir-jilani-coordinateur-de-gabes\/"]}]},{"@type":"ImageObject","inLanguage":"fr-FR","@id":"https:\/\/kapitalis.com\/tunisie\/2016\/02\/05\/nidaa-tounes-demission-de-mounir-jilani-coordinateur-de-gabes\/#primaryimage","url":"http:\/\/kapitalis.com\/tunisie\/wp-content\/uploads\/2015\/06\/Siege-de-Nidaa-Tounes.jpg","contentUrl":"http:\/\/kapitalis.com\/tunisie\/wp-content\/uploads\/2015\/06\/Siege-de-Nidaa-Tounes.jpg"},{"@type":"BreadcrumbList","@id":"https:\/\/kapitalis.com\/tunisie\/2016\/02\/05\/nidaa-tounes-demission-de-mounir-jilani-coordinateur-de-gabes\/#breadcrumb","itemListElement":[{"@type":"ListItem","position":1,"name":"Accueil","item":"https:\/\/kapitalis.com\/tunisie\/"},{"@type":"ListItem","position":2,"name":"Nidaa Tounes : D\u00e9mission de Mounir Jilani, coordinateur de Gab\u00e8s"}]},{"@type":"WebSite","@id":"https:\/\/kapitalis.com\/tunisie\/#website","url":"https:\/\/kapitalis.com\/tunisie\/","name":"Kapitalis","description":"L&#039;actualit\u00e9 en Tunisie et dans le monde","publisher":{"@id":"https:\/\/kapitalis.com\/tunisie\/#organization"},"potentialAction":[{"@type":"SearchAction","target":{"@type":"EntryPoint","urlTemplate":"https:\/\/kapitalis.com\/tunisie\/?s={search_term_string}"},"query-input":{"@type":"PropertyValueSpecification","valueRequired":true,"valueName":"search_term_string"}}],"inLanguage":"fr-FR"},{"@type":"Organization","@id":"https:\/\/kapitalis.com\/tunisie\/#organization","name":"Kapitalis","url":"https:\/\/kapitalis.com\/tunisie\/","logo":{"@type":"ImageObject","inLanguage":"fr-FR","@id":"https:\/\/kapitalis.com\/tunisie\/#\/schema\/logo\/image\/","url":"https:\/\/kapitalis.com\/tunisie\/wp-content\/uploads\/2022\/05\/Kapitalis-big-size.png","contentUrl":"https:\/\/kapitalis.com\/tunisie\/wp-content\/uploads\/2022\/05\/Kapitalis-big-size.png","width":5000,"height":1500,"caption":"Kapitalis"},"image":{"@id":"https:\/\/kapitalis.com\/tunisie\/#\/schema\/logo\/image\/"},"sameAs":["https:\/\/www.facebook.com\/KapitalisInfo\/","https:\/\/x.com\/KapitalisInfo","https:\/\/www.youtube.com\/channel\/UC-yDYrHyfFBWWZaOw3FPg9Q"]},{"@type":"Person","@id":"https:\/\/kapitalis.com\/tunisie\/#\/schema\/person\/d71f33a9ca44f7bad4698210b480c8e9","name":"webmaster kapitalis","url":"https:\/\/kapitalis.com\/tunisie\/author\/webmaster-kapitalis\/"}]}},"_links":{"self":[{"href":"https:\/\/kapitalis.com\/tunisie\/wp-json\/wp\/v2\/posts\/38311","targetHints":{"allow":["GET"]}}],"collection":[{"href":"https:\/\/kapitalis.com\/tunisie\/wp-json\/wp\/v2\/posts"}],"about":[{"href":"https:\/\/kapitalis.com\/tunisie\/wp-json\/wp\/v2\/types\/post"}],"author":[{"embeddable":true,"href":"https:\/\/kapitalis.com\/tunisie\/wp-json\/wp\/v2\/users\/8"}],"replies":[{"embeddable":true,"href":"https:\/\/kapitalis.com\/tunisie\/wp-json\/wp\/v2\/comments?post=38311"}],"version-history":[{"count":0,"href":"https:\/\/kapitalis.com\/tunisie\/wp-json\/wp\/v2\/posts\/38311\/revisions"}],"wp:attachment":[{"href":"https:\/\/kapitalis.com\/tunisie\/wp-json\/wp\/v2\/media?parent=38311"}],"wp:term":[{"taxonomy":"category","embeddable":true,"href":"https:\/\/kapitalis.com\/tunisie\/wp-json\/wp\/v2\/categories?post=38311"},{"taxonomy":"post_tag","embeddable":true,"href":"https:\/\/kapitalis.com\/tunisie\/wp-json\/wp\/v2\/tags?post=38311"}],"curies":[{"name":"wp","href":"https:\/\/api.w.org\/{rel}","templated":true}]}}