{"id":383172,"date":"2022-03-08T16:51:42","date_gmt":"2022-03-08T15:51:42","guid":{"rendered":"http:\/\/kapitalis.com\/tunisie\/?p=383172"},"modified":"2022-03-08T16:53:49","modified_gmt":"2022-03-08T15:53:49","slug":"tunisie-la-ministre-de-la-femme-amel-moussa-favorable-a-legalite-successorale","status":"publish","type":"post","link":"https:\/\/kapitalis.com\/tunisie\/2022\/03\/08\/tunisie-la-ministre-de-la-femme-amel-moussa-favorable-a-legalite-successorale\/","title":{"rendered":"Tunisie : La ministre de la Femme Amel Moussa favorable \u00e0 l&rsquo;\u00e9galit\u00e9 successorale"},"content":{"rendered":"\n<figure class=\"wp-block-image size-full\"><img decoding=\"async\" src=\"http:\/\/kapitalis.com\/tunisie\/wp-content\/uploads\/2022\/02\/Amel-Moussa.jpg\" alt=\"\" class=\"wp-image-381357\"\/><\/figure>\n\n\n\n<p><strong><em>La ministre de la Famille, de la Femme, de l&rsquo;Enfance et des Seniors, Amel Belhaj Moussa, est revenue, ce mardi 8 mars 2022, sur la question de l&rsquo;\u00e9galit\u00e9 entre les hommes et les femmes, notamment en mati\u00e8re de l&rsquo;h\u00e9ritage.<\/em><\/strong><\/p>\n\n\n\n<!--more-->\n\n\n\n<p>Invit\u00e9e sur Mosa\u00efque FM, la ministre a affirm\u00e9 tr\u00e8s clairement qu&rsquo;elle \u00e9tait favorable \u00e0 l&rsquo;\u00e9galit\u00e9 successorale entre les deux sexes, estimant que ce sujet doit \u00eatre discut\u00e9 culturellement, au sens intellectuel et soci\u00e9tal, et que la question est davantage d&rsquo;ordre \u00e9conomique que religieux.<\/p>\n\n\n\n<p>Toutefois, \u00e7a l&rsquo;a g\u00ean\u00e9e d&rsquo;\u00eatre rappel\u00e9e par l&rsquo;animateur de l&rsquo;\u00e9mission \u201c<em>Midi Show<\/em>\u201d, Elyes Gharbi, que son chef, le pr\u00e9sident de la r\u00e9publique, Ka\u00efs Sa\u00efed, n&rsquo;est pas du tout de son avis.<\/p>\n\n\n\n<p>Mme Moussa a, \u00e0 ce moment-l\u00e0, enchain\u00e9 les excuses du genre \u00ab<em>mais il n&rsquo;y a pas encore eu de vrai d\u00e9bat autour de ce sujet<\/em>\u00bb, avant de reconna\u00eetre implicitement cette divergence des points de vue face \u00e0 l&rsquo;insistance d&rsquo;Elyes Gharbi, en affirmant qu&rsquo;il y a de l&rsquo;harmonie et de la solidarit\u00e9 entre les membres du gouvernement, ainsi que le chef de l&rsquo;Etat, et que le fait de ne pas partager une opinion ne signifie, en aucun cas, qu&rsquo;ils n&rsquo;ont pas une vision globale commune pour l&rsquo;avenir de la Tunisie.<\/p>\n\n\n\n<p>\u00ab<em>Le pr\u00e9sident Kais Sa\u00efed est, d&rsquo;ailleurs, le premier chef d&rsquo;Etat arabe \u00e0 avoir nomm\u00e9 une cheffe de gouvernement femme. Nul ne peut donc nier l&rsquo;existence de l&rsquo;\u00e9galit\u00e9 des sexes en Tunisie\u00bb<\/em>, a-t-elle encore d\u00e9clar\u00e9. <\/p>\n\n\n\n<p>M\u00eame si force est de constater que les pr\u00e9rogatives accord\u00e9es \u00e0 cette cheffe de gouvernement, Najla Bouden, sont quasi n\u00e9gligeables !<\/p>\n\n\n\n<p>La ministre a, d&rsquo;un autre c\u00f4t\u00e9, affirm\u00e9 que la femme repr\u00e9sente 75% de la main d&rsquo;\u0153uvre agricole en Tunisie et qu&rsquo;elle est donc, selon elle, l&rsquo;avenir de l&rsquo;agriculture du pays, avouant que sa situation dans ce secteur est fragile, et assurant que le minist\u00e8re est en train de travailler sur ce dossier en vue de trouver des solutions.<\/p>\n\n\n\n<p>Mme Belhaj Moussa a, sur un autre plan, soulign\u00e9 que de nombreuses lois importantes ont un co\u00fbt important, comme le projet de cong\u00e9 de maternit\u00e9 et de paternit\u00e9.<\/p>\n\n\n\n<p>\u00ab<em>Si la question \u00e9tait limit\u00e9e au secteur public, cela aurait \u00e9t\u00e9 plus facile, mais il ne faut pas qu&rsquo;il y ait de discrimination entre la m\u00e8re du secteur public et celle qui travaille dans le priv\u00e9<\/em>\u00bb, a-t-elle d\u00e9taill\u00e9.<\/p>\n\n\n\n<p class=\"has-text-align-right\"><strong>C. B. Y.<\/strong><\/p>\n","protected":false},"excerpt":{"rendered":"<p>La ministre de la Famille, de la Femme, de l&rsquo;Enfance et des Seniors, Amel Belhaj Moussa, est revenue, ce mardi 8 mars 2022, sur la question de l&rsquo;\u00e9galit\u00e9 entre les hommes et les femmes, notamment en mati\u00e8re de l&rsquo;h\u00e9ritage.<\/p>\n","protected":false},"author":24,"featured_media":0,"comment_status":"open","ping_status":"open","sticky":false,"template":"","format":"standard","meta":{"footnotes":""},"categories":[997,2433],"tags":[23499,15229,5704,76012,93702],"class_list":["post-383172","post","type-post","status-publish","format-standard","hentry","category-politique","category-tunisie","tag-amel-moussa","tag-egalite-successorale","tag-elyes-gharbi","tag-kais-saied-2","tag-najla-bouden"],"yoast_head":"<!-- This site is optimized with the Yoast SEO plugin v26.6 - https:\/\/yoast.com\/wordpress\/plugins\/seo\/ -->\n<title>Tunisie : La ministre de la Femme Amel Moussa favorable \u00e0 l&#039;\u00e9galit\u00e9 successorale - Kapitalis<\/title>\n<meta name=\"robots\" content=\"index, follow, max-snippet:-1, max-image-preview:large, max-video-preview:-1\" \/>\n<link rel=\"canonical\" href=\"https:\/\/kapitalis.com\/tunisie\/2022\/03\/08\/tunisie-la-ministre-de-la-femme-amel-moussa-favorable-a-legalite-successorale\/\" \/>\n<meta property=\"og:locale\" content=\"fr_FR\" \/>\n<meta property=\"og:type\" content=\"article\" \/>\n<meta property=\"og:title\" content=\"Tunisie : La ministre de la Femme Amel Moussa favorable \u00e0 l&#039;\u00e9galit\u00e9 successorale - Kapitalis\" \/>\n<meta property=\"og:description\" content=\"La ministre de la Famille, de la Femme, de l&rsquo;Enfance et des Seniors, Amel Belhaj Moussa, est revenue, ce mardi 8 mars 2022, sur la question de l&rsquo;\u00e9galit\u00e9 entre les hommes et les femmes, notamment en mati\u00e8re de l&rsquo;h\u00e9ritage.\" \/>\n<meta property=\"og:url\" content=\"https:\/\/kapitalis.com\/tunisie\/2022\/03\/08\/tunisie-la-ministre-de-la-femme-amel-moussa-favorable-a-legalite-successorale\/\" \/>\n<meta property=\"og:site_name\" content=\"Kapitalis\" \/>\n<meta property=\"article:publisher\" content=\"https:\/\/www.facebook.com\/KapitalisInfo\/\" \/>\n<meta property=\"article:published_time\" content=\"2022-03-08T15:51:42+00:00\" \/>\n<meta property=\"article:modified_time\" content=\"2022-03-08T15:53:49+00:00\" \/>\n<meta property=\"og:image\" content=\"http:\/\/kapitalis.com\/tunisie\/wp-content\/uploads\/2022\/02\/Amel-Moussa.jpg\" \/>\n<meta name=\"author\" content=\"Cherif Benyounes\" \/>\n<meta name=\"twitter:card\" content=\"summary_large_image\" \/>\n<meta name=\"twitter:creator\" content=\"@KapitalisInfo\" \/>\n<meta name=\"twitter:site\" content=\"@KapitalisInfo\" \/>\n<meta name=\"twitter:label1\" content=\"\u00c9crit par\" \/>\n\t<meta name=\"twitter:data1\" content=\"Cherif Benyounes\" \/>\n\t<meta name=\"twitter:label2\" content=\"Dur\u00e9e de lecture estim\u00e9e\" \/>\n\t<meta name=\"twitter:data2\" content=\"2 minutes\" \/>\n<script type=\"application\/ld+json\" class=\"yoast-schema-graph\">{\"@context\":\"https:\/\/schema.org\",\"@graph\":[{\"@type\":\"Article\",\"@id\":\"https:\/\/kapitalis.com\/tunisie\/2022\/03\/08\/tunisie-la-ministre-de-la-femme-amel-moussa-favorable-a-legalite-successorale\/#article\",\"isPartOf\":{\"@id\":\"https:\/\/kapitalis.com\/tunisie\/2022\/03\/08\/tunisie-la-ministre-de-la-femme-amel-moussa-favorable-a-legalite-successorale\/\"},\"author\":{\"name\":\"Cherif Benyounes\",\"@id\":\"https:\/\/kapitalis.com\/tunisie\/#\/schema\/person\/b35b8d631961131107263178aeb8019e\"},\"headline\":\"Tunisie : La ministre de la Femme Amel Moussa favorable \u00e0 l&rsquo;\u00e9galit\u00e9 successorale\",\"datePublished\":\"2022-03-08T15:51:42+00:00\",\"dateModified\":\"2022-03-08T15:53:49+00:00\",\"mainEntityOfPage\":{\"@id\":\"https:\/\/kapitalis.com\/tunisie\/2022\/03\/08\/tunisie-la-ministre-de-la-femme-amel-moussa-favorable-a-legalite-successorale\/\"},\"wordCount\":422,\"commentCount\":1,\"publisher\":{\"@id\":\"https:\/\/kapitalis.com\/tunisie\/#organization\"},\"image\":{\"@id\":\"https:\/\/kapitalis.com\/tunisie\/2022\/03\/08\/tunisie-la-ministre-de-la-femme-amel-moussa-favorable-a-legalite-successorale\/#primaryimage\"},\"thumbnailUrl\":\"http:\/\/kapitalis.com\/tunisie\/wp-content\/uploads\/2022\/02\/Amel-Moussa.jpg\",\"keywords\":[\"Amel Moussa\",\"\u00e9galit\u00e9 successorale\",\"Elyes Gharbi\",\"Ka\u00efs Sa\u00efed\",\"Najla Bouden\"],\"articleSection\":[\"POLITIQUE\",\"Tunisie\"],\"inLanguage\":\"fr-FR\",\"potentialAction\":[{\"@type\":\"CommentAction\",\"name\":\"Comment\",\"target\":[\"https:\/\/kapitalis.com\/tunisie\/2022\/03\/08\/tunisie-la-ministre-de-la-femme-amel-moussa-favorable-a-legalite-successorale\/#respond\"]}]},{\"@type\":\"WebPage\",\"@id\":\"https:\/\/kapitalis.com\/tunisie\/2022\/03\/08\/tunisie-la-ministre-de-la-femme-amel-moussa-favorable-a-legalite-successorale\/\",\"url\":\"https:\/\/kapitalis.com\/tunisie\/2022\/03\/08\/tunisie-la-ministre-de-la-femme-amel-moussa-favorable-a-legalite-successorale\/\",\"name\":\"Tunisie : La ministre de la Femme Amel Moussa favorable \u00e0 l'\u00e9galit\u00e9 successorale - Kapitalis\",\"isPartOf\":{\"@id\":\"https:\/\/kapitalis.com\/tunisie\/#website\"},\"primaryImageOfPage\":{\"@id\":\"https:\/\/kapitalis.com\/tunisie\/2022\/03\/08\/tunisie-la-ministre-de-la-femme-amel-moussa-favorable-a-legalite-successorale\/#primaryimage\"},\"image\":{\"@id\":\"https:\/\/kapitalis.com\/tunisie\/2022\/03\/08\/tunisie-la-ministre-de-la-femme-amel-moussa-favorable-a-legalite-successorale\/#primaryimage\"},\"thumbnailUrl\":\"http:\/\/kapitalis.com\/tunisie\/wp-content\/uploads\/2022\/02\/Amel-Moussa.jpg\",\"datePublished\":\"2022-03-08T15:51:42+00:00\",\"dateModified\":\"2022-03-08T15:53:49+00:00\",\"breadcrumb\":{\"@id\":\"https:\/\/kapitalis.com\/tunisie\/2022\/03\/08\/tunisie-la-ministre-de-la-femme-amel-moussa-favorable-a-legalite-successorale\/#breadcrumb\"},\"inLanguage\":\"fr-FR\",\"potentialAction\":[{\"@type\":\"ReadAction\",\"target\":[\"https:\/\/kapitalis.com\/tunisie\/2022\/03\/08\/tunisie-la-ministre-de-la-femme-amel-moussa-favorable-a-legalite-successorale\/\"]}]},{\"@type\":\"ImageObject\",\"inLanguage\":\"fr-FR\",\"@id\":\"https:\/\/kapitalis.com\/tunisie\/2022\/03\/08\/tunisie-la-ministre-de-la-femme-amel-moussa-favorable-a-legalite-successorale\/#primaryimage\",\"url\":\"\",\"contentUrl\":\"\"},{\"@type\":\"BreadcrumbList\",\"@id\":\"https:\/\/kapitalis.com\/tunisie\/2022\/03\/08\/tunisie-la-ministre-de-la-femme-amel-moussa-favorable-a-legalite-successorale\/#breadcrumb\",\"itemListElement\":[{\"@type\":\"ListItem\",\"position\":1,\"name\":\"Accueil\",\"item\":\"https:\/\/kapitalis.com\/tunisie\/\"},{\"@type\":\"ListItem\",\"position\":2,\"name\":\"Tunisie : La ministre de la Femme Amel Moussa favorable \u00e0 l&rsquo;\u00e9galit\u00e9 successorale\"}]},{\"@type\":\"WebSite\",\"@id\":\"https:\/\/kapitalis.com\/tunisie\/#website\",\"url\":\"https:\/\/kapitalis.com\/tunisie\/\",\"name\":\"Kapitalis\",\"description\":\"L&#039;actualit\u00e9 en Tunisie et dans le monde\",\"publisher\":{\"@id\":\"https:\/\/kapitalis.com\/tunisie\/#organization\"},\"potentialAction\":[{\"@type\":\"SearchAction\",\"target\":{\"@type\":\"EntryPoint\",\"urlTemplate\":\"https:\/\/kapitalis.com\/tunisie\/?s={search_term_string}\"},\"query-input\":{\"@type\":\"PropertyValueSpecification\",\"valueRequired\":true,\"valueName\":\"search_term_string\"}}],\"inLanguage\":\"fr-FR\"},{\"@type\":\"Organization\",\"@id\":\"https:\/\/kapitalis.com\/tunisie\/#organization\",\"name\":\"Kapitalis\",\"url\":\"https:\/\/kapitalis.com\/tunisie\/\",\"logo\":{\"@type\":\"ImageObject\",\"inLanguage\":\"fr-FR\",\"@id\":\"https:\/\/kapitalis.com\/tunisie\/#\/schema\/logo\/image\/\",\"url\":\"https:\/\/kapitalis.com\/tunisie\/wp-content\/uploads\/2022\/05\/Kapitalis-big-size.png\",\"contentUrl\":\"https:\/\/kapitalis.com\/tunisie\/wp-content\/uploads\/2022\/05\/Kapitalis-big-size.png\",\"width\":5000,\"height\":1500,\"caption\":\"Kapitalis\"},\"image\":{\"@id\":\"https:\/\/kapitalis.com\/tunisie\/#\/schema\/logo\/image\/\"},\"sameAs\":[\"https:\/\/www.facebook.com\/KapitalisInfo\/\",\"https:\/\/x.com\/KapitalisInfo\",\"https:\/\/www.youtube.com\/channel\/UC-yDYrHyfFBWWZaOw3FPg9Q\"]},{\"@type\":\"Person\",\"@id\":\"https:\/\/kapitalis.com\/tunisie\/#\/schema\/person\/b35b8d631961131107263178aeb8019e\",\"name\":\"Cherif Benyounes\",\"url\":\"https:\/\/kapitalis.com\/tunisie\/author\/cherif\/\"}]}<\/script>\n<!-- \/ Yoast SEO plugin. -->","yoast_head_json":{"title":"Tunisie : La ministre de la Femme Amel Moussa favorable \u00e0 l'\u00e9galit\u00e9 successorale - Kapitalis","robots":{"index":"index","follow":"follow","max-snippet":"max-snippet:-1","max-image-preview":"max-image-preview:large","max-video-preview":"max-video-preview:-1"},"canonical":"https:\/\/kapitalis.com\/tunisie\/2022\/03\/08\/tunisie-la-ministre-de-la-femme-amel-moussa-favorable-a-legalite-successorale\/","og_locale":"fr_FR","og_type":"article","og_title":"Tunisie : La ministre de la Femme Amel Moussa favorable \u00e0 l'\u00e9galit\u00e9 successorale - Kapitalis","og_description":"La ministre de la Famille, de la Femme, de l&rsquo;Enfance et des Seniors, Amel Belhaj Moussa, est revenue, ce mardi 8 mars 2022, sur la question de l&rsquo;\u00e9galit\u00e9 entre les hommes et les femmes, notamment en mati\u00e8re de l&rsquo;h\u00e9ritage.","og_url":"https:\/\/kapitalis.com\/tunisie\/2022\/03\/08\/tunisie-la-ministre-de-la-femme-amel-moussa-favorable-a-legalite-successorale\/","og_site_name":"Kapitalis","article_publisher":"https:\/\/www.facebook.com\/KapitalisInfo\/","article_published_time":"2022-03-08T15:51:42+00:00","article_modified_time":"2022-03-08T15:53:49+00:00","og_image":[{"url":"http:\/\/kapitalis.com\/tunisie\/wp-content\/uploads\/2022\/02\/Amel-Moussa.jpg","type":"","width":"","height":""}],"author":"Cherif Benyounes","twitter_card":"summary_large_image","twitter_creator":"@KapitalisInfo","twitter_site":"@KapitalisInfo","twitter_misc":{"\u00c9crit par":"Cherif Benyounes","Dur\u00e9e de lecture estim\u00e9e":"2 minutes"},"schema":{"@context":"https:\/\/schema.org","@graph":[{"@type":"Article","@id":"https:\/\/kapitalis.com\/tunisie\/2022\/03\/08\/tunisie-la-ministre-de-la-femme-amel-moussa-favorable-a-legalite-successorale\/#article","isPartOf":{"@id":"https:\/\/kapitalis.com\/tunisie\/2022\/03\/08\/tunisie-la-ministre-de-la-femme-amel-moussa-favorable-a-legalite-successorale\/"},"author":{"name":"Cherif Benyounes","@id":"https:\/\/kapitalis.com\/tunisie\/#\/schema\/person\/b35b8d631961131107263178aeb8019e"},"headline":"Tunisie : La ministre de la Femme Amel Moussa favorable \u00e0 l&rsquo;\u00e9galit\u00e9 successorale","datePublished":"2022-03-08T15:51:42+00:00","dateModified":"2022-03-08T15:53:49+00:00","mainEntityOfPage":{"@id":"https:\/\/kapitalis.com\/tunisie\/2022\/03\/08\/tunisie-la-ministre-de-la-femme-amel-moussa-favorable-a-legalite-successorale\/"},"wordCount":422,"commentCount":1,"publisher":{"@id":"https:\/\/kapitalis.com\/tunisie\/#organization"},"image":{"@id":"https:\/\/kapitalis.com\/tunisie\/2022\/03\/08\/tunisie-la-ministre-de-la-femme-amel-moussa-favorable-a-legalite-successorale\/#primaryimage"},"thumbnailUrl":"http:\/\/kapitalis.com\/tunisie\/wp-content\/uploads\/2022\/02\/Amel-Moussa.jpg","keywords":["Amel Moussa","\u00e9galit\u00e9 successorale","Elyes Gharbi","Ka\u00efs Sa\u00efed","Najla Bouden"],"articleSection":["POLITIQUE","Tunisie"],"inLanguage":"fr-FR","potentialAction":[{"@type":"CommentAction","name":"Comment","target":["https:\/\/kapitalis.com\/tunisie\/2022\/03\/08\/tunisie-la-ministre-de-la-femme-amel-moussa-favorable-a-legalite-successorale\/#respond"]}]},{"@type":"WebPage","@id":"https:\/\/kapitalis.com\/tunisie\/2022\/03\/08\/tunisie-la-ministre-de-la-femme-amel-moussa-favorable-a-legalite-successorale\/","url":"https:\/\/kapitalis.com\/tunisie\/2022\/03\/08\/tunisie-la-ministre-de-la-femme-amel-moussa-favorable-a-legalite-successorale\/","name":"Tunisie : La ministre de la Femme Amel Moussa favorable \u00e0 l'\u00e9galit\u00e9 successorale - Kapitalis","isPartOf":{"@id":"https:\/\/kapitalis.com\/tunisie\/#website"},"primaryImageOfPage":{"@id":"https:\/\/kapitalis.com\/tunisie\/2022\/03\/08\/tunisie-la-ministre-de-la-femme-amel-moussa-favorable-a-legalite-successorale\/#primaryimage"},"image":{"@id":"https:\/\/kapitalis.com\/tunisie\/2022\/03\/08\/tunisie-la-ministre-de-la-femme-amel-moussa-favorable-a-legalite-successorale\/#primaryimage"},"thumbnailUrl":"http:\/\/kapitalis.com\/tunisie\/wp-content\/uploads\/2022\/02\/Amel-Moussa.jpg","datePublished":"2022-03-08T15:51:42+00:00","dateModified":"2022-03-08T15:53:49+00:00","breadcrumb":{"@id":"https:\/\/kapitalis.com\/tunisie\/2022\/03\/08\/tunisie-la-ministre-de-la-femme-amel-moussa-favorable-a-legalite-successorale\/#breadcrumb"},"inLanguage":"fr-FR","potentialAction":[{"@type":"ReadAction","target":["https:\/\/kapitalis.com\/tunisie\/2022\/03\/08\/tunisie-la-ministre-de-la-femme-amel-moussa-favorable-a-legalite-successorale\/"]}]},{"@type":"ImageObject","inLanguage":"fr-FR","@id":"https:\/\/kapitalis.com\/tunisie\/2022\/03\/08\/tunisie-la-ministre-de-la-femme-amel-moussa-favorable-a-legalite-successorale\/#primaryimage","url":"","contentUrl":""},{"@type":"BreadcrumbList","@id":"https:\/\/kapitalis.com\/tunisie\/2022\/03\/08\/tunisie-la-ministre-de-la-femme-amel-moussa-favorable-a-legalite-successorale\/#breadcrumb","itemListElement":[{"@type":"ListItem","position":1,"name":"Accueil","item":"https:\/\/kapitalis.com\/tunisie\/"},{"@type":"ListItem","position":2,"name":"Tunisie : La ministre de la Femme Amel Moussa favorable \u00e0 l&rsquo;\u00e9galit\u00e9 successorale"}]},{"@type":"WebSite","@id":"https:\/\/kapitalis.com\/tunisie\/#website","url":"https:\/\/kapitalis.com\/tunisie\/","name":"Kapitalis","description":"L&#039;actualit\u00e9 en Tunisie et dans le monde","publisher":{"@id":"https:\/\/kapitalis.com\/tunisie\/#organization"},"potentialAction":[{"@type":"SearchAction","target":{"@type":"EntryPoint","urlTemplate":"https:\/\/kapitalis.com\/tunisie\/?s={search_term_string}"},"query-input":{"@type":"PropertyValueSpecification","valueRequired":true,"valueName":"search_term_string"}}],"inLanguage":"fr-FR"},{"@type":"Organization","@id":"https:\/\/kapitalis.com\/tunisie\/#organization","name":"Kapitalis","url":"https:\/\/kapitalis.com\/tunisie\/","logo":{"@type":"ImageObject","inLanguage":"fr-FR","@id":"https:\/\/kapitalis.com\/tunisie\/#\/schema\/logo\/image\/","url":"https:\/\/kapitalis.com\/tunisie\/wp-content\/uploads\/2022\/05\/Kapitalis-big-size.png","contentUrl":"https:\/\/kapitalis.com\/tunisie\/wp-content\/uploads\/2022\/05\/Kapitalis-big-size.png","width":5000,"height":1500,"caption":"Kapitalis"},"image":{"@id":"https:\/\/kapitalis.com\/tunisie\/#\/schema\/logo\/image\/"},"sameAs":["https:\/\/www.facebook.com\/KapitalisInfo\/","https:\/\/x.com\/KapitalisInfo","https:\/\/www.youtube.com\/channel\/UC-yDYrHyfFBWWZaOw3FPg9Q"]},{"@type":"Person","@id":"https:\/\/kapitalis.com\/tunisie\/#\/schema\/person\/b35b8d631961131107263178aeb8019e","name":"Cherif Benyounes","url":"https:\/\/kapitalis.com\/tunisie\/author\/cherif\/"}]}},"_links":{"self":[{"href":"https:\/\/kapitalis.com\/tunisie\/wp-json\/wp\/v2\/posts\/383172","targetHints":{"allow":["GET"]}}],"collection":[{"href":"https:\/\/kapitalis.com\/tunisie\/wp-json\/wp\/v2\/posts"}],"about":[{"href":"https:\/\/kapitalis.com\/tunisie\/wp-json\/wp\/v2\/types\/post"}],"author":[{"embeddable":true,"href":"https:\/\/kapitalis.com\/tunisie\/wp-json\/wp\/v2\/users\/24"}],"replies":[{"embeddable":true,"href":"https:\/\/kapitalis.com\/tunisie\/wp-json\/wp\/v2\/comments?post=383172"}],"version-history":[{"count":0,"href":"https:\/\/kapitalis.com\/tunisie\/wp-json\/wp\/v2\/posts\/383172\/revisions"}],"wp:attachment":[{"href":"https:\/\/kapitalis.com\/tunisie\/wp-json\/wp\/v2\/media?parent=383172"}],"wp:term":[{"taxonomy":"category","embeddable":true,"href":"https:\/\/kapitalis.com\/tunisie\/wp-json\/wp\/v2\/categories?post=383172"},{"taxonomy":"post_tag","embeddable":true,"href":"https:\/\/kapitalis.com\/tunisie\/wp-json\/wp\/v2\/tags?post=383172"}],"curies":[{"name":"wp","href":"https:\/\/api.w.org\/{rel}","templated":true}]}}