{"id":383243,"date":"2022-03-09T10:19:48","date_gmt":"2022-03-09T09:19:48","guid":{"rendered":"http:\/\/kapitalis.com\/tunisie\/?p=383243"},"modified":"2022-03-09T10:25:11","modified_gmt":"2022-03-09T09:25:11","slug":"sidi-bou-said-balades-culinaires-du-11-au-13-mars","status":"publish","type":"post","link":"https:\/\/kapitalis.com\/tunisie\/2022\/03\/09\/sidi-bou-said-balades-culinaires-du-11-au-13-mars\/","title":{"rendered":"Sidi Bou Sa\u00efd : Balades culinaires du 11 au 13 mars"},"content":{"rendered":"\n<div class=\"wp-block-image\"><figure class=\"aligncenter size-full\"><img decoding=\"async\" src=\"http:\/\/kapitalis.com\/tunisie\/wp-content\/uploads\/2022\/03\/Untitled-5.jpg\" alt=\"\" class=\"wp-image-383250\"\/><\/figure><\/div>\n\n\n\n<p><em><strong>Sidi Bou Sa\u00efd accueille la 2<sup>e<\/sup> \u00e9dition de l\u2019\u00e9v\u00e9nement \u00ab\u00a0Balades culinaires\u00a0\u00bb du 11 au 13 mars. Une d\u00e9marche pour promouvoir le patrimoine culinaire tunisien et pour l\u2019autonomisation \u00e9conomique des femmes.<\/strong><\/em><\/p>\n\n\n\n<!--more-->\n\n\n\n<p>Organis\u00e9 par la municipalit\u00e9 de Sidi Bou Sa\u00efd en partenariat avec l\u2019Officie national du Tourisme tunisien (ONTT), l\u2019\u00e9v\u00e9nement \u00ab&nbsp;Balades culinaire&nbsp;\u00bb revient pour une deuxi\u00e8me \u00e9dition qui se tiendra durant trois jours (les 11, 12 et 13 mars) et mettra \u00e0 l\u2019honneur le savoir faire des femmes des r\u00e9gions dans le cadre de la c\u00e9l\u00e9bration de la Journ\u00e9e mondiale de lutte pour les droits des femmes (8 mars).<\/p>\n\n\n\n<p>L\u2019\u00e9v\u00e9nement comptera ainsi la participation d\u2019un groupe de femmes qui repr\u00e9senteront plusieurs r\u00e9gions du pays comme Zaghouane, B\u00e9ja, Jendouba ou encore Gab\u00e8s.<\/p>\n\n\n\n<p>Le programme de cette 2<sup>e<\/sup> \u00e9dition comprendra des expositions, des d\u00e9gustations, ainsi que des ateliers de mise en valeur des produits du terroir. De son c\u00f4t\u00e9, la galerie H\u00e9di Turki accueillera une exposition de portraits de femmes, toujours dans le cadre de la c\u00e9l\u00e9bration de la Journ\u00e9e mondiale des droits des femmes.<\/p>\n\n\n\n<p>L\u2019\u00e9v\u00e9nement qui a essentiellement pour but de contribuer \u00e0 l\u2019autonomisation \u00e9conomique des femmes, tient aussi \u00e0 promouvoir l\u2019artisanat et le patrimoine culinaire tunisien.<\/p>\n\n\n\n<p class=\"has-text-align-right\"><strong>F.B<\/strong><\/p>\n","protected":false},"excerpt":{"rendered":"<p>Sidi Bou Sa\u00efd accueille la 2e \u00e9dition de l\u2019\u00e9v\u00e9nement \u00ab\u00a0Balades culinaires\u00a0\u00bb du 11 au 13 mars. Une d\u00e9marche pour promouvoir le patrimoine culinaire tunisien et pour l\u2019autonomisation \u00e9conomique des femmes.<\/p>\n","protected":false},"author":26,"featured_media":383250,"comment_status":"open","ping_status":"open","sticky":false,"template":"","format":"standard","meta":{"footnotes":""},"categories":[993,994,2433],"tags":[91315,75500,827,62643],"class_list":["post-383243","post","type-post","status-publish","format-standard","has-post-thumbnail","hentry","category-conso","category-culture","category-tunisie","tag-balades-culinaires","tag-municipalite-de-sidi-bou-said","tag-sidi-bou-said","tag-tunisie"],"yoast_head":"<!-- This site is optimized with the Yoast SEO plugin v26.6 - https:\/\/yoast.com\/wordpress\/plugins\/seo\/ -->\n<title>Sidi Bou Sa\u00efd : Balades culinaires du 11 au 13 mars - Kapitalis<\/title>\n<meta name=\"robots\" content=\"index, follow, max-snippet:-1, max-image-preview:large, max-video-preview:-1\" \/>\n<link rel=\"canonical\" href=\"https:\/\/kapitalis.com\/tunisie\/2022\/03\/09\/sidi-bou-said-balades-culinaires-du-11-au-13-mars\/\" \/>\n<meta property=\"og:locale\" content=\"fr_FR\" \/>\n<meta property=\"og:type\" content=\"article\" \/>\n<meta property=\"og:title\" content=\"Sidi Bou Sa\u00efd : Balades culinaires du 11 au 13 mars - Kapitalis\" \/>\n<meta property=\"og:description\" content=\"Sidi Bou Sa\u00efd accueille la 2e \u00e9dition de l\u2019\u00e9v\u00e9nement \u00ab\u00a0Balades culinaires\u00a0\u00bb du 11 au 13 mars. Une d\u00e9marche pour promouvoir le patrimoine culinaire tunisien et pour l\u2019autonomisation \u00e9conomique des femmes.\" \/>\n<meta property=\"og:url\" content=\"https:\/\/kapitalis.com\/tunisie\/2022\/03\/09\/sidi-bou-said-balades-culinaires-du-11-au-13-mars\/\" \/>\n<meta property=\"og:site_name\" content=\"Kapitalis\" \/>\n<meta property=\"article:publisher\" content=\"https:\/\/www.facebook.com\/KapitalisInfo\/\" \/>\n<meta property=\"article:published_time\" content=\"2022-03-09T09:19:48+00:00\" \/>\n<meta property=\"article:modified_time\" content=\"2022-03-09T09:25:11+00:00\" \/>\n<meta property=\"og:image\" content=\"https:\/\/kapitalis.com\/tunisie\/wp-content\/uploads\/2022\/05\/kapitalis-logo-fb.png\" \/>\n\t<meta property=\"og:image:width\" content=\"1200\" \/>\n\t<meta property=\"og:image:height\" content=\"630\" \/>\n\t<meta property=\"og:image:type\" content=\"image\/png\" \/>\n<meta name=\"author\" content=\"Fawz BenAli\" \/>\n<meta name=\"twitter:card\" content=\"summary_large_image\" \/>\n<meta name=\"twitter:creator\" content=\"@KapitalisInfo\" \/>\n<meta name=\"twitter:site\" content=\"@KapitalisInfo\" \/>\n<meta name=\"twitter:label1\" content=\"\u00c9crit par\" \/>\n\t<meta name=\"twitter:data1\" content=\"Fawz BenAli\" \/>\n\t<meta name=\"twitter:label2\" content=\"Dur\u00e9e de lecture estim\u00e9e\" \/>\n\t<meta name=\"twitter:data2\" content=\"1 minute\" \/>\n<script type=\"application\/ld+json\" class=\"yoast-schema-graph\">{\"@context\":\"https:\/\/schema.org\",\"@graph\":[{\"@type\":\"Article\",\"@id\":\"https:\/\/kapitalis.com\/tunisie\/2022\/03\/09\/sidi-bou-said-balades-culinaires-du-11-au-13-mars\/#article\",\"isPartOf\":{\"@id\":\"https:\/\/kapitalis.com\/tunisie\/2022\/03\/09\/sidi-bou-said-balades-culinaires-du-11-au-13-mars\/\"},\"author\":{\"name\":\"Fawz BenAli\",\"@id\":\"https:\/\/kapitalis.com\/tunisie\/#\/schema\/person\/73a5ecc1f6ae540c6ed91342eadca948\"},\"headline\":\"Sidi Bou Sa\u00efd : Balades culinaires du 11 au 13 mars\",\"datePublished\":\"2022-03-09T09:19:48+00:00\",\"dateModified\":\"2022-03-09T09:25:11+00:00\",\"mainEntityOfPage\":{\"@id\":\"https:\/\/kapitalis.com\/tunisie\/2022\/03\/09\/sidi-bou-said-balades-culinaires-du-11-au-13-mars\/\"},\"wordCount\":230,\"commentCount\":0,\"publisher\":{\"@id\":\"https:\/\/kapitalis.com\/tunisie\/#organization\"},\"image\":{\"@id\":\"https:\/\/kapitalis.com\/tunisie\/2022\/03\/09\/sidi-bou-said-balades-culinaires-du-11-au-13-mars\/#primaryimage\"},\"thumbnailUrl\":\"\",\"keywords\":[\"Balades culinaires\",\"Municipalit\u00e9 de Sidi Bou Said\",\"Sidi Bou Sa\u00efd\",\"Tunisie\"],\"articleSection\":[\"CONSO\",\"CULTURE\",\"Tunisie\"],\"inLanguage\":\"fr-FR\",\"potentialAction\":[{\"@type\":\"CommentAction\",\"name\":\"Comment\",\"target\":[\"https:\/\/kapitalis.com\/tunisie\/2022\/03\/09\/sidi-bou-said-balades-culinaires-du-11-au-13-mars\/#respond\"]}]},{\"@type\":\"WebPage\",\"@id\":\"https:\/\/kapitalis.com\/tunisie\/2022\/03\/09\/sidi-bou-said-balades-culinaires-du-11-au-13-mars\/\",\"url\":\"https:\/\/kapitalis.com\/tunisie\/2022\/03\/09\/sidi-bou-said-balades-culinaires-du-11-au-13-mars\/\",\"name\":\"Sidi Bou Sa\u00efd : Balades culinaires du 11 au 13 mars - Kapitalis\",\"isPartOf\":{\"@id\":\"https:\/\/kapitalis.com\/tunisie\/#website\"},\"primaryImageOfPage\":{\"@id\":\"https:\/\/kapitalis.com\/tunisie\/2022\/03\/09\/sidi-bou-said-balades-culinaires-du-11-au-13-mars\/#primaryimage\"},\"image\":{\"@id\":\"https:\/\/kapitalis.com\/tunisie\/2022\/03\/09\/sidi-bou-said-balades-culinaires-du-11-au-13-mars\/#primaryimage\"},\"thumbnailUrl\":\"\",\"datePublished\":\"2022-03-09T09:19:48+00:00\",\"dateModified\":\"2022-03-09T09:25:11+00:00\",\"breadcrumb\":{\"@id\":\"https:\/\/kapitalis.com\/tunisie\/2022\/03\/09\/sidi-bou-said-balades-culinaires-du-11-au-13-mars\/#breadcrumb\"},\"inLanguage\":\"fr-FR\",\"potentialAction\":[{\"@type\":\"ReadAction\",\"target\":[\"https:\/\/kapitalis.com\/tunisie\/2022\/03\/09\/sidi-bou-said-balades-culinaires-du-11-au-13-mars\/\"]}]},{\"@type\":\"ImageObject\",\"inLanguage\":\"fr-FR\",\"@id\":\"https:\/\/kapitalis.com\/tunisie\/2022\/03\/09\/sidi-bou-said-balades-culinaires-du-11-au-13-mars\/#primaryimage\",\"url\":\"\",\"contentUrl\":\"\"},{\"@type\":\"BreadcrumbList\",\"@id\":\"https:\/\/kapitalis.com\/tunisie\/2022\/03\/09\/sidi-bou-said-balades-culinaires-du-11-au-13-mars\/#breadcrumb\",\"itemListElement\":[{\"@type\":\"ListItem\",\"position\":1,\"name\":\"Accueil\",\"item\":\"https:\/\/kapitalis.com\/tunisie\/\"},{\"@type\":\"ListItem\",\"position\":2,\"name\":\"Sidi Bou Sa\u00efd : Balades culinaires du 11 au 13 mars\"}]},{\"@type\":\"WebSite\",\"@id\":\"https:\/\/kapitalis.com\/tunisie\/#website\",\"url\":\"https:\/\/kapitalis.com\/tunisie\/\",\"name\":\"Kapitalis\",\"description\":\"L&#039;actualit\u00e9 en Tunisie et dans le monde\",\"publisher\":{\"@id\":\"https:\/\/kapitalis.com\/tunisie\/#organization\"},\"potentialAction\":[{\"@type\":\"SearchAction\",\"target\":{\"@type\":\"EntryPoint\",\"urlTemplate\":\"https:\/\/kapitalis.com\/tunisie\/?s={search_term_string}\"},\"query-input\":{\"@type\":\"PropertyValueSpecification\",\"valueRequired\":true,\"valueName\":\"search_term_string\"}}],\"inLanguage\":\"fr-FR\"},{\"@type\":\"Organization\",\"@id\":\"https:\/\/kapitalis.com\/tunisie\/#organization\",\"name\":\"Kapitalis\",\"url\":\"https:\/\/kapitalis.com\/tunisie\/\",\"logo\":{\"@type\":\"ImageObject\",\"inLanguage\":\"fr-FR\",\"@id\":\"https:\/\/kapitalis.com\/tunisie\/#\/schema\/logo\/image\/\",\"url\":\"https:\/\/kapitalis.com\/tunisie\/wp-content\/uploads\/2022\/05\/Kapitalis-big-size.png\",\"contentUrl\":\"https:\/\/kapitalis.com\/tunisie\/wp-content\/uploads\/2022\/05\/Kapitalis-big-size.png\",\"width\":5000,\"height\":1500,\"caption\":\"Kapitalis\"},\"image\":{\"@id\":\"https:\/\/kapitalis.com\/tunisie\/#\/schema\/logo\/image\/\"},\"sameAs\":[\"https:\/\/www.facebook.com\/KapitalisInfo\/\",\"https:\/\/x.com\/KapitalisInfo\",\"https:\/\/www.youtube.com\/channel\/UC-yDYrHyfFBWWZaOw3FPg9Q\"]},{\"@type\":\"Person\",\"@id\":\"https:\/\/kapitalis.com\/tunisie\/#\/schema\/person\/73a5ecc1f6ae540c6ed91342eadca948\",\"name\":\"Fawz BenAli\",\"url\":\"https:\/\/kapitalis.com\/tunisie\/author\/fawz\/\"}]}<\/script>\n<!-- \/ Yoast SEO plugin. -->","yoast_head_json":{"title":"Sidi Bou Sa\u00efd : Balades culinaires du 11 au 13 mars - Kapitalis","robots":{"index":"index","follow":"follow","max-snippet":"max-snippet:-1","max-image-preview":"max-image-preview:large","max-video-preview":"max-video-preview:-1"},"canonical":"https:\/\/kapitalis.com\/tunisie\/2022\/03\/09\/sidi-bou-said-balades-culinaires-du-11-au-13-mars\/","og_locale":"fr_FR","og_type":"article","og_title":"Sidi Bou Sa\u00efd : Balades culinaires du 11 au 13 mars - Kapitalis","og_description":"Sidi Bou Sa\u00efd accueille la 2e \u00e9dition de l\u2019\u00e9v\u00e9nement \u00ab\u00a0Balades culinaires\u00a0\u00bb du 11 au 13 mars. Une d\u00e9marche pour promouvoir le patrimoine culinaire tunisien et pour l\u2019autonomisation \u00e9conomique des femmes.","og_url":"https:\/\/kapitalis.com\/tunisie\/2022\/03\/09\/sidi-bou-said-balades-culinaires-du-11-au-13-mars\/","og_site_name":"Kapitalis","article_publisher":"https:\/\/www.facebook.com\/KapitalisInfo\/","article_published_time":"2022-03-09T09:19:48+00:00","article_modified_time":"2022-03-09T09:25:11+00:00","og_image":[{"width":1200,"height":630,"url":"https:\/\/kapitalis.com\/tunisie\/wp-content\/uploads\/2022\/05\/kapitalis-logo-fb.png","type":"image\/png"}],"author":"Fawz BenAli","twitter_card":"summary_large_image","twitter_creator":"@KapitalisInfo","twitter_site":"@KapitalisInfo","twitter_misc":{"\u00c9crit par":"Fawz BenAli","Dur\u00e9e de lecture estim\u00e9e":"1 minute"},"schema":{"@context":"https:\/\/schema.org","@graph":[{"@type":"Article","@id":"https:\/\/kapitalis.com\/tunisie\/2022\/03\/09\/sidi-bou-said-balades-culinaires-du-11-au-13-mars\/#article","isPartOf":{"@id":"https:\/\/kapitalis.com\/tunisie\/2022\/03\/09\/sidi-bou-said-balades-culinaires-du-11-au-13-mars\/"},"author":{"name":"Fawz BenAli","@id":"https:\/\/kapitalis.com\/tunisie\/#\/schema\/person\/73a5ecc1f6ae540c6ed91342eadca948"},"headline":"Sidi Bou Sa\u00efd : Balades culinaires du 11 au 13 mars","datePublished":"2022-03-09T09:19:48+00:00","dateModified":"2022-03-09T09:25:11+00:00","mainEntityOfPage":{"@id":"https:\/\/kapitalis.com\/tunisie\/2022\/03\/09\/sidi-bou-said-balades-culinaires-du-11-au-13-mars\/"},"wordCount":230,"commentCount":0,"publisher":{"@id":"https:\/\/kapitalis.com\/tunisie\/#organization"},"image":{"@id":"https:\/\/kapitalis.com\/tunisie\/2022\/03\/09\/sidi-bou-said-balades-culinaires-du-11-au-13-mars\/#primaryimage"},"thumbnailUrl":"","keywords":["Balades culinaires","Municipalit\u00e9 de Sidi Bou Said","Sidi Bou Sa\u00efd","Tunisie"],"articleSection":["CONSO","CULTURE","Tunisie"],"inLanguage":"fr-FR","potentialAction":[{"@type":"CommentAction","name":"Comment","target":["https:\/\/kapitalis.com\/tunisie\/2022\/03\/09\/sidi-bou-said-balades-culinaires-du-11-au-13-mars\/#respond"]}]},{"@type":"WebPage","@id":"https:\/\/kapitalis.com\/tunisie\/2022\/03\/09\/sidi-bou-said-balades-culinaires-du-11-au-13-mars\/","url":"https:\/\/kapitalis.com\/tunisie\/2022\/03\/09\/sidi-bou-said-balades-culinaires-du-11-au-13-mars\/","name":"Sidi Bou Sa\u00efd : Balades culinaires du 11 au 13 mars - Kapitalis","isPartOf":{"@id":"https:\/\/kapitalis.com\/tunisie\/#website"},"primaryImageOfPage":{"@id":"https:\/\/kapitalis.com\/tunisie\/2022\/03\/09\/sidi-bou-said-balades-culinaires-du-11-au-13-mars\/#primaryimage"},"image":{"@id":"https:\/\/kapitalis.com\/tunisie\/2022\/03\/09\/sidi-bou-said-balades-culinaires-du-11-au-13-mars\/#primaryimage"},"thumbnailUrl":"","datePublished":"2022-03-09T09:19:48+00:00","dateModified":"2022-03-09T09:25:11+00:00","breadcrumb":{"@id":"https:\/\/kapitalis.com\/tunisie\/2022\/03\/09\/sidi-bou-said-balades-culinaires-du-11-au-13-mars\/#breadcrumb"},"inLanguage":"fr-FR","potentialAction":[{"@type":"ReadAction","target":["https:\/\/kapitalis.com\/tunisie\/2022\/03\/09\/sidi-bou-said-balades-culinaires-du-11-au-13-mars\/"]}]},{"@type":"ImageObject","inLanguage":"fr-FR","@id":"https:\/\/kapitalis.com\/tunisie\/2022\/03\/09\/sidi-bou-said-balades-culinaires-du-11-au-13-mars\/#primaryimage","url":"","contentUrl":""},{"@type":"BreadcrumbList","@id":"https:\/\/kapitalis.com\/tunisie\/2022\/03\/09\/sidi-bou-said-balades-culinaires-du-11-au-13-mars\/#breadcrumb","itemListElement":[{"@type":"ListItem","position":1,"name":"Accueil","item":"https:\/\/kapitalis.com\/tunisie\/"},{"@type":"ListItem","position":2,"name":"Sidi Bou Sa\u00efd : Balades culinaires du 11 au 13 mars"}]},{"@type":"WebSite","@id":"https:\/\/kapitalis.com\/tunisie\/#website","url":"https:\/\/kapitalis.com\/tunisie\/","name":"Kapitalis","description":"L&#039;actualit\u00e9 en Tunisie et dans le monde","publisher":{"@id":"https:\/\/kapitalis.com\/tunisie\/#organization"},"potentialAction":[{"@type":"SearchAction","target":{"@type":"EntryPoint","urlTemplate":"https:\/\/kapitalis.com\/tunisie\/?s={search_term_string}"},"query-input":{"@type":"PropertyValueSpecification","valueRequired":true,"valueName":"search_term_string"}}],"inLanguage":"fr-FR"},{"@type":"Organization","@id":"https:\/\/kapitalis.com\/tunisie\/#organization","name":"Kapitalis","url":"https:\/\/kapitalis.com\/tunisie\/","logo":{"@type":"ImageObject","inLanguage":"fr-FR","@id":"https:\/\/kapitalis.com\/tunisie\/#\/schema\/logo\/image\/","url":"https:\/\/kapitalis.com\/tunisie\/wp-content\/uploads\/2022\/05\/Kapitalis-big-size.png","contentUrl":"https:\/\/kapitalis.com\/tunisie\/wp-content\/uploads\/2022\/05\/Kapitalis-big-size.png","width":5000,"height":1500,"caption":"Kapitalis"},"image":{"@id":"https:\/\/kapitalis.com\/tunisie\/#\/schema\/logo\/image\/"},"sameAs":["https:\/\/www.facebook.com\/KapitalisInfo\/","https:\/\/x.com\/KapitalisInfo","https:\/\/www.youtube.com\/channel\/UC-yDYrHyfFBWWZaOw3FPg9Q"]},{"@type":"Person","@id":"https:\/\/kapitalis.com\/tunisie\/#\/schema\/person\/73a5ecc1f6ae540c6ed91342eadca948","name":"Fawz BenAli","url":"https:\/\/kapitalis.com\/tunisie\/author\/fawz\/"}]}},"_links":{"self":[{"href":"https:\/\/kapitalis.com\/tunisie\/wp-json\/wp\/v2\/posts\/383243","targetHints":{"allow":["GET"]}}],"collection":[{"href":"https:\/\/kapitalis.com\/tunisie\/wp-json\/wp\/v2\/posts"}],"about":[{"href":"https:\/\/kapitalis.com\/tunisie\/wp-json\/wp\/v2\/types\/post"}],"author":[{"embeddable":true,"href":"https:\/\/kapitalis.com\/tunisie\/wp-json\/wp\/v2\/users\/26"}],"replies":[{"embeddable":true,"href":"https:\/\/kapitalis.com\/tunisie\/wp-json\/wp\/v2\/comments?post=383243"}],"version-history":[{"count":0,"href":"https:\/\/kapitalis.com\/tunisie\/wp-json\/wp\/v2\/posts\/383243\/revisions"}],"wp:featuredmedia":[{"embeddable":true,"href":"https:\/\/kapitalis.com\/tunisie\/wp-json\/wp\/v2\/media\/383250"}],"wp:attachment":[{"href":"https:\/\/kapitalis.com\/tunisie\/wp-json\/wp\/v2\/media?parent=383243"}],"wp:term":[{"taxonomy":"category","embeddable":true,"href":"https:\/\/kapitalis.com\/tunisie\/wp-json\/wp\/v2\/categories?post=383243"},{"taxonomy":"post_tag","embeddable":true,"href":"https:\/\/kapitalis.com\/tunisie\/wp-json\/wp\/v2\/tags?post=383243"}],"curies":[{"name":"wp","href":"https:\/\/api.w.org\/{rel}","templated":true}]}}