{"id":383420,"date":"2022-03-10T12:15:54","date_gmt":"2022-03-10T11:15:54","guid":{"rendered":"http:\/\/kapitalis.com\/tunisie\/?p=383420"},"modified":"2022-03-10T12:20:53","modified_gmt":"2022-03-10T11:20:53","slug":"focus-japon-ii-a-la-cite-de-la-culture-de-tunis","status":"publish","type":"post","link":"https:\/\/kapitalis.com\/tunisie\/2022\/03\/10\/focus-japon-ii-a-la-cite-de-la-culture-de-tunis\/","title":{"rendered":"Focus Japon II \u00e0 la Cit\u00e9 de la Culture de Tunis"},"content":{"rendered":"\n<div class=\"wp-block-image\"><figure class=\"aligncenter size-full\"><img decoding=\"async\" src=\"http:\/\/kapitalis.com\/tunisie\/wp-content\/uploads\/2018\/03\/Cite-de-la-Culture-Ban.jpg\" alt=\"\" class=\"wp-image-144621\"\/><\/figure><\/div>\n\n\n\n<p><strong><em>L&rsquo;ambassade du Japon et le Th\u00e9\u00e2tre de l&rsquo;Op\u00e9ra c\u00e9l\u00e8brent la culture japonaise \u00e0 travers la manifestation \u00abFocus Japon II\u00bb, qui se tiendra les 12 et 13 mars 2022 \u00e0 la Cit\u00e9 de la Culture \u00abChedli Klibi\u00bb, \u00e0 Tunis.<\/em><\/strong><\/p>\n\n\n\n<!--more-->\n\n\n\n<p>Cet \u00e9v\u00e8nement qui fait suite \u00e0 <em>\u00abFocus Japon\u00bb<\/em> tenu en novembre dernier, est une invitation renouvel\u00e9e au public tunisien \u00e0 d\u00e9couvrir la culture japonaise sous ses multiples facettes tant au niveau de son patrimoine culturel mat\u00e9riel et immat\u00e9riel qu&rsquo;au niveau de ses expressions artistiques contemporaines.<\/p>\n\n\n\n<p><em>\u00abFocus Japon II\u00bb<\/em> proposera au public un cours d\u2019initiation \u00e0 la langue japonaise, une conf\u00e9rence-d\u00e9bat autour de la litt\u00e9rature japonaise \u00e0 travers les \u0153uvres de Haruki Murakami suivie d\u2019une projection du film <em>\u00abDrive my car\u00bb<\/em>, adaptation d\u2019un roman de Murakami ayant remport\u00e9 le Golden Globes et le C\u00e9sar 2022 du meilleur film \u00e9tranger, une d\u00e9monstration et atelier de calligraphie japonaise et tunisienne et un cin\u00e9-concert animeorchestra.<\/p>\n\n\n\n<p>Le public aura aussi l\u2019occasion \u00e0 s\u2019inviter \u00e0 l\u2019art martial karat\u00e9 et \u00e0 la mode d\u2019inspiration japonaise.<\/p>\n\n\n\n<p><em>\u00abFocus Japon II\u00bb<\/em> se veut aussi comme un avant-go\u00fbt du prochain sommet Ticad 8 (Tokyo International Conference on African Development) que le gouvernement japonais organise depuis 1993, et qui aura lieu \u00e0 Tunis les 27 et 28 ao\u00fbt 2022.<\/p>\n\n\n\n<p>L\u2019ambassade communique les liens ci-apr\u00e8s au public afin de r\u00e9server des si\u00e8ges \u00e0 l\u2019avance&nbsp;:<\/p>\n\n\n\n<p><a href=\"https:\/\/my.weezevent.com\/cours-dinitiation-a-la-langue-japonaise\" target=\"_blank\" rel=\"noreferrer noopener\">Cours d\u2019initiation \u00e0 la langue japonaise<\/a><\/p>\n\n\n\n<p><a href=\"https:\/\/my.weezevent.com\/conference-sur-la-litterature-japonaise-a-travers-les-uvres-de-murakami\" target=\"_blank\" rel=\"noreferrer noopener\">Conf\u00e9rence litt\u00e9raire<\/a><\/p>\n\n\n\n<p><a href=\"https:\/\/my.weezevent.com\/projection-de-films-suivie-dune-discussion\" target=\"_blank\" rel=\"noreferrer noopener\">Projection de films<\/a><\/p>\n\n\n\n<p><a href=\"https:\/\/my.weezevent.com\/demonstration-du-karate\" target=\"_blank\" rel=\"noreferrer noopener\">D\u00e9monstration de Karat\u00e9<\/a><\/p>\n\n\n\n<p><a href=\"https:\/\/my.weezevent.com\/ateliers-de-calligraphie\" target=\"_blank\" rel=\"noreferrer noopener\">Ateliers de calligraphie<\/a><\/p>\n\n\n\n<p><a href=\"https:\/\/my.weezevent.com\/defile-de-mode-fashion-day\" target=\"_blank\" rel=\"noreferrer noopener\">D\u00e9fil\u00e9 de mode \u00ab\u00a0Fashion day\u00a0\u00bb<\/a><\/p>\n","protected":false},"excerpt":{"rendered":"<p>L&rsquo;ambassade du Japon et le Th\u00e9\u00e2tre de l&rsquo;Op\u00e9ra c\u00e9l\u00e8brent la culture japonaise \u00e0 travers la manifestation \u00abFocus Japon II\u00bb, qui se tiendra les 12 et 13 mars 2022 \u00e0 la Cit\u00e9 de la Culture \u00abChedli Klibi\u00bb, \u00e0 Tunis.<\/p>\n","protected":false},"author":8,"featured_media":0,"comment_status":"open","ping_status":"open","sticky":false,"template":"","format":"standard","meta":{"footnotes":""},"categories":[994,2433],"tags":[43554,98008,97934],"class_list":["post-383420","post","type-post","status-publish","format-standard","hentry","category-culture","category-tunisie","tag-cite-de-la-culture-de-tunis","tag-focus-japon-ii","tag-haruki-murakami"],"yoast_head":"<!-- This site is optimized with the Yoast SEO plugin v26.6 - https:\/\/yoast.com\/wordpress\/plugins\/seo\/ -->\n<title>Focus Japon II \u00e0 la Cit\u00e9 de la Culture de Tunis - Kapitalis<\/title>\n<meta name=\"robots\" content=\"index, follow, max-snippet:-1, max-image-preview:large, max-video-preview:-1\" \/>\n<link rel=\"canonical\" href=\"https:\/\/kapitalis.com\/tunisie\/2022\/03\/10\/focus-japon-ii-a-la-cite-de-la-culture-de-tunis\/\" \/>\n<meta property=\"og:locale\" content=\"fr_FR\" \/>\n<meta property=\"og:type\" content=\"article\" \/>\n<meta property=\"og:title\" content=\"Focus Japon II \u00e0 la Cit\u00e9 de la Culture de Tunis - Kapitalis\" \/>\n<meta property=\"og:description\" content=\"L&rsquo;ambassade du Japon et le Th\u00e9\u00e2tre de l&rsquo;Op\u00e9ra c\u00e9l\u00e8brent la culture japonaise \u00e0 travers la manifestation \u00abFocus Japon II\u00bb, qui se tiendra les 12 et 13 mars 2022 \u00e0 la Cit\u00e9 de la Culture \u00abChedli Klibi\u00bb, \u00e0 Tunis.\" \/>\n<meta property=\"og:url\" content=\"https:\/\/kapitalis.com\/tunisie\/2022\/03\/10\/focus-japon-ii-a-la-cite-de-la-culture-de-tunis\/\" \/>\n<meta property=\"og:site_name\" content=\"Kapitalis\" \/>\n<meta property=\"article:publisher\" content=\"https:\/\/www.facebook.com\/KapitalisInfo\/\" \/>\n<meta property=\"article:published_time\" content=\"2022-03-10T11:15:54+00:00\" \/>\n<meta property=\"article:modified_time\" content=\"2022-03-10T11:20:53+00:00\" \/>\n<meta property=\"og:image\" content=\"http:\/\/kapitalis.com\/tunisie\/wp-content\/uploads\/2018\/03\/Cite-de-la-Culture-Ban.jpg\" \/>\n<meta name=\"author\" content=\"webmaster kapitalis\" \/>\n<meta name=\"twitter:card\" content=\"summary_large_image\" \/>\n<meta name=\"twitter:creator\" content=\"@KapitalisInfo\" \/>\n<meta name=\"twitter:site\" content=\"@KapitalisInfo\" \/>\n<meta name=\"twitter:label1\" content=\"\u00c9crit par\" \/>\n\t<meta name=\"twitter:data1\" content=\"webmaster kapitalis\" \/>\n\t<meta name=\"twitter:label2\" content=\"Dur\u00e9e de lecture estim\u00e9e\" \/>\n\t<meta name=\"twitter:data2\" content=\"1 minute\" \/>\n<script type=\"application\/ld+json\" class=\"yoast-schema-graph\">{\"@context\":\"https:\/\/schema.org\",\"@graph\":[{\"@type\":\"Article\",\"@id\":\"https:\/\/kapitalis.com\/tunisie\/2022\/03\/10\/focus-japon-ii-a-la-cite-de-la-culture-de-tunis\/#article\",\"isPartOf\":{\"@id\":\"https:\/\/kapitalis.com\/tunisie\/2022\/03\/10\/focus-japon-ii-a-la-cite-de-la-culture-de-tunis\/\"},\"author\":{\"name\":\"webmaster kapitalis\",\"@id\":\"https:\/\/kapitalis.com\/tunisie\/#\/schema\/person\/d71f33a9ca44f7bad4698210b480c8e9\"},\"headline\":\"Focus Japon II \u00e0 la Cit\u00e9 de la Culture de Tunis\",\"datePublished\":\"2022-03-10T11:15:54+00:00\",\"dateModified\":\"2022-03-10T11:20:53+00:00\",\"mainEntityOfPage\":{\"@id\":\"https:\/\/kapitalis.com\/tunisie\/2022\/03\/10\/focus-japon-ii-a-la-cite-de-la-culture-de-tunis\/\"},\"wordCount\":264,\"commentCount\":0,\"publisher\":{\"@id\":\"https:\/\/kapitalis.com\/tunisie\/#organization\"},\"image\":{\"@id\":\"https:\/\/kapitalis.com\/tunisie\/2022\/03\/10\/focus-japon-ii-a-la-cite-de-la-culture-de-tunis\/#primaryimage\"},\"thumbnailUrl\":\"http:\/\/kapitalis.com\/tunisie\/wp-content\/uploads\/2018\/03\/Cite-de-la-Culture-Ban.jpg\",\"keywords\":[\"Cit\u00e9 de la Culture de Tunis\",\"Focus Japon II\",\"Haruki Murakami\"],\"articleSection\":[\"CULTURE\",\"Tunisie\"],\"inLanguage\":\"fr-FR\",\"potentialAction\":[{\"@type\":\"CommentAction\",\"name\":\"Comment\",\"target\":[\"https:\/\/kapitalis.com\/tunisie\/2022\/03\/10\/focus-japon-ii-a-la-cite-de-la-culture-de-tunis\/#respond\"]}]},{\"@type\":\"WebPage\",\"@id\":\"https:\/\/kapitalis.com\/tunisie\/2022\/03\/10\/focus-japon-ii-a-la-cite-de-la-culture-de-tunis\/\",\"url\":\"https:\/\/kapitalis.com\/tunisie\/2022\/03\/10\/focus-japon-ii-a-la-cite-de-la-culture-de-tunis\/\",\"name\":\"Focus Japon II \u00e0 la Cit\u00e9 de la Culture de Tunis - Kapitalis\",\"isPartOf\":{\"@id\":\"https:\/\/kapitalis.com\/tunisie\/#website\"},\"primaryImageOfPage\":{\"@id\":\"https:\/\/kapitalis.com\/tunisie\/2022\/03\/10\/focus-japon-ii-a-la-cite-de-la-culture-de-tunis\/#primaryimage\"},\"image\":{\"@id\":\"https:\/\/kapitalis.com\/tunisie\/2022\/03\/10\/focus-japon-ii-a-la-cite-de-la-culture-de-tunis\/#primaryimage\"},\"thumbnailUrl\":\"http:\/\/kapitalis.com\/tunisie\/wp-content\/uploads\/2018\/03\/Cite-de-la-Culture-Ban.jpg\",\"datePublished\":\"2022-03-10T11:15:54+00:00\",\"dateModified\":\"2022-03-10T11:20:53+00:00\",\"breadcrumb\":{\"@id\":\"https:\/\/kapitalis.com\/tunisie\/2022\/03\/10\/focus-japon-ii-a-la-cite-de-la-culture-de-tunis\/#breadcrumb\"},\"inLanguage\":\"fr-FR\",\"potentialAction\":[{\"@type\":\"ReadAction\",\"target\":[\"https:\/\/kapitalis.com\/tunisie\/2022\/03\/10\/focus-japon-ii-a-la-cite-de-la-culture-de-tunis\/\"]}]},{\"@type\":\"ImageObject\",\"inLanguage\":\"fr-FR\",\"@id\":\"https:\/\/kapitalis.com\/tunisie\/2022\/03\/10\/focus-japon-ii-a-la-cite-de-la-culture-de-tunis\/#primaryimage\",\"url\":\"http:\/\/kapitalis.com\/tunisie\/wp-content\/uploads\/2018\/03\/Cite-de-la-Culture-Ban.jpg\",\"contentUrl\":\"http:\/\/kapitalis.com\/tunisie\/wp-content\/uploads\/2018\/03\/Cite-de-la-Culture-Ban.jpg\"},{\"@type\":\"BreadcrumbList\",\"@id\":\"https:\/\/kapitalis.com\/tunisie\/2022\/03\/10\/focus-japon-ii-a-la-cite-de-la-culture-de-tunis\/#breadcrumb\",\"itemListElement\":[{\"@type\":\"ListItem\",\"position\":1,\"name\":\"Accueil\",\"item\":\"https:\/\/kapitalis.com\/tunisie\/\"},{\"@type\":\"ListItem\",\"position\":2,\"name\":\"Focus Japon II \u00e0 la Cit\u00e9 de la Culture de Tunis\"}]},{\"@type\":\"WebSite\",\"@id\":\"https:\/\/kapitalis.com\/tunisie\/#website\",\"url\":\"https:\/\/kapitalis.com\/tunisie\/\",\"name\":\"Kapitalis\",\"description\":\"L&#039;actualit\u00e9 en Tunisie et dans le monde\",\"publisher\":{\"@id\":\"https:\/\/kapitalis.com\/tunisie\/#organization\"},\"potentialAction\":[{\"@type\":\"SearchAction\",\"target\":{\"@type\":\"EntryPoint\",\"urlTemplate\":\"https:\/\/kapitalis.com\/tunisie\/?s={search_term_string}\"},\"query-input\":{\"@type\":\"PropertyValueSpecification\",\"valueRequired\":true,\"valueName\":\"search_term_string\"}}],\"inLanguage\":\"fr-FR\"},{\"@type\":\"Organization\",\"@id\":\"https:\/\/kapitalis.com\/tunisie\/#organization\",\"name\":\"Kapitalis\",\"url\":\"https:\/\/kapitalis.com\/tunisie\/\",\"logo\":{\"@type\":\"ImageObject\",\"inLanguage\":\"fr-FR\",\"@id\":\"https:\/\/kapitalis.com\/tunisie\/#\/schema\/logo\/image\/\",\"url\":\"https:\/\/kapitalis.com\/tunisie\/wp-content\/uploads\/2022\/05\/Kapitalis-big-size.png\",\"contentUrl\":\"https:\/\/kapitalis.com\/tunisie\/wp-content\/uploads\/2022\/05\/Kapitalis-big-size.png\",\"width\":5000,\"height\":1500,\"caption\":\"Kapitalis\"},\"image\":{\"@id\":\"https:\/\/kapitalis.com\/tunisie\/#\/schema\/logo\/image\/\"},\"sameAs\":[\"https:\/\/www.facebook.com\/KapitalisInfo\/\",\"https:\/\/x.com\/KapitalisInfo\",\"https:\/\/www.youtube.com\/channel\/UC-yDYrHyfFBWWZaOw3FPg9Q\"]},{\"@type\":\"Person\",\"@id\":\"https:\/\/kapitalis.com\/tunisie\/#\/schema\/person\/d71f33a9ca44f7bad4698210b480c8e9\",\"name\":\"webmaster kapitalis\",\"url\":\"https:\/\/kapitalis.com\/tunisie\/author\/webmaster-kapitalis\/\"}]}<\/script>\n<!-- \/ Yoast SEO plugin. -->","yoast_head_json":{"title":"Focus Japon II \u00e0 la Cit\u00e9 de la Culture de Tunis - Kapitalis","robots":{"index":"index","follow":"follow","max-snippet":"max-snippet:-1","max-image-preview":"max-image-preview:large","max-video-preview":"max-video-preview:-1"},"canonical":"https:\/\/kapitalis.com\/tunisie\/2022\/03\/10\/focus-japon-ii-a-la-cite-de-la-culture-de-tunis\/","og_locale":"fr_FR","og_type":"article","og_title":"Focus Japon II \u00e0 la Cit\u00e9 de la Culture de Tunis - Kapitalis","og_description":"L&rsquo;ambassade du Japon et le Th\u00e9\u00e2tre de l&rsquo;Op\u00e9ra c\u00e9l\u00e8brent la culture japonaise \u00e0 travers la manifestation \u00abFocus Japon II\u00bb, qui se tiendra les 12 et 13 mars 2022 \u00e0 la Cit\u00e9 de la Culture \u00abChedli Klibi\u00bb, \u00e0 Tunis.","og_url":"https:\/\/kapitalis.com\/tunisie\/2022\/03\/10\/focus-japon-ii-a-la-cite-de-la-culture-de-tunis\/","og_site_name":"Kapitalis","article_publisher":"https:\/\/www.facebook.com\/KapitalisInfo\/","article_published_time":"2022-03-10T11:15:54+00:00","article_modified_time":"2022-03-10T11:20:53+00:00","og_image":[{"url":"http:\/\/kapitalis.com\/tunisie\/wp-content\/uploads\/2018\/03\/Cite-de-la-Culture-Ban.jpg","type":"","width":"","height":""}],"author":"webmaster kapitalis","twitter_card":"summary_large_image","twitter_creator":"@KapitalisInfo","twitter_site":"@KapitalisInfo","twitter_misc":{"\u00c9crit par":"webmaster kapitalis","Dur\u00e9e de lecture estim\u00e9e":"1 minute"},"schema":{"@context":"https:\/\/schema.org","@graph":[{"@type":"Article","@id":"https:\/\/kapitalis.com\/tunisie\/2022\/03\/10\/focus-japon-ii-a-la-cite-de-la-culture-de-tunis\/#article","isPartOf":{"@id":"https:\/\/kapitalis.com\/tunisie\/2022\/03\/10\/focus-japon-ii-a-la-cite-de-la-culture-de-tunis\/"},"author":{"name":"webmaster kapitalis","@id":"https:\/\/kapitalis.com\/tunisie\/#\/schema\/person\/d71f33a9ca44f7bad4698210b480c8e9"},"headline":"Focus Japon II \u00e0 la Cit\u00e9 de la Culture de Tunis","datePublished":"2022-03-10T11:15:54+00:00","dateModified":"2022-03-10T11:20:53+00:00","mainEntityOfPage":{"@id":"https:\/\/kapitalis.com\/tunisie\/2022\/03\/10\/focus-japon-ii-a-la-cite-de-la-culture-de-tunis\/"},"wordCount":264,"commentCount":0,"publisher":{"@id":"https:\/\/kapitalis.com\/tunisie\/#organization"},"image":{"@id":"https:\/\/kapitalis.com\/tunisie\/2022\/03\/10\/focus-japon-ii-a-la-cite-de-la-culture-de-tunis\/#primaryimage"},"thumbnailUrl":"http:\/\/kapitalis.com\/tunisie\/wp-content\/uploads\/2018\/03\/Cite-de-la-Culture-Ban.jpg","keywords":["Cit\u00e9 de la Culture de Tunis","Focus Japon II","Haruki Murakami"],"articleSection":["CULTURE","Tunisie"],"inLanguage":"fr-FR","potentialAction":[{"@type":"CommentAction","name":"Comment","target":["https:\/\/kapitalis.com\/tunisie\/2022\/03\/10\/focus-japon-ii-a-la-cite-de-la-culture-de-tunis\/#respond"]}]},{"@type":"WebPage","@id":"https:\/\/kapitalis.com\/tunisie\/2022\/03\/10\/focus-japon-ii-a-la-cite-de-la-culture-de-tunis\/","url":"https:\/\/kapitalis.com\/tunisie\/2022\/03\/10\/focus-japon-ii-a-la-cite-de-la-culture-de-tunis\/","name":"Focus Japon II \u00e0 la Cit\u00e9 de la Culture de Tunis - Kapitalis","isPartOf":{"@id":"https:\/\/kapitalis.com\/tunisie\/#website"},"primaryImageOfPage":{"@id":"https:\/\/kapitalis.com\/tunisie\/2022\/03\/10\/focus-japon-ii-a-la-cite-de-la-culture-de-tunis\/#primaryimage"},"image":{"@id":"https:\/\/kapitalis.com\/tunisie\/2022\/03\/10\/focus-japon-ii-a-la-cite-de-la-culture-de-tunis\/#primaryimage"},"thumbnailUrl":"http:\/\/kapitalis.com\/tunisie\/wp-content\/uploads\/2018\/03\/Cite-de-la-Culture-Ban.jpg","datePublished":"2022-03-10T11:15:54+00:00","dateModified":"2022-03-10T11:20:53+00:00","breadcrumb":{"@id":"https:\/\/kapitalis.com\/tunisie\/2022\/03\/10\/focus-japon-ii-a-la-cite-de-la-culture-de-tunis\/#breadcrumb"},"inLanguage":"fr-FR","potentialAction":[{"@type":"ReadAction","target":["https:\/\/kapitalis.com\/tunisie\/2022\/03\/10\/focus-japon-ii-a-la-cite-de-la-culture-de-tunis\/"]}]},{"@type":"ImageObject","inLanguage":"fr-FR","@id":"https:\/\/kapitalis.com\/tunisie\/2022\/03\/10\/focus-japon-ii-a-la-cite-de-la-culture-de-tunis\/#primaryimage","url":"http:\/\/kapitalis.com\/tunisie\/wp-content\/uploads\/2018\/03\/Cite-de-la-Culture-Ban.jpg","contentUrl":"http:\/\/kapitalis.com\/tunisie\/wp-content\/uploads\/2018\/03\/Cite-de-la-Culture-Ban.jpg"},{"@type":"BreadcrumbList","@id":"https:\/\/kapitalis.com\/tunisie\/2022\/03\/10\/focus-japon-ii-a-la-cite-de-la-culture-de-tunis\/#breadcrumb","itemListElement":[{"@type":"ListItem","position":1,"name":"Accueil","item":"https:\/\/kapitalis.com\/tunisie\/"},{"@type":"ListItem","position":2,"name":"Focus Japon II \u00e0 la Cit\u00e9 de la Culture de Tunis"}]},{"@type":"WebSite","@id":"https:\/\/kapitalis.com\/tunisie\/#website","url":"https:\/\/kapitalis.com\/tunisie\/","name":"Kapitalis","description":"L&#039;actualit\u00e9 en Tunisie et dans le monde","publisher":{"@id":"https:\/\/kapitalis.com\/tunisie\/#organization"},"potentialAction":[{"@type":"SearchAction","target":{"@type":"EntryPoint","urlTemplate":"https:\/\/kapitalis.com\/tunisie\/?s={search_term_string}"},"query-input":{"@type":"PropertyValueSpecification","valueRequired":true,"valueName":"search_term_string"}}],"inLanguage":"fr-FR"},{"@type":"Organization","@id":"https:\/\/kapitalis.com\/tunisie\/#organization","name":"Kapitalis","url":"https:\/\/kapitalis.com\/tunisie\/","logo":{"@type":"ImageObject","inLanguage":"fr-FR","@id":"https:\/\/kapitalis.com\/tunisie\/#\/schema\/logo\/image\/","url":"https:\/\/kapitalis.com\/tunisie\/wp-content\/uploads\/2022\/05\/Kapitalis-big-size.png","contentUrl":"https:\/\/kapitalis.com\/tunisie\/wp-content\/uploads\/2022\/05\/Kapitalis-big-size.png","width":5000,"height":1500,"caption":"Kapitalis"},"image":{"@id":"https:\/\/kapitalis.com\/tunisie\/#\/schema\/logo\/image\/"},"sameAs":["https:\/\/www.facebook.com\/KapitalisInfo\/","https:\/\/x.com\/KapitalisInfo","https:\/\/www.youtube.com\/channel\/UC-yDYrHyfFBWWZaOw3FPg9Q"]},{"@type":"Person","@id":"https:\/\/kapitalis.com\/tunisie\/#\/schema\/person\/d71f33a9ca44f7bad4698210b480c8e9","name":"webmaster kapitalis","url":"https:\/\/kapitalis.com\/tunisie\/author\/webmaster-kapitalis\/"}]}},"_links":{"self":[{"href":"https:\/\/kapitalis.com\/tunisie\/wp-json\/wp\/v2\/posts\/383420","targetHints":{"allow":["GET"]}}],"collection":[{"href":"https:\/\/kapitalis.com\/tunisie\/wp-json\/wp\/v2\/posts"}],"about":[{"href":"https:\/\/kapitalis.com\/tunisie\/wp-json\/wp\/v2\/types\/post"}],"author":[{"embeddable":true,"href":"https:\/\/kapitalis.com\/tunisie\/wp-json\/wp\/v2\/users\/8"}],"replies":[{"embeddable":true,"href":"https:\/\/kapitalis.com\/tunisie\/wp-json\/wp\/v2\/comments?post=383420"}],"version-history":[{"count":0,"href":"https:\/\/kapitalis.com\/tunisie\/wp-json\/wp\/v2\/posts\/383420\/revisions"}],"wp:attachment":[{"href":"https:\/\/kapitalis.com\/tunisie\/wp-json\/wp\/v2\/media?parent=383420"}],"wp:term":[{"taxonomy":"category","embeddable":true,"href":"https:\/\/kapitalis.com\/tunisie\/wp-json\/wp\/v2\/categories?post=383420"},{"taxonomy":"post_tag","embeddable":true,"href":"https:\/\/kapitalis.com\/tunisie\/wp-json\/wp\/v2\/tags?post=383420"}],"curies":[{"name":"wp","href":"https:\/\/api.w.org\/{rel}","templated":true}]}}