{"id":3836376,"date":"2022-09-08T10:35:34","date_gmt":"2022-09-08T09:35:34","guid":{"rendered":"https:\/\/kapitalis.com\/tunisie\/?p=3836376"},"modified":"2022-09-08T10:35:35","modified_gmt":"2022-09-08T09:35:35","slug":"tunisie-quel-credit-auraient-des-legislatives-sans-le-pdl","status":"publish","type":"post","link":"https:\/\/kapitalis.com\/tunisie\/2022\/09\/08\/tunisie-quel-credit-auraient-des-legislatives-sans-le-pdl\/","title":{"rendered":"Tunisie\u00a0: quel cr\u00e9dit auraient des l\u00e9gislatives sans le PDL\u00a0?"},"content":{"rendered":"\n<p><strong><em>Tous les grands partis en termes de scores \u00e9lectoraux s\u2019orientent vers le boycottage des \u00e9lections l\u00e9gislatives anticip\u00e9es du 17 d\u00e9cembre prochain dont les r\u00e8gles sont en train d\u2019\u00eatre d\u00e9finies unilat\u00e9ralement et dans le secret le plus total par le pr\u00e9sident de la r\u00e9publique Ka\u00efs Sa\u00efed. C\u2019est le cas notamment du Parti destourien libre (PDL), qui est donn\u00e9 largement vainqueur de ces \u00e9lections par tous les sondages d\u2019opinion. Mais quel cr\u00e9dit auraient les r\u00e9sultats de cette consultation \u00e9lectorale si les partis\u00a0qui comptent en seront exclus ?<\/em><\/strong><\/p>\n\n\n\n<p>Par <strong>Imed Bahri<\/strong><\/p>\n\n\n\n<!--more-->\n\n\n\n<p><em>&nbsp;\u00abSi les informations sur une \u00e9ventuelle modification de la loi \u00e9lectorale, c\u2019est-\u00e0-dire \u00e0 dix jours seulement de la convocation des \u00e9lecteurs pour les prochaines \u00e9lections l\u00e9gislatives du 17 d\u00e9cembre, sont vraies, le Parti libre destourien ne participera pas \u00e0 ces \u00e9lections non conforme aux normes internationales\u00bb<\/em>, a ainsi pr\u00e9venu Abir Moussi, pr\u00e9sidente du PDL, lors d\u2019une conf\u00e9rence de presse tenue mercredi 7 septembre 2022 \u00e0 Tunis, en soulignant que la promulgation de la loi \u00e9lectorale durant cette p\u00e9riode <em>\u00abva \u00e0 l\u2019encontre des normes internationales ainsi que du code de conduite \u00e9lectoral\u00bb<\/em> \u00e9labor\u00e9 par la Commission de Venise \u00e0 la demande de l\u2019Assembl\u00e9e parlementaire du Conseil de l\u2019Europe (APCE), une r\u00e9f\u00e9rence mondiale en la mati\u00e8re, mais dont le pr\u00e9sident Sa\u00efed refuse de reconna\u00eetre l\u2019expertise.<\/p>\n\n\n\n<h2 class=\"wp-block-heading\">Un conseil de la choura plut\u00f4t qu\u2019un parlement<\/h2>\n\n\n\n<p>Si les \u00e9lections l\u00e9gislatives se tiennent comme on est en train de le pr\u00e9parer au niveau de la pr\u00e9sidence de la r\u00e9publique, il y aura <em>\u00abune nouvelle op\u00e9ration de fraude qui vise \u00e0 donner un agr\u00e9ment fictif \u00e0 un parlement plus proche d&rsquo;un conseil de la choura d\u2019un califat\u00bb<\/em> que d\u2019un parlement dans le vrai sens du terme, a soulign\u00e9 Mme Moussi, en appelant les citoyens tunisiens \u00e0 ne plus transiger sur leur citoyennet\u00e9 et leurs droits.<\/p>\n\n\n\n<p>Et Mme Moussi d\u2019avertir contre les cons\u00e9quences de l\u2019exclusion du PDL et de ses dirigeants des prochaines \u00e9lections \u00e0 la faveur de la nouvelle loi \u00e9lectorale, intention dont elle a de bonnes raisons de soup\u00e7onner le pr\u00e9sident Ka\u00efs Sa\u00efed qui, comme il l\u2019a fait avec la nouvelle constitution, est en train de mener unilat\u00e9ralement et dans le secret le plus absolu la r\u00e9daction de la nouvelle loi \u00e9lectorale, laquelle portera la marque de son hostilit\u00e9 personnelle aux partis et aux corps interm\u00e9diaires en g\u00e9n\u00e9ral. \u00a0<\/p>\n\n\n\n<figure class=\"wp-block-embed is-type-wp-embed is-provider-kapitalis wp-block-embed-kapitalis\"><div class=\"wp-block-embed__wrapper\">\n<blockquote class=\"wp-embedded-content\" data-secret=\"v6haemxA3Q\"><a href=\"https:\/\/kapitalis.com\/tunisie\/2022\/09\/07\/abir-moussi-menace-kais-saied-on-causera-ta-chute-comme-on-la-fait-avec-les-freres-musulmans\/\">Abir Moussi menace Ka\u00efs Sa\u00efed : \u00abOn causera ta chute comme on l&rsquo;a fait avec les Fr\u00e8res musulmans\u00bb<\/a><\/blockquote><iframe loading=\"lazy\" class=\"wp-embedded-content\" sandbox=\"allow-scripts\" security=\"restricted\" style=\"position: absolute; clip: rect(1px, 1px, 1px, 1px);\" title=\"\u00ab\u00a0Abir Moussi menace Ka\u00efs Sa\u00efed : \u00abOn causera ta chute comme on l&rsquo;a fait avec les Fr\u00e8res musulmans\u00bb\u00a0\u00bb &#8212; Kapitalis\" src=\"https:\/\/kapitalis.com\/tunisie\/2022\/09\/07\/abir-moussi-menace-kais-saied-on-causera-ta-chute-comme-on-la-fait-avec-les-freres-musulmans\/embed\/#?secret=u9n2wa5Jmh#?secret=v6haemxA3Q\" data-secret=\"v6haemxA3Q\" width=\"600\" height=\"338\" frameborder=\"0\" marginwidth=\"0\" marginheight=\"0\" scrolling=\"no\"><\/iframe>\n<\/div><\/figure>\n\n\n\n<p>S\u2019il est exclu de la course par la nouvelle loi \u00e9lectorale, le PDL ne restera pas les bras crois\u00e9s et informera la communaut\u00e9 internationale des graves violations des r\u00e8gles d\u00e9mocratiques en Tunisie.<\/p>\n\n\n\n<p>Le chef de l\u2019Etat <em>\u00absait tr\u00e8s bien que s\u2019il participe \u00e0 des \u00e9lections libres et \u00e9quitables, il ne gagnera jamais la confiance des Tunisiens\u00bb<\/em>, a affirm\u00e9 Mme Moussi. <em>\u00abC\u2019est pourquoi le pr\u00e9sident est press\u00e9 d\u2019\u00e9laborer une loi \u00e9lectorale \u00e0 sa mesure\u00bb.<\/em><\/p>\n\n\n\n<p>Le pr\u00e9sident du PDL a appel\u00e9 l\u2019Onu \u00e0 <em>\u00abne pas reconna\u00eetre les prochaines \u00e9lections l\u00e9gislatives et la l\u00e9gitimit\u00e9 de Ka\u00efs Sa\u00efed comme pr\u00e9sident du pays\u00bb. <\/em>D\u2019autre part, elle a appel\u00e9 \u00e0 organiser des \u00e9lections pr\u00e9sidentielles dans le respect des principes de la d\u00e9mocratie, du droit international, de la Charte des Nations Unies et des principes de la l\u00e9galit\u00e9 internationale, estimant qu&rsquo;en proclamant l\u2019\u00e9tat d\u2019exception et en accaparant tous les pouvoirs, \u00e0 la faveur du coup d\u2019Etat du 25 juillet 2021, M. Sa\u00efed a perdu toute l\u00e9gitimit\u00e9, d\u2019autant qu\u2019il a dissous la constitution sur la base de laquelle il avait pr\u00eat\u00e9 serment et s\u2019\u00e9tait engag\u00e9 \u00e0 respecter les lois de la r\u00e9publique.<\/p>\n\n\n\n<h2 class=\"wp-block-heading\">Une guerre civile larv\u00e9e \u00abadministr\u00e9e\u00bb par l\u2019Etat<\/h2>\n\n\n\n<p>Les positions exprim\u00e9es par Mme Moussi traduisent des inqui\u00e9tudes partag\u00e9es par des pans entiers de la sc\u00e8ne politique et de la soci\u00e9t\u00e9 civile tunisiennes qui observent ce qu\u2019il qualifient de d\u00e9rive autocratique d\u2019un pr\u00e9sident qui fait le vide autour lui, agit selon son bon vouloir sans consulter personne, m\u00eame pas ses propres partisans, accapare tous les pouvoirs (l\u00e9gislatif, ex\u00e9cutif et m\u00eame judiciaire) et entend dicter ses choix personnels, b\u00e2tis sur une vision messianique du monde, \u00e0 une nation qu\u2019il ne cherche pas \u00e0 unir, mais \u00e0 diviser et \u00e0 remonter ses composantes les unes contre les autres, dans une sorte de guerre civile larv\u00e9e administr\u00e9e par la plus haute autorit\u00e9 de l\u2019Etat.<\/p>\n\n\n\n<figure class=\"wp-block-embed is-type-wp-embed is-provider-kapitalis wp-block-embed-kapitalis\"><div class=\"wp-block-embed__wrapper\">\n<blockquote class=\"wp-embedded-content\" data-secret=\"IgzzHZVCxy\"><a href=\"https:\/\/kapitalis.com\/tunisie\/2022\/08\/23\/tunisie-abir-moussi-demande-a-kais-saied-de-se-demettre\/\">Tunisie\u00a0: Abir Moussi demande \u00e0 Ka\u00efs Sa\u00efed de se d\u00e9mettre<\/a><\/blockquote><iframe loading=\"lazy\" class=\"wp-embedded-content\" sandbox=\"allow-scripts\" security=\"restricted\" style=\"position: absolute; clip: rect(1px, 1px, 1px, 1px);\" title=\"\u00ab\u00a0Tunisie\u00a0: Abir Moussi demande \u00e0 Ka\u00efs Sa\u00efed de se d\u00e9mettre\u00a0\u00bb &#8212; Kapitalis\" src=\"https:\/\/kapitalis.com\/tunisie\/2022\/08\/23\/tunisie-abir-moussi-demande-a-kais-saied-de-se-demettre\/embed\/#?secret=a5Odr3gBje#?secret=IgzzHZVCxy\" data-secret=\"IgzzHZVCxy\" width=\"600\" height=\"338\" frameborder=\"0\" marginwidth=\"0\" marginheight=\"0\" scrolling=\"no\"><\/iframe>\n<\/div><\/figure>\n\n\n\n<p>Le choix de boycotter les prochaines l\u00e9gislatives pourrait \u00eatre critiqu\u00e9 car il risque de produire l\u2019effet inverse \u00e0 celui recherch\u00e9&nbsp;: inciter le pr\u00e9sident Sa\u00efed, dont on conna\u00eet l\u2019obstination, \u00e0 avancer jusqu\u2019au bout sur la voie qu\u2019il s\u2019est choisie. Mais pour quel autre choix pourraient opter les partis de l\u2019opposition qui, de toutes les fa\u00e7ons, vont se retrouver exclus de fait de la course par une loi \u00e9lectorale dont le principal objectif, comme on ne cesse de l\u2019apprendre par la voix m\u00eame des partisans de M. Sa\u00efed, est de marginaliser les partis et de les exclure du processus politique national&nbsp;?<\/p>\n\n\n\n<p>Le boycottage aura au moins l\u2019avantage de priver les prochaines \u00e9lections de toute l\u00e9gitimit\u00e9 politique qu\u2019une participation pour la forme pourrait leur donner.<\/p>\n\n\n\n<p>Sans la participation des grands partis, tel le PDL, ces \u00e9lections n\u2019auront en effet aucune l\u00e9gitimit\u00e9 au regard de la communaut\u00e9 internationale dont la Tunisie a besoin pour sortir de la crise et redresser son \u00e9conomie en panne, laquelle communaut\u00e9, \u00e0 l\u2019inverse de M. Sa\u00efed, ne con\u00e7oit pas de d\u00e9mocratie\u2026 sans les partis.<\/p>\n","protected":false},"excerpt":{"rendered":"<p>Sans la participation des grands partis, tel le PDL, les prochaines l\u00e9gislatives n\u2019auront aucune l\u00e9gitimit\u00e9 au regard de la communaut\u00e9 internationale dont la Tunisie a besoin pour sortir de la crise et redresser son \u00e9conomie en panne. <\/p>\n","protected":false},"author":8,"featured_media":3836758,"comment_status":"open","ping_status":"open","sticky":false,"template":"","format":"standard","meta":{"footnotes":""},"categories":[992,997,2433],"tags":[15144,76012,73854,43626,33536,62643],"class_list":["post-3836376","post","type-post","status-publish","format-standard","has-post-thumbnail","hentry","category-a-la-une","category-politique","category-tunisie","tag-abir-moussi","tag-kais-saied-2","tag-legislatives-anticipees","tag-loi-electorale","tag-pdl","tag-tunisie"],"yoast_head":"<!-- This site is optimized with the Yoast SEO plugin v26.6 - https:\/\/yoast.com\/wordpress\/plugins\/seo\/ -->\n<title>Tunisie\u00a0: quel cr\u00e9dit auraient des l\u00e9gislatives sans le PDL\u00a0? - Kapitalis<\/title>\n<meta name=\"robots\" content=\"index, follow, max-snippet:-1, max-image-preview:large, max-video-preview:-1\" \/>\n<link rel=\"canonical\" href=\"https:\/\/kapitalis.com\/tunisie\/2022\/09\/08\/tunisie-quel-credit-auraient-des-legislatives-sans-le-pdl\/\" \/>\n<meta property=\"og:locale\" content=\"fr_FR\" \/>\n<meta property=\"og:type\" content=\"article\" \/>\n<meta property=\"og:title\" content=\"Tunisie\u00a0: quel cr\u00e9dit auraient des l\u00e9gislatives sans le PDL\u00a0? - Kapitalis\" \/>\n<meta property=\"og:description\" content=\"Sans la participation des grands partis, tel le PDL, les prochaines l\u00e9gislatives n\u2019auront aucune l\u00e9gitimit\u00e9 au regard de la communaut\u00e9 internationale dont la Tunisie a besoin pour sortir de la crise et redresser son \u00e9conomie en panne.\" \/>\n<meta property=\"og:url\" content=\"https:\/\/kapitalis.com\/tunisie\/2022\/09\/08\/tunisie-quel-credit-auraient-des-legislatives-sans-le-pdl\/\" \/>\n<meta property=\"og:site_name\" content=\"Kapitalis\" \/>\n<meta property=\"article:publisher\" content=\"https:\/\/www.facebook.com\/KapitalisInfo\/\" \/>\n<meta property=\"article:published_time\" content=\"2022-09-08T09:35:34+00:00\" \/>\n<meta property=\"article:modified_time\" content=\"2022-09-08T09:35:35+00:00\" \/>\n<meta property=\"og:image\" content=\"https:\/\/kapitalis.com\/tunisie\/wp-content\/uploads\/2022\/09\/Abir-Moussi-Kas-Saied.jpg\" \/>\n\t<meta property=\"og:image:width\" content=\"1200\" \/>\n\t<meta property=\"og:image:height\" content=\"630\" \/>\n\t<meta property=\"og:image:type\" content=\"image\/jpeg\" \/>\n<meta name=\"author\" content=\"webmaster kapitalis\" \/>\n<meta name=\"twitter:card\" content=\"summary_large_image\" \/>\n<meta name=\"twitter:creator\" content=\"@KapitalisInfo\" \/>\n<meta name=\"twitter:site\" content=\"@KapitalisInfo\" \/>\n<meta name=\"twitter:label1\" content=\"\u00c9crit par\" \/>\n\t<meta name=\"twitter:data1\" content=\"webmaster kapitalis\" \/>\n\t<meta name=\"twitter:label2\" content=\"Dur\u00e9e de lecture estim\u00e9e\" \/>\n\t<meta name=\"twitter:data2\" content=\"5 minutes\" \/>\n<script type=\"application\/ld+json\" class=\"yoast-schema-graph\">{\"@context\":\"https:\/\/schema.org\",\"@graph\":[{\"@type\":\"Article\",\"@id\":\"https:\/\/kapitalis.com\/tunisie\/2022\/09\/08\/tunisie-quel-credit-auraient-des-legislatives-sans-le-pdl\/#article\",\"isPartOf\":{\"@id\":\"https:\/\/kapitalis.com\/tunisie\/2022\/09\/08\/tunisie-quel-credit-auraient-des-legislatives-sans-le-pdl\/\"},\"author\":{\"name\":\"webmaster kapitalis\",\"@id\":\"https:\/\/kapitalis.com\/tunisie\/#\/schema\/person\/d71f33a9ca44f7bad4698210b480c8e9\"},\"headline\":\"Tunisie\u00a0: quel cr\u00e9dit auraient des l\u00e9gislatives sans le PDL\u00a0?\",\"datePublished\":\"2022-09-08T09:35:34+00:00\",\"dateModified\":\"2022-09-08T09:35:35+00:00\",\"mainEntityOfPage\":{\"@id\":\"https:\/\/kapitalis.com\/tunisie\/2022\/09\/08\/tunisie-quel-credit-auraient-des-legislatives-sans-le-pdl\/\"},\"wordCount\":989,\"commentCount\":8,\"publisher\":{\"@id\":\"https:\/\/kapitalis.com\/tunisie\/#organization\"},\"image\":{\"@id\":\"https:\/\/kapitalis.com\/tunisie\/2022\/09\/08\/tunisie-quel-credit-auraient-des-legislatives-sans-le-pdl\/#primaryimage\"},\"thumbnailUrl\":\"https:\/\/kapitalis.com\/tunisie\/wp-content\/uploads\/2022\/09\/Abir-Moussi-Kas-Saied.jpg\",\"keywords\":[\"Abir Moussi\",\"Ka\u00efs Sa\u00efed\",\"l\u00e9gislatives anticip\u00e9es\",\"loi \u00e9lectorale\",\"PDL\",\"Tunisie\"],\"articleSection\":[\"A LA UNE\",\"POLITIQUE\",\"Tunisie\"],\"inLanguage\":\"fr-FR\",\"potentialAction\":[{\"@type\":\"CommentAction\",\"name\":\"Comment\",\"target\":[\"https:\/\/kapitalis.com\/tunisie\/2022\/09\/08\/tunisie-quel-credit-auraient-des-legislatives-sans-le-pdl\/#respond\"]}]},{\"@type\":\"WebPage\",\"@id\":\"https:\/\/kapitalis.com\/tunisie\/2022\/09\/08\/tunisie-quel-credit-auraient-des-legislatives-sans-le-pdl\/\",\"url\":\"https:\/\/kapitalis.com\/tunisie\/2022\/09\/08\/tunisie-quel-credit-auraient-des-legislatives-sans-le-pdl\/\",\"name\":\"Tunisie\u00a0: quel cr\u00e9dit auraient des l\u00e9gislatives sans le PDL\u00a0? - Kapitalis\",\"isPartOf\":{\"@id\":\"https:\/\/kapitalis.com\/tunisie\/#website\"},\"primaryImageOfPage\":{\"@id\":\"https:\/\/kapitalis.com\/tunisie\/2022\/09\/08\/tunisie-quel-credit-auraient-des-legislatives-sans-le-pdl\/#primaryimage\"},\"image\":{\"@id\":\"https:\/\/kapitalis.com\/tunisie\/2022\/09\/08\/tunisie-quel-credit-auraient-des-legislatives-sans-le-pdl\/#primaryimage\"},\"thumbnailUrl\":\"https:\/\/kapitalis.com\/tunisie\/wp-content\/uploads\/2022\/09\/Abir-Moussi-Kas-Saied.jpg\",\"datePublished\":\"2022-09-08T09:35:34+00:00\",\"dateModified\":\"2022-09-08T09:35:35+00:00\",\"breadcrumb\":{\"@id\":\"https:\/\/kapitalis.com\/tunisie\/2022\/09\/08\/tunisie-quel-credit-auraient-des-legislatives-sans-le-pdl\/#breadcrumb\"},\"inLanguage\":\"fr-FR\",\"potentialAction\":[{\"@type\":\"ReadAction\",\"target\":[\"https:\/\/kapitalis.com\/tunisie\/2022\/09\/08\/tunisie-quel-credit-auraient-des-legislatives-sans-le-pdl\/\"]}]},{\"@type\":\"ImageObject\",\"inLanguage\":\"fr-FR\",\"@id\":\"https:\/\/kapitalis.com\/tunisie\/2022\/09\/08\/tunisie-quel-credit-auraient-des-legislatives-sans-le-pdl\/#primaryimage\",\"url\":\"https:\/\/kapitalis.com\/tunisie\/wp-content\/uploads\/2022\/09\/Abir-Moussi-Kas-Saied.jpg\",\"contentUrl\":\"https:\/\/kapitalis.com\/tunisie\/wp-content\/uploads\/2022\/09\/Abir-Moussi-Kas-Saied.jpg\",\"width\":1200,\"height\":630},{\"@type\":\"BreadcrumbList\",\"@id\":\"https:\/\/kapitalis.com\/tunisie\/2022\/09\/08\/tunisie-quel-credit-auraient-des-legislatives-sans-le-pdl\/#breadcrumb\",\"itemListElement\":[{\"@type\":\"ListItem\",\"position\":1,\"name\":\"Accueil\",\"item\":\"https:\/\/kapitalis.com\/tunisie\/\"},{\"@type\":\"ListItem\",\"position\":2,\"name\":\"Tunisie\u00a0: quel cr\u00e9dit auraient des l\u00e9gislatives sans le PDL\u00a0?\"}]},{\"@type\":\"WebSite\",\"@id\":\"https:\/\/kapitalis.com\/tunisie\/#website\",\"url\":\"https:\/\/kapitalis.com\/tunisie\/\",\"name\":\"Kapitalis\",\"description\":\"L&#039;actualit\u00e9 en Tunisie et dans le monde\",\"publisher\":{\"@id\":\"https:\/\/kapitalis.com\/tunisie\/#organization\"},\"potentialAction\":[{\"@type\":\"SearchAction\",\"target\":{\"@type\":\"EntryPoint\",\"urlTemplate\":\"https:\/\/kapitalis.com\/tunisie\/?s={search_term_string}\"},\"query-input\":{\"@type\":\"PropertyValueSpecification\",\"valueRequired\":true,\"valueName\":\"search_term_string\"}}],\"inLanguage\":\"fr-FR\"},{\"@type\":\"Organization\",\"@id\":\"https:\/\/kapitalis.com\/tunisie\/#organization\",\"name\":\"Kapitalis\",\"url\":\"https:\/\/kapitalis.com\/tunisie\/\",\"logo\":{\"@type\":\"ImageObject\",\"inLanguage\":\"fr-FR\",\"@id\":\"https:\/\/kapitalis.com\/tunisie\/#\/schema\/logo\/image\/\",\"url\":\"https:\/\/kapitalis.com\/tunisie\/wp-content\/uploads\/2022\/05\/Kapitalis-big-size.png\",\"contentUrl\":\"https:\/\/kapitalis.com\/tunisie\/wp-content\/uploads\/2022\/05\/Kapitalis-big-size.png\",\"width\":5000,\"height\":1500,\"caption\":\"Kapitalis\"},\"image\":{\"@id\":\"https:\/\/kapitalis.com\/tunisie\/#\/schema\/logo\/image\/\"},\"sameAs\":[\"https:\/\/www.facebook.com\/KapitalisInfo\/\",\"https:\/\/x.com\/KapitalisInfo\",\"https:\/\/www.youtube.com\/channel\/UC-yDYrHyfFBWWZaOw3FPg9Q\"]},{\"@type\":\"Person\",\"@id\":\"https:\/\/kapitalis.com\/tunisie\/#\/schema\/person\/d71f33a9ca44f7bad4698210b480c8e9\",\"name\":\"webmaster kapitalis\",\"url\":\"https:\/\/kapitalis.com\/tunisie\/author\/webmaster-kapitalis\/\"}]}<\/script>\n<!-- \/ Yoast SEO plugin. -->","yoast_head_json":{"title":"Tunisie\u00a0: quel cr\u00e9dit auraient des l\u00e9gislatives sans le PDL\u00a0? - Kapitalis","robots":{"index":"index","follow":"follow","max-snippet":"max-snippet:-1","max-image-preview":"max-image-preview:large","max-video-preview":"max-video-preview:-1"},"canonical":"https:\/\/kapitalis.com\/tunisie\/2022\/09\/08\/tunisie-quel-credit-auraient-des-legislatives-sans-le-pdl\/","og_locale":"fr_FR","og_type":"article","og_title":"Tunisie\u00a0: quel cr\u00e9dit auraient des l\u00e9gislatives sans le PDL\u00a0? - Kapitalis","og_description":"Sans la participation des grands partis, tel le PDL, les prochaines l\u00e9gislatives n\u2019auront aucune l\u00e9gitimit\u00e9 au regard de la communaut\u00e9 internationale dont la Tunisie a besoin pour sortir de la crise et redresser son \u00e9conomie en panne.","og_url":"https:\/\/kapitalis.com\/tunisie\/2022\/09\/08\/tunisie-quel-credit-auraient-des-legislatives-sans-le-pdl\/","og_site_name":"Kapitalis","article_publisher":"https:\/\/www.facebook.com\/KapitalisInfo\/","article_published_time":"2022-09-08T09:35:34+00:00","article_modified_time":"2022-09-08T09:35:35+00:00","og_image":[{"width":1200,"height":630,"url":"https:\/\/kapitalis.com\/tunisie\/wp-content\/uploads\/2022\/09\/Abir-Moussi-Kas-Saied.jpg","type":"image\/jpeg"}],"author":"webmaster kapitalis","twitter_card":"summary_large_image","twitter_creator":"@KapitalisInfo","twitter_site":"@KapitalisInfo","twitter_misc":{"\u00c9crit par":"webmaster kapitalis","Dur\u00e9e de lecture estim\u00e9e":"5 minutes"},"schema":{"@context":"https:\/\/schema.org","@graph":[{"@type":"Article","@id":"https:\/\/kapitalis.com\/tunisie\/2022\/09\/08\/tunisie-quel-credit-auraient-des-legislatives-sans-le-pdl\/#article","isPartOf":{"@id":"https:\/\/kapitalis.com\/tunisie\/2022\/09\/08\/tunisie-quel-credit-auraient-des-legislatives-sans-le-pdl\/"},"author":{"name":"webmaster kapitalis","@id":"https:\/\/kapitalis.com\/tunisie\/#\/schema\/person\/d71f33a9ca44f7bad4698210b480c8e9"},"headline":"Tunisie\u00a0: quel cr\u00e9dit auraient des l\u00e9gislatives sans le PDL\u00a0?","datePublished":"2022-09-08T09:35:34+00:00","dateModified":"2022-09-08T09:35:35+00:00","mainEntityOfPage":{"@id":"https:\/\/kapitalis.com\/tunisie\/2022\/09\/08\/tunisie-quel-credit-auraient-des-legislatives-sans-le-pdl\/"},"wordCount":989,"commentCount":8,"publisher":{"@id":"https:\/\/kapitalis.com\/tunisie\/#organization"},"image":{"@id":"https:\/\/kapitalis.com\/tunisie\/2022\/09\/08\/tunisie-quel-credit-auraient-des-legislatives-sans-le-pdl\/#primaryimage"},"thumbnailUrl":"https:\/\/kapitalis.com\/tunisie\/wp-content\/uploads\/2022\/09\/Abir-Moussi-Kas-Saied.jpg","keywords":["Abir Moussi","Ka\u00efs Sa\u00efed","l\u00e9gislatives anticip\u00e9es","loi \u00e9lectorale","PDL","Tunisie"],"articleSection":["A LA UNE","POLITIQUE","Tunisie"],"inLanguage":"fr-FR","potentialAction":[{"@type":"CommentAction","name":"Comment","target":["https:\/\/kapitalis.com\/tunisie\/2022\/09\/08\/tunisie-quel-credit-auraient-des-legislatives-sans-le-pdl\/#respond"]}]},{"@type":"WebPage","@id":"https:\/\/kapitalis.com\/tunisie\/2022\/09\/08\/tunisie-quel-credit-auraient-des-legislatives-sans-le-pdl\/","url":"https:\/\/kapitalis.com\/tunisie\/2022\/09\/08\/tunisie-quel-credit-auraient-des-legislatives-sans-le-pdl\/","name":"Tunisie\u00a0: quel cr\u00e9dit auraient des l\u00e9gislatives sans le PDL\u00a0? - Kapitalis","isPartOf":{"@id":"https:\/\/kapitalis.com\/tunisie\/#website"},"primaryImageOfPage":{"@id":"https:\/\/kapitalis.com\/tunisie\/2022\/09\/08\/tunisie-quel-credit-auraient-des-legislatives-sans-le-pdl\/#primaryimage"},"image":{"@id":"https:\/\/kapitalis.com\/tunisie\/2022\/09\/08\/tunisie-quel-credit-auraient-des-legislatives-sans-le-pdl\/#primaryimage"},"thumbnailUrl":"https:\/\/kapitalis.com\/tunisie\/wp-content\/uploads\/2022\/09\/Abir-Moussi-Kas-Saied.jpg","datePublished":"2022-09-08T09:35:34+00:00","dateModified":"2022-09-08T09:35:35+00:00","breadcrumb":{"@id":"https:\/\/kapitalis.com\/tunisie\/2022\/09\/08\/tunisie-quel-credit-auraient-des-legislatives-sans-le-pdl\/#breadcrumb"},"inLanguage":"fr-FR","potentialAction":[{"@type":"ReadAction","target":["https:\/\/kapitalis.com\/tunisie\/2022\/09\/08\/tunisie-quel-credit-auraient-des-legislatives-sans-le-pdl\/"]}]},{"@type":"ImageObject","inLanguage":"fr-FR","@id":"https:\/\/kapitalis.com\/tunisie\/2022\/09\/08\/tunisie-quel-credit-auraient-des-legislatives-sans-le-pdl\/#primaryimage","url":"https:\/\/kapitalis.com\/tunisie\/wp-content\/uploads\/2022\/09\/Abir-Moussi-Kas-Saied.jpg","contentUrl":"https:\/\/kapitalis.com\/tunisie\/wp-content\/uploads\/2022\/09\/Abir-Moussi-Kas-Saied.jpg","width":1200,"height":630},{"@type":"BreadcrumbList","@id":"https:\/\/kapitalis.com\/tunisie\/2022\/09\/08\/tunisie-quel-credit-auraient-des-legislatives-sans-le-pdl\/#breadcrumb","itemListElement":[{"@type":"ListItem","position":1,"name":"Accueil","item":"https:\/\/kapitalis.com\/tunisie\/"},{"@type":"ListItem","position":2,"name":"Tunisie\u00a0: quel cr\u00e9dit auraient des l\u00e9gislatives sans le PDL\u00a0?"}]},{"@type":"WebSite","@id":"https:\/\/kapitalis.com\/tunisie\/#website","url":"https:\/\/kapitalis.com\/tunisie\/","name":"Kapitalis","description":"L&#039;actualit\u00e9 en Tunisie et dans le monde","publisher":{"@id":"https:\/\/kapitalis.com\/tunisie\/#organization"},"potentialAction":[{"@type":"SearchAction","target":{"@type":"EntryPoint","urlTemplate":"https:\/\/kapitalis.com\/tunisie\/?s={search_term_string}"},"query-input":{"@type":"PropertyValueSpecification","valueRequired":true,"valueName":"search_term_string"}}],"inLanguage":"fr-FR"},{"@type":"Organization","@id":"https:\/\/kapitalis.com\/tunisie\/#organization","name":"Kapitalis","url":"https:\/\/kapitalis.com\/tunisie\/","logo":{"@type":"ImageObject","inLanguage":"fr-FR","@id":"https:\/\/kapitalis.com\/tunisie\/#\/schema\/logo\/image\/","url":"https:\/\/kapitalis.com\/tunisie\/wp-content\/uploads\/2022\/05\/Kapitalis-big-size.png","contentUrl":"https:\/\/kapitalis.com\/tunisie\/wp-content\/uploads\/2022\/05\/Kapitalis-big-size.png","width":5000,"height":1500,"caption":"Kapitalis"},"image":{"@id":"https:\/\/kapitalis.com\/tunisie\/#\/schema\/logo\/image\/"},"sameAs":["https:\/\/www.facebook.com\/KapitalisInfo\/","https:\/\/x.com\/KapitalisInfo","https:\/\/www.youtube.com\/channel\/UC-yDYrHyfFBWWZaOw3FPg9Q"]},{"@type":"Person","@id":"https:\/\/kapitalis.com\/tunisie\/#\/schema\/person\/d71f33a9ca44f7bad4698210b480c8e9","name":"webmaster kapitalis","url":"https:\/\/kapitalis.com\/tunisie\/author\/webmaster-kapitalis\/"}]}},"_links":{"self":[{"href":"https:\/\/kapitalis.com\/tunisie\/wp-json\/wp\/v2\/posts\/3836376","targetHints":{"allow":["GET"]}}],"collection":[{"href":"https:\/\/kapitalis.com\/tunisie\/wp-json\/wp\/v2\/posts"}],"about":[{"href":"https:\/\/kapitalis.com\/tunisie\/wp-json\/wp\/v2\/types\/post"}],"author":[{"embeddable":true,"href":"https:\/\/kapitalis.com\/tunisie\/wp-json\/wp\/v2\/users\/8"}],"replies":[{"embeddable":true,"href":"https:\/\/kapitalis.com\/tunisie\/wp-json\/wp\/v2\/comments?post=3836376"}],"version-history":[{"count":0,"href":"https:\/\/kapitalis.com\/tunisie\/wp-json\/wp\/v2\/posts\/3836376\/revisions"}],"wp:featuredmedia":[{"embeddable":true,"href":"https:\/\/kapitalis.com\/tunisie\/wp-json\/wp\/v2\/media\/3836758"}],"wp:attachment":[{"href":"https:\/\/kapitalis.com\/tunisie\/wp-json\/wp\/v2\/media?parent=3836376"}],"wp:term":[{"taxonomy":"category","embeddable":true,"href":"https:\/\/kapitalis.com\/tunisie\/wp-json\/wp\/v2\/categories?post=3836376"},{"taxonomy":"post_tag","embeddable":true,"href":"https:\/\/kapitalis.com\/tunisie\/wp-json\/wp\/v2\/tags?post=3836376"}],"curies":[{"name":"wp","href":"https:\/\/api.w.org\/{rel}","templated":true}]}}