{"id":383682,"date":"2022-03-13T12:12:56","date_gmt":"2022-03-13T11:12:56","guid":{"rendered":"http:\/\/kapitalis.com\/tunisie\/?p=383682"},"modified":"2022-03-13T12:16:13","modified_gmt":"2022-03-13T11:16:13","slug":"tunisie-la-justice-plus-fermement-impliquee-dans-la-lutte-contre-les-delits-economiques","status":"publish","type":"post","link":"https:\/\/kapitalis.com\/tunisie\/2022\/03\/13\/tunisie-la-justice-plus-fermement-impliquee-dans-la-lutte-contre-les-delits-economiques\/","title":{"rendered":"Tunisie : La justice plus fermement impliqu\u00e9e dans la lutte contre les d\u00e9lits \u00e9conomiques"},"content":{"rendered":"\n<div class=\"wp-block-image\"><figure class=\"aligncenter size-full\"><img decoding=\"async\" src=\"http:\/\/kapitalis.com\/tunisie\/wp-content\/uploads\/2016\/06\/Palais-de-Justice-tunisie.jpg\" alt=\"\" class=\"wp-image-55106\"\/><figcaption><em>Palais de Justice de Tunis. <\/em><\/figcaption><\/figure><\/div>\n\n\n\n<p><strong><em>Le minist\u00e8re de la Justice a publi\u00e9, vendredi 11 mars 2022, la circulaire n\u00b02 de 2022 sur la lutte contre les d\u00e9lits douaniers, de contrebande, de monopole, de sp\u00e9culation sur les produits subventionn\u00e9s et de base, d&rsquo;augmentation des prix, etc., ainsi sur une gestion appropri\u00e9e des produits confisqu\u00e9s.<\/em><\/strong><\/p>\n\n\n\n<!--more-->\n\n\n\n<p>Cette circulaire appelle \u00e0 ce qu&rsquo;on accorde \u00e0 ce genre de d\u00e9lits l&rsquo;importance et le suivi n\u00e9cessaires de la part des instances judiciaires, tout en redoublant d&rsquo;efforts au niveau du minist\u00e8re public pour traquer leurs auteurs avec l&rsquo;efficacit\u00e9 et la c\u00e9l\u00e9rit\u00e9 requises.<\/p>\n\n\n\n<p>La circulaire stipule que le minist\u00e8re public doit \u00eatre imm\u00e9diatement inform\u00e9 des d\u00e9lits constat\u00e9s par la police judiciaire et les autorit\u00e9s administratives comp\u00e9tentes de toute les affaires prises en charge, quels que soient l&rsquo;identit\u00e9 et le statut du contrevenant, et de mani\u00e8re \u00e9crite, en veillant \u00e0 informer le substitut du procureur de la r\u00e9publique assurant la permanence en dehors des horaires administratifs.<\/p>\n\n\n\n<p>La circulaire stipule \u00e9galement que le minist\u00e8re public statue sur les dossiers qui lui sont transmis dans les meilleurs d\u00e9lais et veille \u00e0 ce que les affaires soient examin\u00e9es lors de l&rsquo;audience la plus proche.<\/p>\n\n\n\n<p>Les pouvoirs publics cherchent ainsi \u00e0 impliquer davantage et de mani\u00e8re plus rapide les instances judiciaires dans la lutte lanc\u00e9e par le chef de l&rsquo;Etat, Ka\u00efs Sa\u00efed, contre tous ceux qui sp\u00e9culent sur la hausse des prix qui rognent sur le pouvoir d&rsquo;achat des citoyens.<\/p>\n\n\n\n<p class=\"has-text-align-right\"><strong>I. B.<\/strong><\/p>\n","protected":false},"excerpt":{"rendered":"<p>Le minist\u00e8re de la Justice a publi\u00e9, vendredi 11 mars 2022, la circulaire n\u00b02 de 2022 sur la lutte contre les d\u00e9lits douaniers, de contrebande, de monopole, de sp\u00e9culation sur les produits subventionn\u00e9s et de base, d&rsquo;augmentation des prix, etc., ainsi sur une gestion appropri\u00e9e des produits confisqu\u00e9s.<\/p>\n","protected":false},"author":8,"featured_media":0,"comment_status":"open","ping_status":"open","sticky":false,"template":"","format":"standard","meta":{"footnotes":""},"categories":[995,997,2433],"tags":[98104,98103,64355,76012,98105,62643],"class_list":["post-383682","post","type-post","status-publish","format-standard","hentry","category-economie","category-politique","category-tunisie","tag-delits-douaniers","tag-delits-economiques","tag-justice","tag-kais-saied-2","tag-speculation-sur-les-prix","tag-tunisie"],"yoast_head":"<!-- This site is optimized with the Yoast SEO plugin v26.6 - https:\/\/yoast.com\/wordpress\/plugins\/seo\/ -->\n<title>Tunisie : La justice plus fermement impliqu\u00e9e dans la lutte contre les d\u00e9lits \u00e9conomiques - Kapitalis<\/title>\n<meta name=\"robots\" content=\"index, follow, max-snippet:-1, max-image-preview:large, max-video-preview:-1\" \/>\n<link rel=\"canonical\" href=\"https:\/\/kapitalis.com\/tunisie\/2022\/03\/13\/tunisie-la-justice-plus-fermement-impliquee-dans-la-lutte-contre-les-delits-economiques\/\" \/>\n<meta property=\"og:locale\" content=\"fr_FR\" \/>\n<meta property=\"og:type\" content=\"article\" \/>\n<meta property=\"og:title\" content=\"Tunisie : La justice plus fermement impliqu\u00e9e dans la lutte contre les d\u00e9lits \u00e9conomiques - Kapitalis\" \/>\n<meta property=\"og:description\" content=\"Le minist\u00e8re de la Justice a publi\u00e9, vendredi 11 mars 2022, la circulaire n\u00b02 de 2022 sur la lutte contre les d\u00e9lits douaniers, de contrebande, de monopole, de sp\u00e9culation sur les produits subventionn\u00e9s et de base, d&rsquo;augmentation des prix, etc., ainsi sur une gestion appropri\u00e9e des produits confisqu\u00e9s.\" \/>\n<meta property=\"og:url\" content=\"https:\/\/kapitalis.com\/tunisie\/2022\/03\/13\/tunisie-la-justice-plus-fermement-impliquee-dans-la-lutte-contre-les-delits-economiques\/\" \/>\n<meta property=\"og:site_name\" content=\"Kapitalis\" \/>\n<meta property=\"article:publisher\" content=\"https:\/\/www.facebook.com\/KapitalisInfo\/\" \/>\n<meta property=\"article:published_time\" content=\"2022-03-13T11:12:56+00:00\" \/>\n<meta property=\"article:modified_time\" content=\"2022-03-13T11:16:13+00:00\" \/>\n<meta property=\"og:image\" content=\"http:\/\/kapitalis.com\/tunisie\/wp-content\/uploads\/2016\/06\/Palais-de-Justice-tunisie.jpg\" \/>\n<meta name=\"author\" content=\"webmaster kapitalis\" \/>\n<meta name=\"twitter:card\" content=\"summary_large_image\" \/>\n<meta name=\"twitter:creator\" content=\"@KapitalisInfo\" \/>\n<meta name=\"twitter:site\" content=\"@KapitalisInfo\" \/>\n<meta name=\"twitter:label1\" content=\"\u00c9crit par\" \/>\n\t<meta name=\"twitter:data1\" content=\"webmaster kapitalis\" \/>\n\t<meta name=\"twitter:label2\" content=\"Dur\u00e9e de lecture estim\u00e9e\" \/>\n\t<meta name=\"twitter:data2\" content=\"1 minute\" \/>\n<script type=\"application\/ld+json\" class=\"yoast-schema-graph\">{\"@context\":\"https:\/\/schema.org\",\"@graph\":[{\"@type\":\"Article\",\"@id\":\"https:\/\/kapitalis.com\/tunisie\/2022\/03\/13\/tunisie-la-justice-plus-fermement-impliquee-dans-la-lutte-contre-les-delits-economiques\/#article\",\"isPartOf\":{\"@id\":\"https:\/\/kapitalis.com\/tunisie\/2022\/03\/13\/tunisie-la-justice-plus-fermement-impliquee-dans-la-lutte-contre-les-delits-economiques\/\"},\"author\":{\"name\":\"webmaster kapitalis\",\"@id\":\"https:\/\/kapitalis.com\/tunisie\/#\/schema\/person\/d71f33a9ca44f7bad4698210b480c8e9\"},\"headline\":\"Tunisie : La justice plus fermement impliqu\u00e9e dans la lutte contre les d\u00e9lits \u00e9conomiques\",\"datePublished\":\"2022-03-13T11:12:56+00:00\",\"dateModified\":\"2022-03-13T11:16:13+00:00\",\"mainEntityOfPage\":{\"@id\":\"https:\/\/kapitalis.com\/tunisie\/2022\/03\/13\/tunisie-la-justice-plus-fermement-impliquee-dans-la-lutte-contre-les-delits-economiques\/\"},\"wordCount\":273,\"commentCount\":1,\"publisher\":{\"@id\":\"https:\/\/kapitalis.com\/tunisie\/#organization\"},\"image\":{\"@id\":\"https:\/\/kapitalis.com\/tunisie\/2022\/03\/13\/tunisie-la-justice-plus-fermement-impliquee-dans-la-lutte-contre-les-delits-economiques\/#primaryimage\"},\"thumbnailUrl\":\"http:\/\/kapitalis.com\/tunisie\/wp-content\/uploads\/2016\/06\/Palais-de-Justice-tunisie.jpg\",\"keywords\":[\"d\u00e9lits douaniers\",\"d\u00e9lits \u00e9conomiques\",\"justice\",\"Ka\u00efs Sa\u00efed\",\"sp\u00e9culation sur les prix\",\"Tunisie\"],\"articleSection\":[\"ECONOMIE\",\"POLITIQUE\",\"Tunisie\"],\"inLanguage\":\"fr-FR\",\"potentialAction\":[{\"@type\":\"CommentAction\",\"name\":\"Comment\",\"target\":[\"https:\/\/kapitalis.com\/tunisie\/2022\/03\/13\/tunisie-la-justice-plus-fermement-impliquee-dans-la-lutte-contre-les-delits-economiques\/#respond\"]}]},{\"@type\":\"WebPage\",\"@id\":\"https:\/\/kapitalis.com\/tunisie\/2022\/03\/13\/tunisie-la-justice-plus-fermement-impliquee-dans-la-lutte-contre-les-delits-economiques\/\",\"url\":\"https:\/\/kapitalis.com\/tunisie\/2022\/03\/13\/tunisie-la-justice-plus-fermement-impliquee-dans-la-lutte-contre-les-delits-economiques\/\",\"name\":\"Tunisie : La justice plus fermement impliqu\u00e9e dans la lutte contre les d\u00e9lits \u00e9conomiques - Kapitalis\",\"isPartOf\":{\"@id\":\"https:\/\/kapitalis.com\/tunisie\/#website\"},\"primaryImageOfPage\":{\"@id\":\"https:\/\/kapitalis.com\/tunisie\/2022\/03\/13\/tunisie-la-justice-plus-fermement-impliquee-dans-la-lutte-contre-les-delits-economiques\/#primaryimage\"},\"image\":{\"@id\":\"https:\/\/kapitalis.com\/tunisie\/2022\/03\/13\/tunisie-la-justice-plus-fermement-impliquee-dans-la-lutte-contre-les-delits-economiques\/#primaryimage\"},\"thumbnailUrl\":\"http:\/\/kapitalis.com\/tunisie\/wp-content\/uploads\/2016\/06\/Palais-de-Justice-tunisie.jpg\",\"datePublished\":\"2022-03-13T11:12:56+00:00\",\"dateModified\":\"2022-03-13T11:16:13+00:00\",\"breadcrumb\":{\"@id\":\"https:\/\/kapitalis.com\/tunisie\/2022\/03\/13\/tunisie-la-justice-plus-fermement-impliquee-dans-la-lutte-contre-les-delits-economiques\/#breadcrumb\"},\"inLanguage\":\"fr-FR\",\"potentialAction\":[{\"@type\":\"ReadAction\",\"target\":[\"https:\/\/kapitalis.com\/tunisie\/2022\/03\/13\/tunisie-la-justice-plus-fermement-impliquee-dans-la-lutte-contre-les-delits-economiques\/\"]}]},{\"@type\":\"ImageObject\",\"inLanguage\":\"fr-FR\",\"@id\":\"https:\/\/kapitalis.com\/tunisie\/2022\/03\/13\/tunisie-la-justice-plus-fermement-impliquee-dans-la-lutte-contre-les-delits-economiques\/#primaryimage\",\"url\":\"http:\/\/kapitalis.com\/tunisie\/wp-content\/uploads\/2016\/06\/Palais-de-Justice-tunisie.jpg\",\"contentUrl\":\"http:\/\/kapitalis.com\/tunisie\/wp-content\/uploads\/2016\/06\/Palais-de-Justice-tunisie.jpg\"},{\"@type\":\"BreadcrumbList\",\"@id\":\"https:\/\/kapitalis.com\/tunisie\/2022\/03\/13\/tunisie-la-justice-plus-fermement-impliquee-dans-la-lutte-contre-les-delits-economiques\/#breadcrumb\",\"itemListElement\":[{\"@type\":\"ListItem\",\"position\":1,\"name\":\"Accueil\",\"item\":\"https:\/\/kapitalis.com\/tunisie\/\"},{\"@type\":\"ListItem\",\"position\":2,\"name\":\"Tunisie : La justice plus fermement impliqu\u00e9e dans la lutte contre les d\u00e9lits \u00e9conomiques\"}]},{\"@type\":\"WebSite\",\"@id\":\"https:\/\/kapitalis.com\/tunisie\/#website\",\"url\":\"https:\/\/kapitalis.com\/tunisie\/\",\"name\":\"Kapitalis\",\"description\":\"L&#039;actualit\u00e9 en Tunisie et dans le monde\",\"publisher\":{\"@id\":\"https:\/\/kapitalis.com\/tunisie\/#organization\"},\"potentialAction\":[{\"@type\":\"SearchAction\",\"target\":{\"@type\":\"EntryPoint\",\"urlTemplate\":\"https:\/\/kapitalis.com\/tunisie\/?s={search_term_string}\"},\"query-input\":{\"@type\":\"PropertyValueSpecification\",\"valueRequired\":true,\"valueName\":\"search_term_string\"}}],\"inLanguage\":\"fr-FR\"},{\"@type\":\"Organization\",\"@id\":\"https:\/\/kapitalis.com\/tunisie\/#organization\",\"name\":\"Kapitalis\",\"url\":\"https:\/\/kapitalis.com\/tunisie\/\",\"logo\":{\"@type\":\"ImageObject\",\"inLanguage\":\"fr-FR\",\"@id\":\"https:\/\/kapitalis.com\/tunisie\/#\/schema\/logo\/image\/\",\"url\":\"https:\/\/kapitalis.com\/tunisie\/wp-content\/uploads\/2022\/05\/Kapitalis-big-size.png\",\"contentUrl\":\"https:\/\/kapitalis.com\/tunisie\/wp-content\/uploads\/2022\/05\/Kapitalis-big-size.png\",\"width\":5000,\"height\":1500,\"caption\":\"Kapitalis\"},\"image\":{\"@id\":\"https:\/\/kapitalis.com\/tunisie\/#\/schema\/logo\/image\/\"},\"sameAs\":[\"https:\/\/www.facebook.com\/KapitalisInfo\/\",\"https:\/\/x.com\/KapitalisInfo\",\"https:\/\/www.youtube.com\/channel\/UC-yDYrHyfFBWWZaOw3FPg9Q\"]},{\"@type\":\"Person\",\"@id\":\"https:\/\/kapitalis.com\/tunisie\/#\/schema\/person\/d71f33a9ca44f7bad4698210b480c8e9\",\"name\":\"webmaster kapitalis\",\"url\":\"https:\/\/kapitalis.com\/tunisie\/author\/webmaster-kapitalis\/\"}]}<\/script>\n<!-- \/ Yoast SEO plugin. -->","yoast_head_json":{"title":"Tunisie : La justice plus fermement impliqu\u00e9e dans la lutte contre les d\u00e9lits \u00e9conomiques - Kapitalis","robots":{"index":"index","follow":"follow","max-snippet":"max-snippet:-1","max-image-preview":"max-image-preview:large","max-video-preview":"max-video-preview:-1"},"canonical":"https:\/\/kapitalis.com\/tunisie\/2022\/03\/13\/tunisie-la-justice-plus-fermement-impliquee-dans-la-lutte-contre-les-delits-economiques\/","og_locale":"fr_FR","og_type":"article","og_title":"Tunisie : La justice plus fermement impliqu\u00e9e dans la lutte contre les d\u00e9lits \u00e9conomiques - Kapitalis","og_description":"Le minist\u00e8re de la Justice a publi\u00e9, vendredi 11 mars 2022, la circulaire n\u00b02 de 2022 sur la lutte contre les d\u00e9lits douaniers, de contrebande, de monopole, de sp\u00e9culation sur les produits subventionn\u00e9s et de base, d&rsquo;augmentation des prix, etc., ainsi sur une gestion appropri\u00e9e des produits confisqu\u00e9s.","og_url":"https:\/\/kapitalis.com\/tunisie\/2022\/03\/13\/tunisie-la-justice-plus-fermement-impliquee-dans-la-lutte-contre-les-delits-economiques\/","og_site_name":"Kapitalis","article_publisher":"https:\/\/www.facebook.com\/KapitalisInfo\/","article_published_time":"2022-03-13T11:12:56+00:00","article_modified_time":"2022-03-13T11:16:13+00:00","og_image":[{"url":"http:\/\/kapitalis.com\/tunisie\/wp-content\/uploads\/2016\/06\/Palais-de-Justice-tunisie.jpg","type":"","width":"","height":""}],"author":"webmaster kapitalis","twitter_card":"summary_large_image","twitter_creator":"@KapitalisInfo","twitter_site":"@KapitalisInfo","twitter_misc":{"\u00c9crit par":"webmaster kapitalis","Dur\u00e9e de lecture estim\u00e9e":"1 minute"},"schema":{"@context":"https:\/\/schema.org","@graph":[{"@type":"Article","@id":"https:\/\/kapitalis.com\/tunisie\/2022\/03\/13\/tunisie-la-justice-plus-fermement-impliquee-dans-la-lutte-contre-les-delits-economiques\/#article","isPartOf":{"@id":"https:\/\/kapitalis.com\/tunisie\/2022\/03\/13\/tunisie-la-justice-plus-fermement-impliquee-dans-la-lutte-contre-les-delits-economiques\/"},"author":{"name":"webmaster kapitalis","@id":"https:\/\/kapitalis.com\/tunisie\/#\/schema\/person\/d71f33a9ca44f7bad4698210b480c8e9"},"headline":"Tunisie : La justice plus fermement impliqu\u00e9e dans la lutte contre les d\u00e9lits \u00e9conomiques","datePublished":"2022-03-13T11:12:56+00:00","dateModified":"2022-03-13T11:16:13+00:00","mainEntityOfPage":{"@id":"https:\/\/kapitalis.com\/tunisie\/2022\/03\/13\/tunisie-la-justice-plus-fermement-impliquee-dans-la-lutte-contre-les-delits-economiques\/"},"wordCount":273,"commentCount":1,"publisher":{"@id":"https:\/\/kapitalis.com\/tunisie\/#organization"},"image":{"@id":"https:\/\/kapitalis.com\/tunisie\/2022\/03\/13\/tunisie-la-justice-plus-fermement-impliquee-dans-la-lutte-contre-les-delits-economiques\/#primaryimage"},"thumbnailUrl":"http:\/\/kapitalis.com\/tunisie\/wp-content\/uploads\/2016\/06\/Palais-de-Justice-tunisie.jpg","keywords":["d\u00e9lits douaniers","d\u00e9lits \u00e9conomiques","justice","Ka\u00efs Sa\u00efed","sp\u00e9culation sur les prix","Tunisie"],"articleSection":["ECONOMIE","POLITIQUE","Tunisie"],"inLanguage":"fr-FR","potentialAction":[{"@type":"CommentAction","name":"Comment","target":["https:\/\/kapitalis.com\/tunisie\/2022\/03\/13\/tunisie-la-justice-plus-fermement-impliquee-dans-la-lutte-contre-les-delits-economiques\/#respond"]}]},{"@type":"WebPage","@id":"https:\/\/kapitalis.com\/tunisie\/2022\/03\/13\/tunisie-la-justice-plus-fermement-impliquee-dans-la-lutte-contre-les-delits-economiques\/","url":"https:\/\/kapitalis.com\/tunisie\/2022\/03\/13\/tunisie-la-justice-plus-fermement-impliquee-dans-la-lutte-contre-les-delits-economiques\/","name":"Tunisie : La justice plus fermement impliqu\u00e9e dans la lutte contre les d\u00e9lits \u00e9conomiques - Kapitalis","isPartOf":{"@id":"https:\/\/kapitalis.com\/tunisie\/#website"},"primaryImageOfPage":{"@id":"https:\/\/kapitalis.com\/tunisie\/2022\/03\/13\/tunisie-la-justice-plus-fermement-impliquee-dans-la-lutte-contre-les-delits-economiques\/#primaryimage"},"image":{"@id":"https:\/\/kapitalis.com\/tunisie\/2022\/03\/13\/tunisie-la-justice-plus-fermement-impliquee-dans-la-lutte-contre-les-delits-economiques\/#primaryimage"},"thumbnailUrl":"http:\/\/kapitalis.com\/tunisie\/wp-content\/uploads\/2016\/06\/Palais-de-Justice-tunisie.jpg","datePublished":"2022-03-13T11:12:56+00:00","dateModified":"2022-03-13T11:16:13+00:00","breadcrumb":{"@id":"https:\/\/kapitalis.com\/tunisie\/2022\/03\/13\/tunisie-la-justice-plus-fermement-impliquee-dans-la-lutte-contre-les-delits-economiques\/#breadcrumb"},"inLanguage":"fr-FR","potentialAction":[{"@type":"ReadAction","target":["https:\/\/kapitalis.com\/tunisie\/2022\/03\/13\/tunisie-la-justice-plus-fermement-impliquee-dans-la-lutte-contre-les-delits-economiques\/"]}]},{"@type":"ImageObject","inLanguage":"fr-FR","@id":"https:\/\/kapitalis.com\/tunisie\/2022\/03\/13\/tunisie-la-justice-plus-fermement-impliquee-dans-la-lutte-contre-les-delits-economiques\/#primaryimage","url":"http:\/\/kapitalis.com\/tunisie\/wp-content\/uploads\/2016\/06\/Palais-de-Justice-tunisie.jpg","contentUrl":"http:\/\/kapitalis.com\/tunisie\/wp-content\/uploads\/2016\/06\/Palais-de-Justice-tunisie.jpg"},{"@type":"BreadcrumbList","@id":"https:\/\/kapitalis.com\/tunisie\/2022\/03\/13\/tunisie-la-justice-plus-fermement-impliquee-dans-la-lutte-contre-les-delits-economiques\/#breadcrumb","itemListElement":[{"@type":"ListItem","position":1,"name":"Accueil","item":"https:\/\/kapitalis.com\/tunisie\/"},{"@type":"ListItem","position":2,"name":"Tunisie : La justice plus fermement impliqu\u00e9e dans la lutte contre les d\u00e9lits \u00e9conomiques"}]},{"@type":"WebSite","@id":"https:\/\/kapitalis.com\/tunisie\/#website","url":"https:\/\/kapitalis.com\/tunisie\/","name":"Kapitalis","description":"L&#039;actualit\u00e9 en Tunisie et dans le monde","publisher":{"@id":"https:\/\/kapitalis.com\/tunisie\/#organization"},"potentialAction":[{"@type":"SearchAction","target":{"@type":"EntryPoint","urlTemplate":"https:\/\/kapitalis.com\/tunisie\/?s={search_term_string}"},"query-input":{"@type":"PropertyValueSpecification","valueRequired":true,"valueName":"search_term_string"}}],"inLanguage":"fr-FR"},{"@type":"Organization","@id":"https:\/\/kapitalis.com\/tunisie\/#organization","name":"Kapitalis","url":"https:\/\/kapitalis.com\/tunisie\/","logo":{"@type":"ImageObject","inLanguage":"fr-FR","@id":"https:\/\/kapitalis.com\/tunisie\/#\/schema\/logo\/image\/","url":"https:\/\/kapitalis.com\/tunisie\/wp-content\/uploads\/2022\/05\/Kapitalis-big-size.png","contentUrl":"https:\/\/kapitalis.com\/tunisie\/wp-content\/uploads\/2022\/05\/Kapitalis-big-size.png","width":5000,"height":1500,"caption":"Kapitalis"},"image":{"@id":"https:\/\/kapitalis.com\/tunisie\/#\/schema\/logo\/image\/"},"sameAs":["https:\/\/www.facebook.com\/KapitalisInfo\/","https:\/\/x.com\/KapitalisInfo","https:\/\/www.youtube.com\/channel\/UC-yDYrHyfFBWWZaOw3FPg9Q"]},{"@type":"Person","@id":"https:\/\/kapitalis.com\/tunisie\/#\/schema\/person\/d71f33a9ca44f7bad4698210b480c8e9","name":"webmaster kapitalis","url":"https:\/\/kapitalis.com\/tunisie\/author\/webmaster-kapitalis\/"}]}},"_links":{"self":[{"href":"https:\/\/kapitalis.com\/tunisie\/wp-json\/wp\/v2\/posts\/383682","targetHints":{"allow":["GET"]}}],"collection":[{"href":"https:\/\/kapitalis.com\/tunisie\/wp-json\/wp\/v2\/posts"}],"about":[{"href":"https:\/\/kapitalis.com\/tunisie\/wp-json\/wp\/v2\/types\/post"}],"author":[{"embeddable":true,"href":"https:\/\/kapitalis.com\/tunisie\/wp-json\/wp\/v2\/users\/8"}],"replies":[{"embeddable":true,"href":"https:\/\/kapitalis.com\/tunisie\/wp-json\/wp\/v2\/comments?post=383682"}],"version-history":[{"count":0,"href":"https:\/\/kapitalis.com\/tunisie\/wp-json\/wp\/v2\/posts\/383682\/revisions"}],"wp:attachment":[{"href":"https:\/\/kapitalis.com\/tunisie\/wp-json\/wp\/v2\/media?parent=383682"}],"wp:term":[{"taxonomy":"category","embeddable":true,"href":"https:\/\/kapitalis.com\/tunisie\/wp-json\/wp\/v2\/categories?post=383682"},{"taxonomy":"post_tag","embeddable":true,"href":"https:\/\/kapitalis.com\/tunisie\/wp-json\/wp\/v2\/tags?post=383682"}],"curies":[{"name":"wp","href":"https:\/\/api.w.org\/{rel}","templated":true}]}}