{"id":383685,"date":"2022-03-13T12:34:44","date_gmt":"2022-03-13T11:34:44","guid":{"rendered":"http:\/\/kapitalis.com\/tunisie\/?p=383685"},"modified":"2022-03-13T12:37:28","modified_gmt":"2022-03-13T11:37:28","slug":"tunisie-la-lutte-contre-les-delits-economiques-sintensifie","status":"publish","type":"post","link":"https:\/\/kapitalis.com\/tunisie\/2022\/03\/13\/tunisie-la-lutte-contre-les-delits-economiques-sintensifie\/","title":{"rendered":"Tunisie : La lutte contre les d\u00e9lits \u00e9conomiques s&rsquo;intensifie"},"content":{"rendered":"\n<div class=\"wp-block-image\"><figure class=\"aligncenter size-full\"><img decoding=\"async\" src=\"http:\/\/kapitalis.com\/tunisie\/wp-content\/uploads\/2022\/03\/Contrebande.jpg\" alt=\"\" class=\"wp-image-383686\"\/><\/figure><\/div>\n\n\n\n<p><strong><em>Les premiers r\u00e9sultats de la campagne nationale de lutte contre les d\u00e9lits \u00e9conomiques (monopoles, sp\u00e9culation, contrebande, etc.) sont \u00e9loquents, les services de l&rsquo;Etat, mis en branle \u00e0 cette occasion, ont montr\u00e9 une efficacit\u00e9 qui leur faisait d\u00e9faut. C&rsquo;est \u00e0 croire qu&rsquo;ils \u00e9taient, jusque-l\u00e0, laxistes ou&#8230; complices.<\/em><\/strong> <strong><em>Esp\u00e9rons que le b\u00e2ton enfin brandi ne retombera pas de sit\u00f4t !<\/em><\/strong><\/p>\n\n\n\n<!--more-->\n\n\n\n<p>Quelque 3028 tonnes de produits subventionn\u00e9s et de denr\u00e9es alimentaires diverses ainsi que plus de 620 tonnes de c\u00e9r\u00e9ales, l\u00e9gumineuses et produits fourragers ont \u00e9t\u00e9 saisies les 10 et 11 mars 2022 dans le cadre de la campagne de lutte contre la sp\u00e9culation et la contrebande, lanc\u00e9e sous l&rsquo;impulsion du pr\u00e9sident de la r\u00e9publique Ka\u00efs Sa\u00efed.<\/p>\n\n\n\n<p>Selon les donn\u00e9es publi\u00e9es sur la page du minist\u00e8re de l&rsquo;Int\u00e9rieur, 17 683 litres d&rsquo;huile v\u00e9g\u00e9tale, 10 250 litres de lait, 826 788 \u0153ufs, 120 902 bo\u00eetes de conserves, 371 707 bouteilles d&rsquo;eau min\u00e9rale, boissons gazeuses et jus de fruits, 10 050 litres d&rsquo;essence et 32 \u200b110 paquets de cigarettes ont \u00e9galement \u00e9t\u00e9 saisis ces derni\u00e8res 24 heures dans des d\u00e9p\u00f4ts g\u00e9r\u00e9s par des contrebandiers.<\/p>\n\n\n\n<p>Face \u00e0 l&rsquo;aggravation des p\u00e9nuries en produits subventionn\u00e9s et de base constat\u00e9e sur le march\u00e9 et son corollaire, la forte hausse des prix, le pr\u00e9sident de la r\u00e9publique Ka\u00efs Sa\u00efed a d\u00e9cid\u00e9 d&rsquo;intensifier les campagnes s\u00e9curitaires de lutte contre le monopole et la sp\u00e9culation, d&rsquo;en arr\u00eater et sanctionner lourdement les responsables. Lors de son entretien, jeudi, avec la cheffe du gouvernement Najla Bouden, le chef de l&rsquo;Etat avait annonc\u00e9 le lancement d&rsquo;une campagne d&rsquo;assainissement du pays des sp\u00e9culateurs et des contrebandiers, soulignant la ferme d\u00e9termination de l&rsquo;Etat \u00e0 durcir et \u00e0 appliquer la loi \u00e0 tous, sans distinction aucune.<\/p>\n\n\n\n<p>Le minist\u00e8re de l&rsquo;Int\u00e9rieur a indiqu\u00e9 que ses services ont lanc\u00e9, d\u00e8s jeudi, et en coordination avec le minist\u00e8re du Commerce, plusieurs campagnes de contr\u00f4le simultan\u00e9es men\u00e9es par la police et la Garde nationale sur l&rsquo;ensemble du territoire, y compris dans les meuneries, les entrep\u00f4ts d\u00e9clar\u00e9s et ill\u00e9gaux et les transporteurs de marchandises sur les routes.<\/p>\n\n\n\n<p>Les r\u00e9sultats n&rsquo;ont pas tard\u00e9 et les services de l&rsquo;Etat ont montr\u00e9 une efficacit\u00e9 qui leur faisait jusque-l\u00e0 d\u00e9faut. Honni soit qui mal y pense. <\/p>\n\n\n\n<p class=\"has-text-align-right\"><strong>I. B.<\/strong> (avec Tap). <\/p>\n","protected":false},"excerpt":{"rendered":"<p>Les premiers r\u00e9sultats de la campagne nationale de lutte contre les d\u00e9lits \u00e9conomiques (monopoles, sp\u00e9culation, contrebande, etc.) sont \u00e9loquents, les services de l&rsquo;Etat, mis en branle \u00e0 cette occasion, ont montr\u00e9 une efficacit\u00e9 qui leur faisait d\u00e9faut. C&rsquo;est \u00e0 croire qu&rsquo;ils \u00e9taient, jusque-l\u00e0, laxistes ou&#8230; complices. Esp\u00e9rons que le b\u00e2ton enfin brandi ne retombera pas&#8230;<\/p>\n","protected":false},"author":8,"featured_media":383686,"comment_status":"open","ping_status":"open","sticky":false,"template":"","format":"standard","meta":{"footnotes":""},"categories":[995,2433],"tags":[233,98103,98106,76012,98105,62643],"class_list":["post-383685","post","type-post","status-publish","format-standard","has-post-thumbnail","hentry","category-economie","category-tunisie","tag-contrebande","tag-delits-economiques","tag-depots-illegaux","tag-kais-saied-2","tag-speculation-sur-les-prix","tag-tunisie"],"yoast_head":"<!-- This site is optimized with the Yoast SEO plugin v26.6 - https:\/\/yoast.com\/wordpress\/plugins\/seo\/ -->\n<title>Tunisie : La lutte contre les d\u00e9lits \u00e9conomiques s&#039;intensifie - Kapitalis<\/title>\n<meta name=\"robots\" content=\"index, follow, max-snippet:-1, max-image-preview:large, max-video-preview:-1\" \/>\n<link rel=\"canonical\" href=\"https:\/\/kapitalis.com\/tunisie\/2022\/03\/13\/tunisie-la-lutte-contre-les-delits-economiques-sintensifie\/\" \/>\n<meta property=\"og:locale\" content=\"fr_FR\" \/>\n<meta property=\"og:type\" content=\"article\" \/>\n<meta property=\"og:title\" content=\"Tunisie : La lutte contre les d\u00e9lits \u00e9conomiques s&#039;intensifie - Kapitalis\" \/>\n<meta property=\"og:description\" content=\"Les premiers r\u00e9sultats de la campagne nationale de lutte contre les d\u00e9lits \u00e9conomiques (monopoles, sp\u00e9culation, contrebande, etc.) sont \u00e9loquents, les services de l&rsquo;Etat, mis en branle \u00e0 cette occasion, ont montr\u00e9 une efficacit\u00e9 qui leur faisait d\u00e9faut. C&rsquo;est \u00e0 croire qu&rsquo;ils \u00e9taient, jusque-l\u00e0, laxistes ou&#8230; complices. Esp\u00e9rons que le b\u00e2ton enfin brandi ne retombera pas...\" \/>\n<meta property=\"og:url\" content=\"https:\/\/kapitalis.com\/tunisie\/2022\/03\/13\/tunisie-la-lutte-contre-les-delits-economiques-sintensifie\/\" \/>\n<meta property=\"og:site_name\" content=\"Kapitalis\" \/>\n<meta property=\"article:publisher\" content=\"https:\/\/www.facebook.com\/KapitalisInfo\/\" \/>\n<meta property=\"article:published_time\" content=\"2022-03-13T11:34:44+00:00\" \/>\n<meta property=\"article:modified_time\" content=\"2022-03-13T11:37:28+00:00\" \/>\n<meta property=\"og:image\" content=\"https:\/\/kapitalis.com\/tunisie\/wp-content\/uploads\/2022\/05\/kapitalis-logo-fb.png\" \/>\n\t<meta property=\"og:image:width\" content=\"1200\" \/>\n\t<meta property=\"og:image:height\" content=\"630\" \/>\n\t<meta property=\"og:image:type\" content=\"image\/png\" \/>\n<meta name=\"author\" content=\"webmaster kapitalis\" \/>\n<meta name=\"twitter:card\" content=\"summary_large_image\" \/>\n<meta name=\"twitter:creator\" content=\"@KapitalisInfo\" \/>\n<meta name=\"twitter:site\" content=\"@KapitalisInfo\" \/>\n<meta name=\"twitter:label1\" content=\"\u00c9crit par\" \/>\n\t<meta name=\"twitter:data1\" content=\"webmaster kapitalis\" \/>\n\t<meta name=\"twitter:label2\" content=\"Dur\u00e9e de lecture estim\u00e9e\" \/>\n\t<meta name=\"twitter:data2\" content=\"2 minutes\" \/>\n<script type=\"application\/ld+json\" class=\"yoast-schema-graph\">{\"@context\":\"https:\/\/schema.org\",\"@graph\":[{\"@type\":\"Article\",\"@id\":\"https:\/\/kapitalis.com\/tunisie\/2022\/03\/13\/tunisie-la-lutte-contre-les-delits-economiques-sintensifie\/#article\",\"isPartOf\":{\"@id\":\"https:\/\/kapitalis.com\/tunisie\/2022\/03\/13\/tunisie-la-lutte-contre-les-delits-economiques-sintensifie\/\"},\"author\":{\"name\":\"webmaster kapitalis\",\"@id\":\"https:\/\/kapitalis.com\/tunisie\/#\/schema\/person\/d71f33a9ca44f7bad4698210b480c8e9\"},\"headline\":\"Tunisie : La lutte contre les d\u00e9lits \u00e9conomiques s&rsquo;intensifie\",\"datePublished\":\"2022-03-13T11:34:44+00:00\",\"dateModified\":\"2022-03-13T11:37:28+00:00\",\"mainEntityOfPage\":{\"@id\":\"https:\/\/kapitalis.com\/tunisie\/2022\/03\/13\/tunisie-la-lutte-contre-les-delits-economiques-sintensifie\/\"},\"wordCount\":402,\"commentCount\":0,\"publisher\":{\"@id\":\"https:\/\/kapitalis.com\/tunisie\/#organization\"},\"image\":{\"@id\":\"https:\/\/kapitalis.com\/tunisie\/2022\/03\/13\/tunisie-la-lutte-contre-les-delits-economiques-sintensifie\/#primaryimage\"},\"thumbnailUrl\":\"\",\"keywords\":[\"contrebande\",\"d\u00e9lits \u00e9conomiques\",\"d\u00e9p\u00f4ts ill\u00e9gaux\",\"Ka\u00efs Sa\u00efed\",\"sp\u00e9culation sur les prix\",\"Tunisie\"],\"articleSection\":[\"ECONOMIE\",\"Tunisie\"],\"inLanguage\":\"fr-FR\",\"potentialAction\":[{\"@type\":\"CommentAction\",\"name\":\"Comment\",\"target\":[\"https:\/\/kapitalis.com\/tunisie\/2022\/03\/13\/tunisie-la-lutte-contre-les-delits-economiques-sintensifie\/#respond\"]}]},{\"@type\":\"WebPage\",\"@id\":\"https:\/\/kapitalis.com\/tunisie\/2022\/03\/13\/tunisie-la-lutte-contre-les-delits-economiques-sintensifie\/\",\"url\":\"https:\/\/kapitalis.com\/tunisie\/2022\/03\/13\/tunisie-la-lutte-contre-les-delits-economiques-sintensifie\/\",\"name\":\"Tunisie : La lutte contre les d\u00e9lits \u00e9conomiques s'intensifie - Kapitalis\",\"isPartOf\":{\"@id\":\"https:\/\/kapitalis.com\/tunisie\/#website\"},\"primaryImageOfPage\":{\"@id\":\"https:\/\/kapitalis.com\/tunisie\/2022\/03\/13\/tunisie-la-lutte-contre-les-delits-economiques-sintensifie\/#primaryimage\"},\"image\":{\"@id\":\"https:\/\/kapitalis.com\/tunisie\/2022\/03\/13\/tunisie-la-lutte-contre-les-delits-economiques-sintensifie\/#primaryimage\"},\"thumbnailUrl\":\"\",\"datePublished\":\"2022-03-13T11:34:44+00:00\",\"dateModified\":\"2022-03-13T11:37:28+00:00\",\"breadcrumb\":{\"@id\":\"https:\/\/kapitalis.com\/tunisie\/2022\/03\/13\/tunisie-la-lutte-contre-les-delits-economiques-sintensifie\/#breadcrumb\"},\"inLanguage\":\"fr-FR\",\"potentialAction\":[{\"@type\":\"ReadAction\",\"target\":[\"https:\/\/kapitalis.com\/tunisie\/2022\/03\/13\/tunisie-la-lutte-contre-les-delits-economiques-sintensifie\/\"]}]},{\"@type\":\"ImageObject\",\"inLanguage\":\"fr-FR\",\"@id\":\"https:\/\/kapitalis.com\/tunisie\/2022\/03\/13\/tunisie-la-lutte-contre-les-delits-economiques-sintensifie\/#primaryimage\",\"url\":\"\",\"contentUrl\":\"\"},{\"@type\":\"BreadcrumbList\",\"@id\":\"https:\/\/kapitalis.com\/tunisie\/2022\/03\/13\/tunisie-la-lutte-contre-les-delits-economiques-sintensifie\/#breadcrumb\",\"itemListElement\":[{\"@type\":\"ListItem\",\"position\":1,\"name\":\"Accueil\",\"item\":\"https:\/\/kapitalis.com\/tunisie\/\"},{\"@type\":\"ListItem\",\"position\":2,\"name\":\"Tunisie : La lutte contre les d\u00e9lits \u00e9conomiques s&rsquo;intensifie\"}]},{\"@type\":\"WebSite\",\"@id\":\"https:\/\/kapitalis.com\/tunisie\/#website\",\"url\":\"https:\/\/kapitalis.com\/tunisie\/\",\"name\":\"Kapitalis\",\"description\":\"L&#039;actualit\u00e9 en Tunisie et dans le monde\",\"publisher\":{\"@id\":\"https:\/\/kapitalis.com\/tunisie\/#organization\"},\"potentialAction\":[{\"@type\":\"SearchAction\",\"target\":{\"@type\":\"EntryPoint\",\"urlTemplate\":\"https:\/\/kapitalis.com\/tunisie\/?s={search_term_string}\"},\"query-input\":{\"@type\":\"PropertyValueSpecification\",\"valueRequired\":true,\"valueName\":\"search_term_string\"}}],\"inLanguage\":\"fr-FR\"},{\"@type\":\"Organization\",\"@id\":\"https:\/\/kapitalis.com\/tunisie\/#organization\",\"name\":\"Kapitalis\",\"url\":\"https:\/\/kapitalis.com\/tunisie\/\",\"logo\":{\"@type\":\"ImageObject\",\"inLanguage\":\"fr-FR\",\"@id\":\"https:\/\/kapitalis.com\/tunisie\/#\/schema\/logo\/image\/\",\"url\":\"https:\/\/kapitalis.com\/tunisie\/wp-content\/uploads\/2022\/05\/Kapitalis-big-size.png\",\"contentUrl\":\"https:\/\/kapitalis.com\/tunisie\/wp-content\/uploads\/2022\/05\/Kapitalis-big-size.png\",\"width\":5000,\"height\":1500,\"caption\":\"Kapitalis\"},\"image\":{\"@id\":\"https:\/\/kapitalis.com\/tunisie\/#\/schema\/logo\/image\/\"},\"sameAs\":[\"https:\/\/www.facebook.com\/KapitalisInfo\/\",\"https:\/\/x.com\/KapitalisInfo\",\"https:\/\/www.youtube.com\/channel\/UC-yDYrHyfFBWWZaOw3FPg9Q\"]},{\"@type\":\"Person\",\"@id\":\"https:\/\/kapitalis.com\/tunisie\/#\/schema\/person\/d71f33a9ca44f7bad4698210b480c8e9\",\"name\":\"webmaster kapitalis\",\"url\":\"https:\/\/kapitalis.com\/tunisie\/author\/webmaster-kapitalis\/\"}]}<\/script>\n<!-- \/ Yoast SEO plugin. -->","yoast_head_json":{"title":"Tunisie : La lutte contre les d\u00e9lits \u00e9conomiques s'intensifie - Kapitalis","robots":{"index":"index","follow":"follow","max-snippet":"max-snippet:-1","max-image-preview":"max-image-preview:large","max-video-preview":"max-video-preview:-1"},"canonical":"https:\/\/kapitalis.com\/tunisie\/2022\/03\/13\/tunisie-la-lutte-contre-les-delits-economiques-sintensifie\/","og_locale":"fr_FR","og_type":"article","og_title":"Tunisie : La lutte contre les d\u00e9lits \u00e9conomiques s'intensifie - Kapitalis","og_description":"Les premiers r\u00e9sultats de la campagne nationale de lutte contre les d\u00e9lits \u00e9conomiques (monopoles, sp\u00e9culation, contrebande, etc.) sont \u00e9loquents, les services de l&rsquo;Etat, mis en branle \u00e0 cette occasion, ont montr\u00e9 une efficacit\u00e9 qui leur faisait d\u00e9faut. C&rsquo;est \u00e0 croire qu&rsquo;ils \u00e9taient, jusque-l\u00e0, laxistes ou&#8230; complices. Esp\u00e9rons que le b\u00e2ton enfin brandi ne retombera pas...","og_url":"https:\/\/kapitalis.com\/tunisie\/2022\/03\/13\/tunisie-la-lutte-contre-les-delits-economiques-sintensifie\/","og_site_name":"Kapitalis","article_publisher":"https:\/\/www.facebook.com\/KapitalisInfo\/","article_published_time":"2022-03-13T11:34:44+00:00","article_modified_time":"2022-03-13T11:37:28+00:00","og_image":[{"width":1200,"height":630,"url":"https:\/\/kapitalis.com\/tunisie\/wp-content\/uploads\/2022\/05\/kapitalis-logo-fb.png","type":"image\/png"}],"author":"webmaster kapitalis","twitter_card":"summary_large_image","twitter_creator":"@KapitalisInfo","twitter_site":"@KapitalisInfo","twitter_misc":{"\u00c9crit par":"webmaster kapitalis","Dur\u00e9e de lecture estim\u00e9e":"2 minutes"},"schema":{"@context":"https:\/\/schema.org","@graph":[{"@type":"Article","@id":"https:\/\/kapitalis.com\/tunisie\/2022\/03\/13\/tunisie-la-lutte-contre-les-delits-economiques-sintensifie\/#article","isPartOf":{"@id":"https:\/\/kapitalis.com\/tunisie\/2022\/03\/13\/tunisie-la-lutte-contre-les-delits-economiques-sintensifie\/"},"author":{"name":"webmaster kapitalis","@id":"https:\/\/kapitalis.com\/tunisie\/#\/schema\/person\/d71f33a9ca44f7bad4698210b480c8e9"},"headline":"Tunisie : La lutte contre les d\u00e9lits \u00e9conomiques s&rsquo;intensifie","datePublished":"2022-03-13T11:34:44+00:00","dateModified":"2022-03-13T11:37:28+00:00","mainEntityOfPage":{"@id":"https:\/\/kapitalis.com\/tunisie\/2022\/03\/13\/tunisie-la-lutte-contre-les-delits-economiques-sintensifie\/"},"wordCount":402,"commentCount":0,"publisher":{"@id":"https:\/\/kapitalis.com\/tunisie\/#organization"},"image":{"@id":"https:\/\/kapitalis.com\/tunisie\/2022\/03\/13\/tunisie-la-lutte-contre-les-delits-economiques-sintensifie\/#primaryimage"},"thumbnailUrl":"","keywords":["contrebande","d\u00e9lits \u00e9conomiques","d\u00e9p\u00f4ts ill\u00e9gaux","Ka\u00efs Sa\u00efed","sp\u00e9culation sur les prix","Tunisie"],"articleSection":["ECONOMIE","Tunisie"],"inLanguage":"fr-FR","potentialAction":[{"@type":"CommentAction","name":"Comment","target":["https:\/\/kapitalis.com\/tunisie\/2022\/03\/13\/tunisie-la-lutte-contre-les-delits-economiques-sintensifie\/#respond"]}]},{"@type":"WebPage","@id":"https:\/\/kapitalis.com\/tunisie\/2022\/03\/13\/tunisie-la-lutte-contre-les-delits-economiques-sintensifie\/","url":"https:\/\/kapitalis.com\/tunisie\/2022\/03\/13\/tunisie-la-lutte-contre-les-delits-economiques-sintensifie\/","name":"Tunisie : La lutte contre les d\u00e9lits \u00e9conomiques s'intensifie - Kapitalis","isPartOf":{"@id":"https:\/\/kapitalis.com\/tunisie\/#website"},"primaryImageOfPage":{"@id":"https:\/\/kapitalis.com\/tunisie\/2022\/03\/13\/tunisie-la-lutte-contre-les-delits-economiques-sintensifie\/#primaryimage"},"image":{"@id":"https:\/\/kapitalis.com\/tunisie\/2022\/03\/13\/tunisie-la-lutte-contre-les-delits-economiques-sintensifie\/#primaryimage"},"thumbnailUrl":"","datePublished":"2022-03-13T11:34:44+00:00","dateModified":"2022-03-13T11:37:28+00:00","breadcrumb":{"@id":"https:\/\/kapitalis.com\/tunisie\/2022\/03\/13\/tunisie-la-lutte-contre-les-delits-economiques-sintensifie\/#breadcrumb"},"inLanguage":"fr-FR","potentialAction":[{"@type":"ReadAction","target":["https:\/\/kapitalis.com\/tunisie\/2022\/03\/13\/tunisie-la-lutte-contre-les-delits-economiques-sintensifie\/"]}]},{"@type":"ImageObject","inLanguage":"fr-FR","@id":"https:\/\/kapitalis.com\/tunisie\/2022\/03\/13\/tunisie-la-lutte-contre-les-delits-economiques-sintensifie\/#primaryimage","url":"","contentUrl":""},{"@type":"BreadcrumbList","@id":"https:\/\/kapitalis.com\/tunisie\/2022\/03\/13\/tunisie-la-lutte-contre-les-delits-economiques-sintensifie\/#breadcrumb","itemListElement":[{"@type":"ListItem","position":1,"name":"Accueil","item":"https:\/\/kapitalis.com\/tunisie\/"},{"@type":"ListItem","position":2,"name":"Tunisie : La lutte contre les d\u00e9lits \u00e9conomiques s&rsquo;intensifie"}]},{"@type":"WebSite","@id":"https:\/\/kapitalis.com\/tunisie\/#website","url":"https:\/\/kapitalis.com\/tunisie\/","name":"Kapitalis","description":"L&#039;actualit\u00e9 en Tunisie et dans le monde","publisher":{"@id":"https:\/\/kapitalis.com\/tunisie\/#organization"},"potentialAction":[{"@type":"SearchAction","target":{"@type":"EntryPoint","urlTemplate":"https:\/\/kapitalis.com\/tunisie\/?s={search_term_string}"},"query-input":{"@type":"PropertyValueSpecification","valueRequired":true,"valueName":"search_term_string"}}],"inLanguage":"fr-FR"},{"@type":"Organization","@id":"https:\/\/kapitalis.com\/tunisie\/#organization","name":"Kapitalis","url":"https:\/\/kapitalis.com\/tunisie\/","logo":{"@type":"ImageObject","inLanguage":"fr-FR","@id":"https:\/\/kapitalis.com\/tunisie\/#\/schema\/logo\/image\/","url":"https:\/\/kapitalis.com\/tunisie\/wp-content\/uploads\/2022\/05\/Kapitalis-big-size.png","contentUrl":"https:\/\/kapitalis.com\/tunisie\/wp-content\/uploads\/2022\/05\/Kapitalis-big-size.png","width":5000,"height":1500,"caption":"Kapitalis"},"image":{"@id":"https:\/\/kapitalis.com\/tunisie\/#\/schema\/logo\/image\/"},"sameAs":["https:\/\/www.facebook.com\/KapitalisInfo\/","https:\/\/x.com\/KapitalisInfo","https:\/\/www.youtube.com\/channel\/UC-yDYrHyfFBWWZaOw3FPg9Q"]},{"@type":"Person","@id":"https:\/\/kapitalis.com\/tunisie\/#\/schema\/person\/d71f33a9ca44f7bad4698210b480c8e9","name":"webmaster kapitalis","url":"https:\/\/kapitalis.com\/tunisie\/author\/webmaster-kapitalis\/"}]}},"_links":{"self":[{"href":"https:\/\/kapitalis.com\/tunisie\/wp-json\/wp\/v2\/posts\/383685","targetHints":{"allow":["GET"]}}],"collection":[{"href":"https:\/\/kapitalis.com\/tunisie\/wp-json\/wp\/v2\/posts"}],"about":[{"href":"https:\/\/kapitalis.com\/tunisie\/wp-json\/wp\/v2\/types\/post"}],"author":[{"embeddable":true,"href":"https:\/\/kapitalis.com\/tunisie\/wp-json\/wp\/v2\/users\/8"}],"replies":[{"embeddable":true,"href":"https:\/\/kapitalis.com\/tunisie\/wp-json\/wp\/v2\/comments?post=383685"}],"version-history":[{"count":0,"href":"https:\/\/kapitalis.com\/tunisie\/wp-json\/wp\/v2\/posts\/383685\/revisions"}],"wp:featuredmedia":[{"embeddable":true,"href":"https:\/\/kapitalis.com\/tunisie\/wp-json\/wp\/v2\/media\/383686"}],"wp:attachment":[{"href":"https:\/\/kapitalis.com\/tunisie\/wp-json\/wp\/v2\/media?parent=383685"}],"wp:term":[{"taxonomy":"category","embeddable":true,"href":"https:\/\/kapitalis.com\/tunisie\/wp-json\/wp\/v2\/categories?post=383685"},{"taxonomy":"post_tag","embeddable":true,"href":"https:\/\/kapitalis.com\/tunisie\/wp-json\/wp\/v2\/tags?post=383685"}],"curies":[{"name":"wp","href":"https:\/\/api.w.org\/{rel}","templated":true}]}}